{"id":92265,"date":"2022-12-20T11:14:21","date_gmt":"2022-12-20T14:14:21","guid":{"rendered":"https:\/\/www.gaveanews.com\/?p=92265"},"modified":"2022-12-20T11:14:23","modified_gmt":"2022-12-20T14:14:23","slug":"flamengo-recusa-proposta-por-hugo-souza","status":"publish","type":"post","link":"https:\/\/www.gaveanews.com\/index.php\/2022\/12\/20\/flamengo-recusa-proposta-por-hugo-souza\/","title":{"rendered":"Flamengo recusa proposta por Hugo Souza"},"content":{"rendered":"\n<p>Flamengo e Hugo j\u00e1 chegaram a um entendimento de que o goleiro precisa de novos ares em 2023, mas a primeira proposta oficial da atual janela foi recusada. O comando do futebol disse n\u00e3o aos japoneses do Vissel Kobe.<\/p>\n\n\n\n<p>O clube asi\u00e1tico queria o atleta de 23 anos por uma temporada, com op\u00e7\u00e3o de compra ao fim do contrato, mas o Flamengo entende que Hugo \u00e9 &#8220;goleiro de Europa&#8221; e com potencial para jogar a Champions League. Sob essa \u00f3tica, recha\u00e7ou a oferta nos \u00faltimos dias.<\/p>\n\n\n\n<p>Por isso, o clube acredita que o mercado europeu seja uma vitrine mais interessante para Hugo se desenvolver e, consequentemente, garantir uma transfer\u00eancia vantajosa no futuro. Mesmo que um eventual empr\u00e9stimo n\u00e3o resulte em compra por parte de uma equipe europeia, o Flamengo v\u00ea o continente como o mais adequado para o goleiro evoluir.<\/p>\n\n\n\n<p>Az Alkmaar, da Holanda, e Estoril, de Portugal, manifestaram interesse ao Flamengo recentemente, mas ainda n\u00e3o formalizaram propostas neste fim de ano. Os portugueses at\u00e9 fizeram uma oferta na \u00faltima janela, em agosto, por um empr\u00e9stimo v\u00e1lido por uma temporada, mas a dire\u00e7\u00e3o rubro-negra recusou, j\u00e1 que a temporada estava em andamento.<\/p>\n\n\n\n<h2 class=\"wp-block-heading\" id=\"h-rossi-para-2023\">Rossi para 2023<\/h2>\n\n\n\n<p>O Flamengo ainda n\u00e3o trata oficialmente do interesse no goleiro Agust\u00edn Rossi, do Boca Juniors. Sabe-se que h\u00e1 interesse m\u00fatuo e otimismo pelo acerto, mas as partes n\u00e3o se pronunciar\u00e3o at\u00e9 a virada do ano, quando o atleta de 27 anos ficar\u00e1 livre para assinar um pr\u00e9-contrato.<\/p>\n\n\n\n<p>A cautela tanto do Flamengo quanto de Rossi se faz presente para evitar com que o Boca alegue ass\u00e9dio por parte da diretoria rubro-negra a um jogador sob contrato.<\/p>\n\n\n\n<p>O Flamengo n\u00e3o nega que v\u00ea em Rossi um goleiro com enorme potencial, mas o assunto s\u00f3 ganhar\u00e1 car\u00e1ter oficial a partir de janeiro. A\u00ed sim o clube iniciar\u00e1 conversas com o Boca Juniors para ter o atleta dispon\u00edvel j\u00e1 no in\u00edcio da temporada.<\/p>\n\n\n\n<p>Retirado de: Globo Esporte<\/p>\n","protected":false},"excerpt":{"rendered":"<p>Flamengo e Hugo j\u00e1 chegaram a um entendimento de que o goleiro precisa de novos ares em 2023, mas a primeira proposta oficial da atual janela foi recusada. O comando do futebol disse n\u00e3o aos japoneses do Vissel Kobe. O clube asi\u00e1tico queria o atleta de 23 anos por uma temporada, com op\u00e7\u00e3o de compra [&hellip;]<\/p>\n","protected":false},"author":1,"featured_media":82391,"comment_status":"open","ping_status":"closed","sticky":false,"template":"","format":"standard","meta":{"footnotes":""},"categories":[48],"tags":[],"class_list":["post-92265","post","type-post","status-publish","format-standard","has-post-thumbnail","hentry","category-negociacoes"],"yoast_head":"<!-- This site is optimized with the Yoast SEO Premium plugin v24.2 (Yoast SEO v26.9) - https:\/\/yoast.com\/product\/yoast-seo-premium-wordpress\/ -->\n<title>Flamengo recusa proposta por Hugo Souza<\/title>\n<meta name=\"robots\" content=\"index, follow, max-snippet:-1, max-image-preview:large, max-video-preview:-1\" \/>\n<link rel=\"canonical\" href=\"https:\/\/www.gaveanews.com\/index.php\/2022\/12\/20\/flamengo-recusa-proposta-por-hugo-souza\/\" \/>\n<meta property=\"og:locale\" content=\"pt_BR\" \/>\n<meta property=\"og:type\" content=\"article\" \/>\n<meta property=\"og:title\" content=\"Flamengo recusa proposta por Hugo Souza\" \/>\n<meta property=\"og:description\" content=\"Flamengo e Hugo j\u00e1 chegaram a um entendimento de que o goleiro precisa de novos ares em 2023, mas a primeira proposta oficial da atual janela foi recusada. O comando do futebol disse n\u00e3o aos japoneses do Vissel Kobe. O clube asi\u00e1tico queria o atleta de 23 anos por uma temporada, com op\u00e7\u00e3o de compra [&hellip;]\" \/>\n<meta property=\"og:url\" content=\"https:\/\/www.gaveanews.com\/index.php\/2022\/12\/20\/flamengo-recusa-proposta-por-hugo-souza\/\" \/>\n<meta property=\"og:site_name\" content=\"G\u00e1vea News\" \/>\n<meta property=\"article:publisher\" content=\"https:\/\/facebook.com\/gaveaNews\/\" \/>\n<meta property=\"article:published_time\" content=\"2022-12-20T14:14:21+00:00\" \/>\n<meta property=\"article:modified_time\" content=\"2022-12-20T14:14:23+00:00\" \/>\n<meta property=\"og:image\" content=\"https:\/\/www.gaveanews.com\/wp-content\/uploads\/Hugo-Souza-em-classico-do-Flamengo-contra-o-Fluminense.webp\" \/>\n\t<meta property=\"og:image:width\" content=\"799\" \/>\n\t<meta property=\"og:image:height\" content=\"533\" \/>\n\t<meta property=\"og:image:type\" content=\"image\/jpeg\" \/>\n<meta name=\"author\" content=\"Equipe G\u00e1vea News\" \/>\n<meta name=\"twitter:card\" content=\"summary_large_image\" \/>\n<meta name=\"twitter:label1\" content=\"Escrito por\" \/>\n\t<meta name=\"twitter:data1\" content=\"Equipe G\u00e1vea News\" \/>\n\t<meta name=\"twitter:label2\" content=\"Est. tempo de leitura\" \/>\n\t<meta name=\"twitter:data2\" content=\"2 minutos\" \/>\n<script type=\"application\/ld+json\" class=\"yoast-schema-graph\">{\"@context\":\"https:\/\/schema.org\",\"@graph\":[{\"@type\":\"NewsArticle\",\"@id\":\"https:\/\/www.gaveanews.com\/index.php\/2022\/12\/20\/flamengo-recusa-proposta-por-hugo-souza\/#article\",\"isPartOf\":{\"@id\":\"https:\/\/www.gaveanews.com\/index.php\/2022\/12\/20\/flamengo-recusa-proposta-por-hugo-souza\/\"},\"author\":{\"name\":\"Equipe G\u00e1vea News\",\"@id\":\"https:\/\/www.gaveanews.com\/#\/schema\/person\/2ec14f73fb96be2caf28f91afb14749d\"},\"headline\":\"Flamengo recusa proposta por Hugo Souza\",\"datePublished\":\"2022-12-20T14:14:21+00:00\",\"dateModified\":\"2022-12-20T14:14:23+00:00\",\"mainEntityOfPage\":{\"@id\":\"https:\/\/www.gaveanews.com\/index.php\/2022\/12\/20\/flamengo-recusa-proposta-por-hugo-souza\/\"},\"wordCount\":342,\"commentCount\":0,\"image\":{\"@id\":\"https:\/\/www.gaveanews.com\/index.php\/2022\/12\/20\/flamengo-recusa-proposta-por-hugo-souza\/#primaryimage\"},\"thumbnailUrl\":\"https:\/\/www.gaveanews.com\/wp-content\/uploads\/Hugo-Souza-em-classico-do-Flamengo-contra-o-Fluminense.webp\",\"articleSection\":[\"Negocia\u00e7\u00f5es\"],\"inLanguage\":\"pt-BR\",\"potentialAction\":[{\"@type\":\"CommentAction\",\"name\":\"Comment\",\"target\":[\"https:\/\/www.gaveanews.com\/index.php\/2022\/12\/20\/flamengo-recusa-proposta-por-hugo-souza\/#respond\"]}],\"copyrightYear\":\"2022\",\"copyrightHolder\":{\"@id\":\"https:\/\/www.gaveanews.com\/#organization\"}},{\"@type\":\"WebPage\",\"@id\":\"https:\/\/www.gaveanews.com\/index.php\/2022\/12\/20\/flamengo-recusa-proposta-por-hugo-souza\/\",\"url\":\"https:\/\/www.gaveanews.com\/index.php\/2022\/12\/20\/flamengo-recusa-proposta-por-hugo-souza\/\",\"name\":\"Flamengo recusa proposta por Hugo Souza\",\"isPartOf\":{\"@id\":\"https:\/\/www.gaveanews.com\/#website\"},\"primaryImageOfPage\":{\"@id\":\"https:\/\/www.gaveanews.com\/index.php\/2022\/12\/20\/flamengo-recusa-proposta-por-hugo-souza\/#primaryimage\"},\"image\":{\"@id\":\"https:\/\/www.gaveanews.com\/index.php\/2022\/12\/20\/flamengo-recusa-proposta-por-hugo-souza\/#primaryimage\"},\"thumbnailUrl\":\"https:\/\/www.gaveanews.com\/wp-content\/uploads\/Hugo-Souza-em-classico-do-Flamengo-contra-o-Fluminense.webp\",\"datePublished\":\"2022-12-20T14:14:21+00:00\",\"dateModified\":\"2022-12-20T14:14:23+00:00\",\"author\":{\"@id\":\"https:\/\/www.gaveanews.com\/#\/schema\/person\/2ec14f73fb96be2caf28f91afb14749d\"},\"breadcrumb\":{\"@id\":\"https:\/\/www.gaveanews.com\/index.php\/2022\/12\/20\/flamengo-recusa-proposta-por-hugo-souza\/#breadcrumb\"},\"inLanguage\":\"pt-BR\",\"potentialAction\":[{\"@type\":\"ReadAction\",\"target\":[\"https:\/\/www.gaveanews.com\/index.php\/2022\/12\/20\/flamengo-recusa-proposta-por-hugo-souza\/\"]}]},{\"@type\":\"ImageObject\",\"inLanguage\":\"pt-BR\",\"@id\":\"https:\/\/www.gaveanews.com\/index.php\/2022\/12\/20\/flamengo-recusa-proposta-por-hugo-souza\/#primaryimage\",\"url\":\"https:\/\/www.gaveanews.com\/wp-content\/uploads\/Hugo-Souza-em-classico-do-Flamengo-contra-o-Fluminense.webp\",\"contentUrl\":\"https:\/\/www.gaveanews.com\/wp-content\/uploads\/Hugo-Souza-em-classico-do-Flamengo-contra-o-Fluminense.webp\",\"width\":799,\"height\":533,\"caption\":\"Hugo Souza em cl\u00e1ssico do Flamengo contra o Fluminense (Foto: Marcelo Cortes\/Flamengo)\"},{\"@type\":\"BreadcrumbList\",\"@id\":\"https:\/\/www.gaveanews.com\/index.php\/2022\/12\/20\/flamengo-recusa-proposta-por-hugo-souza\/#breadcrumb\",\"itemListElement\":[{\"@type\":\"ListItem\",\"position\":1,\"name\":\"Home\",\"item\":\"https:\/\/www.gaveanews.com\/\"},{\"@type\":\"ListItem\",\"position\":2,\"name\":\"Flamengo recusa proposta por Hugo Souza\"}]},{\"@type\":\"WebSite\",\"@id\":\"https:\/\/www.gaveanews.com\/#website\",\"url\":\"https:\/\/www.gaveanews.com\/\",\"name\":\"G\u00e1vea News\",\"description\":\"Veja todas as not\u00edcias sobre o Flamengo: Contrata\u00e7\u00f5es, categorias de base, resultados das partidas, tabela de classifica\u00e7\u00e3o, pr\u00f3ximos jogos!\",\"potentialAction\":[{\"@type\":\"SearchAction\",\"target\":{\"@type\":\"EntryPoint\",\"urlTemplate\":\"https:\/\/www.gaveanews.com\/?s={search_term_string}\"},\"query-input\":{\"@type\":\"PropertyValueSpecification\",\"valueRequired\":true,\"valueName\":\"search_term_string\"}}],\"inLanguage\":\"pt-BR\"},{\"@type\":\"Person\",\"@id\":\"https:\/\/www.gaveanews.com\/#\/schema\/person\/2ec14f73fb96be2caf28f91afb14749d\",\"name\":\"Equipe G\u00e1vea News\",\"image\":{\"@type\":\"ImageObject\",\"inLanguage\":\"pt-BR\",\"@id\":\"https:\/\/www.gaveanews.com\/#\/schema\/person\/image\/\",\"url\":\"https:\/\/secure.gravatar.com\/avatar\/1e1956f1facbffd3f8fa53a326721950116b3b9dc9bd44939c01180fd4a745a9?s=96&d=mm&r=g\",\"contentUrl\":\"https:\/\/secure.gravatar.com\/avatar\/1e1956f1facbffd3f8fa53a326721950116b3b9dc9bd44939c01180fd4a745a9?s=96&d=mm&r=g\",\"caption\":\"Equipe G\u00e1vea News\"}}]}<\/script>\n<!-- \/ Yoast SEO Premium plugin. -->","yoast_head_json":{"title":"Flamengo recusa proposta por Hugo Souza","robots":{"index":"index","follow":"follow","max-snippet":"max-snippet:-1","max-image-preview":"max-image-preview:large","max-video-preview":"max-video-preview:-1"},"canonical":"https:\/\/www.gaveanews.com\/index.php\/2022\/12\/20\/flamengo-recusa-proposta-por-hugo-souza\/","og_locale":"pt_BR","og_type":"article","og_title":"Flamengo recusa proposta por Hugo Souza","og_description":"Flamengo e Hugo j\u00e1 chegaram a um entendimento de que o goleiro precisa de novos ares em 2023, mas a primeira proposta oficial da atual janela foi recusada. O comando do futebol disse n\u00e3o aos japoneses do Vissel Kobe. O clube asi\u00e1tico queria o atleta de 23 anos por uma temporada, com op\u00e7\u00e3o de compra [&hellip;]","og_url":"https:\/\/www.gaveanews.com\/index.php\/2022\/12\/20\/flamengo-recusa-proposta-por-hugo-souza\/","og_site_name":"G\u00e1vea News","article_publisher":"https:\/\/facebook.com\/gaveaNews\/","article_published_time":"2022-12-20T14:14:21+00:00","article_modified_time":"2022-12-20T14:14:23+00:00","og_image":[{"width":799,"height":533,"url":"https:\/\/www.gaveanews.com\/wp-content\/uploads\/Hugo-Souza-em-classico-do-Flamengo-contra-o-Fluminense.webp","type":"image\/jpeg"}],"author":"Equipe G\u00e1vea News","twitter_card":"summary_large_image","twitter_misc":{"Escrito por":"Equipe G\u00e1vea News","Est. tempo de leitura":"2 minutos"},"schema":{"@context":"https:\/\/schema.org","@graph":[{"@type":"NewsArticle","@id":"https:\/\/www.gaveanews.com\/index.php\/2022\/12\/20\/flamengo-recusa-proposta-por-hugo-souza\/#article","isPartOf":{"@id":"https:\/\/www.gaveanews.com\/index.php\/2022\/12\/20\/flamengo-recusa-proposta-por-hugo-souza\/"},"author":{"name":"Equipe G\u00e1vea News","@id":"https:\/\/www.gaveanews.com\/#\/schema\/person\/2ec14f73fb96be2caf28f91afb14749d"},"headline":"Flamengo recusa proposta por Hugo Souza","datePublished":"2022-12-20T14:14:21+00:00","dateModified":"2022-12-20T14:14:23+00:00","mainEntityOfPage":{"@id":"https:\/\/www.gaveanews.com\/index.php\/2022\/12\/20\/flamengo-recusa-proposta-por-hugo-souza\/"},"wordCount":342,"commentCount":0,"image":{"@id":"https:\/\/www.gaveanews.com\/index.php\/2022\/12\/20\/flamengo-recusa-proposta-por-hugo-souza\/#primaryimage"},"thumbnailUrl":"https:\/\/www.gaveanews.com\/wp-content\/uploads\/Hugo-Souza-em-classico-do-Flamengo-contra-o-Fluminense.webp","articleSection":["Negocia\u00e7\u00f5es"],"inLanguage":"pt-BR","potentialAction":[{"@type":"CommentAction","name":"Comment","target":["https:\/\/www.gaveanews.com\/index.php\/2022\/12\/20\/flamengo-recusa-proposta-por-hugo-souza\/#respond"]}],"copyrightYear":"2022","copyrightHolder":{"@id":"https:\/\/www.gaveanews.com\/#organization"}},{"@type":"WebPage","@id":"https:\/\/www.gaveanews.com\/index.php\/2022\/12\/20\/flamengo-recusa-proposta-por-hugo-souza\/","url":"https:\/\/www.gaveanews.com\/index.php\/2022\/12\/20\/flamengo-recusa-proposta-por-hugo-souza\/","name":"Flamengo recusa proposta por Hugo Souza","isPartOf":{"@id":"https:\/\/www.gaveanews.com\/#website"},"primaryImageOfPage":{"@id":"https:\/\/www.gaveanews.com\/index.php\/2022\/12\/20\/flamengo-recusa-proposta-por-hugo-souza\/#primaryimage"},"image":{"@id":"https:\/\/www.gaveanews.com\/index.php\/2022\/12\/20\/flamengo-recusa-proposta-por-hugo-souza\/#primaryimage"},"thumbnailUrl":"https:\/\/www.gaveanews.com\/wp-content\/uploads\/Hugo-Souza-em-classico-do-Flamengo-contra-o-Fluminense.webp","datePublished":"2022-12-20T14:14:21+00:00","dateModified":"2022-12-20T14:14:23+00:00","author":{"@id":"https:\/\/www.gaveanews.com\/#\/schema\/person\/2ec14f73fb96be2caf28f91afb14749d"},"breadcrumb":{"@id":"https:\/\/www.gaveanews.com\/index.php\/2022\/12\/20\/flamengo-recusa-proposta-por-hugo-souza\/#breadcrumb"},"inLanguage":"pt-BR","potentialAction":[{"@type":"ReadAction","target":["https:\/\/www.gaveanews.com\/index.php\/2022\/12\/20\/flamengo-recusa-proposta-por-hugo-souza\/"]}]},{"@type":"ImageObject","inLanguage":"pt-BR","@id":"https:\/\/www.gaveanews.com\/index.php\/2022\/12\/20\/flamengo-recusa-proposta-por-hugo-souza\/#primaryimage","url":"https:\/\/www.gaveanews.com\/wp-content\/uploads\/Hugo-Souza-em-classico-do-Flamengo-contra-o-Fluminense.webp","contentUrl":"https:\/\/www.gaveanews.com\/wp-content\/uploads\/Hugo-Souza-em-classico-do-Flamengo-contra-o-Fluminense.webp","width":799,"height":533,"caption":"Hugo Souza em cl\u00e1ssico do Flamengo contra o Fluminense (Foto: Marcelo Cortes\/Flamengo)"},{"@type":"BreadcrumbList","@id":"https:\/\/www.gaveanews.com\/index.php\/2022\/12\/20\/flamengo-recusa-proposta-por-hugo-souza\/#breadcrumb","itemListElement":[{"@type":"ListItem","position":1,"name":"Home","item":"https:\/\/www.gaveanews.com\/"},{"@type":"ListItem","position":2,"name":"Flamengo recusa proposta por Hugo Souza"}]},{"@type":"WebSite","@id":"https:\/\/www.gaveanews.com\/#website","url":"https:\/\/www.gaveanews.com\/","name":"G\u00e1vea News","description":"Veja todas as not\u00edcias sobre o Flamengo: Contrata\u00e7\u00f5es, categorias de base, resultados das partidas, tabela de classifica\u00e7\u00e3o, pr\u00f3ximos jogos!","potentialAction":[{"@type":"SearchAction","target":{"@type":"EntryPoint","urlTemplate":"https:\/\/www.gaveanews.com\/?s={search_term_string}"},"query-input":{"@type":"PropertyValueSpecification","valueRequired":true,"valueName":"search_term_string"}}],"inLanguage":"pt-BR"},{"@type":"Person","@id":"https:\/\/www.gaveanews.com\/#\/schema\/person\/2ec14f73fb96be2caf28f91afb14749d","name":"Equipe G\u00e1vea News","image":{"@type":"ImageObject","inLanguage":"pt-BR","@id":"https:\/\/www.gaveanews.com\/#\/schema\/person\/image\/","url":"https:\/\/secure.gravatar.com\/avatar\/1e1956f1facbffd3f8fa53a326721950116b3b9dc9bd44939c01180fd4a745a9?s=96&d=mm&r=g","contentUrl":"https:\/\/secure.gravatar.com\/avatar\/1e1956f1facbffd3f8fa53a326721950116b3b9dc9bd44939c01180fd4a745a9?s=96&d=mm&r=g","caption":"Equipe G\u00e1vea News"}}]}},"_links":{"self":[{"href":"https:\/\/www.gaveanews.com\/index.php\/wp-json\/wp\/v2\/posts\/92265","targetHints":{"allow":["GET"]}}],"collection":[{"href":"https:\/\/www.gaveanews.com\/index.php\/wp-json\/wp\/v2\/posts"}],"about":[{"href":"https:\/\/www.gaveanews.com\/index.php\/wp-json\/wp\/v2\/types\/post"}],"author":[{"embeddable":true,"href":"https:\/\/www.gaveanews.com\/index.php\/wp-json\/wp\/v2\/users\/1"}],"replies":[{"embeddable":true,"href":"https:\/\/www.gaveanews.com\/index.php\/wp-json\/wp\/v2\/comments?post=92265"}],"version-history":[{"count":0,"href":"https:\/\/www.gaveanews.com\/index.php\/wp-json\/wp\/v2\/posts\/92265\/revisions"}],"wp:featuredmedia":[{"embeddable":true,"href":"https:\/\/www.gaveanews.com\/index.php\/wp-json\/wp\/v2\/media\/82391"}],"wp:attachment":[{"href":"https:\/\/www.gaveanews.com\/index.php\/wp-json\/wp\/v2\/media?parent=92265"}],"wp:term":[{"taxonomy":"category","embeddable":true,"href":"https:\/\/www.gaveanews.com\/index.php\/wp-json\/wp\/v2\/categories?post=92265"},{"taxonomy":"post_tag","embeddable":true,"href":"https:\/\/www.gaveanews.com\/index.php\/wp-json\/wp\/v2\/tags?post=92265"}],"curies":[{"name":"wp","href":"https:\/\/api.w.org\/{rel}","templated":true}]}}