{"id":92291,"date":"2022-12-20T18:07:34","date_gmt":"2022-12-20T21:07:34","guid":{"rendered":"https:\/\/www.gaveanews.com\/?p=92291"},"modified":"2022-12-20T18:07:34","modified_gmt":"2022-12-20T21:07:34","slug":"reforco-especulado-no-palmeiras-esta-no-rio-de-janeiro-para-assinar-com-o-flamengo","status":"publish","type":"post","link":"https:\/\/www.gaveanews.com\/index.php\/2022\/12\/20\/reforco-especulado-no-palmeiras-esta-no-rio-de-janeiro-para-assinar-com-o-flamengo\/","title":{"rendered":"Refor\u00e7o especulado no Palmeiras est\u00e1 no Rio de Janeiro para assinar com o Flamengo"},"content":{"rendered":"\n<p>Ainda sem anunciar refor\u00e7os para 2023, o Flamengo est\u00e1 no mercado e negocia a contrata\u00e7\u00e3o do lateral-direito Daniel Mu\u00f1oz, colombiano que atual no Genk, da B\u00e9lgica. A informa\u00e7\u00e3o foi publicada pelo jornalista Julio Miguel Neto.<\/p>\n\n\n\n<p>De acordo com a publica\u00e7\u00e3o, o atleta de 26 anos est\u00e1 no Rio de Janeiro j\u00e1 aguardando a finaliza\u00e7\u00e3o das tratativas para assinar o contrato. Daniel Mu\u00f1oz \u00e9 bem avaliado pelo Centro de Intelig\u00eancia do Flamengo desde 2020, quando ainda estava no Atl\u00e9tico Nacional.<\/p>\n\n\n\n<p>O lateral, que tem caracter\u00edsticas mais ofensivas, tem contrato com o Genk at\u00e9 a metade de 2024 e os valores da negocia\u00e7\u00e3o n\u00e3o foram divulgados at\u00e9 o momento. Pelo time belga, Daniel Mu\u00f1oz tem 98 jogos, nove gols e 18 assist\u00eancias. Na temporada atual j\u00e1 s\u00e3o cinco gols e cinco assist\u00eancias em apenas 18 jogos disputados.<\/p>\n\n\n\n<p>Com a sa\u00edda de Rodinei, que n\u00e3o renovou contrato e assinou com o Olympiakos, o Flamengo est\u00e1 no mercado em busca de refor\u00e7o para a posi\u00e7\u00e3o. Atualmente o clube conta apenas com Matheuzinho e Guillermo Varela, que disputou a Copa do Mundo, mas pouco vestiu a camisa rubro-negra desde que chegou.<\/p>\n\n\n\n<p>Antes de ser anunciado pelo Genk, em 2020, Daniel Mu\u00f1oz esteve na mira do Palmeiras. O time paulista, inclusive, fez uma proposta oficial pelo lateral e envolveu as pend\u00eancias da \u00e9poca pelo atacante Borja. Por\u00e9m, n\u00e3o houve acordo com o Atletico Nacional.<\/p>\n\n\n<div class=\"wp-block-image\">\n<figure class=\"aligncenter size-large is-resized\"><img loading=\"lazy\" decoding=\"async\" src=\"https:\/\/pbs.twimg.com\/media\/FkbHuKPXEAEFHza?format=jpg\" alt=\"\" width=\"707\" height=\"531\"\/><figcaption class=\"wp-element-caption\">Daniel Mu\u00f1oz<\/figcaption><\/figure>\n<\/div>\n\n\n<p>Retirado de: Torcedores<\/p>\n","protected":false},"excerpt":{"rendered":"<p>Ainda sem anunciar refor\u00e7os para 2023, o Flamengo est\u00e1 no mercado e negocia a contrata\u00e7\u00e3o do lateral-direito Daniel Mu\u00f1oz, colombiano que atual no Genk, da B\u00e9lgica. A informa\u00e7\u00e3o foi publicada pelo jornalista Julio Miguel Neto. De acordo com a publica\u00e7\u00e3o, o atleta de 26 anos est\u00e1 no Rio de Janeiro j\u00e1 aguardando a finaliza\u00e7\u00e3o das [&hellip;]<\/p>\n","protected":false},"author":1,"featured_media":46957,"comment_status":"open","ping_status":"","sticky":false,"template":"","format":"standard","meta":{"footnotes":""},"categories":[48],"tags":[],"class_list":["post-92291","post","type-post","status-publish","format-standard","has-post-thumbnail","hentry","category-negociacoes"],"yoast_head":"<!-- This site is optimized with the Yoast SEO Premium plugin v24.2 (Yoast SEO v26.9) - https:\/\/yoast.com\/product\/yoast-seo-premium-wordpress\/ -->\n<title>Refor\u00e7o especulado no Palmeiras est\u00e1 no Rio de Janeiro para assinar com o Flamengo<\/title>\n<meta name=\"robots\" content=\"index, follow, max-snippet:-1, max-image-preview:large, max-video-preview:-1\" \/>\n<link rel=\"canonical\" href=\"https:\/\/www.gaveanews.com\/index.php\/2022\/12\/20\/reforco-especulado-no-palmeiras-esta-no-rio-de-janeiro-para-assinar-com-o-flamengo\/\" \/>\n<meta property=\"og:locale\" content=\"pt_BR\" \/>\n<meta property=\"og:type\" content=\"article\" \/>\n<meta property=\"og:title\" content=\"Refor\u00e7o especulado no Palmeiras est\u00e1 no Rio de Janeiro para assinar com o Flamengo\" \/>\n<meta property=\"og:description\" content=\"Ainda sem anunciar refor\u00e7os para 2023, o Flamengo est\u00e1 no mercado e negocia a contrata\u00e7\u00e3o do lateral-direito Daniel Mu\u00f1oz, colombiano que atual no Genk, da B\u00e9lgica. A informa\u00e7\u00e3o foi publicada pelo jornalista Julio Miguel Neto. De acordo com a publica\u00e7\u00e3o, o atleta de 26 anos est\u00e1 no Rio de Janeiro j\u00e1 aguardando a finaliza\u00e7\u00e3o das [&hellip;]\" \/>\n<meta property=\"og:url\" content=\"https:\/\/www.gaveanews.com\/index.php\/2022\/12\/20\/reforco-especulado-no-palmeiras-esta-no-rio-de-janeiro-para-assinar-com-o-flamengo\/\" \/>\n<meta property=\"og:site_name\" content=\"G\u00e1vea News\" \/>\n<meta property=\"article:publisher\" content=\"https:\/\/facebook.com\/gaveaNews\/\" \/>\n<meta property=\"article:published_time\" content=\"2022-12-20T21:07:34+00:00\" \/>\n<meta property=\"og:image\" content=\"https:\/\/www.gaveanews.com\/wp-content\/uploads\/Marcos-Braz-no-gramado-do-Maracana.webp\" \/>\n\t<meta property=\"og:image:width\" content=\"799\" \/>\n\t<meta property=\"og:image:height\" content=\"532\" \/>\n\t<meta property=\"og:image:type\" content=\"image\/jpeg\" \/>\n<meta name=\"author\" content=\"Equipe G\u00e1vea News\" \/>\n<meta name=\"twitter:card\" content=\"summary_large_image\" \/>\n<meta name=\"twitter:label1\" content=\"Escrito por\" \/>\n\t<meta name=\"twitter:data1\" content=\"Equipe G\u00e1vea News\" \/>\n\t<meta name=\"twitter:label2\" content=\"Est. tempo de leitura\" \/>\n\t<meta name=\"twitter:data2\" content=\"1 minuto\" \/>\n<script type=\"application\/ld+json\" class=\"yoast-schema-graph\">{\"@context\":\"https:\/\/schema.org\",\"@graph\":[{\"@type\":\"NewsArticle\",\"@id\":\"https:\/\/www.gaveanews.com\/index.php\/2022\/12\/20\/reforco-especulado-no-palmeiras-esta-no-rio-de-janeiro-para-assinar-com-o-flamengo\/#article\",\"isPartOf\":{\"@id\":\"https:\/\/www.gaveanews.com\/index.php\/2022\/12\/20\/reforco-especulado-no-palmeiras-esta-no-rio-de-janeiro-para-assinar-com-o-flamengo\/\"},\"author\":{\"name\":\"Equipe G\u00e1vea News\",\"@id\":\"https:\/\/www.gaveanews.com\/#\/schema\/person\/2ec14f73fb96be2caf28f91afb14749d\"},\"headline\":\"Refor\u00e7o especulado no Palmeiras est\u00e1 no Rio de Janeiro para assinar com o Flamengo\",\"datePublished\":\"2022-12-20T21:07:34+00:00\",\"mainEntityOfPage\":{\"@id\":\"https:\/\/www.gaveanews.com\/index.php\/2022\/12\/20\/reforco-especulado-no-palmeiras-esta-no-rio-de-janeiro-para-assinar-com-o-flamengo\/\"},\"wordCount\":265,\"commentCount\":0,\"image\":{\"@id\":\"https:\/\/www.gaveanews.com\/index.php\/2022\/12\/20\/reforco-especulado-no-palmeiras-esta-no-rio-de-janeiro-para-assinar-com-o-flamengo\/#primaryimage\"},\"thumbnailUrl\":\"https:\/\/www.gaveanews.com\/wp-content\/uploads\/Marcos-Braz-no-gramado-do-Maracana.webp\",\"articleSection\":[\"Negocia\u00e7\u00f5es\"],\"inLanguage\":\"pt-BR\",\"potentialAction\":[{\"@type\":\"CommentAction\",\"name\":\"Comment\",\"target\":[\"https:\/\/www.gaveanews.com\/index.php\/2022\/12\/20\/reforco-especulado-no-palmeiras-esta-no-rio-de-janeiro-para-assinar-com-o-flamengo\/#respond\"]}],\"copyrightYear\":\"2022\",\"copyrightHolder\":{\"@id\":\"https:\/\/www.gaveanews.com\/#organization\"}},{\"@type\":\"WebPage\",\"@id\":\"https:\/\/www.gaveanews.com\/index.php\/2022\/12\/20\/reforco-especulado-no-palmeiras-esta-no-rio-de-janeiro-para-assinar-com-o-flamengo\/\",\"url\":\"https:\/\/www.gaveanews.com\/index.php\/2022\/12\/20\/reforco-especulado-no-palmeiras-esta-no-rio-de-janeiro-para-assinar-com-o-flamengo\/\",\"name\":\"Refor\u00e7o especulado no Palmeiras est\u00e1 no Rio de Janeiro para assinar com o Flamengo\",\"isPartOf\":{\"@id\":\"https:\/\/www.gaveanews.com\/#website\"},\"primaryImageOfPage\":{\"@id\":\"https:\/\/www.gaveanews.com\/index.php\/2022\/12\/20\/reforco-especulado-no-palmeiras-esta-no-rio-de-janeiro-para-assinar-com-o-flamengo\/#primaryimage\"},\"image\":{\"@id\":\"https:\/\/www.gaveanews.com\/index.php\/2022\/12\/20\/reforco-especulado-no-palmeiras-esta-no-rio-de-janeiro-para-assinar-com-o-flamengo\/#primaryimage\"},\"thumbnailUrl\":\"https:\/\/www.gaveanews.com\/wp-content\/uploads\/Marcos-Braz-no-gramado-do-Maracana.webp\",\"datePublished\":\"2022-12-20T21:07:34+00:00\",\"author\":{\"@id\":\"https:\/\/www.gaveanews.com\/#\/schema\/person\/2ec14f73fb96be2caf28f91afb14749d\"},\"breadcrumb\":{\"@id\":\"https:\/\/www.gaveanews.com\/index.php\/2022\/12\/20\/reforco-especulado-no-palmeiras-esta-no-rio-de-janeiro-para-assinar-com-o-flamengo\/#breadcrumb\"},\"inLanguage\":\"pt-BR\",\"potentialAction\":[{\"@type\":\"ReadAction\",\"target\":[\"https:\/\/www.gaveanews.com\/index.php\/2022\/12\/20\/reforco-especulado-no-palmeiras-esta-no-rio-de-janeiro-para-assinar-com-o-flamengo\/\"]}]},{\"@type\":\"ImageObject\",\"inLanguage\":\"pt-BR\",\"@id\":\"https:\/\/www.gaveanews.com\/index.php\/2022\/12\/20\/reforco-especulado-no-palmeiras-esta-no-rio-de-janeiro-para-assinar-com-o-flamengo\/#primaryimage\",\"url\":\"https:\/\/www.gaveanews.com\/wp-content\/uploads\/Marcos-Braz-no-gramado-do-Maracana.webp\",\"contentUrl\":\"https:\/\/www.gaveanews.com\/wp-content\/uploads\/Marcos-Braz-no-gramado-do-Maracana.webp\",\"width\":799,\"height\":532,\"caption\":\"Marcos Braz no gramado do Maracan\u00e3 (Foto: Alexandre Vidal\/Flamengo)\"},{\"@type\":\"BreadcrumbList\",\"@id\":\"https:\/\/www.gaveanews.com\/index.php\/2022\/12\/20\/reforco-especulado-no-palmeiras-esta-no-rio-de-janeiro-para-assinar-com-o-flamengo\/#breadcrumb\",\"itemListElement\":[{\"@type\":\"ListItem\",\"position\":1,\"name\":\"Home\",\"item\":\"https:\/\/www.gaveanews.com\/\"},{\"@type\":\"ListItem\",\"position\":2,\"name\":\"Refor\u00e7o especulado no Palmeiras est\u00e1 no Rio de Janeiro para assinar com o Flamengo\"}]},{\"@type\":\"WebSite\",\"@id\":\"https:\/\/www.gaveanews.com\/#website\",\"url\":\"https:\/\/www.gaveanews.com\/\",\"name\":\"G\u00e1vea News\",\"description\":\"Veja todas as not\u00edcias sobre o Flamengo: Contrata\u00e7\u00f5es, categorias de base, resultados das partidas, tabela de classifica\u00e7\u00e3o, pr\u00f3ximos jogos!\",\"potentialAction\":[{\"@type\":\"SearchAction\",\"target\":{\"@type\":\"EntryPoint\",\"urlTemplate\":\"https:\/\/www.gaveanews.com\/?s={search_term_string}\"},\"query-input\":{\"@type\":\"PropertyValueSpecification\",\"valueRequired\":true,\"valueName\":\"search_term_string\"}}],\"inLanguage\":\"pt-BR\"},{\"@type\":\"Person\",\"@id\":\"https:\/\/www.gaveanews.com\/#\/schema\/person\/2ec14f73fb96be2caf28f91afb14749d\",\"name\":\"Equipe G\u00e1vea News\",\"image\":{\"@type\":\"ImageObject\",\"inLanguage\":\"pt-BR\",\"@id\":\"https:\/\/www.gaveanews.com\/#\/schema\/person\/image\/\",\"url\":\"https:\/\/secure.gravatar.com\/avatar\/1e1956f1facbffd3f8fa53a326721950116b3b9dc9bd44939c01180fd4a745a9?s=96&d=mm&r=g\",\"contentUrl\":\"https:\/\/secure.gravatar.com\/avatar\/1e1956f1facbffd3f8fa53a326721950116b3b9dc9bd44939c01180fd4a745a9?s=96&d=mm&r=g\",\"caption\":\"Equipe G\u00e1vea News\"}}]}<\/script>\n<!-- \/ Yoast SEO Premium plugin. -->","yoast_head_json":{"title":"Refor\u00e7o especulado no Palmeiras est\u00e1 no Rio de Janeiro para assinar com o Flamengo","robots":{"index":"index","follow":"follow","max-snippet":"max-snippet:-1","max-image-preview":"max-image-preview:large","max-video-preview":"max-video-preview:-1"},"canonical":"https:\/\/www.gaveanews.com\/index.php\/2022\/12\/20\/reforco-especulado-no-palmeiras-esta-no-rio-de-janeiro-para-assinar-com-o-flamengo\/","og_locale":"pt_BR","og_type":"article","og_title":"Refor\u00e7o especulado no Palmeiras est\u00e1 no Rio de Janeiro para assinar com o Flamengo","og_description":"Ainda sem anunciar refor\u00e7os para 2023, o Flamengo est\u00e1 no mercado e negocia a contrata\u00e7\u00e3o do lateral-direito Daniel Mu\u00f1oz, colombiano que atual no Genk, da B\u00e9lgica. A informa\u00e7\u00e3o foi publicada pelo jornalista Julio Miguel Neto. De acordo com a publica\u00e7\u00e3o, o atleta de 26 anos est\u00e1 no Rio de Janeiro j\u00e1 aguardando a finaliza\u00e7\u00e3o das [&hellip;]","og_url":"https:\/\/www.gaveanews.com\/index.php\/2022\/12\/20\/reforco-especulado-no-palmeiras-esta-no-rio-de-janeiro-para-assinar-com-o-flamengo\/","og_site_name":"G\u00e1vea News","article_publisher":"https:\/\/facebook.com\/gaveaNews\/","article_published_time":"2022-12-20T21:07:34+00:00","og_image":[{"width":799,"height":532,"url":"https:\/\/www.gaveanews.com\/wp-content\/uploads\/Marcos-Braz-no-gramado-do-Maracana.webp","type":"image\/jpeg"}],"author":"Equipe G\u00e1vea News","twitter_card":"summary_large_image","twitter_misc":{"Escrito por":"Equipe G\u00e1vea News","Est. tempo de leitura":"1 minuto"},"schema":{"@context":"https:\/\/schema.org","@graph":[{"@type":"NewsArticle","@id":"https:\/\/www.gaveanews.com\/index.php\/2022\/12\/20\/reforco-especulado-no-palmeiras-esta-no-rio-de-janeiro-para-assinar-com-o-flamengo\/#article","isPartOf":{"@id":"https:\/\/www.gaveanews.com\/index.php\/2022\/12\/20\/reforco-especulado-no-palmeiras-esta-no-rio-de-janeiro-para-assinar-com-o-flamengo\/"},"author":{"name":"Equipe G\u00e1vea News","@id":"https:\/\/www.gaveanews.com\/#\/schema\/person\/2ec14f73fb96be2caf28f91afb14749d"},"headline":"Refor\u00e7o especulado no Palmeiras est\u00e1 no Rio de Janeiro para assinar com o Flamengo","datePublished":"2022-12-20T21:07:34+00:00","mainEntityOfPage":{"@id":"https:\/\/www.gaveanews.com\/index.php\/2022\/12\/20\/reforco-especulado-no-palmeiras-esta-no-rio-de-janeiro-para-assinar-com-o-flamengo\/"},"wordCount":265,"commentCount":0,"image":{"@id":"https:\/\/www.gaveanews.com\/index.php\/2022\/12\/20\/reforco-especulado-no-palmeiras-esta-no-rio-de-janeiro-para-assinar-com-o-flamengo\/#primaryimage"},"thumbnailUrl":"https:\/\/www.gaveanews.com\/wp-content\/uploads\/Marcos-Braz-no-gramado-do-Maracana.webp","articleSection":["Negocia\u00e7\u00f5es"],"inLanguage":"pt-BR","potentialAction":[{"@type":"CommentAction","name":"Comment","target":["https:\/\/www.gaveanews.com\/index.php\/2022\/12\/20\/reforco-especulado-no-palmeiras-esta-no-rio-de-janeiro-para-assinar-com-o-flamengo\/#respond"]}],"copyrightYear":"2022","copyrightHolder":{"@id":"https:\/\/www.gaveanews.com\/#organization"}},{"@type":"WebPage","@id":"https:\/\/www.gaveanews.com\/index.php\/2022\/12\/20\/reforco-especulado-no-palmeiras-esta-no-rio-de-janeiro-para-assinar-com-o-flamengo\/","url":"https:\/\/www.gaveanews.com\/index.php\/2022\/12\/20\/reforco-especulado-no-palmeiras-esta-no-rio-de-janeiro-para-assinar-com-o-flamengo\/","name":"Refor\u00e7o especulado no Palmeiras est\u00e1 no Rio de Janeiro para assinar com o Flamengo","isPartOf":{"@id":"https:\/\/www.gaveanews.com\/#website"},"primaryImageOfPage":{"@id":"https:\/\/www.gaveanews.com\/index.php\/2022\/12\/20\/reforco-especulado-no-palmeiras-esta-no-rio-de-janeiro-para-assinar-com-o-flamengo\/#primaryimage"},"image":{"@id":"https:\/\/www.gaveanews.com\/index.php\/2022\/12\/20\/reforco-especulado-no-palmeiras-esta-no-rio-de-janeiro-para-assinar-com-o-flamengo\/#primaryimage"},"thumbnailUrl":"https:\/\/www.gaveanews.com\/wp-content\/uploads\/Marcos-Braz-no-gramado-do-Maracana.webp","datePublished":"2022-12-20T21:07:34+00:00","author":{"@id":"https:\/\/www.gaveanews.com\/#\/schema\/person\/2ec14f73fb96be2caf28f91afb14749d"},"breadcrumb":{"@id":"https:\/\/www.gaveanews.com\/index.php\/2022\/12\/20\/reforco-especulado-no-palmeiras-esta-no-rio-de-janeiro-para-assinar-com-o-flamengo\/#breadcrumb"},"inLanguage":"pt-BR","potentialAction":[{"@type":"ReadAction","target":["https:\/\/www.gaveanews.com\/index.php\/2022\/12\/20\/reforco-especulado-no-palmeiras-esta-no-rio-de-janeiro-para-assinar-com-o-flamengo\/"]}]},{"@type":"ImageObject","inLanguage":"pt-BR","@id":"https:\/\/www.gaveanews.com\/index.php\/2022\/12\/20\/reforco-especulado-no-palmeiras-esta-no-rio-de-janeiro-para-assinar-com-o-flamengo\/#primaryimage","url":"https:\/\/www.gaveanews.com\/wp-content\/uploads\/Marcos-Braz-no-gramado-do-Maracana.webp","contentUrl":"https:\/\/www.gaveanews.com\/wp-content\/uploads\/Marcos-Braz-no-gramado-do-Maracana.webp","width":799,"height":532,"caption":"Marcos Braz no gramado do Maracan\u00e3 (Foto: Alexandre Vidal\/Flamengo)"},{"@type":"BreadcrumbList","@id":"https:\/\/www.gaveanews.com\/index.php\/2022\/12\/20\/reforco-especulado-no-palmeiras-esta-no-rio-de-janeiro-para-assinar-com-o-flamengo\/#breadcrumb","itemListElement":[{"@type":"ListItem","position":1,"name":"Home","item":"https:\/\/www.gaveanews.com\/"},{"@type":"ListItem","position":2,"name":"Refor\u00e7o especulado no Palmeiras est\u00e1 no Rio de Janeiro para assinar com o Flamengo"}]},{"@type":"WebSite","@id":"https:\/\/www.gaveanews.com\/#website","url":"https:\/\/www.gaveanews.com\/","name":"G\u00e1vea News","description":"Veja todas as not\u00edcias sobre o Flamengo: Contrata\u00e7\u00f5es, categorias de base, resultados das partidas, tabela de classifica\u00e7\u00e3o, pr\u00f3ximos jogos!","potentialAction":[{"@type":"SearchAction","target":{"@type":"EntryPoint","urlTemplate":"https:\/\/www.gaveanews.com\/?s={search_term_string}"},"query-input":{"@type":"PropertyValueSpecification","valueRequired":true,"valueName":"search_term_string"}}],"inLanguage":"pt-BR"},{"@type":"Person","@id":"https:\/\/www.gaveanews.com\/#\/schema\/person\/2ec14f73fb96be2caf28f91afb14749d","name":"Equipe G\u00e1vea News","image":{"@type":"ImageObject","inLanguage":"pt-BR","@id":"https:\/\/www.gaveanews.com\/#\/schema\/person\/image\/","url":"https:\/\/secure.gravatar.com\/avatar\/1e1956f1facbffd3f8fa53a326721950116b3b9dc9bd44939c01180fd4a745a9?s=96&d=mm&r=g","contentUrl":"https:\/\/secure.gravatar.com\/avatar\/1e1956f1facbffd3f8fa53a326721950116b3b9dc9bd44939c01180fd4a745a9?s=96&d=mm&r=g","caption":"Equipe G\u00e1vea News"}}]}},"_links":{"self":[{"href":"https:\/\/www.gaveanews.com\/index.php\/wp-json\/wp\/v2\/posts\/92291","targetHints":{"allow":["GET"]}}],"collection":[{"href":"https:\/\/www.gaveanews.com\/index.php\/wp-json\/wp\/v2\/posts"}],"about":[{"href":"https:\/\/www.gaveanews.com\/index.php\/wp-json\/wp\/v2\/types\/post"}],"author":[{"embeddable":true,"href":"https:\/\/www.gaveanews.com\/index.php\/wp-json\/wp\/v2\/users\/1"}],"replies":[{"embeddable":true,"href":"https:\/\/www.gaveanews.com\/index.php\/wp-json\/wp\/v2\/comments?post=92291"}],"version-history":[{"count":0,"href":"https:\/\/www.gaveanews.com\/index.php\/wp-json\/wp\/v2\/posts\/92291\/revisions"}],"wp:featuredmedia":[{"embeddable":true,"href":"https:\/\/www.gaveanews.com\/index.php\/wp-json\/wp\/v2\/media\/46957"}],"wp:attachment":[{"href":"https:\/\/www.gaveanews.com\/index.php\/wp-json\/wp\/v2\/media?parent=92291"}],"wp:term":[{"taxonomy":"category","embeddable":true,"href":"https:\/\/www.gaveanews.com\/index.php\/wp-json\/wp\/v2\/categories?post=92291"},{"taxonomy":"post_tag","embeddable":true,"href":"https:\/\/www.gaveanews.com\/index.php\/wp-json\/wp\/v2\/tags?post=92291"}],"curies":[{"name":"wp","href":"https:\/\/api.w.org\/{rel}","templated":true}]}}