{"id":92293,"date":"2022-12-20T18:11:55","date_gmt":"2022-12-20T21:11:55","guid":{"rendered":"https:\/\/www.gaveanews.com\/?p=92293"},"modified":"2022-12-20T18:11:58","modified_gmt":"2022-12-20T21:11:58","slug":"vitor-pereira-pode-ter-ajuda-no-comeco-da-temporada-no-flamengo-entenda","status":"publish","type":"post","link":"https:\/\/www.gaveanews.com\/index.php\/2022\/12\/20\/vitor-pereira-pode-ter-ajuda-no-comeco-da-temporada-no-flamengo-entenda\/","title":{"rendered":"V\u00edtor Pereira pode ter &#8216;ajuda&#8217; no come\u00e7o da temporada no Flamengo; entenda"},"content":{"rendered":"\n<p>Contratado para ser o substituto de Dorival Jr no Flamengo, V\u00edtor Pereira e sua comiss\u00e3o t\u00e9cnica trabalham nos bastidores antes da reapresenta\u00e7\u00e3o do elenco marcada para o dia 26. Al\u00e9m da indica\u00e7\u00f5es de poss\u00edveis refor\u00e7os, o portugu\u00eas avalia o calend\u00e1rio importante que ter\u00e1 logo de cara.<\/p>\n\n\n\n<p>Entre o fim de janeiro e o in\u00edcio de fevereiro, V\u00edtor Pereira ter\u00e1 pela frente a final da Supercopa do Brasil, contra o Palmeiras, e o Mundial de Clubes, al\u00e9m da Recopa Sul-Americana diante do Independiente del Valle. Para muitos, o tempo curto pode ser o inimigo do treinador<\/p>\n\n\n\n<p>Em tese, um problema s\u00e9rio para a nova comiss\u00e3o. Na pr\u00e1tica, por\u00e9m, pode ter suas vantagens. Desta forma enxerga Andr\u00e9 Rocha, colunista do UOL Esporte.<\/p>\n\n\n\n<p><em>\u2014 Em campo, menos tempo para experi\u00eancias que mexeriam na estrutura do time titular e tamb\u00e9m nos \u00e2nimos do vesti\u00e1rio. A base titular tende a ser mantida, incluindo De Arrascaeta, que deve seguir o tratamento conservador da pubalgia, independentemente da poss\u00edvel indica\u00e7\u00e3o de cirurgia, pelo menos at\u00e9 mar\u00e7o<\/em>, declarou Andr\u00e9<\/p>\n\n\n\n<p>Ou seja, o novo treinador ter\u00e1 que mostrar mais uma vez sua capacidade de adapta\u00e7\u00e3o. Podendo acrescentar, de cara, um pouco mais de agressividade e linhas mais adiantadas na marca\u00e7\u00e3o por press\u00e3o. At\u00e9 porque o elenco ainda estar\u00e1 \u201cfresco\u201d das f\u00e9rias\u201d, completa.<\/p>\n\n\n\n<p><em>\u2014 Ent\u00e3o que Vitor Pereira passe logo por testes de fogo no in\u00edcio e tenha a vida definida at\u00e9 o come\u00e7o de mar\u00e7o. Se tiver resultados, seguir\u00e1 com moral para trabalhar como acha melhor. Caso n\u00e3o alcance os objetivos, o destino j\u00e1 \u00e9 conhecido. Injusto, mas \u00e9 assim que funciona<\/em>, conclui.<\/p>\n\n\n\n<h2 class=\"wp-block-heading\" id=\"h-flamengo-no-mercado-da-bola\">Flamengo no mercado da bola<\/h2>\n\n\n\n<p>O Flamengo apresentou ao Fenerbahce uma proposta de 10 milh\u00f5es de euros (R$ 56 milh\u00f5es) por Diego Rossi. A informa\u00e7\u00e3o vem da imprensa turca. Contudo, o time dirigido por Jorge Jesus pede uma quantia maior para negociar o jogador.<\/p>\n\n\n\n<p>Nas redes sociais, torcedores n\u00e3o pareceram muito empolgados com esse nome, uma vez que Bruno Henrique est\u00e1 em recupera\u00e7\u00e3o, o que n\u00e3o necessariamente obrigaria o Flamengo a buscar um novo jogador para o setor.<\/p>\n\n\n\n<p>Novo t\u00e9cnico do Flamengo, V\u00edtor Pereira pede a contrata\u00e7\u00e3o de um jogador para a lateral-direita. Preciado, lateral da sele\u00e7\u00e3o do Equador tem sido bastante especulado. Marcos Braz, vice-presidente de futebol, foi perguntado se h\u00e1 alguma negocia\u00e7\u00e3o em curso.<\/p>\n\n\n\n<p><em>\u2014 N\u00e3o tem nada. N\u00e3o vou dizer que n\u00e3o tem interesse, pois \u00e0s vezes soa como um dem\u00e9rito em algumas situa\u00e7\u00f5es falando sobre o jogador. Ent\u00e3o, vou dizer que n\u00e3o h\u00e1 absolutamente nada. Nestes \u00faltimos dias, o que saiu de situa\u00e7\u00f5es que n\u00e3o procedem, Flamengo ficou trabalhando em algumas renova\u00e7\u00f5es, ajustes, da parte do t\u00e9cnico\u2026estamos atentos ao mercado. \u00c9 uma janela de ajuste para o mercado europeu, a grande janela deles \u00e9 agosto<\/em>, disse Braz, \u00e0 jornalista Isabelle Costa.<\/p>\n\n\n\n<p>Retirado de: Torcedores<\/p>\n","protected":false},"excerpt":{"rendered":"<p>Contratado para ser o substituto de Dorival Jr no Flamengo, V\u00edtor Pereira e sua comiss\u00e3o t\u00e9cnica trabalham nos bastidores antes da reapresenta\u00e7\u00e3o do elenco marcada para o dia 26. Al\u00e9m da indica\u00e7\u00f5es de poss\u00edveis refor\u00e7os, o portugu\u00eas avalia o calend\u00e1rio importante que ter\u00e1 logo de cara. Entre o fim de janeiro e o in\u00edcio de [&hellip;]<\/p>\n","protected":false},"author":1,"featured_media":91389,"comment_status":"open","ping_status":"closed","sticky":false,"template":"","format":"standard","meta":{"footnotes":""},"categories":[1],"tags":[],"class_list":["post-92293","post","type-post","status-publish","format-standard","has-post-thumbnail","hentry","category-flamengo"],"yoast_head":"<!-- This site is optimized with the Yoast SEO Premium plugin v24.2 (Yoast SEO v26.9) - https:\/\/yoast.com\/product\/yoast-seo-premium-wordpress\/ -->\n<title>V\u00edtor Pereira pode ter &#039;ajuda&#039; no come\u00e7o da temporada no Flamengo; entenda<\/title>\n<meta name=\"robots\" content=\"index, follow, max-snippet:-1, max-image-preview:large, max-video-preview:-1\" \/>\n<link rel=\"canonical\" href=\"https:\/\/www.gaveanews.com\/index.php\/2022\/12\/20\/vitor-pereira-pode-ter-ajuda-no-comeco-da-temporada-no-flamengo-entenda\/\" \/>\n<meta property=\"og:locale\" content=\"pt_BR\" \/>\n<meta property=\"og:type\" content=\"article\" \/>\n<meta property=\"og:title\" content=\"V\u00edtor Pereira pode ter &#039;ajuda&#039; no come\u00e7o da temporada no Flamengo; entenda\" \/>\n<meta property=\"og:description\" content=\"Contratado para ser o substituto de Dorival Jr no Flamengo, V\u00edtor Pereira e sua comiss\u00e3o t\u00e9cnica trabalham nos bastidores antes da reapresenta\u00e7\u00e3o do elenco marcada para o dia 26. Al\u00e9m da indica\u00e7\u00f5es de poss\u00edveis refor\u00e7os, o portugu\u00eas avalia o calend\u00e1rio importante que ter\u00e1 logo de cara. Entre o fim de janeiro e o in\u00edcio de [&hellip;]\" \/>\n<meta property=\"og:url\" content=\"https:\/\/www.gaveanews.com\/index.php\/2022\/12\/20\/vitor-pereira-pode-ter-ajuda-no-comeco-da-temporada-no-flamengo-entenda\/\" \/>\n<meta property=\"og:site_name\" content=\"G\u00e1vea News\" \/>\n<meta property=\"article:publisher\" content=\"https:\/\/facebook.com\/gaveaNews\/\" \/>\n<meta property=\"article:published_time\" content=\"2022-12-20T21:11:55+00:00\" \/>\n<meta property=\"article:modified_time\" content=\"2022-12-20T21:11:58+00:00\" \/>\n<meta property=\"og:image\" content=\"https:\/\/www.gaveanews.com\/wp-content\/uploads\/vitor-pereira-comissao-tecnica-corinthians.webp\" \/>\n\t<meta property=\"og:image:width\" content=\"640\" \/>\n\t<meta property=\"og:image:height\" content=\"400\" \/>\n\t<meta property=\"og:image:type\" content=\"image\/jpeg\" \/>\n<meta name=\"author\" content=\"Equipe G\u00e1vea News\" \/>\n<meta name=\"twitter:card\" content=\"summary_large_image\" \/>\n<meta name=\"twitter:label1\" content=\"Escrito por\" \/>\n\t<meta name=\"twitter:data1\" content=\"Equipe G\u00e1vea News\" \/>\n\t<meta name=\"twitter:label2\" content=\"Est. tempo de leitura\" \/>\n\t<meta name=\"twitter:data2\" content=\"3 minutos\" \/>\n<script type=\"application\/ld+json\" class=\"yoast-schema-graph\">{\"@context\":\"https:\/\/schema.org\",\"@graph\":[{\"@type\":\"NewsArticle\",\"@id\":\"https:\/\/www.gaveanews.com\/index.php\/2022\/12\/20\/vitor-pereira-pode-ter-ajuda-no-comeco-da-temporada-no-flamengo-entenda\/#article\",\"isPartOf\":{\"@id\":\"https:\/\/www.gaveanews.com\/index.php\/2022\/12\/20\/vitor-pereira-pode-ter-ajuda-no-comeco-da-temporada-no-flamengo-entenda\/\"},\"author\":{\"name\":\"Equipe G\u00e1vea News\",\"@id\":\"https:\/\/www.gaveanews.com\/#\/schema\/person\/2ec14f73fb96be2caf28f91afb14749d\"},\"headline\":\"V\u00edtor Pereira pode ter &#8216;ajuda&#8217; no come\u00e7o da temporada no Flamengo; entenda\",\"datePublished\":\"2022-12-20T21:11:55+00:00\",\"dateModified\":\"2022-12-20T21:11:58+00:00\",\"mainEntityOfPage\":{\"@id\":\"https:\/\/www.gaveanews.com\/index.php\/2022\/12\/20\/vitor-pereira-pode-ter-ajuda-no-comeco-da-temporada-no-flamengo-entenda\/\"},\"wordCount\":519,\"commentCount\":0,\"image\":{\"@id\":\"https:\/\/www.gaveanews.com\/index.php\/2022\/12\/20\/vitor-pereira-pode-ter-ajuda-no-comeco-da-temporada-no-flamengo-entenda\/#primaryimage\"},\"thumbnailUrl\":\"https:\/\/www.gaveanews.com\/wp-content\/uploads\/vitor-pereira-comissao-tecnica-corinthians.webp\",\"articleSection\":[\"Flamengo\"],\"inLanguage\":\"pt-BR\",\"potentialAction\":[{\"@type\":\"CommentAction\",\"name\":\"Comment\",\"target\":[\"https:\/\/www.gaveanews.com\/index.php\/2022\/12\/20\/vitor-pereira-pode-ter-ajuda-no-comeco-da-temporada-no-flamengo-entenda\/#respond\"]}],\"copyrightYear\":\"2022\",\"copyrightHolder\":{\"@id\":\"https:\/\/www.gaveanews.com\/#organization\"}},{\"@type\":\"WebPage\",\"@id\":\"https:\/\/www.gaveanews.com\/index.php\/2022\/12\/20\/vitor-pereira-pode-ter-ajuda-no-comeco-da-temporada-no-flamengo-entenda\/\",\"url\":\"https:\/\/www.gaveanews.com\/index.php\/2022\/12\/20\/vitor-pereira-pode-ter-ajuda-no-comeco-da-temporada-no-flamengo-entenda\/\",\"name\":\"V\u00edtor Pereira pode ter 'ajuda' no come\u00e7o da temporada no Flamengo; entenda\",\"isPartOf\":{\"@id\":\"https:\/\/www.gaveanews.com\/#website\"},\"primaryImageOfPage\":{\"@id\":\"https:\/\/www.gaveanews.com\/index.php\/2022\/12\/20\/vitor-pereira-pode-ter-ajuda-no-comeco-da-temporada-no-flamengo-entenda\/#primaryimage\"},\"image\":{\"@id\":\"https:\/\/www.gaveanews.com\/index.php\/2022\/12\/20\/vitor-pereira-pode-ter-ajuda-no-comeco-da-temporada-no-flamengo-entenda\/#primaryimage\"},\"thumbnailUrl\":\"https:\/\/www.gaveanews.com\/wp-content\/uploads\/vitor-pereira-comissao-tecnica-corinthians.webp\",\"datePublished\":\"2022-12-20T21:11:55+00:00\",\"dateModified\":\"2022-12-20T21:11:58+00:00\",\"author\":{\"@id\":\"https:\/\/www.gaveanews.com\/#\/schema\/person\/2ec14f73fb96be2caf28f91afb14749d\"},\"breadcrumb\":{\"@id\":\"https:\/\/www.gaveanews.com\/index.php\/2022\/12\/20\/vitor-pereira-pode-ter-ajuda-no-comeco-da-temporada-no-flamengo-entenda\/#breadcrumb\"},\"inLanguage\":\"pt-BR\",\"potentialAction\":[{\"@type\":\"ReadAction\",\"target\":[\"https:\/\/www.gaveanews.com\/index.php\/2022\/12\/20\/vitor-pereira-pode-ter-ajuda-no-comeco-da-temporada-no-flamengo-entenda\/\"]}]},{\"@type\":\"ImageObject\",\"inLanguage\":\"pt-BR\",\"@id\":\"https:\/\/www.gaveanews.com\/index.php\/2022\/12\/20\/vitor-pereira-pode-ter-ajuda-no-comeco-da-temporada-no-flamengo-entenda\/#primaryimage\",\"url\":\"https:\/\/www.gaveanews.com\/wp-content\/uploads\/vitor-pereira-comissao-tecnica-corinthians.webp\",\"contentUrl\":\"https:\/\/www.gaveanews.com\/wp-content\/uploads\/vitor-pereira-comissao-tecnica-corinthians.webp\",\"width\":640,\"height\":400,\"caption\":\"V\u00edtor Pereira e sua comiss\u00e3o t\u00e9cnica no Corinthians (Foto: Rodrigo Coca\/Ag. Corinthians)\"},{\"@type\":\"BreadcrumbList\",\"@id\":\"https:\/\/www.gaveanews.com\/index.php\/2022\/12\/20\/vitor-pereira-pode-ter-ajuda-no-comeco-da-temporada-no-flamengo-entenda\/#breadcrumb\",\"itemListElement\":[{\"@type\":\"ListItem\",\"position\":1,\"name\":\"Home\",\"item\":\"https:\/\/www.gaveanews.com\/\"},{\"@type\":\"ListItem\",\"position\":2,\"name\":\"V\u00edtor Pereira pode ter &#8216;ajuda&#8217; no come\u00e7o da temporada no Flamengo; entenda\"}]},{\"@type\":\"WebSite\",\"@id\":\"https:\/\/www.gaveanews.com\/#website\",\"url\":\"https:\/\/www.gaveanews.com\/\",\"name\":\"G\u00e1vea News\",\"description\":\"Veja todas as not\u00edcias sobre o Flamengo: Contrata\u00e7\u00f5es, categorias de base, resultados das partidas, tabela de classifica\u00e7\u00e3o, pr\u00f3ximos jogos!\",\"potentialAction\":[{\"@type\":\"SearchAction\",\"target\":{\"@type\":\"EntryPoint\",\"urlTemplate\":\"https:\/\/www.gaveanews.com\/?s={search_term_string}\"},\"query-input\":{\"@type\":\"PropertyValueSpecification\",\"valueRequired\":true,\"valueName\":\"search_term_string\"}}],\"inLanguage\":\"pt-BR\"},{\"@type\":\"Person\",\"@id\":\"https:\/\/www.gaveanews.com\/#\/schema\/person\/2ec14f73fb96be2caf28f91afb14749d\",\"name\":\"Equipe G\u00e1vea News\",\"image\":{\"@type\":\"ImageObject\",\"inLanguage\":\"pt-BR\",\"@id\":\"https:\/\/www.gaveanews.com\/#\/schema\/person\/image\/\",\"url\":\"https:\/\/secure.gravatar.com\/avatar\/1e1956f1facbffd3f8fa53a326721950116b3b9dc9bd44939c01180fd4a745a9?s=96&d=mm&r=g\",\"contentUrl\":\"https:\/\/secure.gravatar.com\/avatar\/1e1956f1facbffd3f8fa53a326721950116b3b9dc9bd44939c01180fd4a745a9?s=96&d=mm&r=g\",\"caption\":\"Equipe G\u00e1vea News\"}}]}<\/script>\n<!-- \/ Yoast SEO Premium plugin. -->","yoast_head_json":{"title":"V\u00edtor Pereira pode ter 'ajuda' no come\u00e7o da temporada no Flamengo; entenda","robots":{"index":"index","follow":"follow","max-snippet":"max-snippet:-1","max-image-preview":"max-image-preview:large","max-video-preview":"max-video-preview:-1"},"canonical":"https:\/\/www.gaveanews.com\/index.php\/2022\/12\/20\/vitor-pereira-pode-ter-ajuda-no-comeco-da-temporada-no-flamengo-entenda\/","og_locale":"pt_BR","og_type":"article","og_title":"V\u00edtor Pereira pode ter 'ajuda' no come\u00e7o da temporada no Flamengo; entenda","og_description":"Contratado para ser o substituto de Dorival Jr no Flamengo, V\u00edtor Pereira e sua comiss\u00e3o t\u00e9cnica trabalham nos bastidores antes da reapresenta\u00e7\u00e3o do elenco marcada para o dia 26. Al\u00e9m da indica\u00e7\u00f5es de poss\u00edveis refor\u00e7os, o portugu\u00eas avalia o calend\u00e1rio importante que ter\u00e1 logo de cara. Entre o fim de janeiro e o in\u00edcio de [&hellip;]","og_url":"https:\/\/www.gaveanews.com\/index.php\/2022\/12\/20\/vitor-pereira-pode-ter-ajuda-no-comeco-da-temporada-no-flamengo-entenda\/","og_site_name":"G\u00e1vea News","article_publisher":"https:\/\/facebook.com\/gaveaNews\/","article_published_time":"2022-12-20T21:11:55+00:00","article_modified_time":"2022-12-20T21:11:58+00:00","og_image":[{"width":640,"height":400,"url":"https:\/\/www.gaveanews.com\/wp-content\/uploads\/vitor-pereira-comissao-tecnica-corinthians.webp","type":"image\/jpeg"}],"author":"Equipe G\u00e1vea News","twitter_card":"summary_large_image","twitter_misc":{"Escrito por":"Equipe G\u00e1vea News","Est. tempo de leitura":"3 minutos"},"schema":{"@context":"https:\/\/schema.org","@graph":[{"@type":"NewsArticle","@id":"https:\/\/www.gaveanews.com\/index.php\/2022\/12\/20\/vitor-pereira-pode-ter-ajuda-no-comeco-da-temporada-no-flamengo-entenda\/#article","isPartOf":{"@id":"https:\/\/www.gaveanews.com\/index.php\/2022\/12\/20\/vitor-pereira-pode-ter-ajuda-no-comeco-da-temporada-no-flamengo-entenda\/"},"author":{"name":"Equipe G\u00e1vea News","@id":"https:\/\/www.gaveanews.com\/#\/schema\/person\/2ec14f73fb96be2caf28f91afb14749d"},"headline":"V\u00edtor Pereira pode ter &#8216;ajuda&#8217; no come\u00e7o da temporada no Flamengo; entenda","datePublished":"2022-12-20T21:11:55+00:00","dateModified":"2022-12-20T21:11:58+00:00","mainEntityOfPage":{"@id":"https:\/\/www.gaveanews.com\/index.php\/2022\/12\/20\/vitor-pereira-pode-ter-ajuda-no-comeco-da-temporada-no-flamengo-entenda\/"},"wordCount":519,"commentCount":0,"image":{"@id":"https:\/\/www.gaveanews.com\/index.php\/2022\/12\/20\/vitor-pereira-pode-ter-ajuda-no-comeco-da-temporada-no-flamengo-entenda\/#primaryimage"},"thumbnailUrl":"https:\/\/www.gaveanews.com\/wp-content\/uploads\/vitor-pereira-comissao-tecnica-corinthians.webp","articleSection":["Flamengo"],"inLanguage":"pt-BR","potentialAction":[{"@type":"CommentAction","name":"Comment","target":["https:\/\/www.gaveanews.com\/index.php\/2022\/12\/20\/vitor-pereira-pode-ter-ajuda-no-comeco-da-temporada-no-flamengo-entenda\/#respond"]}],"copyrightYear":"2022","copyrightHolder":{"@id":"https:\/\/www.gaveanews.com\/#organization"}},{"@type":"WebPage","@id":"https:\/\/www.gaveanews.com\/index.php\/2022\/12\/20\/vitor-pereira-pode-ter-ajuda-no-comeco-da-temporada-no-flamengo-entenda\/","url":"https:\/\/www.gaveanews.com\/index.php\/2022\/12\/20\/vitor-pereira-pode-ter-ajuda-no-comeco-da-temporada-no-flamengo-entenda\/","name":"V\u00edtor Pereira pode ter 'ajuda' no come\u00e7o da temporada no Flamengo; entenda","isPartOf":{"@id":"https:\/\/www.gaveanews.com\/#website"},"primaryImageOfPage":{"@id":"https:\/\/www.gaveanews.com\/index.php\/2022\/12\/20\/vitor-pereira-pode-ter-ajuda-no-comeco-da-temporada-no-flamengo-entenda\/#primaryimage"},"image":{"@id":"https:\/\/www.gaveanews.com\/index.php\/2022\/12\/20\/vitor-pereira-pode-ter-ajuda-no-comeco-da-temporada-no-flamengo-entenda\/#primaryimage"},"thumbnailUrl":"https:\/\/www.gaveanews.com\/wp-content\/uploads\/vitor-pereira-comissao-tecnica-corinthians.webp","datePublished":"2022-12-20T21:11:55+00:00","dateModified":"2022-12-20T21:11:58+00:00","author":{"@id":"https:\/\/www.gaveanews.com\/#\/schema\/person\/2ec14f73fb96be2caf28f91afb14749d"},"breadcrumb":{"@id":"https:\/\/www.gaveanews.com\/index.php\/2022\/12\/20\/vitor-pereira-pode-ter-ajuda-no-comeco-da-temporada-no-flamengo-entenda\/#breadcrumb"},"inLanguage":"pt-BR","potentialAction":[{"@type":"ReadAction","target":["https:\/\/www.gaveanews.com\/index.php\/2022\/12\/20\/vitor-pereira-pode-ter-ajuda-no-comeco-da-temporada-no-flamengo-entenda\/"]}]},{"@type":"ImageObject","inLanguage":"pt-BR","@id":"https:\/\/www.gaveanews.com\/index.php\/2022\/12\/20\/vitor-pereira-pode-ter-ajuda-no-comeco-da-temporada-no-flamengo-entenda\/#primaryimage","url":"https:\/\/www.gaveanews.com\/wp-content\/uploads\/vitor-pereira-comissao-tecnica-corinthians.webp","contentUrl":"https:\/\/www.gaveanews.com\/wp-content\/uploads\/vitor-pereira-comissao-tecnica-corinthians.webp","width":640,"height":400,"caption":"V\u00edtor Pereira e sua comiss\u00e3o t\u00e9cnica no Corinthians (Foto: Rodrigo Coca\/Ag. Corinthians)"},{"@type":"BreadcrumbList","@id":"https:\/\/www.gaveanews.com\/index.php\/2022\/12\/20\/vitor-pereira-pode-ter-ajuda-no-comeco-da-temporada-no-flamengo-entenda\/#breadcrumb","itemListElement":[{"@type":"ListItem","position":1,"name":"Home","item":"https:\/\/www.gaveanews.com\/"},{"@type":"ListItem","position":2,"name":"V\u00edtor Pereira pode ter &#8216;ajuda&#8217; no come\u00e7o da temporada no Flamengo; entenda"}]},{"@type":"WebSite","@id":"https:\/\/www.gaveanews.com\/#website","url":"https:\/\/www.gaveanews.com\/","name":"G\u00e1vea News","description":"Veja todas as not\u00edcias sobre o Flamengo: Contrata\u00e7\u00f5es, categorias de base, resultados das partidas, tabela de classifica\u00e7\u00e3o, pr\u00f3ximos jogos!","potentialAction":[{"@type":"SearchAction","target":{"@type":"EntryPoint","urlTemplate":"https:\/\/www.gaveanews.com\/?s={search_term_string}"},"query-input":{"@type":"PropertyValueSpecification","valueRequired":true,"valueName":"search_term_string"}}],"inLanguage":"pt-BR"},{"@type":"Person","@id":"https:\/\/www.gaveanews.com\/#\/schema\/person\/2ec14f73fb96be2caf28f91afb14749d","name":"Equipe G\u00e1vea News","image":{"@type":"ImageObject","inLanguage":"pt-BR","@id":"https:\/\/www.gaveanews.com\/#\/schema\/person\/image\/","url":"https:\/\/secure.gravatar.com\/avatar\/1e1956f1facbffd3f8fa53a326721950116b3b9dc9bd44939c01180fd4a745a9?s=96&d=mm&r=g","contentUrl":"https:\/\/secure.gravatar.com\/avatar\/1e1956f1facbffd3f8fa53a326721950116b3b9dc9bd44939c01180fd4a745a9?s=96&d=mm&r=g","caption":"Equipe G\u00e1vea News"}}]}},"_links":{"self":[{"href":"https:\/\/www.gaveanews.com\/index.php\/wp-json\/wp\/v2\/posts\/92293","targetHints":{"allow":["GET"]}}],"collection":[{"href":"https:\/\/www.gaveanews.com\/index.php\/wp-json\/wp\/v2\/posts"}],"about":[{"href":"https:\/\/www.gaveanews.com\/index.php\/wp-json\/wp\/v2\/types\/post"}],"author":[{"embeddable":true,"href":"https:\/\/www.gaveanews.com\/index.php\/wp-json\/wp\/v2\/users\/1"}],"replies":[{"embeddable":true,"href":"https:\/\/www.gaveanews.com\/index.php\/wp-json\/wp\/v2\/comments?post=92293"}],"version-history":[{"count":0,"href":"https:\/\/www.gaveanews.com\/index.php\/wp-json\/wp\/v2\/posts\/92293\/revisions"}],"wp:featuredmedia":[{"embeddable":true,"href":"https:\/\/www.gaveanews.com\/index.php\/wp-json\/wp\/v2\/media\/91389"}],"wp:attachment":[{"href":"https:\/\/www.gaveanews.com\/index.php\/wp-json\/wp\/v2\/media?parent=92293"}],"wp:term":[{"taxonomy":"category","embeddable":true,"href":"https:\/\/www.gaveanews.com\/index.php\/wp-json\/wp\/v2\/categories?post=92293"},{"taxonomy":"post_tag","embeddable":true,"href":"https:\/\/www.gaveanews.com\/index.php\/wp-json\/wp\/v2\/tags?post=92293"}],"curies":[{"name":"wp","href":"https:\/\/api.w.org\/{rel}","templated":true}]}}