{"id":92300,"date":"2022-12-20T18:58:10","date_gmt":"2022-12-20T21:58:10","guid":{"rendered":"https:\/\/www.gaveanews.com\/?p=92300"},"modified":"2022-12-20T18:58:14","modified_gmt":"2022-12-20T21:58:14","slug":"ex-dirigente-do-palmeiras-diz-que-atacante-do-clube-paulista-pode-parar-no-flamengo","status":"publish","type":"post","link":"https:\/\/www.gaveanews.com\/index.php\/2022\/12\/20\/ex-dirigente-do-palmeiras-diz-que-atacante-do-clube-paulista-pode-parar-no-flamengo\/","title":{"rendered":"Ex-dirigente do Palmeiras diz que atacante do clube paulista pode parar no Flamengo"},"content":{"rendered":"\n<p>A renova\u00e7\u00e3o de Dudu no Palmeiras segue sendo uma d\u00favida . De um lado, o jogador disse que deixou tudo nas m\u00e3os da diretoria do clube. Do outro, a presidente Leila Pereira vem sendo criticada por n\u00e3o avan\u00e7ar em um novo v\u00ednculo, que se encerra no fim de 2023 .<\/p>\n\n\n\n<p>Alexandre Mattos, ex-diretor do clube paulista e atual executivo do Athletico-PR , comentou sobre uma poss\u00edvel ida de Dudu. Segundo o dirigente, quem est\u00e1 firma na briga \u00e9 outro time rubro-negro: o Flamengo .<\/p>\n\n\n\n<p><em>\u2014 N\u00e3o tem jeito trazer pro Athletico n\u00e3o. Se tivesse, j\u00e1 estava l\u00e1. Se n\u00e3o abrirem o olho, n\u00e3o renovarem nos pr\u00f3ximos cinco meses, quem vai levar \u00e9 o outro rubro-negro (Flamengo)<\/em>, declarou Mattos ao comentarista Vitor S\u00e9rgio Rodrigues, da TNT Sports .<\/p>\n\n\n\n<p>No dia 11 de novembro, Leila Pereira deu uma entrevista \u00e0 R\u00e1dio Bandeirantes e garantiu que o Palmeiras iria acertar o novo v\u00ednculo com o camisa 7. Tr\u00eas dias depois, em entrevista coletiva, a dirigente voltou a comentar sobre o assunto .<\/p>\n\n\n\n<p><em>\u2014 O Dudu \u00e9 um \u00eddolo. O Palmeiras tem todo interesse que ele fique, tenho um carinho especial por ele . Sua trajet\u00f3ria come\u00e7ou quando a Crefisa chegou. N\u00e3o tenho d\u00favida que \u00e9 um interesse que ele fique aqui, \u00e9 do interesse do atleta tamb\u00e9m. Se as duas partes t\u00eam interesse, tenho certeza que dar\u00e1 tudo certo. Falta minha assinatura. Verbalmente, est\u00e1 acertado. Quero que ele fique o maior tempo poss\u00edvel aqui no Palmeiras<\/em>, disse.<\/p>\n\n\n\n<p>H\u00e1 alguns dias, a Mancha Verde, principal Torcida Organizada do Palmeiras, fez uma publica\u00e7\u00e3o nas redes sociais criticando atitudes de Leila. Al\u00e9m da venda de Gustavo Scarpa para o Nottingham Forest, da Premier League , e novos investimentos, a torcida organizada tamb\u00e9m questionou a negocia\u00e7\u00e3o pela renova\u00e7\u00e3o de Dudu.<\/p>\n\n\n\n<p>Retirado de: ESPN<\/p>\n","protected":false},"excerpt":{"rendered":"<p>A renova\u00e7\u00e3o de Dudu no Palmeiras segue sendo uma d\u00favida . De um lado, o jogador disse que deixou tudo nas m\u00e3os da diretoria do clube. Do outro, a presidente Leila Pereira vem sendo criticada por n\u00e3o avan\u00e7ar em um novo v\u00ednculo, que se encerra no fim de 2023 . Alexandre Mattos, ex-diretor do clube [&hellip;]<\/p>\n","protected":false},"author":1,"featured_media":21738,"comment_status":"open","ping_status":"closed","sticky":false,"template":"","format":"standard","meta":{"footnotes":""},"categories":[48],"tags":[],"class_list":["post-92300","post","type-post","status-publish","format-standard","has-post-thumbnail","hentry","category-negociacoes"],"yoast_head":"<!-- This site is optimized with the Yoast SEO Premium plugin v24.2 (Yoast SEO v26.9) - https:\/\/yoast.com\/product\/yoast-seo-premium-wordpress\/ -->\n<title>Ex-dirigente do Palmeiras diz que atacante do clube paulista pode parar no Flamengo<\/title>\n<meta name=\"description\" content=\"A diretoria do Flamengo segue trabalhando nos bastidores visando a contrata\u00e7\u00e3o de refor\u00e7os para a pr\u00f3xima temporada.\" \/>\n<meta name=\"robots\" content=\"index, follow, max-snippet:-1, max-image-preview:large, max-video-preview:-1\" \/>\n<link rel=\"canonical\" href=\"https:\/\/www.gaveanews.com\/index.php\/2022\/12\/20\/ex-dirigente-do-palmeiras-diz-que-atacante-do-clube-paulista-pode-parar-no-flamengo\/\" \/>\n<meta property=\"og:locale\" content=\"pt_BR\" \/>\n<meta property=\"og:type\" content=\"article\" \/>\n<meta property=\"og:title\" content=\"Ex-dirigente do Palmeiras diz que atacante do clube paulista pode parar no Flamengo\" \/>\n<meta property=\"og:description\" content=\"A diretoria do Flamengo segue trabalhando nos bastidores visando a contrata\u00e7\u00e3o de refor\u00e7os para a pr\u00f3xima temporada.\" \/>\n<meta property=\"og:url\" content=\"https:\/\/www.gaveanews.com\/index.php\/2022\/12\/20\/ex-dirigente-do-palmeiras-diz-que-atacante-do-clube-paulista-pode-parar-no-flamengo\/\" \/>\n<meta property=\"og:site_name\" content=\"G\u00e1vea News\" \/>\n<meta property=\"article:publisher\" content=\"https:\/\/facebook.com\/gaveaNews\/\" \/>\n<meta property=\"article:published_time\" content=\"2022-12-20T21:58:10+00:00\" \/>\n<meta property=\"article:modified_time\" content=\"2022-12-20T21:58:14+00:00\" \/>\n<meta property=\"og:image\" content=\"https:\/\/www.gaveanews.com\/wp-content\/uploads\/2019\/06\/Arao-e-Dudu-disputam-a-bola-durante-uma-partida-do-Brasileirao.webp\" \/>\n\t<meta property=\"og:image:width\" content=\"1\" \/>\n\t<meta property=\"og:image:height\" content=\"1\" \/>\n\t<meta property=\"og:image:type\" content=\"image\/jpeg\" \/>\n<meta name=\"author\" content=\"Equipe G\u00e1vea News\" \/>\n<meta name=\"twitter:card\" content=\"summary_large_image\" \/>\n<meta name=\"twitter:label1\" content=\"Escrito por\" \/>\n\t<meta name=\"twitter:data1\" content=\"Equipe G\u00e1vea News\" \/>\n\t<meta name=\"twitter:label2\" content=\"Est. tempo de leitura\" \/>\n\t<meta name=\"twitter:data2\" content=\"2 minutos\" \/>\n<script type=\"application\/ld+json\" class=\"yoast-schema-graph\">{\"@context\":\"https:\/\/schema.org\",\"@graph\":[{\"@type\":\"NewsArticle\",\"@id\":\"https:\/\/www.gaveanews.com\/index.php\/2022\/12\/20\/ex-dirigente-do-palmeiras-diz-que-atacante-do-clube-paulista-pode-parar-no-flamengo\/#article\",\"isPartOf\":{\"@id\":\"https:\/\/www.gaveanews.com\/index.php\/2022\/12\/20\/ex-dirigente-do-palmeiras-diz-que-atacante-do-clube-paulista-pode-parar-no-flamengo\/\"},\"author\":{\"name\":\"Equipe G\u00e1vea News\",\"@id\":\"https:\/\/www.gaveanews.com\/#\/schema\/person\/2ec14f73fb96be2caf28f91afb14749d\"},\"headline\":\"Ex-dirigente do Palmeiras diz que atacante do clube paulista pode parar no Flamengo\",\"datePublished\":\"2022-12-20T21:58:10+00:00\",\"dateModified\":\"2022-12-20T21:58:14+00:00\",\"mainEntityOfPage\":{\"@id\":\"https:\/\/www.gaveanews.com\/index.php\/2022\/12\/20\/ex-dirigente-do-palmeiras-diz-que-atacante-do-clube-paulista-pode-parar-no-flamengo\/\"},\"wordCount\":318,\"commentCount\":0,\"image\":{\"@id\":\"https:\/\/www.gaveanews.com\/index.php\/2022\/12\/20\/ex-dirigente-do-palmeiras-diz-que-atacante-do-clube-paulista-pode-parar-no-flamengo\/#primaryimage\"},\"thumbnailUrl\":\"https:\/\/www.gaveanews.com\/wp-content\/uploads\/2019\/06\/Arao-e-Dudu-disputam-a-bola-durante-uma-partida-do-Brasileirao.webp\",\"articleSection\":[\"Negocia\u00e7\u00f5es\"],\"inLanguage\":\"pt-BR\",\"potentialAction\":[{\"@type\":\"CommentAction\",\"name\":\"Comment\",\"target\":[\"https:\/\/www.gaveanews.com\/index.php\/2022\/12\/20\/ex-dirigente-do-palmeiras-diz-que-atacante-do-clube-paulista-pode-parar-no-flamengo\/#respond\"]}],\"copyrightYear\":\"2022\",\"copyrightHolder\":{\"@id\":\"https:\/\/www.gaveanews.com\/#organization\"}},{\"@type\":\"WebPage\",\"@id\":\"https:\/\/www.gaveanews.com\/index.php\/2022\/12\/20\/ex-dirigente-do-palmeiras-diz-que-atacante-do-clube-paulista-pode-parar-no-flamengo\/\",\"url\":\"https:\/\/www.gaveanews.com\/index.php\/2022\/12\/20\/ex-dirigente-do-palmeiras-diz-que-atacante-do-clube-paulista-pode-parar-no-flamengo\/\",\"name\":\"Ex-dirigente do Palmeiras diz que atacante do clube paulista pode parar no Flamengo\",\"isPartOf\":{\"@id\":\"https:\/\/www.gaveanews.com\/#website\"},\"primaryImageOfPage\":{\"@id\":\"https:\/\/www.gaveanews.com\/index.php\/2022\/12\/20\/ex-dirigente-do-palmeiras-diz-que-atacante-do-clube-paulista-pode-parar-no-flamengo\/#primaryimage\"},\"image\":{\"@id\":\"https:\/\/www.gaveanews.com\/index.php\/2022\/12\/20\/ex-dirigente-do-palmeiras-diz-que-atacante-do-clube-paulista-pode-parar-no-flamengo\/#primaryimage\"},\"thumbnailUrl\":\"https:\/\/www.gaveanews.com\/wp-content\/uploads\/2019\/06\/Arao-e-Dudu-disputam-a-bola-durante-uma-partida-do-Brasileirao.webp\",\"datePublished\":\"2022-12-20T21:58:10+00:00\",\"dateModified\":\"2022-12-20T21:58:14+00:00\",\"author\":{\"@id\":\"https:\/\/www.gaveanews.com\/#\/schema\/person\/2ec14f73fb96be2caf28f91afb14749d\"},\"description\":\"A diretoria do Flamengo segue trabalhando nos bastidores visando a contrata\u00e7\u00e3o de refor\u00e7os para a pr\u00f3xima temporada.\",\"breadcrumb\":{\"@id\":\"https:\/\/www.gaveanews.com\/index.php\/2022\/12\/20\/ex-dirigente-do-palmeiras-diz-que-atacante-do-clube-paulista-pode-parar-no-flamengo\/#breadcrumb\"},\"inLanguage\":\"pt-BR\",\"potentialAction\":[{\"@type\":\"ReadAction\",\"target\":[\"https:\/\/www.gaveanews.com\/index.php\/2022\/12\/20\/ex-dirigente-do-palmeiras-diz-que-atacante-do-clube-paulista-pode-parar-no-flamengo\/\"]}]},{\"@type\":\"ImageObject\",\"inLanguage\":\"pt-BR\",\"@id\":\"https:\/\/www.gaveanews.com\/index.php\/2022\/12\/20\/ex-dirigente-do-palmeiras-diz-que-atacante-do-clube-paulista-pode-parar-no-flamengo\/#primaryimage\",\"url\":\"https:\/\/www.gaveanews.com\/wp-content\/uploads\/2019\/06\/Arao-e-Dudu-disputam-a-bola-durante-uma-partida-do-Brasileirao.webp\",\"contentUrl\":\"https:\/\/www.gaveanews.com\/wp-content\/uploads\/2019\/06\/Arao-e-Dudu-disputam-a-bola-durante-uma-partida-do-Brasileirao.webp\",\"caption\":\"Ar\u00e3o e Dudu disputam a bola durante uma partida do Brasileir\u00e3o (Foto: Marcos Ribolli)\"},{\"@type\":\"BreadcrumbList\",\"@id\":\"https:\/\/www.gaveanews.com\/index.php\/2022\/12\/20\/ex-dirigente-do-palmeiras-diz-que-atacante-do-clube-paulista-pode-parar-no-flamengo\/#breadcrumb\",\"itemListElement\":[{\"@type\":\"ListItem\",\"position\":1,\"name\":\"Home\",\"item\":\"https:\/\/www.gaveanews.com\/\"},{\"@type\":\"ListItem\",\"position\":2,\"name\":\"Ex-dirigente do Palmeiras diz que atacante do clube paulista pode parar no Flamengo\"}]},{\"@type\":\"WebSite\",\"@id\":\"https:\/\/www.gaveanews.com\/#website\",\"url\":\"https:\/\/www.gaveanews.com\/\",\"name\":\"G\u00e1vea News\",\"description\":\"Veja todas as not\u00edcias sobre o Flamengo: Contrata\u00e7\u00f5es, categorias de base, resultados das partidas, tabela de classifica\u00e7\u00e3o, pr\u00f3ximos jogos!\",\"potentialAction\":[{\"@type\":\"SearchAction\",\"target\":{\"@type\":\"EntryPoint\",\"urlTemplate\":\"https:\/\/www.gaveanews.com\/?s={search_term_string}\"},\"query-input\":{\"@type\":\"PropertyValueSpecification\",\"valueRequired\":true,\"valueName\":\"search_term_string\"}}],\"inLanguage\":\"pt-BR\"},{\"@type\":\"Person\",\"@id\":\"https:\/\/www.gaveanews.com\/#\/schema\/person\/2ec14f73fb96be2caf28f91afb14749d\",\"name\":\"Equipe G\u00e1vea News\",\"image\":{\"@type\":\"ImageObject\",\"inLanguage\":\"pt-BR\",\"@id\":\"https:\/\/www.gaveanews.com\/#\/schema\/person\/image\/\",\"url\":\"https:\/\/secure.gravatar.com\/avatar\/1e1956f1facbffd3f8fa53a326721950116b3b9dc9bd44939c01180fd4a745a9?s=96&d=mm&r=g\",\"contentUrl\":\"https:\/\/secure.gravatar.com\/avatar\/1e1956f1facbffd3f8fa53a326721950116b3b9dc9bd44939c01180fd4a745a9?s=96&d=mm&r=g\",\"caption\":\"Equipe G\u00e1vea News\"}}]}<\/script>\n<!-- \/ Yoast SEO Premium plugin. -->","yoast_head_json":{"title":"Ex-dirigente do Palmeiras diz que atacante do clube paulista pode parar no Flamengo","description":"A diretoria do Flamengo segue trabalhando nos bastidores visando a contrata\u00e7\u00e3o de refor\u00e7os para a pr\u00f3xima temporada.","robots":{"index":"index","follow":"follow","max-snippet":"max-snippet:-1","max-image-preview":"max-image-preview:large","max-video-preview":"max-video-preview:-1"},"canonical":"https:\/\/www.gaveanews.com\/index.php\/2022\/12\/20\/ex-dirigente-do-palmeiras-diz-que-atacante-do-clube-paulista-pode-parar-no-flamengo\/","og_locale":"pt_BR","og_type":"article","og_title":"Ex-dirigente do Palmeiras diz que atacante do clube paulista pode parar no Flamengo","og_description":"A diretoria do Flamengo segue trabalhando nos bastidores visando a contrata\u00e7\u00e3o de refor\u00e7os para a pr\u00f3xima temporada.","og_url":"https:\/\/www.gaveanews.com\/index.php\/2022\/12\/20\/ex-dirigente-do-palmeiras-diz-que-atacante-do-clube-paulista-pode-parar-no-flamengo\/","og_site_name":"G\u00e1vea News","article_publisher":"https:\/\/facebook.com\/gaveaNews\/","article_published_time":"2022-12-20T21:58:10+00:00","article_modified_time":"2022-12-20T21:58:14+00:00","og_image":[{"url":"https:\/\/www.gaveanews.com\/wp-content\/uploads\/2019\/06\/Arao-e-Dudu-disputam-a-bola-durante-uma-partida-do-Brasileirao.webp","width":1,"height":1,"type":"image\/jpeg"}],"author":"Equipe G\u00e1vea News","twitter_card":"summary_large_image","twitter_misc":{"Escrito por":"Equipe G\u00e1vea News","Est. tempo de leitura":"2 minutos"},"schema":{"@context":"https:\/\/schema.org","@graph":[{"@type":"NewsArticle","@id":"https:\/\/www.gaveanews.com\/index.php\/2022\/12\/20\/ex-dirigente-do-palmeiras-diz-que-atacante-do-clube-paulista-pode-parar-no-flamengo\/#article","isPartOf":{"@id":"https:\/\/www.gaveanews.com\/index.php\/2022\/12\/20\/ex-dirigente-do-palmeiras-diz-que-atacante-do-clube-paulista-pode-parar-no-flamengo\/"},"author":{"name":"Equipe G\u00e1vea News","@id":"https:\/\/www.gaveanews.com\/#\/schema\/person\/2ec14f73fb96be2caf28f91afb14749d"},"headline":"Ex-dirigente do Palmeiras diz que atacante do clube paulista pode parar no Flamengo","datePublished":"2022-12-20T21:58:10+00:00","dateModified":"2022-12-20T21:58:14+00:00","mainEntityOfPage":{"@id":"https:\/\/www.gaveanews.com\/index.php\/2022\/12\/20\/ex-dirigente-do-palmeiras-diz-que-atacante-do-clube-paulista-pode-parar-no-flamengo\/"},"wordCount":318,"commentCount":0,"image":{"@id":"https:\/\/www.gaveanews.com\/index.php\/2022\/12\/20\/ex-dirigente-do-palmeiras-diz-que-atacante-do-clube-paulista-pode-parar-no-flamengo\/#primaryimage"},"thumbnailUrl":"https:\/\/www.gaveanews.com\/wp-content\/uploads\/2019\/06\/Arao-e-Dudu-disputam-a-bola-durante-uma-partida-do-Brasileirao.webp","articleSection":["Negocia\u00e7\u00f5es"],"inLanguage":"pt-BR","potentialAction":[{"@type":"CommentAction","name":"Comment","target":["https:\/\/www.gaveanews.com\/index.php\/2022\/12\/20\/ex-dirigente-do-palmeiras-diz-que-atacante-do-clube-paulista-pode-parar-no-flamengo\/#respond"]}],"copyrightYear":"2022","copyrightHolder":{"@id":"https:\/\/www.gaveanews.com\/#organization"}},{"@type":"WebPage","@id":"https:\/\/www.gaveanews.com\/index.php\/2022\/12\/20\/ex-dirigente-do-palmeiras-diz-que-atacante-do-clube-paulista-pode-parar-no-flamengo\/","url":"https:\/\/www.gaveanews.com\/index.php\/2022\/12\/20\/ex-dirigente-do-palmeiras-diz-que-atacante-do-clube-paulista-pode-parar-no-flamengo\/","name":"Ex-dirigente do Palmeiras diz que atacante do clube paulista pode parar no Flamengo","isPartOf":{"@id":"https:\/\/www.gaveanews.com\/#website"},"primaryImageOfPage":{"@id":"https:\/\/www.gaveanews.com\/index.php\/2022\/12\/20\/ex-dirigente-do-palmeiras-diz-que-atacante-do-clube-paulista-pode-parar-no-flamengo\/#primaryimage"},"image":{"@id":"https:\/\/www.gaveanews.com\/index.php\/2022\/12\/20\/ex-dirigente-do-palmeiras-diz-que-atacante-do-clube-paulista-pode-parar-no-flamengo\/#primaryimage"},"thumbnailUrl":"https:\/\/www.gaveanews.com\/wp-content\/uploads\/2019\/06\/Arao-e-Dudu-disputam-a-bola-durante-uma-partida-do-Brasileirao.webp","datePublished":"2022-12-20T21:58:10+00:00","dateModified":"2022-12-20T21:58:14+00:00","author":{"@id":"https:\/\/www.gaveanews.com\/#\/schema\/person\/2ec14f73fb96be2caf28f91afb14749d"},"description":"A diretoria do Flamengo segue trabalhando nos bastidores visando a contrata\u00e7\u00e3o de refor\u00e7os para a pr\u00f3xima temporada.","breadcrumb":{"@id":"https:\/\/www.gaveanews.com\/index.php\/2022\/12\/20\/ex-dirigente-do-palmeiras-diz-que-atacante-do-clube-paulista-pode-parar-no-flamengo\/#breadcrumb"},"inLanguage":"pt-BR","potentialAction":[{"@type":"ReadAction","target":["https:\/\/www.gaveanews.com\/index.php\/2022\/12\/20\/ex-dirigente-do-palmeiras-diz-que-atacante-do-clube-paulista-pode-parar-no-flamengo\/"]}]},{"@type":"ImageObject","inLanguage":"pt-BR","@id":"https:\/\/www.gaveanews.com\/index.php\/2022\/12\/20\/ex-dirigente-do-palmeiras-diz-que-atacante-do-clube-paulista-pode-parar-no-flamengo\/#primaryimage","url":"https:\/\/www.gaveanews.com\/wp-content\/uploads\/2019\/06\/Arao-e-Dudu-disputam-a-bola-durante-uma-partida-do-Brasileirao.webp","contentUrl":"https:\/\/www.gaveanews.com\/wp-content\/uploads\/2019\/06\/Arao-e-Dudu-disputam-a-bola-durante-uma-partida-do-Brasileirao.webp","caption":"Ar\u00e3o e Dudu disputam a bola durante uma partida do Brasileir\u00e3o (Foto: Marcos Ribolli)"},{"@type":"BreadcrumbList","@id":"https:\/\/www.gaveanews.com\/index.php\/2022\/12\/20\/ex-dirigente-do-palmeiras-diz-que-atacante-do-clube-paulista-pode-parar-no-flamengo\/#breadcrumb","itemListElement":[{"@type":"ListItem","position":1,"name":"Home","item":"https:\/\/www.gaveanews.com\/"},{"@type":"ListItem","position":2,"name":"Ex-dirigente do Palmeiras diz que atacante do clube paulista pode parar no Flamengo"}]},{"@type":"WebSite","@id":"https:\/\/www.gaveanews.com\/#website","url":"https:\/\/www.gaveanews.com\/","name":"G\u00e1vea News","description":"Veja todas as not\u00edcias sobre o Flamengo: Contrata\u00e7\u00f5es, categorias de base, resultados das partidas, tabela de classifica\u00e7\u00e3o, pr\u00f3ximos jogos!","potentialAction":[{"@type":"SearchAction","target":{"@type":"EntryPoint","urlTemplate":"https:\/\/www.gaveanews.com\/?s={search_term_string}"},"query-input":{"@type":"PropertyValueSpecification","valueRequired":true,"valueName":"search_term_string"}}],"inLanguage":"pt-BR"},{"@type":"Person","@id":"https:\/\/www.gaveanews.com\/#\/schema\/person\/2ec14f73fb96be2caf28f91afb14749d","name":"Equipe G\u00e1vea News","image":{"@type":"ImageObject","inLanguage":"pt-BR","@id":"https:\/\/www.gaveanews.com\/#\/schema\/person\/image\/","url":"https:\/\/secure.gravatar.com\/avatar\/1e1956f1facbffd3f8fa53a326721950116b3b9dc9bd44939c01180fd4a745a9?s=96&d=mm&r=g","contentUrl":"https:\/\/secure.gravatar.com\/avatar\/1e1956f1facbffd3f8fa53a326721950116b3b9dc9bd44939c01180fd4a745a9?s=96&d=mm&r=g","caption":"Equipe G\u00e1vea News"}}]}},"_links":{"self":[{"href":"https:\/\/www.gaveanews.com\/index.php\/wp-json\/wp\/v2\/posts\/92300","targetHints":{"allow":["GET"]}}],"collection":[{"href":"https:\/\/www.gaveanews.com\/index.php\/wp-json\/wp\/v2\/posts"}],"about":[{"href":"https:\/\/www.gaveanews.com\/index.php\/wp-json\/wp\/v2\/types\/post"}],"author":[{"embeddable":true,"href":"https:\/\/www.gaveanews.com\/index.php\/wp-json\/wp\/v2\/users\/1"}],"replies":[{"embeddable":true,"href":"https:\/\/www.gaveanews.com\/index.php\/wp-json\/wp\/v2\/comments?post=92300"}],"version-history":[{"count":0,"href":"https:\/\/www.gaveanews.com\/index.php\/wp-json\/wp\/v2\/posts\/92300\/revisions"}],"wp:featuredmedia":[{"embeddable":true,"href":"https:\/\/www.gaveanews.com\/index.php\/wp-json\/wp\/v2\/media\/21738"}],"wp:attachment":[{"href":"https:\/\/www.gaveanews.com\/index.php\/wp-json\/wp\/v2\/media?parent=92300"}],"wp:term":[{"taxonomy":"category","embeddable":true,"href":"https:\/\/www.gaveanews.com\/index.php\/wp-json\/wp\/v2\/categories?post=92300"},{"taxonomy":"post_tag","embeddable":true,"href":"https:\/\/www.gaveanews.com\/index.php\/wp-json\/wp\/v2\/tags?post=92300"}],"curies":[{"name":"wp","href":"https:\/\/api.w.org\/{rel}","templated":true}]}}