{"id":92317,"date":"2022-12-21T13:08:49","date_gmt":"2022-12-21T16:08:49","guid":{"rendered":"https:\/\/www.gaveanews.com\/?p=92317"},"modified":"2022-12-21T13:08:52","modified_gmt":"2022-12-21T16:08:52","slug":"flamengo-de-olho-futuro-de-gerson-pode-ter-reviravolta-no-mercado-entenda","status":"publish","type":"post","link":"https:\/\/www.gaveanews.com\/index.php\/2022\/12\/21\/flamengo-de-olho-futuro-de-gerson-pode-ter-reviravolta-no-mercado-entenda\/","title":{"rendered":"Flamengo de olho: futuro de Gerson pode ter reviravolta no mercado; entenda"},"content":{"rendered":"\n<p>Decidido a ter Gerson em seu elenco da pr\u00f3xima temporada, o Flamengo ainda n\u00e3o desistiu da contrata\u00e7\u00e3o do meia. Apesar das barreiras impostas pelo Olympique, a dire\u00e7\u00e3o rubro-negro tenta uma sa\u00edda para selar o retorno do atleta \u00e0 G\u00e1vea. Contudo, uma mudan\u00e7a no mercado da bola pode frustrar os planos.<\/p>\n\n\n\n<p>Segundo informa\u00e7\u00f5es do portal But! Football Club, da Fran\u00e7a, a sa\u00edda de Isco, do Sevilla, pode facilitar a transfer\u00eancia de Gerson ao time espanhol, j\u00e1 que o mesmo \u00e9 comandado atualmente por Jorge Sampaoli, treinador que pediu a sua contrata\u00e7\u00e3o enquanto esteve esteve trabalhando no Marselha.<\/p>\n\n\n\n<p>A princ\u00edpio, Sampaoli quer novamente contar com Gerson e pode ser fundamental para a ida do meio-campista ao Sevilla. \u201cO grupo de jogadores que temos trabalhado est\u00e1 muito bom, mas n\u00e3o ainda n\u00e3o \u00e9 o ideal\u201c, chegou a dizer o argentino.<\/p>\n\n\n\n<p>De acordo com a publica\u00e7\u00e3o, Gerson est\u00e1 no radar dos espanh\u00f3is, mas o seu desejo real \u00e9 de voltar ao Flamengo. At\u00e9 o momento, o rubro-negro n\u00e3o chegou na proposta que espera receber o Olympique, que \u00e9 de 20 milh\u00f5es de euros. Por essa quantia, por\u00e9m, dificilmente sair\u00e1 neg\u00f3cio.<\/p>\n\n\n\n<h2 class=\"wp-block-heading\" id=\"h-flamengo-recusa-oferta-milionaria\">Flamengo\u00a0recusa oferta milion\u00e1ria<\/h2>\n\n\n\n<p>Apontado como a principal joia da base do Flamengos nos \u00faltimos anos, Matheus Fran\u00e7a, de apenas 18 anos, desperta forte interesse do mercado europeu. Nos \u00faltimos dias, o rubro-negro disse n\u00e3o para uma proposta tentadora do Bayer Leverkusen. A informa\u00e7\u00e3o \u00e9 de Ven\u00ea Casagrande.<\/p>\n\n\n\n<p><em>\u2014 O Flamengo recusou recentemente uma proposta pelo Matheus Fran\u00e7a. O Bayer Leverkusen, que j\u00e1 havia feito uma proposta por ele, apresentou uma nova oferta e o Flamengo recusou cerca de 14 milh\u00f5es de euros (aproximadamente 75 milh\u00f5es de reais). Pelo que soube, representantes do Leverkusen assistiram a jogos em 2022 ao lado do Marcos Braz para acompanhar de perto o jogador. O Flamengo dificilmente far\u00e1 neg\u00f3cio com o clube alem\u00e3o por estes valores<\/em>, diz Ven\u00ea.<\/p>\n\n\n\n<p>H\u00e1 algumas meses, Matheus Fran\u00e7a teve seu nome especulado no Manchester City, al\u00e9m de outros gigantes do cen\u00e1rio internacional.<\/p>\n\n\n\n<p>Recentemente, o Rubro-Negro ampliou o contrato do jogador e fixou uma multa em 100 milh\u00f5es de euros (cerca de R$ 506 milh\u00f5es).<\/p>\n\n\n\n<p>Retirado de: Torcedores<\/p>\n","protected":false},"excerpt":{"rendered":"<p>Decidido a ter Gerson em seu elenco da pr\u00f3xima temporada, o Flamengo ainda n\u00e3o desistiu da contrata\u00e7\u00e3o do meia. Apesar das barreiras impostas pelo Olympique, a dire\u00e7\u00e3o rubro-negro tenta uma sa\u00edda para selar o retorno do atleta \u00e0 G\u00e1vea. Contudo, uma mudan\u00e7a no mercado da bola pode frustrar os planos. Segundo informa\u00e7\u00f5es do portal But! [&hellip;]<\/p>\n","protected":false},"author":1,"featured_media":49624,"comment_status":"open","ping_status":"closed","sticky":false,"template":"","format":"standard","meta":{"footnotes":""},"categories":[48],"tags":[],"class_list":["post-92317","post","type-post","status-publish","format-standard","has-post-thumbnail","hentry","category-negociacoes"],"yoast_head":"<!-- This site is optimized with the Yoast SEO Premium plugin v24.2 (Yoast SEO v26.9) - https:\/\/yoast.com\/product\/yoast-seo-premium-wordpress\/ -->\n<title>Flamengo de olho: futuro de Gerson pode ter reviravolta no mercado; entenda<\/title>\n<meta name=\"robots\" content=\"index, follow, max-snippet:-1, max-image-preview:large, max-video-preview:-1\" \/>\n<link rel=\"canonical\" href=\"https:\/\/www.gaveanews.com\/index.php\/2022\/12\/21\/flamengo-de-olho-futuro-de-gerson-pode-ter-reviravolta-no-mercado-entenda\/\" \/>\n<meta property=\"og:locale\" content=\"pt_BR\" \/>\n<meta property=\"og:type\" content=\"article\" \/>\n<meta property=\"og:title\" content=\"Flamengo de olho: futuro de Gerson pode ter reviravolta no mercado; entenda\" \/>\n<meta property=\"og:description\" content=\"Decidido a ter Gerson em seu elenco da pr\u00f3xima temporada, o Flamengo ainda n\u00e3o desistiu da contrata\u00e7\u00e3o do meia. Apesar das barreiras impostas pelo Olympique, a dire\u00e7\u00e3o rubro-negro tenta uma sa\u00edda para selar o retorno do atleta \u00e0 G\u00e1vea. Contudo, uma mudan\u00e7a no mercado da bola pode frustrar os planos. Segundo informa\u00e7\u00f5es do portal But! [&hellip;]\" \/>\n<meta property=\"og:url\" content=\"https:\/\/www.gaveanews.com\/index.php\/2022\/12\/21\/flamengo-de-olho-futuro-de-gerson-pode-ter-reviravolta-no-mercado-entenda\/\" \/>\n<meta property=\"og:site_name\" content=\"G\u00e1vea News\" \/>\n<meta property=\"article:publisher\" content=\"https:\/\/facebook.com\/gaveaNews\/\" \/>\n<meta property=\"article:published_time\" content=\"2022-12-21T16:08:49+00:00\" \/>\n<meta property=\"article:modified_time\" content=\"2022-12-21T16:08:52+00:00\" \/>\n<meta property=\"og:image\" content=\"https:\/\/www.gaveanews.com\/wp-content\/uploads\/Gerson-em-acao-pelo-Flamengo-no-duelo-contra-o-Junior-Barranquilla.webp\" \/>\n\t<meta property=\"og:image:width\" content=\"799\" \/>\n\t<meta property=\"og:image:height\" content=\"532\" \/>\n\t<meta property=\"og:image:type\" content=\"image\/jpeg\" \/>\n<meta name=\"author\" content=\"Equipe G\u00e1vea News\" \/>\n<meta name=\"twitter:card\" content=\"summary_large_image\" \/>\n<meta name=\"twitter:label1\" content=\"Escrito por\" \/>\n\t<meta name=\"twitter:data1\" content=\"Equipe G\u00e1vea News\" \/>\n\t<meta name=\"twitter:label2\" content=\"Est. tempo de leitura\" \/>\n\t<meta name=\"twitter:data2\" content=\"2 minutos\" \/>\n<script type=\"application\/ld+json\" class=\"yoast-schema-graph\">{\"@context\":\"https:\/\/schema.org\",\"@graph\":[{\"@type\":\"NewsArticle\",\"@id\":\"https:\/\/www.gaveanews.com\/index.php\/2022\/12\/21\/flamengo-de-olho-futuro-de-gerson-pode-ter-reviravolta-no-mercado-entenda\/#article\",\"isPartOf\":{\"@id\":\"https:\/\/www.gaveanews.com\/index.php\/2022\/12\/21\/flamengo-de-olho-futuro-de-gerson-pode-ter-reviravolta-no-mercado-entenda\/\"},\"author\":{\"name\":\"Equipe G\u00e1vea News\",\"@id\":\"https:\/\/www.gaveanews.com\/#\/schema\/person\/2ec14f73fb96be2caf28f91afb14749d\"},\"headline\":\"Flamengo de olho: futuro de Gerson pode ter reviravolta no mercado; entenda\",\"datePublished\":\"2022-12-21T16:08:49+00:00\",\"dateModified\":\"2022-12-21T16:08:52+00:00\",\"mainEntityOfPage\":{\"@id\":\"https:\/\/www.gaveanews.com\/index.php\/2022\/12\/21\/flamengo-de-olho-futuro-de-gerson-pode-ter-reviravolta-no-mercado-entenda\/\"},\"wordCount\":387,\"commentCount\":0,\"image\":{\"@id\":\"https:\/\/www.gaveanews.com\/index.php\/2022\/12\/21\/flamengo-de-olho-futuro-de-gerson-pode-ter-reviravolta-no-mercado-entenda\/#primaryimage\"},\"thumbnailUrl\":\"https:\/\/www.gaveanews.com\/wp-content\/uploads\/Gerson-em-acao-pelo-Flamengo-no-duelo-contra-o-Junior-Barranquilla.webp\",\"articleSection\":[\"Negocia\u00e7\u00f5es\"],\"inLanguage\":\"pt-BR\",\"potentialAction\":[{\"@type\":\"CommentAction\",\"name\":\"Comment\",\"target\":[\"https:\/\/www.gaveanews.com\/index.php\/2022\/12\/21\/flamengo-de-olho-futuro-de-gerson-pode-ter-reviravolta-no-mercado-entenda\/#respond\"]}],\"copyrightYear\":\"2022\",\"copyrightHolder\":{\"@id\":\"https:\/\/www.gaveanews.com\/#organization\"}},{\"@type\":\"WebPage\",\"@id\":\"https:\/\/www.gaveanews.com\/index.php\/2022\/12\/21\/flamengo-de-olho-futuro-de-gerson-pode-ter-reviravolta-no-mercado-entenda\/\",\"url\":\"https:\/\/www.gaveanews.com\/index.php\/2022\/12\/21\/flamengo-de-olho-futuro-de-gerson-pode-ter-reviravolta-no-mercado-entenda\/\",\"name\":\"Flamengo de olho: futuro de Gerson pode ter reviravolta no mercado; entenda\",\"isPartOf\":{\"@id\":\"https:\/\/www.gaveanews.com\/#website\"},\"primaryImageOfPage\":{\"@id\":\"https:\/\/www.gaveanews.com\/index.php\/2022\/12\/21\/flamengo-de-olho-futuro-de-gerson-pode-ter-reviravolta-no-mercado-entenda\/#primaryimage\"},\"image\":{\"@id\":\"https:\/\/www.gaveanews.com\/index.php\/2022\/12\/21\/flamengo-de-olho-futuro-de-gerson-pode-ter-reviravolta-no-mercado-entenda\/#primaryimage\"},\"thumbnailUrl\":\"https:\/\/www.gaveanews.com\/wp-content\/uploads\/Gerson-em-acao-pelo-Flamengo-no-duelo-contra-o-Junior-Barranquilla.webp\",\"datePublished\":\"2022-12-21T16:08:49+00:00\",\"dateModified\":\"2022-12-21T16:08:52+00:00\",\"author\":{\"@id\":\"https:\/\/www.gaveanews.com\/#\/schema\/person\/2ec14f73fb96be2caf28f91afb14749d\"},\"breadcrumb\":{\"@id\":\"https:\/\/www.gaveanews.com\/index.php\/2022\/12\/21\/flamengo-de-olho-futuro-de-gerson-pode-ter-reviravolta-no-mercado-entenda\/#breadcrumb\"},\"inLanguage\":\"pt-BR\",\"potentialAction\":[{\"@type\":\"ReadAction\",\"target\":[\"https:\/\/www.gaveanews.com\/index.php\/2022\/12\/21\/flamengo-de-olho-futuro-de-gerson-pode-ter-reviravolta-no-mercado-entenda\/\"]}]},{\"@type\":\"ImageObject\",\"inLanguage\":\"pt-BR\",\"@id\":\"https:\/\/www.gaveanews.com\/index.php\/2022\/12\/21\/flamengo-de-olho-futuro-de-gerson-pode-ter-reviravolta-no-mercado-entenda\/#primaryimage\",\"url\":\"https:\/\/www.gaveanews.com\/wp-content\/uploads\/Gerson-em-acao-pelo-Flamengo-no-duelo-contra-o-Junior-Barranquilla.webp\",\"contentUrl\":\"https:\/\/www.gaveanews.com\/wp-content\/uploads\/Gerson-em-acao-pelo-Flamengo-no-duelo-contra-o-Junior-Barranquilla.webp\",\"width\":799,\"height\":532,\"caption\":\"Gerson em a\u00e7\u00e3o pelo Flamengo no duelo contra o Junior Barranquilla (Foto: Alexandre Vidal\/Flamengo)\"},{\"@type\":\"BreadcrumbList\",\"@id\":\"https:\/\/www.gaveanews.com\/index.php\/2022\/12\/21\/flamengo-de-olho-futuro-de-gerson-pode-ter-reviravolta-no-mercado-entenda\/#breadcrumb\",\"itemListElement\":[{\"@type\":\"ListItem\",\"position\":1,\"name\":\"Home\",\"item\":\"https:\/\/www.gaveanews.com\/\"},{\"@type\":\"ListItem\",\"position\":2,\"name\":\"Flamengo de olho: futuro de Gerson pode ter reviravolta no mercado; entenda\"}]},{\"@type\":\"WebSite\",\"@id\":\"https:\/\/www.gaveanews.com\/#website\",\"url\":\"https:\/\/www.gaveanews.com\/\",\"name\":\"G\u00e1vea News\",\"description\":\"Veja todas as not\u00edcias sobre o Flamengo: Contrata\u00e7\u00f5es, categorias de base, resultados das partidas, tabela de classifica\u00e7\u00e3o, pr\u00f3ximos jogos!\",\"potentialAction\":[{\"@type\":\"SearchAction\",\"target\":{\"@type\":\"EntryPoint\",\"urlTemplate\":\"https:\/\/www.gaveanews.com\/?s={search_term_string}\"},\"query-input\":{\"@type\":\"PropertyValueSpecification\",\"valueRequired\":true,\"valueName\":\"search_term_string\"}}],\"inLanguage\":\"pt-BR\"},{\"@type\":\"Person\",\"@id\":\"https:\/\/www.gaveanews.com\/#\/schema\/person\/2ec14f73fb96be2caf28f91afb14749d\",\"name\":\"Equipe G\u00e1vea News\",\"image\":{\"@type\":\"ImageObject\",\"inLanguage\":\"pt-BR\",\"@id\":\"https:\/\/www.gaveanews.com\/#\/schema\/person\/image\/\",\"url\":\"https:\/\/secure.gravatar.com\/avatar\/1e1956f1facbffd3f8fa53a326721950116b3b9dc9bd44939c01180fd4a745a9?s=96&d=mm&r=g\",\"contentUrl\":\"https:\/\/secure.gravatar.com\/avatar\/1e1956f1facbffd3f8fa53a326721950116b3b9dc9bd44939c01180fd4a745a9?s=96&d=mm&r=g\",\"caption\":\"Equipe G\u00e1vea News\"}}]}<\/script>\n<!-- \/ Yoast SEO Premium plugin. -->","yoast_head_json":{"title":"Flamengo de olho: futuro de Gerson pode ter reviravolta no mercado; entenda","robots":{"index":"index","follow":"follow","max-snippet":"max-snippet:-1","max-image-preview":"max-image-preview:large","max-video-preview":"max-video-preview:-1"},"canonical":"https:\/\/www.gaveanews.com\/index.php\/2022\/12\/21\/flamengo-de-olho-futuro-de-gerson-pode-ter-reviravolta-no-mercado-entenda\/","og_locale":"pt_BR","og_type":"article","og_title":"Flamengo de olho: futuro de Gerson pode ter reviravolta no mercado; entenda","og_description":"Decidido a ter Gerson em seu elenco da pr\u00f3xima temporada, o Flamengo ainda n\u00e3o desistiu da contrata\u00e7\u00e3o do meia. Apesar das barreiras impostas pelo Olympique, a dire\u00e7\u00e3o rubro-negro tenta uma sa\u00edda para selar o retorno do atleta \u00e0 G\u00e1vea. Contudo, uma mudan\u00e7a no mercado da bola pode frustrar os planos. Segundo informa\u00e7\u00f5es do portal But! [&hellip;]","og_url":"https:\/\/www.gaveanews.com\/index.php\/2022\/12\/21\/flamengo-de-olho-futuro-de-gerson-pode-ter-reviravolta-no-mercado-entenda\/","og_site_name":"G\u00e1vea News","article_publisher":"https:\/\/facebook.com\/gaveaNews\/","article_published_time":"2022-12-21T16:08:49+00:00","article_modified_time":"2022-12-21T16:08:52+00:00","og_image":[{"width":799,"height":532,"url":"https:\/\/www.gaveanews.com\/wp-content\/uploads\/Gerson-em-acao-pelo-Flamengo-no-duelo-contra-o-Junior-Barranquilla.webp","type":"image\/jpeg"}],"author":"Equipe G\u00e1vea News","twitter_card":"summary_large_image","twitter_misc":{"Escrito por":"Equipe G\u00e1vea News","Est. tempo de leitura":"2 minutos"},"schema":{"@context":"https:\/\/schema.org","@graph":[{"@type":"NewsArticle","@id":"https:\/\/www.gaveanews.com\/index.php\/2022\/12\/21\/flamengo-de-olho-futuro-de-gerson-pode-ter-reviravolta-no-mercado-entenda\/#article","isPartOf":{"@id":"https:\/\/www.gaveanews.com\/index.php\/2022\/12\/21\/flamengo-de-olho-futuro-de-gerson-pode-ter-reviravolta-no-mercado-entenda\/"},"author":{"name":"Equipe G\u00e1vea News","@id":"https:\/\/www.gaveanews.com\/#\/schema\/person\/2ec14f73fb96be2caf28f91afb14749d"},"headline":"Flamengo de olho: futuro de Gerson pode ter reviravolta no mercado; entenda","datePublished":"2022-12-21T16:08:49+00:00","dateModified":"2022-12-21T16:08:52+00:00","mainEntityOfPage":{"@id":"https:\/\/www.gaveanews.com\/index.php\/2022\/12\/21\/flamengo-de-olho-futuro-de-gerson-pode-ter-reviravolta-no-mercado-entenda\/"},"wordCount":387,"commentCount":0,"image":{"@id":"https:\/\/www.gaveanews.com\/index.php\/2022\/12\/21\/flamengo-de-olho-futuro-de-gerson-pode-ter-reviravolta-no-mercado-entenda\/#primaryimage"},"thumbnailUrl":"https:\/\/www.gaveanews.com\/wp-content\/uploads\/Gerson-em-acao-pelo-Flamengo-no-duelo-contra-o-Junior-Barranquilla.webp","articleSection":["Negocia\u00e7\u00f5es"],"inLanguage":"pt-BR","potentialAction":[{"@type":"CommentAction","name":"Comment","target":["https:\/\/www.gaveanews.com\/index.php\/2022\/12\/21\/flamengo-de-olho-futuro-de-gerson-pode-ter-reviravolta-no-mercado-entenda\/#respond"]}],"copyrightYear":"2022","copyrightHolder":{"@id":"https:\/\/www.gaveanews.com\/#organization"}},{"@type":"WebPage","@id":"https:\/\/www.gaveanews.com\/index.php\/2022\/12\/21\/flamengo-de-olho-futuro-de-gerson-pode-ter-reviravolta-no-mercado-entenda\/","url":"https:\/\/www.gaveanews.com\/index.php\/2022\/12\/21\/flamengo-de-olho-futuro-de-gerson-pode-ter-reviravolta-no-mercado-entenda\/","name":"Flamengo de olho: futuro de Gerson pode ter reviravolta no mercado; entenda","isPartOf":{"@id":"https:\/\/www.gaveanews.com\/#website"},"primaryImageOfPage":{"@id":"https:\/\/www.gaveanews.com\/index.php\/2022\/12\/21\/flamengo-de-olho-futuro-de-gerson-pode-ter-reviravolta-no-mercado-entenda\/#primaryimage"},"image":{"@id":"https:\/\/www.gaveanews.com\/index.php\/2022\/12\/21\/flamengo-de-olho-futuro-de-gerson-pode-ter-reviravolta-no-mercado-entenda\/#primaryimage"},"thumbnailUrl":"https:\/\/www.gaveanews.com\/wp-content\/uploads\/Gerson-em-acao-pelo-Flamengo-no-duelo-contra-o-Junior-Barranquilla.webp","datePublished":"2022-12-21T16:08:49+00:00","dateModified":"2022-12-21T16:08:52+00:00","author":{"@id":"https:\/\/www.gaveanews.com\/#\/schema\/person\/2ec14f73fb96be2caf28f91afb14749d"},"breadcrumb":{"@id":"https:\/\/www.gaveanews.com\/index.php\/2022\/12\/21\/flamengo-de-olho-futuro-de-gerson-pode-ter-reviravolta-no-mercado-entenda\/#breadcrumb"},"inLanguage":"pt-BR","potentialAction":[{"@type":"ReadAction","target":["https:\/\/www.gaveanews.com\/index.php\/2022\/12\/21\/flamengo-de-olho-futuro-de-gerson-pode-ter-reviravolta-no-mercado-entenda\/"]}]},{"@type":"ImageObject","inLanguage":"pt-BR","@id":"https:\/\/www.gaveanews.com\/index.php\/2022\/12\/21\/flamengo-de-olho-futuro-de-gerson-pode-ter-reviravolta-no-mercado-entenda\/#primaryimage","url":"https:\/\/www.gaveanews.com\/wp-content\/uploads\/Gerson-em-acao-pelo-Flamengo-no-duelo-contra-o-Junior-Barranquilla.webp","contentUrl":"https:\/\/www.gaveanews.com\/wp-content\/uploads\/Gerson-em-acao-pelo-Flamengo-no-duelo-contra-o-Junior-Barranquilla.webp","width":799,"height":532,"caption":"Gerson em a\u00e7\u00e3o pelo Flamengo no duelo contra o Junior Barranquilla (Foto: Alexandre Vidal\/Flamengo)"},{"@type":"BreadcrumbList","@id":"https:\/\/www.gaveanews.com\/index.php\/2022\/12\/21\/flamengo-de-olho-futuro-de-gerson-pode-ter-reviravolta-no-mercado-entenda\/#breadcrumb","itemListElement":[{"@type":"ListItem","position":1,"name":"Home","item":"https:\/\/www.gaveanews.com\/"},{"@type":"ListItem","position":2,"name":"Flamengo de olho: futuro de Gerson pode ter reviravolta no mercado; entenda"}]},{"@type":"WebSite","@id":"https:\/\/www.gaveanews.com\/#website","url":"https:\/\/www.gaveanews.com\/","name":"G\u00e1vea News","description":"Veja todas as not\u00edcias sobre o Flamengo: Contrata\u00e7\u00f5es, categorias de base, resultados das partidas, tabela de classifica\u00e7\u00e3o, pr\u00f3ximos jogos!","potentialAction":[{"@type":"SearchAction","target":{"@type":"EntryPoint","urlTemplate":"https:\/\/www.gaveanews.com\/?s={search_term_string}"},"query-input":{"@type":"PropertyValueSpecification","valueRequired":true,"valueName":"search_term_string"}}],"inLanguage":"pt-BR"},{"@type":"Person","@id":"https:\/\/www.gaveanews.com\/#\/schema\/person\/2ec14f73fb96be2caf28f91afb14749d","name":"Equipe G\u00e1vea News","image":{"@type":"ImageObject","inLanguage":"pt-BR","@id":"https:\/\/www.gaveanews.com\/#\/schema\/person\/image\/","url":"https:\/\/secure.gravatar.com\/avatar\/1e1956f1facbffd3f8fa53a326721950116b3b9dc9bd44939c01180fd4a745a9?s=96&d=mm&r=g","contentUrl":"https:\/\/secure.gravatar.com\/avatar\/1e1956f1facbffd3f8fa53a326721950116b3b9dc9bd44939c01180fd4a745a9?s=96&d=mm&r=g","caption":"Equipe G\u00e1vea News"}}]}},"_links":{"self":[{"href":"https:\/\/www.gaveanews.com\/index.php\/wp-json\/wp\/v2\/posts\/92317","targetHints":{"allow":["GET"]}}],"collection":[{"href":"https:\/\/www.gaveanews.com\/index.php\/wp-json\/wp\/v2\/posts"}],"about":[{"href":"https:\/\/www.gaveanews.com\/index.php\/wp-json\/wp\/v2\/types\/post"}],"author":[{"embeddable":true,"href":"https:\/\/www.gaveanews.com\/index.php\/wp-json\/wp\/v2\/users\/1"}],"replies":[{"embeddable":true,"href":"https:\/\/www.gaveanews.com\/index.php\/wp-json\/wp\/v2\/comments?post=92317"}],"version-history":[{"count":0,"href":"https:\/\/www.gaveanews.com\/index.php\/wp-json\/wp\/v2\/posts\/92317\/revisions"}],"wp:featuredmedia":[{"embeddable":true,"href":"https:\/\/www.gaveanews.com\/index.php\/wp-json\/wp\/v2\/media\/49624"}],"wp:attachment":[{"href":"https:\/\/www.gaveanews.com\/index.php\/wp-json\/wp\/v2\/media?parent=92317"}],"wp:term":[{"taxonomy":"category","embeddable":true,"href":"https:\/\/www.gaveanews.com\/index.php\/wp-json\/wp\/v2\/categories?post=92317"},{"taxonomy":"post_tag","embeddable":true,"href":"https:\/\/www.gaveanews.com\/index.php\/wp-json\/wp\/v2\/tags?post=92317"}],"curies":[{"name":"wp","href":"https:\/\/api.w.org\/{rel}","templated":true}]}}