{"id":92326,"date":"2022-12-21T16:07:27","date_gmt":"2022-12-21T19:07:27","guid":{"rendered":"https:\/\/www.gaveanews.com\/?p=92326"},"modified":"2022-12-21T17:43:41","modified_gmt":"2022-12-21T20:43:41","slug":"ventilado-no-flamengo-ex-jogador-do-real-madrid-fica-livre-no-mercado-da-bola","status":"publish","type":"post","link":"https:\/\/www.gaveanews.com\/index.php\/2022\/12\/21\/ventilado-no-flamengo-ex-jogador-do-real-madrid-fica-livre-no-mercado-da-bola\/","title":{"rendered":"Ventilado no Flamengo, ex-jogador do Real Madrid fica livre no mercado da bola"},"content":{"rendered":"\n<p>O Flamengo busca refor\u00e7os de peso para a disputa de Mundial de Clubes e um antigo alvo pode retornar ao radar. Afinal, o Sevilla oficializou a rescis\u00e3o de o contrato de Isco, ex-jogador do Real Madrid.<\/p>\n\n\n\n<p>Em janeiro de 2022, quando ainda buscava uma equipe, o espanhol teria sido oferecido ao Flamengo. A informa\u00e7\u00e3o foi divulgada pelo canal \u2018Mauro Sant Anna\u2019, do YouTube. Na ocasi\u00e3o, o alto valor do investimento necess\u00e1rio fez com que o Rubro-Negro n\u00e3o tentasse a contrata\u00e7\u00e3o.<\/p>\n\n\n\n<p>Al\u00e9m disso, outro fator que pode dificultar uma nova investida do Flamengo s\u00e3o os interessados. Isco sai em alta no Sevilla e deve se juntar ao Wolverhampton, da Inglaterra. O novo treinador da equipe, Julen Lopetegui, trabalhou com o jogador na Espanha e quer t\u00ea-lo no elenco.<\/p>\n\n\n\n<p>O nome de alguns meias de peso tem sido especulado recentemente no Flamengo, como Claudinho e Philippe Coutinho, mas o de Isco tudo indica que n\u00e3o ter\u00e1 a mesma for\u00e7a que em janeiro de 2022, j\u00e1 que o espanhol n\u00e3o deve ficar muito tempo livre no mercado.<\/p>\n\n\n<div class=\"wp-block-image\">\n<figure class=\"aligncenter size-large\"><img decoding=\"async\" src=\"https:\/\/mercadodofutebol.com\/wp-content\/uploads\/2022\/12\/isco-2223-1.webp\" alt=\"\"\/><\/figure>\n<\/div>\n\n\n<p>Retirado de: Mercado do Futebol<\/p>\n","protected":false},"excerpt":{"rendered":"<p>O Flamengo busca refor\u00e7os de peso para a disputa de Mundial de Clubes e um antigo alvo pode retornar ao radar. Afinal, o Sevilla oficializou a rescis\u00e3o de o contrato de Isco, ex-jogador do Real Madrid. Em janeiro de 2022, quando ainda buscava uma equipe, o espanhol teria sido oferecido ao Flamengo. A informa\u00e7\u00e3o foi [&hellip;]<\/p>\n","protected":false},"author":1,"featured_media":46957,"comment_status":"open","ping_status":"closed","sticky":false,"template":"","format":"standard","meta":{"footnotes":""},"categories":[1],"tags":[],"class_list":["post-92326","post","type-post","status-publish","format-standard","has-post-thumbnail","hentry","category-flamengo"],"yoast_head":"<!-- This site is optimized with the Yoast SEO Premium plugin v24.2 (Yoast SEO v26.9) - https:\/\/yoast.com\/product\/yoast-seo-premium-wordpress\/ -->\n<title>Ventilado no Flamengo, ex-Real Madrid fica livre no mercado<\/title>\n<meta name=\"description\" content=\"Agora vai? De acordo com informa\u00e7\u00f5es do jornal \u2018Marca\u2018, o ex-meia do Real Madrid tem um acordo para rescindir o seu atual contrato.\" \/>\n<meta name=\"robots\" content=\"index, follow, max-snippet:-1, max-image-preview:large, max-video-preview:-1\" \/>\n<link rel=\"canonical\" href=\"https:\/\/www.gaveanews.com\/index.php\/2022\/12\/21\/ventilado-no-flamengo-ex-jogador-do-real-madrid-fica-livre-no-mercado-da-bola\/\" \/>\n<meta property=\"og:locale\" content=\"pt_BR\" \/>\n<meta property=\"og:type\" content=\"article\" \/>\n<meta property=\"og:title\" content=\"Ventilado no Flamengo, ex-jogador do Real Madrid fica livre no mercado da bola\" \/>\n<meta property=\"og:description\" content=\"Agora vai? De acordo com informa\u00e7\u00f5es do jornal \u2018Marca\u2018, o ex-meia do Real Madrid tem um acordo para rescindir o seu atual contrato.\" \/>\n<meta property=\"og:url\" content=\"https:\/\/www.gaveanews.com\/index.php\/2022\/12\/21\/ventilado-no-flamengo-ex-jogador-do-real-madrid-fica-livre-no-mercado-da-bola\/\" \/>\n<meta property=\"og:site_name\" content=\"G\u00e1vea News\" \/>\n<meta property=\"article:publisher\" content=\"https:\/\/facebook.com\/gaveaNews\/\" \/>\n<meta property=\"article:published_time\" content=\"2022-12-21T19:07:27+00:00\" \/>\n<meta property=\"article:modified_time\" content=\"2022-12-21T20:43:41+00:00\" \/>\n<meta property=\"og:image\" content=\"https:\/\/www.gaveanews.com\/wp-content\/uploads\/Marcos-Braz-no-gramado-do-Maracana.webp\" \/>\n\t<meta property=\"og:image:width\" content=\"799\" \/>\n\t<meta property=\"og:image:height\" content=\"532\" \/>\n\t<meta property=\"og:image:type\" content=\"image\/jpeg\" \/>\n<meta name=\"author\" content=\"Equipe G\u00e1vea News\" \/>\n<meta name=\"twitter:card\" content=\"summary_large_image\" \/>\n<meta name=\"twitter:label1\" content=\"Escrito por\" \/>\n\t<meta name=\"twitter:data1\" content=\"Equipe G\u00e1vea News\" \/>\n\t<meta name=\"twitter:label2\" content=\"Est. tempo de leitura\" \/>\n\t<meta name=\"twitter:data2\" content=\"2 minutos\" \/>\n<script type=\"application\/ld+json\" class=\"yoast-schema-graph\">{\"@context\":\"https:\/\/schema.org\",\"@graph\":[{\"@type\":\"NewsArticle\",\"@id\":\"https:\/\/www.gaveanews.com\/index.php\/2022\/12\/21\/ventilado-no-flamengo-ex-jogador-do-real-madrid-fica-livre-no-mercado-da-bola\/#article\",\"isPartOf\":{\"@id\":\"https:\/\/www.gaveanews.com\/index.php\/2022\/12\/21\/ventilado-no-flamengo-ex-jogador-do-real-madrid-fica-livre-no-mercado-da-bola\/\"},\"author\":{\"name\":\"Equipe G\u00e1vea News\",\"@id\":\"https:\/\/www.gaveanews.com\/#\/schema\/person\/2ec14f73fb96be2caf28f91afb14749d\"},\"headline\":\"Ventilado no Flamengo, ex-jogador do Real Madrid fica livre no mercado da bola\",\"datePublished\":\"2022-12-21T19:07:27+00:00\",\"dateModified\":\"2022-12-21T20:43:41+00:00\",\"mainEntityOfPage\":{\"@id\":\"https:\/\/www.gaveanews.com\/index.php\/2022\/12\/21\/ventilado-no-flamengo-ex-jogador-do-real-madrid-fica-livre-no-mercado-da-bola\/\"},\"wordCount\":203,\"commentCount\":0,\"image\":{\"@id\":\"https:\/\/www.gaveanews.com\/index.php\/2022\/12\/21\/ventilado-no-flamengo-ex-jogador-do-real-madrid-fica-livre-no-mercado-da-bola\/#primaryimage\"},\"thumbnailUrl\":\"https:\/\/www.gaveanews.com\/wp-content\/uploads\/Marcos-Braz-no-gramado-do-Maracana.webp\",\"articleSection\":[\"Flamengo\"],\"inLanguage\":\"pt-BR\",\"potentialAction\":[{\"@type\":\"CommentAction\",\"name\":\"Comment\",\"target\":[\"https:\/\/www.gaveanews.com\/index.php\/2022\/12\/21\/ventilado-no-flamengo-ex-jogador-do-real-madrid-fica-livre-no-mercado-da-bola\/#respond\"]}],\"copyrightYear\":\"2022\",\"copyrightHolder\":{\"@id\":\"https:\/\/www.gaveanews.com\/#organization\"}},{\"@type\":\"WebPage\",\"@id\":\"https:\/\/www.gaveanews.com\/index.php\/2022\/12\/21\/ventilado-no-flamengo-ex-jogador-do-real-madrid-fica-livre-no-mercado-da-bola\/\",\"url\":\"https:\/\/www.gaveanews.com\/index.php\/2022\/12\/21\/ventilado-no-flamengo-ex-jogador-do-real-madrid-fica-livre-no-mercado-da-bola\/\",\"name\":\"Ventilado no Flamengo, ex-Real Madrid fica livre no mercado\",\"isPartOf\":{\"@id\":\"https:\/\/www.gaveanews.com\/#website\"},\"primaryImageOfPage\":{\"@id\":\"https:\/\/www.gaveanews.com\/index.php\/2022\/12\/21\/ventilado-no-flamengo-ex-jogador-do-real-madrid-fica-livre-no-mercado-da-bola\/#primaryimage\"},\"image\":{\"@id\":\"https:\/\/www.gaveanews.com\/index.php\/2022\/12\/21\/ventilado-no-flamengo-ex-jogador-do-real-madrid-fica-livre-no-mercado-da-bola\/#primaryimage\"},\"thumbnailUrl\":\"https:\/\/www.gaveanews.com\/wp-content\/uploads\/Marcos-Braz-no-gramado-do-Maracana.webp\",\"datePublished\":\"2022-12-21T19:07:27+00:00\",\"dateModified\":\"2022-12-21T20:43:41+00:00\",\"author\":{\"@id\":\"https:\/\/www.gaveanews.com\/#\/schema\/person\/2ec14f73fb96be2caf28f91afb14749d\"},\"description\":\"Agora vai? De acordo com informa\u00e7\u00f5es do jornal \u2018Marca\u2018, o ex-meia do Real Madrid tem um acordo para rescindir o seu atual contrato.\",\"breadcrumb\":{\"@id\":\"https:\/\/www.gaveanews.com\/index.php\/2022\/12\/21\/ventilado-no-flamengo-ex-jogador-do-real-madrid-fica-livre-no-mercado-da-bola\/#breadcrumb\"},\"inLanguage\":\"pt-BR\",\"potentialAction\":[{\"@type\":\"ReadAction\",\"target\":[\"https:\/\/www.gaveanews.com\/index.php\/2022\/12\/21\/ventilado-no-flamengo-ex-jogador-do-real-madrid-fica-livre-no-mercado-da-bola\/\"]}]},{\"@type\":\"ImageObject\",\"inLanguage\":\"pt-BR\",\"@id\":\"https:\/\/www.gaveanews.com\/index.php\/2022\/12\/21\/ventilado-no-flamengo-ex-jogador-do-real-madrid-fica-livre-no-mercado-da-bola\/#primaryimage\",\"url\":\"https:\/\/www.gaveanews.com\/wp-content\/uploads\/Marcos-Braz-no-gramado-do-Maracana.webp\",\"contentUrl\":\"https:\/\/www.gaveanews.com\/wp-content\/uploads\/Marcos-Braz-no-gramado-do-Maracana.webp\",\"width\":799,\"height\":532,\"caption\":\"Marcos Braz no gramado do Maracan\u00e3 (Foto: Alexandre Vidal\/Flamengo)\"},{\"@type\":\"BreadcrumbList\",\"@id\":\"https:\/\/www.gaveanews.com\/index.php\/2022\/12\/21\/ventilado-no-flamengo-ex-jogador-do-real-madrid-fica-livre-no-mercado-da-bola\/#breadcrumb\",\"itemListElement\":[{\"@type\":\"ListItem\",\"position\":1,\"name\":\"Home\",\"item\":\"https:\/\/www.gaveanews.com\/\"},{\"@type\":\"ListItem\",\"position\":2,\"name\":\"Ventilado no Flamengo, ex-jogador do Real Madrid fica livre no mercado da bola\"}]},{\"@type\":\"WebSite\",\"@id\":\"https:\/\/www.gaveanews.com\/#website\",\"url\":\"https:\/\/www.gaveanews.com\/\",\"name\":\"G\u00e1vea News\",\"description\":\"Veja todas as not\u00edcias sobre o Flamengo: Contrata\u00e7\u00f5es, categorias de base, resultados das partidas, tabela de classifica\u00e7\u00e3o, pr\u00f3ximos jogos!\",\"potentialAction\":[{\"@type\":\"SearchAction\",\"target\":{\"@type\":\"EntryPoint\",\"urlTemplate\":\"https:\/\/www.gaveanews.com\/?s={search_term_string}\"},\"query-input\":{\"@type\":\"PropertyValueSpecification\",\"valueRequired\":true,\"valueName\":\"search_term_string\"}}],\"inLanguage\":\"pt-BR\"},{\"@type\":\"Person\",\"@id\":\"https:\/\/www.gaveanews.com\/#\/schema\/person\/2ec14f73fb96be2caf28f91afb14749d\",\"name\":\"Equipe G\u00e1vea News\",\"image\":{\"@type\":\"ImageObject\",\"inLanguage\":\"pt-BR\",\"@id\":\"https:\/\/www.gaveanews.com\/#\/schema\/person\/image\/\",\"url\":\"https:\/\/secure.gravatar.com\/avatar\/1e1956f1facbffd3f8fa53a326721950116b3b9dc9bd44939c01180fd4a745a9?s=96&d=mm&r=g\",\"contentUrl\":\"https:\/\/secure.gravatar.com\/avatar\/1e1956f1facbffd3f8fa53a326721950116b3b9dc9bd44939c01180fd4a745a9?s=96&d=mm&r=g\",\"caption\":\"Equipe G\u00e1vea News\"}}]}<\/script>\n<!-- \/ Yoast SEO Premium plugin. -->","yoast_head_json":{"title":"Ventilado no Flamengo, ex-Real Madrid fica livre no mercado","description":"Agora vai? De acordo com informa\u00e7\u00f5es do jornal \u2018Marca\u2018, o ex-meia do Real Madrid tem um acordo para rescindir o seu atual contrato.","robots":{"index":"index","follow":"follow","max-snippet":"max-snippet:-1","max-image-preview":"max-image-preview:large","max-video-preview":"max-video-preview:-1"},"canonical":"https:\/\/www.gaveanews.com\/index.php\/2022\/12\/21\/ventilado-no-flamengo-ex-jogador-do-real-madrid-fica-livre-no-mercado-da-bola\/","og_locale":"pt_BR","og_type":"article","og_title":"Ventilado no Flamengo, ex-jogador do Real Madrid fica livre no mercado da bola","og_description":"Agora vai? De acordo com informa\u00e7\u00f5es do jornal \u2018Marca\u2018, o ex-meia do Real Madrid tem um acordo para rescindir o seu atual contrato.","og_url":"https:\/\/www.gaveanews.com\/index.php\/2022\/12\/21\/ventilado-no-flamengo-ex-jogador-do-real-madrid-fica-livre-no-mercado-da-bola\/","og_site_name":"G\u00e1vea News","article_publisher":"https:\/\/facebook.com\/gaveaNews\/","article_published_time":"2022-12-21T19:07:27+00:00","article_modified_time":"2022-12-21T20:43:41+00:00","og_image":[{"width":799,"height":532,"url":"https:\/\/www.gaveanews.com\/wp-content\/uploads\/Marcos-Braz-no-gramado-do-Maracana.webp","type":"image\/jpeg"}],"author":"Equipe G\u00e1vea News","twitter_card":"summary_large_image","twitter_misc":{"Escrito por":"Equipe G\u00e1vea News","Est. tempo de leitura":"2 minutos"},"schema":{"@context":"https:\/\/schema.org","@graph":[{"@type":"NewsArticle","@id":"https:\/\/www.gaveanews.com\/index.php\/2022\/12\/21\/ventilado-no-flamengo-ex-jogador-do-real-madrid-fica-livre-no-mercado-da-bola\/#article","isPartOf":{"@id":"https:\/\/www.gaveanews.com\/index.php\/2022\/12\/21\/ventilado-no-flamengo-ex-jogador-do-real-madrid-fica-livre-no-mercado-da-bola\/"},"author":{"name":"Equipe G\u00e1vea News","@id":"https:\/\/www.gaveanews.com\/#\/schema\/person\/2ec14f73fb96be2caf28f91afb14749d"},"headline":"Ventilado no Flamengo, ex-jogador do Real Madrid fica livre no mercado da bola","datePublished":"2022-12-21T19:07:27+00:00","dateModified":"2022-12-21T20:43:41+00:00","mainEntityOfPage":{"@id":"https:\/\/www.gaveanews.com\/index.php\/2022\/12\/21\/ventilado-no-flamengo-ex-jogador-do-real-madrid-fica-livre-no-mercado-da-bola\/"},"wordCount":203,"commentCount":0,"image":{"@id":"https:\/\/www.gaveanews.com\/index.php\/2022\/12\/21\/ventilado-no-flamengo-ex-jogador-do-real-madrid-fica-livre-no-mercado-da-bola\/#primaryimage"},"thumbnailUrl":"https:\/\/www.gaveanews.com\/wp-content\/uploads\/Marcos-Braz-no-gramado-do-Maracana.webp","articleSection":["Flamengo"],"inLanguage":"pt-BR","potentialAction":[{"@type":"CommentAction","name":"Comment","target":["https:\/\/www.gaveanews.com\/index.php\/2022\/12\/21\/ventilado-no-flamengo-ex-jogador-do-real-madrid-fica-livre-no-mercado-da-bola\/#respond"]}],"copyrightYear":"2022","copyrightHolder":{"@id":"https:\/\/www.gaveanews.com\/#organization"}},{"@type":"WebPage","@id":"https:\/\/www.gaveanews.com\/index.php\/2022\/12\/21\/ventilado-no-flamengo-ex-jogador-do-real-madrid-fica-livre-no-mercado-da-bola\/","url":"https:\/\/www.gaveanews.com\/index.php\/2022\/12\/21\/ventilado-no-flamengo-ex-jogador-do-real-madrid-fica-livre-no-mercado-da-bola\/","name":"Ventilado no Flamengo, ex-Real Madrid fica livre no mercado","isPartOf":{"@id":"https:\/\/www.gaveanews.com\/#website"},"primaryImageOfPage":{"@id":"https:\/\/www.gaveanews.com\/index.php\/2022\/12\/21\/ventilado-no-flamengo-ex-jogador-do-real-madrid-fica-livre-no-mercado-da-bola\/#primaryimage"},"image":{"@id":"https:\/\/www.gaveanews.com\/index.php\/2022\/12\/21\/ventilado-no-flamengo-ex-jogador-do-real-madrid-fica-livre-no-mercado-da-bola\/#primaryimage"},"thumbnailUrl":"https:\/\/www.gaveanews.com\/wp-content\/uploads\/Marcos-Braz-no-gramado-do-Maracana.webp","datePublished":"2022-12-21T19:07:27+00:00","dateModified":"2022-12-21T20:43:41+00:00","author":{"@id":"https:\/\/www.gaveanews.com\/#\/schema\/person\/2ec14f73fb96be2caf28f91afb14749d"},"description":"Agora vai? De acordo com informa\u00e7\u00f5es do jornal \u2018Marca\u2018, o ex-meia do Real Madrid tem um acordo para rescindir o seu atual contrato.","breadcrumb":{"@id":"https:\/\/www.gaveanews.com\/index.php\/2022\/12\/21\/ventilado-no-flamengo-ex-jogador-do-real-madrid-fica-livre-no-mercado-da-bola\/#breadcrumb"},"inLanguage":"pt-BR","potentialAction":[{"@type":"ReadAction","target":["https:\/\/www.gaveanews.com\/index.php\/2022\/12\/21\/ventilado-no-flamengo-ex-jogador-do-real-madrid-fica-livre-no-mercado-da-bola\/"]}]},{"@type":"ImageObject","inLanguage":"pt-BR","@id":"https:\/\/www.gaveanews.com\/index.php\/2022\/12\/21\/ventilado-no-flamengo-ex-jogador-do-real-madrid-fica-livre-no-mercado-da-bola\/#primaryimage","url":"https:\/\/www.gaveanews.com\/wp-content\/uploads\/Marcos-Braz-no-gramado-do-Maracana.webp","contentUrl":"https:\/\/www.gaveanews.com\/wp-content\/uploads\/Marcos-Braz-no-gramado-do-Maracana.webp","width":799,"height":532,"caption":"Marcos Braz no gramado do Maracan\u00e3 (Foto: Alexandre Vidal\/Flamengo)"},{"@type":"BreadcrumbList","@id":"https:\/\/www.gaveanews.com\/index.php\/2022\/12\/21\/ventilado-no-flamengo-ex-jogador-do-real-madrid-fica-livre-no-mercado-da-bola\/#breadcrumb","itemListElement":[{"@type":"ListItem","position":1,"name":"Home","item":"https:\/\/www.gaveanews.com\/"},{"@type":"ListItem","position":2,"name":"Ventilado no Flamengo, ex-jogador do Real Madrid fica livre no mercado da bola"}]},{"@type":"WebSite","@id":"https:\/\/www.gaveanews.com\/#website","url":"https:\/\/www.gaveanews.com\/","name":"G\u00e1vea News","description":"Veja todas as not\u00edcias sobre o Flamengo: Contrata\u00e7\u00f5es, categorias de base, resultados das partidas, tabela de classifica\u00e7\u00e3o, pr\u00f3ximos jogos!","potentialAction":[{"@type":"SearchAction","target":{"@type":"EntryPoint","urlTemplate":"https:\/\/www.gaveanews.com\/?s={search_term_string}"},"query-input":{"@type":"PropertyValueSpecification","valueRequired":true,"valueName":"search_term_string"}}],"inLanguage":"pt-BR"},{"@type":"Person","@id":"https:\/\/www.gaveanews.com\/#\/schema\/person\/2ec14f73fb96be2caf28f91afb14749d","name":"Equipe G\u00e1vea News","image":{"@type":"ImageObject","inLanguage":"pt-BR","@id":"https:\/\/www.gaveanews.com\/#\/schema\/person\/image\/","url":"https:\/\/secure.gravatar.com\/avatar\/1e1956f1facbffd3f8fa53a326721950116b3b9dc9bd44939c01180fd4a745a9?s=96&d=mm&r=g","contentUrl":"https:\/\/secure.gravatar.com\/avatar\/1e1956f1facbffd3f8fa53a326721950116b3b9dc9bd44939c01180fd4a745a9?s=96&d=mm&r=g","caption":"Equipe G\u00e1vea News"}}]}},"_links":{"self":[{"href":"https:\/\/www.gaveanews.com\/index.php\/wp-json\/wp\/v2\/posts\/92326","targetHints":{"allow":["GET"]}}],"collection":[{"href":"https:\/\/www.gaveanews.com\/index.php\/wp-json\/wp\/v2\/posts"}],"about":[{"href":"https:\/\/www.gaveanews.com\/index.php\/wp-json\/wp\/v2\/types\/post"}],"author":[{"embeddable":true,"href":"https:\/\/www.gaveanews.com\/index.php\/wp-json\/wp\/v2\/users\/1"}],"replies":[{"embeddable":true,"href":"https:\/\/www.gaveanews.com\/index.php\/wp-json\/wp\/v2\/comments?post=92326"}],"version-history":[{"count":0,"href":"https:\/\/www.gaveanews.com\/index.php\/wp-json\/wp\/v2\/posts\/92326\/revisions"}],"wp:featuredmedia":[{"embeddable":true,"href":"https:\/\/www.gaveanews.com\/index.php\/wp-json\/wp\/v2\/media\/46957"}],"wp:attachment":[{"href":"https:\/\/www.gaveanews.com\/index.php\/wp-json\/wp\/v2\/media?parent=92326"}],"wp:term":[{"taxonomy":"category","embeddable":true,"href":"https:\/\/www.gaveanews.com\/index.php\/wp-json\/wp\/v2\/categories?post=92326"},{"taxonomy":"post_tag","embeddable":true,"href":"https:\/\/www.gaveanews.com\/index.php\/wp-json\/wp\/v2\/tags?post=92326"}],"curies":[{"name":"wp","href":"https:\/\/api.w.org\/{rel}","templated":true}]}}