{"id":92332,"date":"2022-12-21T17:44:29","date_gmt":"2022-12-21T20:44:29","guid":{"rendered":"https:\/\/www.gaveanews.com\/?p=92332"},"modified":"2022-12-21T17:44:31","modified_gmt":"2022-12-21T20:44:31","slug":"torcida-do-flamengo-faz-campanha-por-meia-espanhol","status":"publish","type":"post","link":"https:\/\/www.gaveanews.com\/index.php\/2022\/12\/21\/torcida-do-flamengo-faz-campanha-por-meia-espanhol\/","title":{"rendered":"Torcida do Flamengo faz campanha por meia espanhol"},"content":{"rendered":"\n<p>A janela de transfer\u00eancia segue a todo vapor no Brasil, com contrata\u00e7\u00f5es sendo anunciadas e despedidas nas principais equipes. No Flamengo, as coisas ainda caminham a passos lentos, mas podem ganhar reviravoltas em breve, com a reapresenta\u00e7\u00e3o do grupo. E, se depender do torcedor, pode ter craque pintando na G\u00e1vea.<\/p>\n\n\n\n<p>O mais novo pedido das arquibancadas rubro-negras, pelo menos na internet, \u00e9 pelo meia Isco, que teve a sua rescis\u00e3o contratual anunciada hoje pelo Sevilla. O astro e \u00eddolo do Real Madrid estava no clube desde agosto, entretanto, a sua passagem se encerrou com apenas 19 jogos conclu\u00eddos e um gol marcado.<\/p>\n\n\n\n<p>Bastou a not\u00edcia chegar por aqui que os adeptos do Flamengo n\u00e3o perderam tempo e come\u00e7aram a bombardear o vice-presidente do clube, Marcos Braz, com mensagens criativas. Pelas m\u00eddias sociais, teve at\u00e9 quem disse que o espanhol chegaria como uma \u00f3tima op\u00e7\u00e3o para suprir as eventuais aus\u00eancias de Everton Ribeiro e Arrascaeta.<\/p>\n\n\n\n<p>\u201cSeja bem-vindo, craque!\u201d, comentou um torcedor otimista com a possibilidade da chegada de Isco ao Brasil. Outro foi al\u00e9m e cobrou agilidade do cartola rubro-negro e bra\u00e7o direito de Landim: \u201cApresenta um projetinho, Braz\u201d. Todavia, n\u00e3o h\u00e1 qualquer tipo de aproxima\u00e7\u00e3o entre o meia e o gigante carioca at\u00e9 agora.<\/p>\n\n\n\n<p>O craque fez hist\u00f3ria com a camisa do Real Madrid ao disputar 353 partidas com a camisa merengue e participar de 109 gols de 2013 a 2022. Neste per\u00edodo, ergueu cinco ta\u00e7as da Champions League e tr\u00eas da La Liga, entre outras. Mas, diferente de 2018, n\u00e3o conseguiu ser convocado pela Espanha para a disputa da Copa do Mundo deste ano.<\/p>\n\n\n\n<p>Retirado de: Torcedores<\/p>\n","protected":false},"excerpt":{"rendered":"<p>A janela de transfer\u00eancia segue a todo vapor no Brasil, com contrata\u00e7\u00f5es sendo anunciadas e despedidas nas principais equipes. No Flamengo, as coisas ainda caminham a passos lentos, mas podem ganhar reviravoltas em breve, com a reapresenta\u00e7\u00e3o do grupo. E, se depender do torcedor, pode ter craque pintando na G\u00e1vea. O mais novo pedido das [&hellip;]<\/p>\n","protected":false},"author":1,"featured_media":66783,"comment_status":"open","ping_status":"closed","sticky":false,"template":"","format":"standard","meta":{"footnotes":""},"categories":[1],"tags":[],"class_list":["post-92332","post","type-post","status-publish","format-standard","has-post-thumbnail","hentry","category-flamengo"],"yoast_head":"<!-- This site is optimized with the Yoast SEO Premium plugin v24.2 (Yoast SEO v26.9) - https:\/\/yoast.com\/product\/yoast-seo-premium-wordpress\/ -->\n<title>Torcida do Flamengo faz campanha por meia espanhol<\/title>\n<meta name=\"robots\" content=\"index, follow, max-snippet:-1, max-image-preview:large, max-video-preview:-1\" \/>\n<link rel=\"canonical\" href=\"https:\/\/www.gaveanews.com\/index.php\/2022\/12\/21\/torcida-do-flamengo-faz-campanha-por-meia-espanhol\/\" \/>\n<meta property=\"og:locale\" content=\"pt_BR\" \/>\n<meta property=\"og:type\" content=\"article\" \/>\n<meta property=\"og:title\" content=\"Torcida do Flamengo faz campanha por meia espanhol\" \/>\n<meta property=\"og:description\" content=\"A janela de transfer\u00eancia segue a todo vapor no Brasil, com contrata\u00e7\u00f5es sendo anunciadas e despedidas nas principais equipes. No Flamengo, as coisas ainda caminham a passos lentos, mas podem ganhar reviravoltas em breve, com a reapresenta\u00e7\u00e3o do grupo. E, se depender do torcedor, pode ter craque pintando na G\u00e1vea. O mais novo pedido das [&hellip;]\" \/>\n<meta property=\"og:url\" content=\"https:\/\/www.gaveanews.com\/index.php\/2022\/12\/21\/torcida-do-flamengo-faz-campanha-por-meia-espanhol\/\" \/>\n<meta property=\"og:site_name\" content=\"G\u00e1vea News\" \/>\n<meta property=\"article:publisher\" content=\"https:\/\/facebook.com\/gaveaNews\/\" \/>\n<meta property=\"article:published_time\" content=\"2022-12-21T20:44:29+00:00\" \/>\n<meta property=\"article:modified_time\" content=\"2022-12-21T20:44:31+00:00\" \/>\n<meta property=\"og:image\" content=\"https:\/\/www.gaveanews.com\/wp-content\/uploads\/Marcos-Braz-em-entrevista-coletiva-no-Ninho-do-Urubu-1.webp\" \/>\n\t<meta property=\"og:image:width\" content=\"799\" \/>\n\t<meta property=\"og:image:height\" content=\"532\" \/>\n\t<meta property=\"og:image:type\" content=\"image\/jpeg\" \/>\n<meta name=\"author\" content=\"Equipe G\u00e1vea News\" \/>\n<meta name=\"twitter:card\" content=\"summary_large_image\" \/>\n<meta name=\"twitter:label1\" content=\"Escrito por\" \/>\n\t<meta name=\"twitter:data1\" content=\"Equipe G\u00e1vea News\" \/>\n\t<meta name=\"twitter:label2\" content=\"Est. tempo de leitura\" \/>\n\t<meta name=\"twitter:data2\" content=\"2 minutos\" \/>\n<script type=\"application\/ld+json\" class=\"yoast-schema-graph\">{\"@context\":\"https:\/\/schema.org\",\"@graph\":[{\"@type\":\"NewsArticle\",\"@id\":\"https:\/\/www.gaveanews.com\/index.php\/2022\/12\/21\/torcida-do-flamengo-faz-campanha-por-meia-espanhol\/#article\",\"isPartOf\":{\"@id\":\"https:\/\/www.gaveanews.com\/index.php\/2022\/12\/21\/torcida-do-flamengo-faz-campanha-por-meia-espanhol\/\"},\"author\":{\"name\":\"Equipe G\u00e1vea News\",\"@id\":\"https:\/\/www.gaveanews.com\/#\/schema\/person\/2ec14f73fb96be2caf28f91afb14749d\"},\"headline\":\"Torcida do Flamengo faz campanha por meia espanhol\",\"datePublished\":\"2022-12-21T20:44:29+00:00\",\"dateModified\":\"2022-12-21T20:44:31+00:00\",\"mainEntityOfPage\":{\"@id\":\"https:\/\/www.gaveanews.com\/index.php\/2022\/12\/21\/torcida-do-flamengo-faz-campanha-por-meia-espanhol\/\"},\"wordCount\":290,\"commentCount\":0,\"image\":{\"@id\":\"https:\/\/www.gaveanews.com\/index.php\/2022\/12\/21\/torcida-do-flamengo-faz-campanha-por-meia-espanhol\/#primaryimage\"},\"thumbnailUrl\":\"https:\/\/www.gaveanews.com\/wp-content\/uploads\/Marcos-Braz-em-entrevista-coletiva-no-Ninho-do-Urubu-1.webp\",\"articleSection\":[\"Flamengo\"],\"inLanguage\":\"pt-BR\",\"potentialAction\":[{\"@type\":\"CommentAction\",\"name\":\"Comment\",\"target\":[\"https:\/\/www.gaveanews.com\/index.php\/2022\/12\/21\/torcida-do-flamengo-faz-campanha-por-meia-espanhol\/#respond\"]}],\"copyrightYear\":\"2022\",\"copyrightHolder\":{\"@id\":\"https:\/\/www.gaveanews.com\/#organization\"}},{\"@type\":\"WebPage\",\"@id\":\"https:\/\/www.gaveanews.com\/index.php\/2022\/12\/21\/torcida-do-flamengo-faz-campanha-por-meia-espanhol\/\",\"url\":\"https:\/\/www.gaveanews.com\/index.php\/2022\/12\/21\/torcida-do-flamengo-faz-campanha-por-meia-espanhol\/\",\"name\":\"Torcida do Flamengo faz campanha por meia espanhol\",\"isPartOf\":{\"@id\":\"https:\/\/www.gaveanews.com\/#website\"},\"primaryImageOfPage\":{\"@id\":\"https:\/\/www.gaveanews.com\/index.php\/2022\/12\/21\/torcida-do-flamengo-faz-campanha-por-meia-espanhol\/#primaryimage\"},\"image\":{\"@id\":\"https:\/\/www.gaveanews.com\/index.php\/2022\/12\/21\/torcida-do-flamengo-faz-campanha-por-meia-espanhol\/#primaryimage\"},\"thumbnailUrl\":\"https:\/\/www.gaveanews.com\/wp-content\/uploads\/Marcos-Braz-em-entrevista-coletiva-no-Ninho-do-Urubu-1.webp\",\"datePublished\":\"2022-12-21T20:44:29+00:00\",\"dateModified\":\"2022-12-21T20:44:31+00:00\",\"author\":{\"@id\":\"https:\/\/www.gaveanews.com\/#\/schema\/person\/2ec14f73fb96be2caf28f91afb14749d\"},\"breadcrumb\":{\"@id\":\"https:\/\/www.gaveanews.com\/index.php\/2022\/12\/21\/torcida-do-flamengo-faz-campanha-por-meia-espanhol\/#breadcrumb\"},\"inLanguage\":\"pt-BR\",\"potentialAction\":[{\"@type\":\"ReadAction\",\"target\":[\"https:\/\/www.gaveanews.com\/index.php\/2022\/12\/21\/torcida-do-flamengo-faz-campanha-por-meia-espanhol\/\"]}]},{\"@type\":\"ImageObject\",\"inLanguage\":\"pt-BR\",\"@id\":\"https:\/\/www.gaveanews.com\/index.php\/2022\/12\/21\/torcida-do-flamengo-faz-campanha-por-meia-espanhol\/#primaryimage\",\"url\":\"https:\/\/www.gaveanews.com\/wp-content\/uploads\/Marcos-Braz-em-entrevista-coletiva-no-Ninho-do-Urubu-1.webp\",\"contentUrl\":\"https:\/\/www.gaveanews.com\/wp-content\/uploads\/Marcos-Braz-em-entrevista-coletiva-no-Ninho-do-Urubu-1.webp\",\"width\":799,\"height\":532,\"caption\":\"Marcos Braz em entrevista coletiva no Ninho do Urubu (Foto: Alexandre Vidal\/Flamengo)\"},{\"@type\":\"BreadcrumbList\",\"@id\":\"https:\/\/www.gaveanews.com\/index.php\/2022\/12\/21\/torcida-do-flamengo-faz-campanha-por-meia-espanhol\/#breadcrumb\",\"itemListElement\":[{\"@type\":\"ListItem\",\"position\":1,\"name\":\"Home\",\"item\":\"https:\/\/www.gaveanews.com\/\"},{\"@type\":\"ListItem\",\"position\":2,\"name\":\"Torcida do Flamengo faz campanha por meia espanhol\"}]},{\"@type\":\"WebSite\",\"@id\":\"https:\/\/www.gaveanews.com\/#website\",\"url\":\"https:\/\/www.gaveanews.com\/\",\"name\":\"G\u00e1vea News\",\"description\":\"Veja todas as not\u00edcias sobre o Flamengo: Contrata\u00e7\u00f5es, categorias de base, resultados das partidas, tabela de classifica\u00e7\u00e3o, pr\u00f3ximos jogos!\",\"potentialAction\":[{\"@type\":\"SearchAction\",\"target\":{\"@type\":\"EntryPoint\",\"urlTemplate\":\"https:\/\/www.gaveanews.com\/?s={search_term_string}\"},\"query-input\":{\"@type\":\"PropertyValueSpecification\",\"valueRequired\":true,\"valueName\":\"search_term_string\"}}],\"inLanguage\":\"pt-BR\"},{\"@type\":\"Person\",\"@id\":\"https:\/\/www.gaveanews.com\/#\/schema\/person\/2ec14f73fb96be2caf28f91afb14749d\",\"name\":\"Equipe G\u00e1vea News\",\"image\":{\"@type\":\"ImageObject\",\"inLanguage\":\"pt-BR\",\"@id\":\"https:\/\/www.gaveanews.com\/#\/schema\/person\/image\/\",\"url\":\"https:\/\/secure.gravatar.com\/avatar\/1e1956f1facbffd3f8fa53a326721950116b3b9dc9bd44939c01180fd4a745a9?s=96&d=mm&r=g\",\"contentUrl\":\"https:\/\/secure.gravatar.com\/avatar\/1e1956f1facbffd3f8fa53a326721950116b3b9dc9bd44939c01180fd4a745a9?s=96&d=mm&r=g\",\"caption\":\"Equipe G\u00e1vea News\"}}]}<\/script>\n<!-- \/ Yoast SEO Premium plugin. -->","yoast_head_json":{"title":"Torcida do Flamengo faz campanha por meia espanhol","robots":{"index":"index","follow":"follow","max-snippet":"max-snippet:-1","max-image-preview":"max-image-preview:large","max-video-preview":"max-video-preview:-1"},"canonical":"https:\/\/www.gaveanews.com\/index.php\/2022\/12\/21\/torcida-do-flamengo-faz-campanha-por-meia-espanhol\/","og_locale":"pt_BR","og_type":"article","og_title":"Torcida do Flamengo faz campanha por meia espanhol","og_description":"A janela de transfer\u00eancia segue a todo vapor no Brasil, com contrata\u00e7\u00f5es sendo anunciadas e despedidas nas principais equipes. No Flamengo, as coisas ainda caminham a passos lentos, mas podem ganhar reviravoltas em breve, com a reapresenta\u00e7\u00e3o do grupo. E, se depender do torcedor, pode ter craque pintando na G\u00e1vea. O mais novo pedido das [&hellip;]","og_url":"https:\/\/www.gaveanews.com\/index.php\/2022\/12\/21\/torcida-do-flamengo-faz-campanha-por-meia-espanhol\/","og_site_name":"G\u00e1vea News","article_publisher":"https:\/\/facebook.com\/gaveaNews\/","article_published_time":"2022-12-21T20:44:29+00:00","article_modified_time":"2022-12-21T20:44:31+00:00","og_image":[{"width":799,"height":532,"url":"https:\/\/www.gaveanews.com\/wp-content\/uploads\/Marcos-Braz-em-entrevista-coletiva-no-Ninho-do-Urubu-1.webp","type":"image\/jpeg"}],"author":"Equipe G\u00e1vea News","twitter_card":"summary_large_image","twitter_misc":{"Escrito por":"Equipe G\u00e1vea News","Est. tempo de leitura":"2 minutos"},"schema":{"@context":"https:\/\/schema.org","@graph":[{"@type":"NewsArticle","@id":"https:\/\/www.gaveanews.com\/index.php\/2022\/12\/21\/torcida-do-flamengo-faz-campanha-por-meia-espanhol\/#article","isPartOf":{"@id":"https:\/\/www.gaveanews.com\/index.php\/2022\/12\/21\/torcida-do-flamengo-faz-campanha-por-meia-espanhol\/"},"author":{"name":"Equipe G\u00e1vea News","@id":"https:\/\/www.gaveanews.com\/#\/schema\/person\/2ec14f73fb96be2caf28f91afb14749d"},"headline":"Torcida do Flamengo faz campanha por meia espanhol","datePublished":"2022-12-21T20:44:29+00:00","dateModified":"2022-12-21T20:44:31+00:00","mainEntityOfPage":{"@id":"https:\/\/www.gaveanews.com\/index.php\/2022\/12\/21\/torcida-do-flamengo-faz-campanha-por-meia-espanhol\/"},"wordCount":290,"commentCount":0,"image":{"@id":"https:\/\/www.gaveanews.com\/index.php\/2022\/12\/21\/torcida-do-flamengo-faz-campanha-por-meia-espanhol\/#primaryimage"},"thumbnailUrl":"https:\/\/www.gaveanews.com\/wp-content\/uploads\/Marcos-Braz-em-entrevista-coletiva-no-Ninho-do-Urubu-1.webp","articleSection":["Flamengo"],"inLanguage":"pt-BR","potentialAction":[{"@type":"CommentAction","name":"Comment","target":["https:\/\/www.gaveanews.com\/index.php\/2022\/12\/21\/torcida-do-flamengo-faz-campanha-por-meia-espanhol\/#respond"]}],"copyrightYear":"2022","copyrightHolder":{"@id":"https:\/\/www.gaveanews.com\/#organization"}},{"@type":"WebPage","@id":"https:\/\/www.gaveanews.com\/index.php\/2022\/12\/21\/torcida-do-flamengo-faz-campanha-por-meia-espanhol\/","url":"https:\/\/www.gaveanews.com\/index.php\/2022\/12\/21\/torcida-do-flamengo-faz-campanha-por-meia-espanhol\/","name":"Torcida do Flamengo faz campanha por meia espanhol","isPartOf":{"@id":"https:\/\/www.gaveanews.com\/#website"},"primaryImageOfPage":{"@id":"https:\/\/www.gaveanews.com\/index.php\/2022\/12\/21\/torcida-do-flamengo-faz-campanha-por-meia-espanhol\/#primaryimage"},"image":{"@id":"https:\/\/www.gaveanews.com\/index.php\/2022\/12\/21\/torcida-do-flamengo-faz-campanha-por-meia-espanhol\/#primaryimage"},"thumbnailUrl":"https:\/\/www.gaveanews.com\/wp-content\/uploads\/Marcos-Braz-em-entrevista-coletiva-no-Ninho-do-Urubu-1.webp","datePublished":"2022-12-21T20:44:29+00:00","dateModified":"2022-12-21T20:44:31+00:00","author":{"@id":"https:\/\/www.gaveanews.com\/#\/schema\/person\/2ec14f73fb96be2caf28f91afb14749d"},"breadcrumb":{"@id":"https:\/\/www.gaveanews.com\/index.php\/2022\/12\/21\/torcida-do-flamengo-faz-campanha-por-meia-espanhol\/#breadcrumb"},"inLanguage":"pt-BR","potentialAction":[{"@type":"ReadAction","target":["https:\/\/www.gaveanews.com\/index.php\/2022\/12\/21\/torcida-do-flamengo-faz-campanha-por-meia-espanhol\/"]}]},{"@type":"ImageObject","inLanguage":"pt-BR","@id":"https:\/\/www.gaveanews.com\/index.php\/2022\/12\/21\/torcida-do-flamengo-faz-campanha-por-meia-espanhol\/#primaryimage","url":"https:\/\/www.gaveanews.com\/wp-content\/uploads\/Marcos-Braz-em-entrevista-coletiva-no-Ninho-do-Urubu-1.webp","contentUrl":"https:\/\/www.gaveanews.com\/wp-content\/uploads\/Marcos-Braz-em-entrevista-coletiva-no-Ninho-do-Urubu-1.webp","width":799,"height":532,"caption":"Marcos Braz em entrevista coletiva no Ninho do Urubu (Foto: Alexandre Vidal\/Flamengo)"},{"@type":"BreadcrumbList","@id":"https:\/\/www.gaveanews.com\/index.php\/2022\/12\/21\/torcida-do-flamengo-faz-campanha-por-meia-espanhol\/#breadcrumb","itemListElement":[{"@type":"ListItem","position":1,"name":"Home","item":"https:\/\/www.gaveanews.com\/"},{"@type":"ListItem","position":2,"name":"Torcida do Flamengo faz campanha por meia espanhol"}]},{"@type":"WebSite","@id":"https:\/\/www.gaveanews.com\/#website","url":"https:\/\/www.gaveanews.com\/","name":"G\u00e1vea News","description":"Veja todas as not\u00edcias sobre o Flamengo: Contrata\u00e7\u00f5es, categorias de base, resultados das partidas, tabela de classifica\u00e7\u00e3o, pr\u00f3ximos jogos!","potentialAction":[{"@type":"SearchAction","target":{"@type":"EntryPoint","urlTemplate":"https:\/\/www.gaveanews.com\/?s={search_term_string}"},"query-input":{"@type":"PropertyValueSpecification","valueRequired":true,"valueName":"search_term_string"}}],"inLanguage":"pt-BR"},{"@type":"Person","@id":"https:\/\/www.gaveanews.com\/#\/schema\/person\/2ec14f73fb96be2caf28f91afb14749d","name":"Equipe G\u00e1vea News","image":{"@type":"ImageObject","inLanguage":"pt-BR","@id":"https:\/\/www.gaveanews.com\/#\/schema\/person\/image\/","url":"https:\/\/secure.gravatar.com\/avatar\/1e1956f1facbffd3f8fa53a326721950116b3b9dc9bd44939c01180fd4a745a9?s=96&d=mm&r=g","contentUrl":"https:\/\/secure.gravatar.com\/avatar\/1e1956f1facbffd3f8fa53a326721950116b3b9dc9bd44939c01180fd4a745a9?s=96&d=mm&r=g","caption":"Equipe G\u00e1vea News"}}]}},"_links":{"self":[{"href":"https:\/\/www.gaveanews.com\/index.php\/wp-json\/wp\/v2\/posts\/92332","targetHints":{"allow":["GET"]}}],"collection":[{"href":"https:\/\/www.gaveanews.com\/index.php\/wp-json\/wp\/v2\/posts"}],"about":[{"href":"https:\/\/www.gaveanews.com\/index.php\/wp-json\/wp\/v2\/types\/post"}],"author":[{"embeddable":true,"href":"https:\/\/www.gaveanews.com\/index.php\/wp-json\/wp\/v2\/users\/1"}],"replies":[{"embeddable":true,"href":"https:\/\/www.gaveanews.com\/index.php\/wp-json\/wp\/v2\/comments?post=92332"}],"version-history":[{"count":0,"href":"https:\/\/www.gaveanews.com\/index.php\/wp-json\/wp\/v2\/posts\/92332\/revisions"}],"wp:featuredmedia":[{"embeddable":true,"href":"https:\/\/www.gaveanews.com\/index.php\/wp-json\/wp\/v2\/media\/66783"}],"wp:attachment":[{"href":"https:\/\/www.gaveanews.com\/index.php\/wp-json\/wp\/v2\/media?parent=92332"}],"wp:term":[{"taxonomy":"category","embeddable":true,"href":"https:\/\/www.gaveanews.com\/index.php\/wp-json\/wp\/v2\/categories?post=92332"},{"taxonomy":"post_tag","embeddable":true,"href":"https:\/\/www.gaveanews.com\/index.php\/wp-json\/wp\/v2\/tags?post=92332"}],"curies":[{"name":"wp","href":"https:\/\/api.w.org\/{rel}","templated":true}]}}