{"id":92346,"date":"2022-12-21T22:29:35","date_gmt":"2022-12-22T01:29:35","guid":{"rendered":"https:\/\/www.gaveanews.com\/?p=92346"},"modified":"2022-12-21T22:29:37","modified_gmt":"2022-12-22T01:29:37","slug":"flamengo-gerson-e-olympique-de-marselha-veja-qual-sera-a-postura-do-rubro-negro","status":"publish","type":"post","link":"https:\/\/www.gaveanews.com\/index.php\/2022\/12\/21\/flamengo-gerson-e-olympique-de-marselha-veja-qual-sera-a-postura-do-rubro-negro\/","title":{"rendered":"Flamengo, Gerson e Olympique de Marselha: Veja qual ser\u00e1 a postura do Rubro-Negro"},"content":{"rendered":"\n<p>O Flamengo n\u00e3o foi ao mercado neste fim de temporada para a aquisi\u00e7\u00e3o de refor\u00e7os. A diretoria focou na renova\u00e7\u00e3o de contrato dos principais jogadores do atual elenco. A exce\u00e7\u00e3o foi a possibilidade de retorno do volante Gerson. O jogador est\u00e1 no Olympique de Marselha, da Fran\u00e7a, mas entrou em atrito com o t\u00e9cnico Igor Tudor e foi afastado.<\/p>\n\n\n\n<p>O clube franc\u00eas quer 20 milh\u00f5es de euros por Gerson. O valor \u00e9 visto como muito alto pelos rubro-negros. Com isso, a diretoria carioca vem adotando a cautela sobre o assunto. Os flamenguistas esperam que o Olympique baixe a pedida nas pr\u00f3ximas semanas, quando a Ligue 1 recome\u00e7ar.<\/p>\n\n\n\n<p>A ideia \u00e9 manter a proximidade do Olympique e buscar melhores valores perto do fim da janela de transfer\u00eancias. Em tempo: o pr\u00f3prio jogador j\u00e1 sinalizou que quer voltar ao clube e j\u00e1 teria um acordo com os rubro-negros. <\/p>\n\n\n\n<p>Retirado de: Gazeta Esportiva<\/p>\n","protected":false},"excerpt":{"rendered":"<p>O Flamengo n\u00e3o foi ao mercado neste fim de temporada para a aquisi\u00e7\u00e3o de refor\u00e7os. A diretoria focou na renova\u00e7\u00e3o de contrato dos principais jogadores do atual elenco. A exce\u00e7\u00e3o foi a possibilidade de retorno do volante Gerson. O jogador est\u00e1 no Olympique de Marselha, da Fran\u00e7a, mas entrou em atrito com o t\u00e9cnico Igor [&hellip;]<\/p>\n","protected":false},"author":1,"featured_media":56546,"comment_status":"open","ping_status":"closed","sticky":false,"template":"","format":"standard","meta":{"footnotes":""},"categories":[48],"tags":[],"class_list":["post-92346","post","type-post","status-publish","format-standard","has-post-thumbnail","hentry","category-negociacoes"],"yoast_head":"<!-- This site is optimized with the Yoast SEO Premium plugin v24.2 (Yoast SEO v26.9) - https:\/\/yoast.com\/product\/yoast-seo-premium-wordpress\/ -->\n<title>Flamengo, Gerson e Olympique: Veja qual ser\u00e1 a postura do Fla<\/title>\n<meta name=\"description\" content=\"O ainda Flamengo n\u00e3o foi ao mercado neste fim de temporada para a aquisi\u00e7\u00e3o de refor\u00e7os para temporada de 2023.\" \/>\n<meta name=\"robots\" content=\"index, follow, max-snippet:-1, max-image-preview:large, max-video-preview:-1\" \/>\n<link rel=\"canonical\" href=\"https:\/\/www.gaveanews.com\/index.php\/2022\/12\/21\/flamengo-gerson-e-olympique-de-marselha-veja-qual-sera-a-postura-do-rubro-negro\/\" \/>\n<meta property=\"og:locale\" content=\"pt_BR\" \/>\n<meta property=\"og:type\" content=\"article\" \/>\n<meta property=\"og:title\" content=\"Flamengo, Gerson e Olympique de Marselha: Veja qual ser\u00e1 a postura do Rubro-Negro\" \/>\n<meta property=\"og:description\" content=\"O ainda Flamengo n\u00e3o foi ao mercado neste fim de temporada para a aquisi\u00e7\u00e3o de refor\u00e7os para temporada de 2023.\" \/>\n<meta property=\"og:url\" content=\"https:\/\/www.gaveanews.com\/index.php\/2022\/12\/21\/flamengo-gerson-e-olympique-de-marselha-veja-qual-sera-a-postura-do-rubro-negro\/\" \/>\n<meta property=\"og:site_name\" content=\"G\u00e1vea News\" \/>\n<meta property=\"article:publisher\" content=\"https:\/\/facebook.com\/gaveaNews\/\" \/>\n<meta property=\"article:published_time\" content=\"2022-12-22T01:29:35+00:00\" \/>\n<meta property=\"article:modified_time\" content=\"2022-12-22T01:29:37+00:00\" \/>\n<meta property=\"og:image\" content=\"https:\/\/www.gaveanews.com\/wp-content\/uploads\/Gerson-em-acao-pelo-Flamengo-durante-a-partida-contra-o-Internacional-no-Campeonato-Brasileiro-de-2020.webp\" \/>\n\t<meta property=\"og:image:width\" content=\"800\" \/>\n\t<meta property=\"og:image:height\" content=\"533\" \/>\n\t<meta property=\"og:image:type\" content=\"image\/jpeg\" \/>\n<meta name=\"author\" content=\"Equipe G\u00e1vea News\" \/>\n<meta name=\"twitter:card\" content=\"summary_large_image\" \/>\n<meta name=\"twitter:label1\" content=\"Escrito por\" \/>\n\t<meta name=\"twitter:data1\" content=\"Equipe G\u00e1vea News\" \/>\n\t<meta name=\"twitter:label2\" content=\"Est. tempo de leitura\" \/>\n\t<meta name=\"twitter:data2\" content=\"1 minuto\" \/>\n<script type=\"application\/ld+json\" class=\"yoast-schema-graph\">{\"@context\":\"https:\/\/schema.org\",\"@graph\":[{\"@type\":\"NewsArticle\",\"@id\":\"https:\/\/www.gaveanews.com\/index.php\/2022\/12\/21\/flamengo-gerson-e-olympique-de-marselha-veja-qual-sera-a-postura-do-rubro-negro\/#article\",\"isPartOf\":{\"@id\":\"https:\/\/www.gaveanews.com\/index.php\/2022\/12\/21\/flamengo-gerson-e-olympique-de-marselha-veja-qual-sera-a-postura-do-rubro-negro\/\"},\"author\":{\"name\":\"Equipe G\u00e1vea News\",\"@id\":\"https:\/\/www.gaveanews.com\/#\/schema\/person\/2ec14f73fb96be2caf28f91afb14749d\"},\"headline\":\"Flamengo, Gerson e Olympique de Marselha: Veja qual ser\u00e1 a postura do Rubro-Negro\",\"datePublished\":\"2022-12-22T01:29:35+00:00\",\"dateModified\":\"2022-12-22T01:29:37+00:00\",\"mainEntityOfPage\":{\"@id\":\"https:\/\/www.gaveanews.com\/index.php\/2022\/12\/21\/flamengo-gerson-e-olympique-de-marselha-veja-qual-sera-a-postura-do-rubro-negro\/\"},\"wordCount\":172,\"commentCount\":0,\"image\":{\"@id\":\"https:\/\/www.gaveanews.com\/index.php\/2022\/12\/21\/flamengo-gerson-e-olympique-de-marselha-veja-qual-sera-a-postura-do-rubro-negro\/#primaryimage\"},\"thumbnailUrl\":\"https:\/\/www.gaveanews.com\/wp-content\/uploads\/Gerson-em-acao-pelo-Flamengo-durante-a-partida-contra-o-Internacional-no-Campeonato-Brasileiro-de-2020.webp\",\"articleSection\":[\"Negocia\u00e7\u00f5es\"],\"inLanguage\":\"pt-BR\",\"potentialAction\":[{\"@type\":\"CommentAction\",\"name\":\"Comment\",\"target\":[\"https:\/\/www.gaveanews.com\/index.php\/2022\/12\/21\/flamengo-gerson-e-olympique-de-marselha-veja-qual-sera-a-postura-do-rubro-negro\/#respond\"]}],\"copyrightYear\":\"2022\",\"copyrightHolder\":{\"@id\":\"https:\/\/www.gaveanews.com\/#organization\"}},{\"@type\":\"WebPage\",\"@id\":\"https:\/\/www.gaveanews.com\/index.php\/2022\/12\/21\/flamengo-gerson-e-olympique-de-marselha-veja-qual-sera-a-postura-do-rubro-negro\/\",\"url\":\"https:\/\/www.gaveanews.com\/index.php\/2022\/12\/21\/flamengo-gerson-e-olympique-de-marselha-veja-qual-sera-a-postura-do-rubro-negro\/\",\"name\":\"Flamengo, Gerson e Olympique: Veja qual ser\u00e1 a postura do Fla\",\"isPartOf\":{\"@id\":\"https:\/\/www.gaveanews.com\/#website\"},\"primaryImageOfPage\":{\"@id\":\"https:\/\/www.gaveanews.com\/index.php\/2022\/12\/21\/flamengo-gerson-e-olympique-de-marselha-veja-qual-sera-a-postura-do-rubro-negro\/#primaryimage\"},\"image\":{\"@id\":\"https:\/\/www.gaveanews.com\/index.php\/2022\/12\/21\/flamengo-gerson-e-olympique-de-marselha-veja-qual-sera-a-postura-do-rubro-negro\/#primaryimage\"},\"thumbnailUrl\":\"https:\/\/www.gaveanews.com\/wp-content\/uploads\/Gerson-em-acao-pelo-Flamengo-durante-a-partida-contra-o-Internacional-no-Campeonato-Brasileiro-de-2020.webp\",\"datePublished\":\"2022-12-22T01:29:35+00:00\",\"dateModified\":\"2022-12-22T01:29:37+00:00\",\"author\":{\"@id\":\"https:\/\/www.gaveanews.com\/#\/schema\/person\/2ec14f73fb96be2caf28f91afb14749d\"},\"description\":\"O ainda Flamengo n\u00e3o foi ao mercado neste fim de temporada para a aquisi\u00e7\u00e3o de refor\u00e7os para temporada de 2023.\",\"breadcrumb\":{\"@id\":\"https:\/\/www.gaveanews.com\/index.php\/2022\/12\/21\/flamengo-gerson-e-olympique-de-marselha-veja-qual-sera-a-postura-do-rubro-negro\/#breadcrumb\"},\"inLanguage\":\"pt-BR\",\"potentialAction\":[{\"@type\":\"ReadAction\",\"target\":[\"https:\/\/www.gaveanews.com\/index.php\/2022\/12\/21\/flamengo-gerson-e-olympique-de-marselha-veja-qual-sera-a-postura-do-rubro-negro\/\"]}]},{\"@type\":\"ImageObject\",\"inLanguage\":\"pt-BR\",\"@id\":\"https:\/\/www.gaveanews.com\/index.php\/2022\/12\/21\/flamengo-gerson-e-olympique-de-marselha-veja-qual-sera-a-postura-do-rubro-negro\/#primaryimage\",\"url\":\"https:\/\/www.gaveanews.com\/wp-content\/uploads\/Gerson-em-acao-pelo-Flamengo-durante-a-partida-contra-o-Internacional-no-Campeonato-Brasileiro-de-2020.webp\",\"contentUrl\":\"https:\/\/www.gaveanews.com\/wp-content\/uploads\/Gerson-em-acao-pelo-Flamengo-durante-a-partida-contra-o-Internacional-no-Campeonato-Brasileiro-de-2020.webp\",\"width\":800,\"height\":533,\"caption\":\"Gerson em a\u00e7\u00e3o pelo Flamengo durante a partida contra o Internacional no Campeonato Brasileiro de 2020 (Foto: Alexandre Vidal\/Flamengo)\"},{\"@type\":\"BreadcrumbList\",\"@id\":\"https:\/\/www.gaveanews.com\/index.php\/2022\/12\/21\/flamengo-gerson-e-olympique-de-marselha-veja-qual-sera-a-postura-do-rubro-negro\/#breadcrumb\",\"itemListElement\":[{\"@type\":\"ListItem\",\"position\":1,\"name\":\"Home\",\"item\":\"https:\/\/www.gaveanews.com\/\"},{\"@type\":\"ListItem\",\"position\":2,\"name\":\"Flamengo, Gerson e Olympique de Marselha: Veja qual ser\u00e1 a postura do Rubro-Negro\"}]},{\"@type\":\"WebSite\",\"@id\":\"https:\/\/www.gaveanews.com\/#website\",\"url\":\"https:\/\/www.gaveanews.com\/\",\"name\":\"G\u00e1vea News\",\"description\":\"Veja todas as not\u00edcias sobre o Flamengo: Contrata\u00e7\u00f5es, categorias de base, resultados das partidas, tabela de classifica\u00e7\u00e3o, pr\u00f3ximos jogos!\",\"potentialAction\":[{\"@type\":\"SearchAction\",\"target\":{\"@type\":\"EntryPoint\",\"urlTemplate\":\"https:\/\/www.gaveanews.com\/?s={search_term_string}\"},\"query-input\":{\"@type\":\"PropertyValueSpecification\",\"valueRequired\":true,\"valueName\":\"search_term_string\"}}],\"inLanguage\":\"pt-BR\"},{\"@type\":\"Person\",\"@id\":\"https:\/\/www.gaveanews.com\/#\/schema\/person\/2ec14f73fb96be2caf28f91afb14749d\",\"name\":\"Equipe G\u00e1vea News\",\"image\":{\"@type\":\"ImageObject\",\"inLanguage\":\"pt-BR\",\"@id\":\"https:\/\/www.gaveanews.com\/#\/schema\/person\/image\/\",\"url\":\"https:\/\/secure.gravatar.com\/avatar\/1e1956f1facbffd3f8fa53a326721950116b3b9dc9bd44939c01180fd4a745a9?s=96&d=mm&r=g\",\"contentUrl\":\"https:\/\/secure.gravatar.com\/avatar\/1e1956f1facbffd3f8fa53a326721950116b3b9dc9bd44939c01180fd4a745a9?s=96&d=mm&r=g\",\"caption\":\"Equipe G\u00e1vea News\"}}]}<\/script>\n<!-- \/ Yoast SEO Premium plugin. -->","yoast_head_json":{"title":"Flamengo, Gerson e Olympique: Veja qual ser\u00e1 a postura do Fla","description":"O ainda Flamengo n\u00e3o foi ao mercado neste fim de temporada para a aquisi\u00e7\u00e3o de refor\u00e7os para temporada de 2023.","robots":{"index":"index","follow":"follow","max-snippet":"max-snippet:-1","max-image-preview":"max-image-preview:large","max-video-preview":"max-video-preview:-1"},"canonical":"https:\/\/www.gaveanews.com\/index.php\/2022\/12\/21\/flamengo-gerson-e-olympique-de-marselha-veja-qual-sera-a-postura-do-rubro-negro\/","og_locale":"pt_BR","og_type":"article","og_title":"Flamengo, Gerson e Olympique de Marselha: Veja qual ser\u00e1 a postura do Rubro-Negro","og_description":"O ainda Flamengo n\u00e3o foi ao mercado neste fim de temporada para a aquisi\u00e7\u00e3o de refor\u00e7os para temporada de 2023.","og_url":"https:\/\/www.gaveanews.com\/index.php\/2022\/12\/21\/flamengo-gerson-e-olympique-de-marselha-veja-qual-sera-a-postura-do-rubro-negro\/","og_site_name":"G\u00e1vea News","article_publisher":"https:\/\/facebook.com\/gaveaNews\/","article_published_time":"2022-12-22T01:29:35+00:00","article_modified_time":"2022-12-22T01:29:37+00:00","og_image":[{"width":800,"height":533,"url":"https:\/\/www.gaveanews.com\/wp-content\/uploads\/Gerson-em-acao-pelo-Flamengo-durante-a-partida-contra-o-Internacional-no-Campeonato-Brasileiro-de-2020.webp","type":"image\/jpeg"}],"author":"Equipe G\u00e1vea News","twitter_card":"summary_large_image","twitter_misc":{"Escrito por":"Equipe G\u00e1vea News","Est. tempo de leitura":"1 minuto"},"schema":{"@context":"https:\/\/schema.org","@graph":[{"@type":"NewsArticle","@id":"https:\/\/www.gaveanews.com\/index.php\/2022\/12\/21\/flamengo-gerson-e-olympique-de-marselha-veja-qual-sera-a-postura-do-rubro-negro\/#article","isPartOf":{"@id":"https:\/\/www.gaveanews.com\/index.php\/2022\/12\/21\/flamengo-gerson-e-olympique-de-marselha-veja-qual-sera-a-postura-do-rubro-negro\/"},"author":{"name":"Equipe G\u00e1vea News","@id":"https:\/\/www.gaveanews.com\/#\/schema\/person\/2ec14f73fb96be2caf28f91afb14749d"},"headline":"Flamengo, Gerson e Olympique de Marselha: Veja qual ser\u00e1 a postura do Rubro-Negro","datePublished":"2022-12-22T01:29:35+00:00","dateModified":"2022-12-22T01:29:37+00:00","mainEntityOfPage":{"@id":"https:\/\/www.gaveanews.com\/index.php\/2022\/12\/21\/flamengo-gerson-e-olympique-de-marselha-veja-qual-sera-a-postura-do-rubro-negro\/"},"wordCount":172,"commentCount":0,"image":{"@id":"https:\/\/www.gaveanews.com\/index.php\/2022\/12\/21\/flamengo-gerson-e-olympique-de-marselha-veja-qual-sera-a-postura-do-rubro-negro\/#primaryimage"},"thumbnailUrl":"https:\/\/www.gaveanews.com\/wp-content\/uploads\/Gerson-em-acao-pelo-Flamengo-durante-a-partida-contra-o-Internacional-no-Campeonato-Brasileiro-de-2020.webp","articleSection":["Negocia\u00e7\u00f5es"],"inLanguage":"pt-BR","potentialAction":[{"@type":"CommentAction","name":"Comment","target":["https:\/\/www.gaveanews.com\/index.php\/2022\/12\/21\/flamengo-gerson-e-olympique-de-marselha-veja-qual-sera-a-postura-do-rubro-negro\/#respond"]}],"copyrightYear":"2022","copyrightHolder":{"@id":"https:\/\/www.gaveanews.com\/#organization"}},{"@type":"WebPage","@id":"https:\/\/www.gaveanews.com\/index.php\/2022\/12\/21\/flamengo-gerson-e-olympique-de-marselha-veja-qual-sera-a-postura-do-rubro-negro\/","url":"https:\/\/www.gaveanews.com\/index.php\/2022\/12\/21\/flamengo-gerson-e-olympique-de-marselha-veja-qual-sera-a-postura-do-rubro-negro\/","name":"Flamengo, Gerson e Olympique: Veja qual ser\u00e1 a postura do Fla","isPartOf":{"@id":"https:\/\/www.gaveanews.com\/#website"},"primaryImageOfPage":{"@id":"https:\/\/www.gaveanews.com\/index.php\/2022\/12\/21\/flamengo-gerson-e-olympique-de-marselha-veja-qual-sera-a-postura-do-rubro-negro\/#primaryimage"},"image":{"@id":"https:\/\/www.gaveanews.com\/index.php\/2022\/12\/21\/flamengo-gerson-e-olympique-de-marselha-veja-qual-sera-a-postura-do-rubro-negro\/#primaryimage"},"thumbnailUrl":"https:\/\/www.gaveanews.com\/wp-content\/uploads\/Gerson-em-acao-pelo-Flamengo-durante-a-partida-contra-o-Internacional-no-Campeonato-Brasileiro-de-2020.webp","datePublished":"2022-12-22T01:29:35+00:00","dateModified":"2022-12-22T01:29:37+00:00","author":{"@id":"https:\/\/www.gaveanews.com\/#\/schema\/person\/2ec14f73fb96be2caf28f91afb14749d"},"description":"O ainda Flamengo n\u00e3o foi ao mercado neste fim de temporada para a aquisi\u00e7\u00e3o de refor\u00e7os para temporada de 2023.","breadcrumb":{"@id":"https:\/\/www.gaveanews.com\/index.php\/2022\/12\/21\/flamengo-gerson-e-olympique-de-marselha-veja-qual-sera-a-postura-do-rubro-negro\/#breadcrumb"},"inLanguage":"pt-BR","potentialAction":[{"@type":"ReadAction","target":["https:\/\/www.gaveanews.com\/index.php\/2022\/12\/21\/flamengo-gerson-e-olympique-de-marselha-veja-qual-sera-a-postura-do-rubro-negro\/"]}]},{"@type":"ImageObject","inLanguage":"pt-BR","@id":"https:\/\/www.gaveanews.com\/index.php\/2022\/12\/21\/flamengo-gerson-e-olympique-de-marselha-veja-qual-sera-a-postura-do-rubro-negro\/#primaryimage","url":"https:\/\/www.gaveanews.com\/wp-content\/uploads\/Gerson-em-acao-pelo-Flamengo-durante-a-partida-contra-o-Internacional-no-Campeonato-Brasileiro-de-2020.webp","contentUrl":"https:\/\/www.gaveanews.com\/wp-content\/uploads\/Gerson-em-acao-pelo-Flamengo-durante-a-partida-contra-o-Internacional-no-Campeonato-Brasileiro-de-2020.webp","width":800,"height":533,"caption":"Gerson em a\u00e7\u00e3o pelo Flamengo durante a partida contra o Internacional no Campeonato Brasileiro de 2020 (Foto: Alexandre Vidal\/Flamengo)"},{"@type":"BreadcrumbList","@id":"https:\/\/www.gaveanews.com\/index.php\/2022\/12\/21\/flamengo-gerson-e-olympique-de-marselha-veja-qual-sera-a-postura-do-rubro-negro\/#breadcrumb","itemListElement":[{"@type":"ListItem","position":1,"name":"Home","item":"https:\/\/www.gaveanews.com\/"},{"@type":"ListItem","position":2,"name":"Flamengo, Gerson e Olympique de Marselha: Veja qual ser\u00e1 a postura do Rubro-Negro"}]},{"@type":"WebSite","@id":"https:\/\/www.gaveanews.com\/#website","url":"https:\/\/www.gaveanews.com\/","name":"G\u00e1vea News","description":"Veja todas as not\u00edcias sobre o Flamengo: Contrata\u00e7\u00f5es, categorias de base, resultados das partidas, tabela de classifica\u00e7\u00e3o, pr\u00f3ximos jogos!","potentialAction":[{"@type":"SearchAction","target":{"@type":"EntryPoint","urlTemplate":"https:\/\/www.gaveanews.com\/?s={search_term_string}"},"query-input":{"@type":"PropertyValueSpecification","valueRequired":true,"valueName":"search_term_string"}}],"inLanguage":"pt-BR"},{"@type":"Person","@id":"https:\/\/www.gaveanews.com\/#\/schema\/person\/2ec14f73fb96be2caf28f91afb14749d","name":"Equipe G\u00e1vea News","image":{"@type":"ImageObject","inLanguage":"pt-BR","@id":"https:\/\/www.gaveanews.com\/#\/schema\/person\/image\/","url":"https:\/\/secure.gravatar.com\/avatar\/1e1956f1facbffd3f8fa53a326721950116b3b9dc9bd44939c01180fd4a745a9?s=96&d=mm&r=g","contentUrl":"https:\/\/secure.gravatar.com\/avatar\/1e1956f1facbffd3f8fa53a326721950116b3b9dc9bd44939c01180fd4a745a9?s=96&d=mm&r=g","caption":"Equipe G\u00e1vea News"}}]}},"_links":{"self":[{"href":"https:\/\/www.gaveanews.com\/index.php\/wp-json\/wp\/v2\/posts\/92346","targetHints":{"allow":["GET"]}}],"collection":[{"href":"https:\/\/www.gaveanews.com\/index.php\/wp-json\/wp\/v2\/posts"}],"about":[{"href":"https:\/\/www.gaveanews.com\/index.php\/wp-json\/wp\/v2\/types\/post"}],"author":[{"embeddable":true,"href":"https:\/\/www.gaveanews.com\/index.php\/wp-json\/wp\/v2\/users\/1"}],"replies":[{"embeddable":true,"href":"https:\/\/www.gaveanews.com\/index.php\/wp-json\/wp\/v2\/comments?post=92346"}],"version-history":[{"count":0,"href":"https:\/\/www.gaveanews.com\/index.php\/wp-json\/wp\/v2\/posts\/92346\/revisions"}],"wp:featuredmedia":[{"embeddable":true,"href":"https:\/\/www.gaveanews.com\/index.php\/wp-json\/wp\/v2\/media\/56546"}],"wp:attachment":[{"href":"https:\/\/www.gaveanews.com\/index.php\/wp-json\/wp\/v2\/media?parent=92346"}],"wp:term":[{"taxonomy":"category","embeddable":true,"href":"https:\/\/www.gaveanews.com\/index.php\/wp-json\/wp\/v2\/categories?post=92346"},{"taxonomy":"post_tag","embeddable":true,"href":"https:\/\/www.gaveanews.com\/index.php\/wp-json\/wp\/v2\/tags?post=92346"}],"curies":[{"name":"wp","href":"https:\/\/api.w.org\/{rel}","templated":true}]}}