{"id":92380,"date":"2022-12-22T12:39:46","date_gmt":"2022-12-22T15:39:46","guid":{"rendered":"https:\/\/www.gaveanews.com\/?p=92380"},"modified":"2022-12-22T12:39:49","modified_gmt":"2022-12-22T15:39:49","slug":"comentarista-aponta-seguidas-contusoes-e-reprova-possivel-reforco-do-flamengo","status":"publish","type":"post","link":"https:\/\/www.gaveanews.com\/index.php\/2022\/12\/22\/comentarista-aponta-seguidas-contusoes-e-reprova-possivel-reforco-do-flamengo\/","title":{"rendered":"Comentarista aponta seguidas contus\u00f5es e reprova poss\u00edvel refor\u00e7o do Flamengo"},"content":{"rendered":"\n<p>O nome de Douglas Costa tem sido ligado a especula\u00e7\u00f5es como poss\u00edvel refor\u00e7o do Flamengo, com o pr\u00f3prio jogador dizendo que escolheria o time rubro-negro. Para o comentarista Renato Maur\u00edcio Prado, a chegada do jogador seria um erro para o time carioca.<\/p>\n\n\n\n<p><em>\u2014 Pode ser que eu queime a minha l\u00edngua, mas acho bem pouco prov\u00e1vel. Douglas Costa, para mim, hoje em dia \u00e9 uma cilada. Tecnicamente \u00e9 um jogador brilhante, mas que tem sofrido com seguidos problemas por contus\u00f5es e, o que \u00e9 pior, teve um comportamento extremamente antiprofissional no Gr\u00eamio. Vamos lembrar do Gr\u00eamio brigando para n\u00e3o cair e ele marcando festa de casamento. Ent\u00e3o, realmente, eu acho que se o Flamengo for atr\u00e1s do Douglas Costa, ao inv\u00e9s de uma solu\u00e7\u00e3o ele vai arrumar um problema<\/em>, disse.<\/p>\n\n\n\n<h2 class=\"wp-block-heading\" id=\"h-vestibular-para-vitor-pereira\">Vestibular para Vitor Pereira<\/h2>\n\n\n\n<p><em>\u2014 O Vitor Pereira vai ter que ter a sapi\u00eancia que nem o Domen\u00e8c Torrent nem o Paulo Sousa tiveram. Os dois meteram os p\u00e9s pelas m\u00e3os, por que quiseram botar o Flamengo para jogar da maneira deles, esquecendo que o Flamengo j\u00e1 tinha uma maneira de jogar. Esse time atual, que o Dorival conseguiu juntar o Pedro e o Gabigol, ele precisa, pelo menos no come\u00e7o da temporada, jogar assim. Depois, mudar ao longo da temporada, \u00e9 natural. Se o Vitor Pereira conseguir bons resultados. Por que isso a\u00ed j\u00e1 vai ser vestibular, hein? Por que se perde a Supercopa do Brasil, o Mundial, que \u00e9 aceit\u00e1vel desde que fa\u00e7a um bom papel, e a Recopa, o Vitor Pereira j\u00e1 come\u00e7a a temporada com a cabe\u00e7a na guilhotina<\/em>, disse RMP.<\/p>\n\n\n\n<figure class=\"wp-block-image size-large\"><img loading=\"lazy\" decoding=\"async\" width=\"1024\" height=\"576\" src=\"https:\/\/www.gaveanews.com\/wp-content\/uploads\/Douglas-Costa-em-acao-pelo-Gremio-1024x576.webp\" alt=\"\" class=\"wp-image-73360\" srcset=\"https:\/\/www.gaveanews.com\/wp-content\/uploads\/Douglas-Costa-em-acao-pelo-Gremio-1024x576.webp 1024w, https:\/\/www.gaveanews.com\/wp-content\/uploads\/Douglas-Costa-em-acao-pelo-Gremio-300x169.webp 300w, https:\/\/www.gaveanews.com\/wp-content\/uploads\/Douglas-Costa-em-acao-pelo-Gremio-768x432.webp 768w, https:\/\/www.gaveanews.com\/wp-content\/uploads\/Douglas-Costa-em-acao-pelo-Gremio-747x420.webp 747w, https:\/\/www.gaveanews.com\/wp-content\/uploads\/Douglas-Costa-em-acao-pelo-Gremio-640x360.webp 640w, https:\/\/www.gaveanews.com\/wp-content\/uploads\/Douglas-Costa-em-acao-pelo-Gremio-681x383.webp 681w, https:\/\/www.gaveanews.com\/wp-content\/uploads\/Douglas-Costa-em-acao-pelo-Gremio-100x56.webp 100w, https:\/\/www.gaveanews.com\/wp-content\/uploads\/Douglas-Costa-em-acao-pelo-Gremio.webp 1200w\" sizes=\"auto, (max-width: 1024px) 100vw, 1024px\" \/><figcaption class=\"wp-element-caption\">Douglas Costa em a\u00e7\u00e3o pelo Gr\u00eamio (Foto: Lucas Uebel\/Gr\u00eamio FBPA)<\/figcaption><\/figure>\n\n\n\n<p>Retirado de: UOL<\/p>\n","protected":false},"excerpt":{"rendered":"<p>O nome de Douglas Costa tem sido ligado a especula\u00e7\u00f5es como poss\u00edvel refor\u00e7o do Flamengo, com o pr\u00f3prio jogador dizendo que escolheria o time rubro-negro. Para o comentarista Renato Maur\u00edcio Prado, a chegada do jogador seria um erro para o time carioca. \u2014 Pode ser que eu queime a minha l\u00edngua, mas acho bem pouco [&hellip;]<\/p>\n","protected":false},"author":1,"featured_media":75887,"comment_status":"open","ping_status":"closed","sticky":false,"template":"","format":"standard","meta":{"footnotes":""},"categories":[1],"tags":[],"class_list":["post-92380","post","type-post","status-publish","format-standard","has-post-thumbnail","hentry","category-flamengo"],"yoast_head":"<!-- This site is optimized with the Yoast SEO Premium plugin v24.2 (Yoast SEO v26.9) - https:\/\/yoast.com\/product\/yoast-seo-premium-wordpress\/ -->\n<title>Comentarista aponta seguidas contus\u00f5es e reprova poss\u00edvel refor\u00e7o do Flamengo<\/title>\n<meta name=\"description\" content=\"Nos bastidores, a diretoria do time do Flamengo segue se movimentando para acertar a chegada de novos refor\u00e7os.\" \/>\n<meta name=\"robots\" content=\"index, follow, max-snippet:-1, max-image-preview:large, max-video-preview:-1\" \/>\n<link rel=\"canonical\" href=\"https:\/\/www.gaveanews.com\/index.php\/2022\/12\/22\/comentarista-aponta-seguidas-contusoes-e-reprova-possivel-reforco-do-flamengo\/\" \/>\n<meta property=\"og:locale\" content=\"pt_BR\" \/>\n<meta property=\"og:type\" content=\"article\" \/>\n<meta property=\"og:title\" content=\"Comentarista aponta seguidas contus\u00f5es e reprova poss\u00edvel refor\u00e7o do Flamengo\" \/>\n<meta property=\"og:description\" content=\"Nos bastidores, a diretoria do time do Flamengo segue se movimentando para acertar a chegada de novos refor\u00e7os.\" \/>\n<meta property=\"og:url\" content=\"https:\/\/www.gaveanews.com\/index.php\/2022\/12\/22\/comentarista-aponta-seguidas-contusoes-e-reprova-possivel-reforco-do-flamengo\/\" \/>\n<meta property=\"og:site_name\" content=\"G\u00e1vea News\" \/>\n<meta property=\"article:publisher\" content=\"https:\/\/facebook.com\/gaveaNews\/\" \/>\n<meta property=\"article:published_time\" content=\"2022-12-22T15:39:46+00:00\" \/>\n<meta property=\"article:modified_time\" content=\"2022-12-22T15:39:49+00:00\" \/>\n<meta property=\"og:image\" content=\"https:\/\/www.gaveanews.com\/wp-content\/uploads\/Marcos-Braz-em-entrevista-no-CT-do-Flamengo.webp\" \/>\n\t<meta property=\"og:image:width\" content=\"799\" \/>\n\t<meta property=\"og:image:height\" content=\"533\" \/>\n\t<meta property=\"og:image:type\" content=\"image\/jpeg\" \/>\n<meta name=\"author\" content=\"Equipe G\u00e1vea News\" \/>\n<meta name=\"twitter:card\" content=\"summary_large_image\" \/>\n<meta name=\"twitter:label1\" content=\"Escrito por\" \/>\n\t<meta name=\"twitter:data1\" content=\"Equipe G\u00e1vea News\" \/>\n\t<meta name=\"twitter:label2\" content=\"Est. tempo de leitura\" \/>\n\t<meta name=\"twitter:data2\" content=\"2 minutos\" \/>\n<script type=\"application\/ld+json\" class=\"yoast-schema-graph\">{\"@context\":\"https:\/\/schema.org\",\"@graph\":[{\"@type\":\"NewsArticle\",\"@id\":\"https:\/\/www.gaveanews.com\/index.php\/2022\/12\/22\/comentarista-aponta-seguidas-contusoes-e-reprova-possivel-reforco-do-flamengo\/#article\",\"isPartOf\":{\"@id\":\"https:\/\/www.gaveanews.com\/index.php\/2022\/12\/22\/comentarista-aponta-seguidas-contusoes-e-reprova-possivel-reforco-do-flamengo\/\"},\"author\":{\"name\":\"Equipe G\u00e1vea News\",\"@id\":\"https:\/\/www.gaveanews.com\/#\/schema\/person\/2ec14f73fb96be2caf28f91afb14749d\"},\"headline\":\"Comentarista aponta seguidas contus\u00f5es e reprova poss\u00edvel refor\u00e7o do Flamengo\",\"datePublished\":\"2022-12-22T15:39:46+00:00\",\"dateModified\":\"2022-12-22T15:39:49+00:00\",\"mainEntityOfPage\":{\"@id\":\"https:\/\/www.gaveanews.com\/index.php\/2022\/12\/22\/comentarista-aponta-seguidas-contusoes-e-reprova-possivel-reforco-do-flamengo\/\"},\"wordCount\":312,\"commentCount\":0,\"image\":{\"@id\":\"https:\/\/www.gaveanews.com\/index.php\/2022\/12\/22\/comentarista-aponta-seguidas-contusoes-e-reprova-possivel-reforco-do-flamengo\/#primaryimage\"},\"thumbnailUrl\":\"https:\/\/www.gaveanews.com\/wp-content\/uploads\/Marcos-Braz-em-entrevista-no-CT-do-Flamengo.webp\",\"articleSection\":[\"Flamengo\"],\"inLanguage\":\"pt-BR\",\"potentialAction\":[{\"@type\":\"CommentAction\",\"name\":\"Comment\",\"target\":[\"https:\/\/www.gaveanews.com\/index.php\/2022\/12\/22\/comentarista-aponta-seguidas-contusoes-e-reprova-possivel-reforco-do-flamengo\/#respond\"]}],\"copyrightYear\":\"2022\",\"copyrightHolder\":{\"@id\":\"https:\/\/www.gaveanews.com\/#organization\"}},{\"@type\":\"WebPage\",\"@id\":\"https:\/\/www.gaveanews.com\/index.php\/2022\/12\/22\/comentarista-aponta-seguidas-contusoes-e-reprova-possivel-reforco-do-flamengo\/\",\"url\":\"https:\/\/www.gaveanews.com\/index.php\/2022\/12\/22\/comentarista-aponta-seguidas-contusoes-e-reprova-possivel-reforco-do-flamengo\/\",\"name\":\"Comentarista aponta seguidas contus\u00f5es e reprova poss\u00edvel refor\u00e7o do Flamengo\",\"isPartOf\":{\"@id\":\"https:\/\/www.gaveanews.com\/#website\"},\"primaryImageOfPage\":{\"@id\":\"https:\/\/www.gaveanews.com\/index.php\/2022\/12\/22\/comentarista-aponta-seguidas-contusoes-e-reprova-possivel-reforco-do-flamengo\/#primaryimage\"},\"image\":{\"@id\":\"https:\/\/www.gaveanews.com\/index.php\/2022\/12\/22\/comentarista-aponta-seguidas-contusoes-e-reprova-possivel-reforco-do-flamengo\/#primaryimage\"},\"thumbnailUrl\":\"https:\/\/www.gaveanews.com\/wp-content\/uploads\/Marcos-Braz-em-entrevista-no-CT-do-Flamengo.webp\",\"datePublished\":\"2022-12-22T15:39:46+00:00\",\"dateModified\":\"2022-12-22T15:39:49+00:00\",\"author\":{\"@id\":\"https:\/\/www.gaveanews.com\/#\/schema\/person\/2ec14f73fb96be2caf28f91afb14749d\"},\"description\":\"Nos bastidores, a diretoria do time do Flamengo segue se movimentando para acertar a chegada de novos refor\u00e7os.\",\"breadcrumb\":{\"@id\":\"https:\/\/www.gaveanews.com\/index.php\/2022\/12\/22\/comentarista-aponta-seguidas-contusoes-e-reprova-possivel-reforco-do-flamengo\/#breadcrumb\"},\"inLanguage\":\"pt-BR\",\"potentialAction\":[{\"@type\":\"ReadAction\",\"target\":[\"https:\/\/www.gaveanews.com\/index.php\/2022\/12\/22\/comentarista-aponta-seguidas-contusoes-e-reprova-possivel-reforco-do-flamengo\/\"]}]},{\"@type\":\"ImageObject\",\"inLanguage\":\"pt-BR\",\"@id\":\"https:\/\/www.gaveanews.com\/index.php\/2022\/12\/22\/comentarista-aponta-seguidas-contusoes-e-reprova-possivel-reforco-do-flamengo\/#primaryimage\",\"url\":\"https:\/\/www.gaveanews.com\/wp-content\/uploads\/Marcos-Braz-em-entrevista-no-CT-do-Flamengo.webp\",\"contentUrl\":\"https:\/\/www.gaveanews.com\/wp-content\/uploads\/Marcos-Braz-em-entrevista-no-CT-do-Flamengo.webp\",\"width\":799,\"height\":533,\"caption\":\"Marcos Braz em entrevista no CT do Flamengo (Foto: Gilvan de Souza\/Flamengo)\"},{\"@type\":\"BreadcrumbList\",\"@id\":\"https:\/\/www.gaveanews.com\/index.php\/2022\/12\/22\/comentarista-aponta-seguidas-contusoes-e-reprova-possivel-reforco-do-flamengo\/#breadcrumb\",\"itemListElement\":[{\"@type\":\"ListItem\",\"position\":1,\"name\":\"Home\",\"item\":\"https:\/\/www.gaveanews.com\/\"},{\"@type\":\"ListItem\",\"position\":2,\"name\":\"Comentarista aponta seguidas contus\u00f5es e reprova poss\u00edvel refor\u00e7o do Flamengo\"}]},{\"@type\":\"WebSite\",\"@id\":\"https:\/\/www.gaveanews.com\/#website\",\"url\":\"https:\/\/www.gaveanews.com\/\",\"name\":\"G\u00e1vea News\",\"description\":\"Veja todas as not\u00edcias sobre o Flamengo: Contrata\u00e7\u00f5es, categorias de base, resultados das partidas, tabela de classifica\u00e7\u00e3o, pr\u00f3ximos jogos!\",\"potentialAction\":[{\"@type\":\"SearchAction\",\"target\":{\"@type\":\"EntryPoint\",\"urlTemplate\":\"https:\/\/www.gaveanews.com\/?s={search_term_string}\"},\"query-input\":{\"@type\":\"PropertyValueSpecification\",\"valueRequired\":true,\"valueName\":\"search_term_string\"}}],\"inLanguage\":\"pt-BR\"},{\"@type\":\"Person\",\"@id\":\"https:\/\/www.gaveanews.com\/#\/schema\/person\/2ec14f73fb96be2caf28f91afb14749d\",\"name\":\"Equipe G\u00e1vea News\",\"image\":{\"@type\":\"ImageObject\",\"inLanguage\":\"pt-BR\",\"@id\":\"https:\/\/www.gaveanews.com\/#\/schema\/person\/image\/\",\"url\":\"https:\/\/secure.gravatar.com\/avatar\/1e1956f1facbffd3f8fa53a326721950116b3b9dc9bd44939c01180fd4a745a9?s=96&d=mm&r=g\",\"contentUrl\":\"https:\/\/secure.gravatar.com\/avatar\/1e1956f1facbffd3f8fa53a326721950116b3b9dc9bd44939c01180fd4a745a9?s=96&d=mm&r=g\",\"caption\":\"Equipe G\u00e1vea News\"}}]}<\/script>\n<!-- \/ Yoast SEO Premium plugin. -->","yoast_head_json":{"title":"Comentarista aponta seguidas contus\u00f5es e reprova poss\u00edvel refor\u00e7o do Flamengo","description":"Nos bastidores, a diretoria do time do Flamengo segue se movimentando para acertar a chegada de novos refor\u00e7os.","robots":{"index":"index","follow":"follow","max-snippet":"max-snippet:-1","max-image-preview":"max-image-preview:large","max-video-preview":"max-video-preview:-1"},"canonical":"https:\/\/www.gaveanews.com\/index.php\/2022\/12\/22\/comentarista-aponta-seguidas-contusoes-e-reprova-possivel-reforco-do-flamengo\/","og_locale":"pt_BR","og_type":"article","og_title":"Comentarista aponta seguidas contus\u00f5es e reprova poss\u00edvel refor\u00e7o do Flamengo","og_description":"Nos bastidores, a diretoria do time do Flamengo segue se movimentando para acertar a chegada de novos refor\u00e7os.","og_url":"https:\/\/www.gaveanews.com\/index.php\/2022\/12\/22\/comentarista-aponta-seguidas-contusoes-e-reprova-possivel-reforco-do-flamengo\/","og_site_name":"G\u00e1vea News","article_publisher":"https:\/\/facebook.com\/gaveaNews\/","article_published_time":"2022-12-22T15:39:46+00:00","article_modified_time":"2022-12-22T15:39:49+00:00","og_image":[{"width":799,"height":533,"url":"https:\/\/www.gaveanews.com\/wp-content\/uploads\/Marcos-Braz-em-entrevista-no-CT-do-Flamengo.webp","type":"image\/jpeg"}],"author":"Equipe G\u00e1vea News","twitter_card":"summary_large_image","twitter_misc":{"Escrito por":"Equipe G\u00e1vea News","Est. tempo de leitura":"2 minutos"},"schema":{"@context":"https:\/\/schema.org","@graph":[{"@type":"NewsArticle","@id":"https:\/\/www.gaveanews.com\/index.php\/2022\/12\/22\/comentarista-aponta-seguidas-contusoes-e-reprova-possivel-reforco-do-flamengo\/#article","isPartOf":{"@id":"https:\/\/www.gaveanews.com\/index.php\/2022\/12\/22\/comentarista-aponta-seguidas-contusoes-e-reprova-possivel-reforco-do-flamengo\/"},"author":{"name":"Equipe G\u00e1vea News","@id":"https:\/\/www.gaveanews.com\/#\/schema\/person\/2ec14f73fb96be2caf28f91afb14749d"},"headline":"Comentarista aponta seguidas contus\u00f5es e reprova poss\u00edvel refor\u00e7o do Flamengo","datePublished":"2022-12-22T15:39:46+00:00","dateModified":"2022-12-22T15:39:49+00:00","mainEntityOfPage":{"@id":"https:\/\/www.gaveanews.com\/index.php\/2022\/12\/22\/comentarista-aponta-seguidas-contusoes-e-reprova-possivel-reforco-do-flamengo\/"},"wordCount":312,"commentCount":0,"image":{"@id":"https:\/\/www.gaveanews.com\/index.php\/2022\/12\/22\/comentarista-aponta-seguidas-contusoes-e-reprova-possivel-reforco-do-flamengo\/#primaryimage"},"thumbnailUrl":"https:\/\/www.gaveanews.com\/wp-content\/uploads\/Marcos-Braz-em-entrevista-no-CT-do-Flamengo.webp","articleSection":["Flamengo"],"inLanguage":"pt-BR","potentialAction":[{"@type":"CommentAction","name":"Comment","target":["https:\/\/www.gaveanews.com\/index.php\/2022\/12\/22\/comentarista-aponta-seguidas-contusoes-e-reprova-possivel-reforco-do-flamengo\/#respond"]}],"copyrightYear":"2022","copyrightHolder":{"@id":"https:\/\/www.gaveanews.com\/#organization"}},{"@type":"WebPage","@id":"https:\/\/www.gaveanews.com\/index.php\/2022\/12\/22\/comentarista-aponta-seguidas-contusoes-e-reprova-possivel-reforco-do-flamengo\/","url":"https:\/\/www.gaveanews.com\/index.php\/2022\/12\/22\/comentarista-aponta-seguidas-contusoes-e-reprova-possivel-reforco-do-flamengo\/","name":"Comentarista aponta seguidas contus\u00f5es e reprova poss\u00edvel refor\u00e7o do Flamengo","isPartOf":{"@id":"https:\/\/www.gaveanews.com\/#website"},"primaryImageOfPage":{"@id":"https:\/\/www.gaveanews.com\/index.php\/2022\/12\/22\/comentarista-aponta-seguidas-contusoes-e-reprova-possivel-reforco-do-flamengo\/#primaryimage"},"image":{"@id":"https:\/\/www.gaveanews.com\/index.php\/2022\/12\/22\/comentarista-aponta-seguidas-contusoes-e-reprova-possivel-reforco-do-flamengo\/#primaryimage"},"thumbnailUrl":"https:\/\/www.gaveanews.com\/wp-content\/uploads\/Marcos-Braz-em-entrevista-no-CT-do-Flamengo.webp","datePublished":"2022-12-22T15:39:46+00:00","dateModified":"2022-12-22T15:39:49+00:00","author":{"@id":"https:\/\/www.gaveanews.com\/#\/schema\/person\/2ec14f73fb96be2caf28f91afb14749d"},"description":"Nos bastidores, a diretoria do time do Flamengo segue se movimentando para acertar a chegada de novos refor\u00e7os.","breadcrumb":{"@id":"https:\/\/www.gaveanews.com\/index.php\/2022\/12\/22\/comentarista-aponta-seguidas-contusoes-e-reprova-possivel-reforco-do-flamengo\/#breadcrumb"},"inLanguage":"pt-BR","potentialAction":[{"@type":"ReadAction","target":["https:\/\/www.gaveanews.com\/index.php\/2022\/12\/22\/comentarista-aponta-seguidas-contusoes-e-reprova-possivel-reforco-do-flamengo\/"]}]},{"@type":"ImageObject","inLanguage":"pt-BR","@id":"https:\/\/www.gaveanews.com\/index.php\/2022\/12\/22\/comentarista-aponta-seguidas-contusoes-e-reprova-possivel-reforco-do-flamengo\/#primaryimage","url":"https:\/\/www.gaveanews.com\/wp-content\/uploads\/Marcos-Braz-em-entrevista-no-CT-do-Flamengo.webp","contentUrl":"https:\/\/www.gaveanews.com\/wp-content\/uploads\/Marcos-Braz-em-entrevista-no-CT-do-Flamengo.webp","width":799,"height":533,"caption":"Marcos Braz em entrevista no CT do Flamengo (Foto: Gilvan de Souza\/Flamengo)"},{"@type":"BreadcrumbList","@id":"https:\/\/www.gaveanews.com\/index.php\/2022\/12\/22\/comentarista-aponta-seguidas-contusoes-e-reprova-possivel-reforco-do-flamengo\/#breadcrumb","itemListElement":[{"@type":"ListItem","position":1,"name":"Home","item":"https:\/\/www.gaveanews.com\/"},{"@type":"ListItem","position":2,"name":"Comentarista aponta seguidas contus\u00f5es e reprova poss\u00edvel refor\u00e7o do Flamengo"}]},{"@type":"WebSite","@id":"https:\/\/www.gaveanews.com\/#website","url":"https:\/\/www.gaveanews.com\/","name":"G\u00e1vea News","description":"Veja todas as not\u00edcias sobre o Flamengo: Contrata\u00e7\u00f5es, categorias de base, resultados das partidas, tabela de classifica\u00e7\u00e3o, pr\u00f3ximos jogos!","potentialAction":[{"@type":"SearchAction","target":{"@type":"EntryPoint","urlTemplate":"https:\/\/www.gaveanews.com\/?s={search_term_string}"},"query-input":{"@type":"PropertyValueSpecification","valueRequired":true,"valueName":"search_term_string"}}],"inLanguage":"pt-BR"},{"@type":"Person","@id":"https:\/\/www.gaveanews.com\/#\/schema\/person\/2ec14f73fb96be2caf28f91afb14749d","name":"Equipe G\u00e1vea News","image":{"@type":"ImageObject","inLanguage":"pt-BR","@id":"https:\/\/www.gaveanews.com\/#\/schema\/person\/image\/","url":"https:\/\/secure.gravatar.com\/avatar\/1e1956f1facbffd3f8fa53a326721950116b3b9dc9bd44939c01180fd4a745a9?s=96&d=mm&r=g","contentUrl":"https:\/\/secure.gravatar.com\/avatar\/1e1956f1facbffd3f8fa53a326721950116b3b9dc9bd44939c01180fd4a745a9?s=96&d=mm&r=g","caption":"Equipe G\u00e1vea News"}}]}},"_links":{"self":[{"href":"https:\/\/www.gaveanews.com\/index.php\/wp-json\/wp\/v2\/posts\/92380","targetHints":{"allow":["GET"]}}],"collection":[{"href":"https:\/\/www.gaveanews.com\/index.php\/wp-json\/wp\/v2\/posts"}],"about":[{"href":"https:\/\/www.gaveanews.com\/index.php\/wp-json\/wp\/v2\/types\/post"}],"author":[{"embeddable":true,"href":"https:\/\/www.gaveanews.com\/index.php\/wp-json\/wp\/v2\/users\/1"}],"replies":[{"embeddable":true,"href":"https:\/\/www.gaveanews.com\/index.php\/wp-json\/wp\/v2\/comments?post=92380"}],"version-history":[{"count":0,"href":"https:\/\/www.gaveanews.com\/index.php\/wp-json\/wp\/v2\/posts\/92380\/revisions"}],"wp:featuredmedia":[{"embeddable":true,"href":"https:\/\/www.gaveanews.com\/index.php\/wp-json\/wp\/v2\/media\/75887"}],"wp:attachment":[{"href":"https:\/\/www.gaveanews.com\/index.php\/wp-json\/wp\/v2\/media?parent=92380"}],"wp:term":[{"taxonomy":"category","embeddable":true,"href":"https:\/\/www.gaveanews.com\/index.php\/wp-json\/wp\/v2\/categories?post=92380"},{"taxonomy":"post_tag","embeddable":true,"href":"https:\/\/www.gaveanews.com\/index.php\/wp-json\/wp\/v2\/tags?post=92380"}],"curies":[{"name":"wp","href":"https:\/\/api.w.org\/{rel}","templated":true}]}}