{"id":92396,"date":"2022-12-22T19:29:44","date_gmt":"2022-12-22T22:29:44","guid":{"rendered":"https:\/\/www.gaveanews.com\/?p=92396"},"modified":"2022-12-22T19:29:46","modified_gmt":"2022-12-22T22:29:46","slug":"meia-do-flamengo-ira-jogar-o-jogo-das-estrelas-organizado-por-zico-no-maracana","status":"publish","type":"post","link":"https:\/\/www.gaveanews.com\/index.php\/2022\/12\/22\/meia-do-flamengo-ira-jogar-o-jogo-das-estrelas-organizado-por-zico-no-maracana\/","title":{"rendered":"Meia do Flamengo ir\u00e1 jogar o Jogo das Estrelas organizado por Zico no Maracan\u00e3"},"content":{"rendered":"\n<p>Um dos \u00edcones do time do Flamengo, o meio-campista Everton Ribeiro confirmou presen\u00e7a na 18\u00aa edi\u00e7\u00e3o do Jogo das Estrelas, no Maracan\u00e3. O camisa 7 do Rubro-Negro se junta a outros nomes do futebol barreleiro para o evento beneficente promovido por Zico.<\/p>\n\n\n\n<p>O jogador que esteve entres os convocados do t\u00e9cnico Tite para a Copa do Mundo, no Qatar. Antes do in\u00edcio da partida Everton, juntante com o uruguaio Arrascaeta, ser\u00e1 homenageado pela grande temporada pelo Flamengo, com o intuito de brindar a parte rubro-negra do p\u00fablico que estar\u00e1 no est\u00e1dio.<\/p>\n\n\n\n<p><em>\u2014 \u00c9 uma grande honra participar dessa festa do futebol brasileiro. J\u00e1 fui convidado algumas vezes e n\u00e3o poderia ficar de fora desta edi\u00e7\u00e3o. Agora, tenho o meu pr\u00f3prio projeto social, o Craque do Amanh\u00e3, e consigo acompanhar e perceber o quanto atitudes como essa podem fazer a diferen\u00e7a na vida dos jovens. O Zico \u00e9 um \u00eddolo n\u00e3o s\u00f3 da Na\u00e7\u00e3o, mas do mundo. No dia 28 estaremos juntos novamente no Maracan\u00e3 &#8211; <\/em>disse Everton Ribeiro. O atleta volta ao famoso jogo de Zico, ap\u00f3s ter participado em 2018 e 2019.<\/p>\n\n\n\n<h2 class=\"wp-block-heading\" id=\"h-nomes-confirmados\">Nomes confirmados<\/h2>\n\n\n\n<p>ER7 se junta a craques de distintas gera\u00e7\u00f5es. Do gol ao ataque, s\u00e3o eles: Arrascateta, Carlos Germano, Gabriel, L\u00e9o Moura, Gilberto, Z\u00e9 Roberto, Juan, Lugano, Mozer, Aldair, Mauro Galv\u00e3o, Ronaldo Angelim, Ded\u00e9, Fernando, J\u00fanior, Andrade, Ad\u00edlio, Luisinho Quintanilha, Carlos Alberto Santos, Magr\u00e3o, Mauro Silva, Elias, Richarlyson, Diego Ribas, Petkovic, Ramon, Tita, L\u00facio Fl\u00e1vio, Adriano Imperador, Nunes, Jardel, Dod\u00f4, Grafite, Hernane Brocador, Bruno Mendes, S\u00e1vio, Z\u00e9 Roberto, Alex Dias, Endrick, Jeffinho e Marcos Paulo.<\/p>\n\n\n\n<h2 class=\"wp-block-heading\">Programa\u00e7\u00e3o<\/h2>\n\n\n\n<p>A 18\u00aa edi\u00e7\u00e3o do Jogo das Estrelas ser\u00e1 disputada no dia 28 de dezembro, quarta-feira, \u00e0s 20h30. Os port\u00f5es do Maracan\u00e3 ser\u00e3o abertos \u00e0s 16h para o p\u00fablico. \u00c0s 18h ser\u00e1 disputado o &#8220;Jogo dos Artistas&#8221;, com famosos e celebridades. O cantor Diogo Nogueira far\u00e1 um show de abertura.<\/p>\n\n\n\n<p>Os ingressos est\u00e3o \u00e0 venda pelo site <a href=\"https:\/\/jogodasestrelas.eleventickets.com\/\">jogodasestrelas.eleventickets.com<\/a>. Os setores Sul (N\u00edvel 2) e Norte (N\u00edveis 1 e 2) s\u00e3o os que t\u00eam cadeiras populares a R$ 40, com meia-entrada a R$ 20. J\u00e1 os bilhetes para o setor Leste Inferior custam R$ 60 e para o Oeste Inferior saem a R$ 80, todos eles com meia-entrada. Com o andamento das vendas, mais tarde ser\u00e3o abertos para comercializa\u00e7\u00e3o os N\u00edveis 5 dos setores Sul e Norte, al\u00e9m da Leste Superior. No est\u00e1dio, vendas s\u00f3 nos dias 23, 26 e 27 (bilheteria 2), das 10h \u00e0s 17h, e dia 28 (bilheteria 1).<\/p>\n\n\n\n<p>Retirado de: Lance<\/p>\n","protected":false},"excerpt":{"rendered":"<p>Um dos \u00edcones do time do Flamengo, o meio-campista Everton Ribeiro confirmou presen\u00e7a na 18\u00aa edi\u00e7\u00e3o do Jogo das Estrelas, no Maracan\u00e3. O camisa 7 do Rubro-Negro se junta a outros nomes do futebol barreleiro para o evento beneficente promovido por Zico. O jogador que esteve entres os convocados do t\u00e9cnico Tite para a Copa [&hellip;]<\/p>\n","protected":false},"author":1,"featured_media":15070,"comment_status":"open","ping_status":"closed","sticky":false,"template":"","format":"standard","meta":{"footnotes":""},"categories":[1],"tags":[],"class_list":["post-92396","post","type-post","status-publish","format-standard","has-post-thumbnail","hentry","category-flamengo"],"yoast_head":"<!-- This site is optimized with the Yoast SEO Premium plugin v24.2 (Yoast SEO v26.9) - https:\/\/yoast.com\/product\/yoast-seo-premium-wordpress\/ -->\n<title>Meia do Flamengo ir\u00e1 jogar o Jogo das Estrelas organizado por Zico no Maracan\u00e3<\/title>\n<meta name=\"robots\" content=\"index, follow, max-snippet:-1, max-image-preview:large, max-video-preview:-1\" \/>\n<link rel=\"canonical\" href=\"https:\/\/www.gaveanews.com\/index.php\/2022\/12\/22\/meia-do-flamengo-ira-jogar-o-jogo-das-estrelas-organizado-por-zico-no-maracana\/\" \/>\n<meta property=\"og:locale\" content=\"pt_BR\" \/>\n<meta property=\"og:type\" content=\"article\" \/>\n<meta property=\"og:title\" content=\"Meia do Flamengo ir\u00e1 jogar o Jogo das Estrelas organizado por Zico no Maracan\u00e3\" \/>\n<meta property=\"og:description\" content=\"Um dos \u00edcones do time do Flamengo, o meio-campista Everton Ribeiro confirmou presen\u00e7a na 18\u00aa edi\u00e7\u00e3o do Jogo das Estrelas, no Maracan\u00e3. O camisa 7 do Rubro-Negro se junta a outros nomes do futebol barreleiro para o evento beneficente promovido por Zico. O jogador que esteve entres os convocados do t\u00e9cnico Tite para a Copa [&hellip;]\" \/>\n<meta property=\"og:url\" content=\"https:\/\/www.gaveanews.com\/index.php\/2022\/12\/22\/meia-do-flamengo-ira-jogar-o-jogo-das-estrelas-organizado-por-zico-no-maracana\/\" \/>\n<meta property=\"og:site_name\" content=\"G\u00e1vea News\" \/>\n<meta property=\"article:publisher\" content=\"https:\/\/facebook.com\/gaveaNews\/\" \/>\n<meta property=\"article:published_time\" content=\"2022-12-22T22:29:44+00:00\" \/>\n<meta property=\"article:modified_time\" content=\"2022-12-22T22:29:46+00:00\" \/>\n<meta property=\"og:image\" content=\"https:\/\/www.gaveanews.com\/wp-content\/uploads\/2019\/03\/Zico-acena-para-os-torcedores-do-Flamengo-durante-partida-no-Maracana.webp\" \/>\n\t<meta property=\"og:image:width\" content=\"1\" \/>\n\t<meta property=\"og:image:height\" content=\"1\" \/>\n\t<meta property=\"og:image:type\" content=\"image\/jpeg\" \/>\n<meta name=\"author\" content=\"Equipe G\u00e1vea News\" \/>\n<meta name=\"twitter:card\" content=\"summary_large_image\" \/>\n<meta name=\"twitter:label1\" content=\"Escrito por\" \/>\n\t<meta name=\"twitter:data1\" content=\"Equipe G\u00e1vea News\" \/>\n\t<meta name=\"twitter:label2\" content=\"Est. tempo de leitura\" \/>\n\t<meta name=\"twitter:data2\" content=\"3 minutos\" \/>\n<script type=\"application\/ld+json\" class=\"yoast-schema-graph\">{\"@context\":\"https:\/\/schema.org\",\"@graph\":[{\"@type\":\"NewsArticle\",\"@id\":\"https:\/\/www.gaveanews.com\/index.php\/2022\/12\/22\/meia-do-flamengo-ira-jogar-o-jogo-das-estrelas-organizado-por-zico-no-maracana\/#article\",\"isPartOf\":{\"@id\":\"https:\/\/www.gaveanews.com\/index.php\/2022\/12\/22\/meia-do-flamengo-ira-jogar-o-jogo-das-estrelas-organizado-por-zico-no-maracana\/\"},\"author\":{\"name\":\"Equipe G\u00e1vea News\",\"@id\":\"https:\/\/www.gaveanews.com\/#\/schema\/person\/2ec14f73fb96be2caf28f91afb14749d\"},\"headline\":\"Meia do Flamengo ir\u00e1 jogar o Jogo das Estrelas organizado por Zico no Maracan\u00e3\",\"datePublished\":\"2022-12-22T22:29:44+00:00\",\"dateModified\":\"2022-12-22T22:29:46+00:00\",\"mainEntityOfPage\":{\"@id\":\"https:\/\/www.gaveanews.com\/index.php\/2022\/12\/22\/meia-do-flamengo-ira-jogar-o-jogo-das-estrelas-organizado-por-zico-no-maracana\/\"},\"wordCount\":441,\"commentCount\":0,\"image\":{\"@id\":\"https:\/\/www.gaveanews.com\/index.php\/2022\/12\/22\/meia-do-flamengo-ira-jogar-o-jogo-das-estrelas-organizado-por-zico-no-maracana\/#primaryimage\"},\"thumbnailUrl\":\"https:\/\/www.gaveanews.com\/wp-content\/uploads\/2019\/03\/Zico-acena-para-os-torcedores-do-Flamengo-durante-partida-no-Maracana.webp\",\"articleSection\":[\"Flamengo\"],\"inLanguage\":\"pt-BR\",\"potentialAction\":[{\"@type\":\"CommentAction\",\"name\":\"Comment\",\"target\":[\"https:\/\/www.gaveanews.com\/index.php\/2022\/12\/22\/meia-do-flamengo-ira-jogar-o-jogo-das-estrelas-organizado-por-zico-no-maracana\/#respond\"]}],\"copyrightYear\":\"2022\",\"copyrightHolder\":{\"@id\":\"https:\/\/www.gaveanews.com\/#organization\"}},{\"@type\":\"WebPage\",\"@id\":\"https:\/\/www.gaveanews.com\/index.php\/2022\/12\/22\/meia-do-flamengo-ira-jogar-o-jogo-das-estrelas-organizado-por-zico-no-maracana\/\",\"url\":\"https:\/\/www.gaveanews.com\/index.php\/2022\/12\/22\/meia-do-flamengo-ira-jogar-o-jogo-das-estrelas-organizado-por-zico-no-maracana\/\",\"name\":\"Meia do Flamengo ir\u00e1 jogar o Jogo das Estrelas organizado por Zico no Maracan\u00e3\",\"isPartOf\":{\"@id\":\"https:\/\/www.gaveanews.com\/#website\"},\"primaryImageOfPage\":{\"@id\":\"https:\/\/www.gaveanews.com\/index.php\/2022\/12\/22\/meia-do-flamengo-ira-jogar-o-jogo-das-estrelas-organizado-por-zico-no-maracana\/#primaryimage\"},\"image\":{\"@id\":\"https:\/\/www.gaveanews.com\/index.php\/2022\/12\/22\/meia-do-flamengo-ira-jogar-o-jogo-das-estrelas-organizado-por-zico-no-maracana\/#primaryimage\"},\"thumbnailUrl\":\"https:\/\/www.gaveanews.com\/wp-content\/uploads\/2019\/03\/Zico-acena-para-os-torcedores-do-Flamengo-durante-partida-no-Maracana.webp\",\"datePublished\":\"2022-12-22T22:29:44+00:00\",\"dateModified\":\"2022-12-22T22:29:46+00:00\",\"author\":{\"@id\":\"https:\/\/www.gaveanews.com\/#\/schema\/person\/2ec14f73fb96be2caf28f91afb14749d\"},\"breadcrumb\":{\"@id\":\"https:\/\/www.gaveanews.com\/index.php\/2022\/12\/22\/meia-do-flamengo-ira-jogar-o-jogo-das-estrelas-organizado-por-zico-no-maracana\/#breadcrumb\"},\"inLanguage\":\"pt-BR\",\"potentialAction\":[{\"@type\":\"ReadAction\",\"target\":[\"https:\/\/www.gaveanews.com\/index.php\/2022\/12\/22\/meia-do-flamengo-ira-jogar-o-jogo-das-estrelas-organizado-por-zico-no-maracana\/\"]}]},{\"@type\":\"ImageObject\",\"inLanguage\":\"pt-BR\",\"@id\":\"https:\/\/www.gaveanews.com\/index.php\/2022\/12\/22\/meia-do-flamengo-ira-jogar-o-jogo-das-estrelas-organizado-por-zico-no-maracana\/#primaryimage\",\"url\":\"https:\/\/www.gaveanews.com\/wp-content\/uploads\/2019\/03\/Zico-acena-para-os-torcedores-do-Flamengo-durante-partida-no-Maracana.webp\",\"contentUrl\":\"https:\/\/www.gaveanews.com\/wp-content\/uploads\/2019\/03\/Zico-acena-para-os-torcedores-do-Flamengo-durante-partida-no-Maracana.webp\",\"width\":900,\"height\":600,\"caption\":\"Zico acena para os torcedores do Flamengo, durante partida no Maracan\u00e3 (Foto: Alexandre Vidal\/Flamengo)\"},{\"@type\":\"BreadcrumbList\",\"@id\":\"https:\/\/www.gaveanews.com\/index.php\/2022\/12\/22\/meia-do-flamengo-ira-jogar-o-jogo-das-estrelas-organizado-por-zico-no-maracana\/#breadcrumb\",\"itemListElement\":[{\"@type\":\"ListItem\",\"position\":1,\"name\":\"Home\",\"item\":\"https:\/\/www.gaveanews.com\/\"},{\"@type\":\"ListItem\",\"position\":2,\"name\":\"Meia do Flamengo ir\u00e1 jogar o Jogo das Estrelas organizado por Zico no Maracan\u00e3\"}]},{\"@type\":\"WebSite\",\"@id\":\"https:\/\/www.gaveanews.com\/#website\",\"url\":\"https:\/\/www.gaveanews.com\/\",\"name\":\"G\u00e1vea News\",\"description\":\"Veja todas as not\u00edcias sobre o Flamengo: Contrata\u00e7\u00f5es, categorias de base, resultados das partidas, tabela de classifica\u00e7\u00e3o, pr\u00f3ximos jogos!\",\"potentialAction\":[{\"@type\":\"SearchAction\",\"target\":{\"@type\":\"EntryPoint\",\"urlTemplate\":\"https:\/\/www.gaveanews.com\/?s={search_term_string}\"},\"query-input\":{\"@type\":\"PropertyValueSpecification\",\"valueRequired\":true,\"valueName\":\"search_term_string\"}}],\"inLanguage\":\"pt-BR\"},{\"@type\":\"Person\",\"@id\":\"https:\/\/www.gaveanews.com\/#\/schema\/person\/2ec14f73fb96be2caf28f91afb14749d\",\"name\":\"Equipe G\u00e1vea News\",\"image\":{\"@type\":\"ImageObject\",\"inLanguage\":\"pt-BR\",\"@id\":\"https:\/\/www.gaveanews.com\/#\/schema\/person\/image\/\",\"url\":\"https:\/\/secure.gravatar.com\/avatar\/1e1956f1facbffd3f8fa53a326721950116b3b9dc9bd44939c01180fd4a745a9?s=96&d=mm&r=g\",\"contentUrl\":\"https:\/\/secure.gravatar.com\/avatar\/1e1956f1facbffd3f8fa53a326721950116b3b9dc9bd44939c01180fd4a745a9?s=96&d=mm&r=g\",\"caption\":\"Equipe G\u00e1vea News\"}}]}<\/script>\n<!-- \/ Yoast SEO Premium plugin. -->","yoast_head_json":{"title":"Meia do Flamengo ir\u00e1 jogar o Jogo das Estrelas organizado por Zico no Maracan\u00e3","robots":{"index":"index","follow":"follow","max-snippet":"max-snippet:-1","max-image-preview":"max-image-preview:large","max-video-preview":"max-video-preview:-1"},"canonical":"https:\/\/www.gaveanews.com\/index.php\/2022\/12\/22\/meia-do-flamengo-ira-jogar-o-jogo-das-estrelas-organizado-por-zico-no-maracana\/","og_locale":"pt_BR","og_type":"article","og_title":"Meia do Flamengo ir\u00e1 jogar o Jogo das Estrelas organizado por Zico no Maracan\u00e3","og_description":"Um dos \u00edcones do time do Flamengo, o meio-campista Everton Ribeiro confirmou presen\u00e7a na 18\u00aa edi\u00e7\u00e3o do Jogo das Estrelas, no Maracan\u00e3. O camisa 7 do Rubro-Negro se junta a outros nomes do futebol barreleiro para o evento beneficente promovido por Zico. O jogador que esteve entres os convocados do t\u00e9cnico Tite para a Copa [&hellip;]","og_url":"https:\/\/www.gaveanews.com\/index.php\/2022\/12\/22\/meia-do-flamengo-ira-jogar-o-jogo-das-estrelas-organizado-por-zico-no-maracana\/","og_site_name":"G\u00e1vea News","article_publisher":"https:\/\/facebook.com\/gaveaNews\/","article_published_time":"2022-12-22T22:29:44+00:00","article_modified_time":"2022-12-22T22:29:46+00:00","og_image":[{"url":"https:\/\/www.gaveanews.com\/wp-content\/uploads\/2019\/03\/Zico-acena-para-os-torcedores-do-Flamengo-durante-partida-no-Maracana.webp","width":1,"height":1,"type":"image\/jpeg"}],"author":"Equipe G\u00e1vea News","twitter_card":"summary_large_image","twitter_misc":{"Escrito por":"Equipe G\u00e1vea News","Est. tempo de leitura":"3 minutos"},"schema":{"@context":"https:\/\/schema.org","@graph":[{"@type":"NewsArticle","@id":"https:\/\/www.gaveanews.com\/index.php\/2022\/12\/22\/meia-do-flamengo-ira-jogar-o-jogo-das-estrelas-organizado-por-zico-no-maracana\/#article","isPartOf":{"@id":"https:\/\/www.gaveanews.com\/index.php\/2022\/12\/22\/meia-do-flamengo-ira-jogar-o-jogo-das-estrelas-organizado-por-zico-no-maracana\/"},"author":{"name":"Equipe G\u00e1vea News","@id":"https:\/\/www.gaveanews.com\/#\/schema\/person\/2ec14f73fb96be2caf28f91afb14749d"},"headline":"Meia do Flamengo ir\u00e1 jogar o Jogo das Estrelas organizado por Zico no Maracan\u00e3","datePublished":"2022-12-22T22:29:44+00:00","dateModified":"2022-12-22T22:29:46+00:00","mainEntityOfPage":{"@id":"https:\/\/www.gaveanews.com\/index.php\/2022\/12\/22\/meia-do-flamengo-ira-jogar-o-jogo-das-estrelas-organizado-por-zico-no-maracana\/"},"wordCount":441,"commentCount":0,"image":{"@id":"https:\/\/www.gaveanews.com\/index.php\/2022\/12\/22\/meia-do-flamengo-ira-jogar-o-jogo-das-estrelas-organizado-por-zico-no-maracana\/#primaryimage"},"thumbnailUrl":"https:\/\/www.gaveanews.com\/wp-content\/uploads\/2019\/03\/Zico-acena-para-os-torcedores-do-Flamengo-durante-partida-no-Maracana.webp","articleSection":["Flamengo"],"inLanguage":"pt-BR","potentialAction":[{"@type":"CommentAction","name":"Comment","target":["https:\/\/www.gaveanews.com\/index.php\/2022\/12\/22\/meia-do-flamengo-ira-jogar-o-jogo-das-estrelas-organizado-por-zico-no-maracana\/#respond"]}],"copyrightYear":"2022","copyrightHolder":{"@id":"https:\/\/www.gaveanews.com\/#organization"}},{"@type":"WebPage","@id":"https:\/\/www.gaveanews.com\/index.php\/2022\/12\/22\/meia-do-flamengo-ira-jogar-o-jogo-das-estrelas-organizado-por-zico-no-maracana\/","url":"https:\/\/www.gaveanews.com\/index.php\/2022\/12\/22\/meia-do-flamengo-ira-jogar-o-jogo-das-estrelas-organizado-por-zico-no-maracana\/","name":"Meia do Flamengo ir\u00e1 jogar o Jogo das Estrelas organizado por Zico no Maracan\u00e3","isPartOf":{"@id":"https:\/\/www.gaveanews.com\/#website"},"primaryImageOfPage":{"@id":"https:\/\/www.gaveanews.com\/index.php\/2022\/12\/22\/meia-do-flamengo-ira-jogar-o-jogo-das-estrelas-organizado-por-zico-no-maracana\/#primaryimage"},"image":{"@id":"https:\/\/www.gaveanews.com\/index.php\/2022\/12\/22\/meia-do-flamengo-ira-jogar-o-jogo-das-estrelas-organizado-por-zico-no-maracana\/#primaryimage"},"thumbnailUrl":"https:\/\/www.gaveanews.com\/wp-content\/uploads\/2019\/03\/Zico-acena-para-os-torcedores-do-Flamengo-durante-partida-no-Maracana.webp","datePublished":"2022-12-22T22:29:44+00:00","dateModified":"2022-12-22T22:29:46+00:00","author":{"@id":"https:\/\/www.gaveanews.com\/#\/schema\/person\/2ec14f73fb96be2caf28f91afb14749d"},"breadcrumb":{"@id":"https:\/\/www.gaveanews.com\/index.php\/2022\/12\/22\/meia-do-flamengo-ira-jogar-o-jogo-das-estrelas-organizado-por-zico-no-maracana\/#breadcrumb"},"inLanguage":"pt-BR","potentialAction":[{"@type":"ReadAction","target":["https:\/\/www.gaveanews.com\/index.php\/2022\/12\/22\/meia-do-flamengo-ira-jogar-o-jogo-das-estrelas-organizado-por-zico-no-maracana\/"]}]},{"@type":"ImageObject","inLanguage":"pt-BR","@id":"https:\/\/www.gaveanews.com\/index.php\/2022\/12\/22\/meia-do-flamengo-ira-jogar-o-jogo-das-estrelas-organizado-por-zico-no-maracana\/#primaryimage","url":"https:\/\/www.gaveanews.com\/wp-content\/uploads\/2019\/03\/Zico-acena-para-os-torcedores-do-Flamengo-durante-partida-no-Maracana.webp","contentUrl":"https:\/\/www.gaveanews.com\/wp-content\/uploads\/2019\/03\/Zico-acena-para-os-torcedores-do-Flamengo-durante-partida-no-Maracana.webp","width":900,"height":600,"caption":"Zico acena para os torcedores do Flamengo, durante partida no Maracan\u00e3 (Foto: Alexandre Vidal\/Flamengo)"},{"@type":"BreadcrumbList","@id":"https:\/\/www.gaveanews.com\/index.php\/2022\/12\/22\/meia-do-flamengo-ira-jogar-o-jogo-das-estrelas-organizado-por-zico-no-maracana\/#breadcrumb","itemListElement":[{"@type":"ListItem","position":1,"name":"Home","item":"https:\/\/www.gaveanews.com\/"},{"@type":"ListItem","position":2,"name":"Meia do Flamengo ir\u00e1 jogar o Jogo das Estrelas organizado por Zico no Maracan\u00e3"}]},{"@type":"WebSite","@id":"https:\/\/www.gaveanews.com\/#website","url":"https:\/\/www.gaveanews.com\/","name":"G\u00e1vea News","description":"Veja todas as not\u00edcias sobre o Flamengo: Contrata\u00e7\u00f5es, categorias de base, resultados das partidas, tabela de classifica\u00e7\u00e3o, pr\u00f3ximos jogos!","potentialAction":[{"@type":"SearchAction","target":{"@type":"EntryPoint","urlTemplate":"https:\/\/www.gaveanews.com\/?s={search_term_string}"},"query-input":{"@type":"PropertyValueSpecification","valueRequired":true,"valueName":"search_term_string"}}],"inLanguage":"pt-BR"},{"@type":"Person","@id":"https:\/\/www.gaveanews.com\/#\/schema\/person\/2ec14f73fb96be2caf28f91afb14749d","name":"Equipe G\u00e1vea News","image":{"@type":"ImageObject","inLanguage":"pt-BR","@id":"https:\/\/www.gaveanews.com\/#\/schema\/person\/image\/","url":"https:\/\/secure.gravatar.com\/avatar\/1e1956f1facbffd3f8fa53a326721950116b3b9dc9bd44939c01180fd4a745a9?s=96&d=mm&r=g","contentUrl":"https:\/\/secure.gravatar.com\/avatar\/1e1956f1facbffd3f8fa53a326721950116b3b9dc9bd44939c01180fd4a745a9?s=96&d=mm&r=g","caption":"Equipe G\u00e1vea News"}}]}},"_links":{"self":[{"href":"https:\/\/www.gaveanews.com\/index.php\/wp-json\/wp\/v2\/posts\/92396","targetHints":{"allow":["GET"]}}],"collection":[{"href":"https:\/\/www.gaveanews.com\/index.php\/wp-json\/wp\/v2\/posts"}],"about":[{"href":"https:\/\/www.gaveanews.com\/index.php\/wp-json\/wp\/v2\/types\/post"}],"author":[{"embeddable":true,"href":"https:\/\/www.gaveanews.com\/index.php\/wp-json\/wp\/v2\/users\/1"}],"replies":[{"embeddable":true,"href":"https:\/\/www.gaveanews.com\/index.php\/wp-json\/wp\/v2\/comments?post=92396"}],"version-history":[{"count":0,"href":"https:\/\/www.gaveanews.com\/index.php\/wp-json\/wp\/v2\/posts\/92396\/revisions"}],"wp:featuredmedia":[{"embeddable":true,"href":"https:\/\/www.gaveanews.com\/index.php\/wp-json\/wp\/v2\/media\/15070"}],"wp:attachment":[{"href":"https:\/\/www.gaveanews.com\/index.php\/wp-json\/wp\/v2\/media?parent=92396"}],"wp:term":[{"taxonomy":"category","embeddable":true,"href":"https:\/\/www.gaveanews.com\/index.php\/wp-json\/wp\/v2\/categories?post=92396"},{"taxonomy":"post_tag","embeddable":true,"href":"https:\/\/www.gaveanews.com\/index.php\/wp-json\/wp\/v2\/tags?post=92396"}],"curies":[{"name":"wp","href":"https:\/\/api.w.org\/{rel}","templated":true}]}}