{"id":92411,"date":"2022-12-23T00:44:10","date_gmt":"2022-12-23T03:44:10","guid":{"rendered":"https:\/\/www.gaveanews.com\/?p=92411"},"modified":"2022-12-23T00:44:10","modified_gmt":"2022-12-23T03:44:10","slug":"mecenas-do-atletico-mg-rubens-menin-provoca-o-flamengo","status":"publish","type":"post","link":"https:\/\/www.gaveanews.com\/index.php\/2022\/12\/23\/mecenas-do-atletico-mg-rubens-menin-provoca-o-flamengo\/","title":{"rendered":"Mecenas do Atl\u00e9tico-MG, Rubens Menin provoca o Flamengo"},"content":{"rendered":"\n<p>Com a Arena MRV cada vez mais pr\u00f3xima da inaugura\u00e7\u00e3o, um principal mecenas do Atl\u00e9tico-MG, Rubens Menin, exaltou a constru\u00e7\u00e3o do est\u00e1dio em Belo Horizonte. Em entrevista ao canal de YouTube &#8220;Fala Galo&#8221;, o mecenas afirmou que a obra permitir\u00e1 ao clube alvinegro competir &#8220;de igual para igual&#8221; com Flamengo e Palmeiras, as principais pot\u00eancias do pa\u00eds no momento.<\/p>\n\n\n\n<p>Menin ainda assegurou que a Arena MRV ter\u00e1 qualidade superior \u00e0 do Allianz Parque, est\u00e1dio do Palmeiras, que \u00e9 considerado um dos mais modernos do Brasil, al\u00e9m de estar sempre lotado de eventos.<\/p>\n\n\n\n<p>Por fim, o magnata aproveitou para dar uma alfinetada no Fla, lembrando que o clube carioca n\u00e3o possui casa pr\u00f3pria.<\/p>\n\n\n\n<p><em>\u2014 N\u00f3s queremos estar de igual para igual com Palmeiras e Flamengo, s\u00e3o os times que t\u00eam mais for\u00e7as em investimento, s\u00e3o o n\u00famero um do Brasil<\/em>, disse Menin.<\/p>\n\n\n\n<p><em>\u2014 As receitas do Flamengo s\u00e3o maiores, ent\u00e3o a gente precisa ter mais capacidade para investir melhor. Por exemplo, nossa Arena vai ser melhor do que a do Palmeiras, porque \u00e9 toda nossa e a do Palmeiras \u00e9 metade dele. Flamengo n\u00e3o tem nem arena<\/em>, finalizou.<\/p>\n\n\n\n<p>A Arena MRV deve ter seu primeiro evento de inaugura\u00e7\u00e3o no final de mar\u00e7o de 2023, com um show de m\u00fasica. Recentemente, a grama do local come\u00e7ou a ser plantada, deixando o est\u00e1dio cada vez mais pr\u00f3ximo de se tornar a casa pr\u00f3pria do Galo.<\/p>\n\n\n\n<h2 class=\"wp-block-heading\" id=\"h-diferenca-colossal\">Diferen\u00e7a colossal <\/h2>\n\n\n\n<p>Apesar da declara\u00e7\u00e3o de Menin, a grande verdade \u00e9 que o Flamengo est\u00e1 disparadamente a frente em rela\u00e7\u00e3o ao Atl\u00e9tico-MG. Apenas a n\u00edvel de compara\u00e7\u00e3o, a d\u00edvida dos mineiros est\u00e1 estimada em cerca de 1 bilh\u00e3o e 500 milh\u00f5es reais. J\u00e1 em rela\u00e7\u00e3o ao Flamengo, 250 milh\u00f5es.<\/p>\n\n\n\n<p>A diferen\u00e7a fica ainda mais evidente se compararmos o quanto cada clube arrecada. Se o Flamengo fatura mais de um bilh\u00e3o de reais, o CAM n\u00e3o consegue sequer ultrapassar a marca de 450 milh\u00f5es.<\/p>\n\n\n\n<p>Retirado de: ESPN<\/p>\n","protected":false},"excerpt":{"rendered":"<p>Com a Arena MRV cada vez mais pr\u00f3xima da inaugura\u00e7\u00e3o, um principal mecenas do Atl\u00e9tico-MG, Rubens Menin, exaltou a constru\u00e7\u00e3o do est\u00e1dio em Belo Horizonte. Em entrevista ao canal de YouTube &#8220;Fala Galo&#8221;, o mecenas afirmou que a obra permitir\u00e1 ao clube alvinegro competir &#8220;de igual para igual&#8221; com Flamengo e Palmeiras, as principais pot\u00eancias [&hellip;]<\/p>\n","protected":false},"author":1,"featured_media":89166,"comment_status":"open","ping_status":"","sticky":false,"template":"","format":"standard","meta":{"footnotes":""},"categories":[1],"tags":[],"class_list":["post-92411","post","type-post","status-publish","format-standard","has-post-thumbnail","hentry","category-flamengo"],"yoast_head":"<!-- This site is optimized with the Yoast SEO Premium plugin v24.2 (Yoast SEO v26.9) - https:\/\/yoast.com\/product\/yoast-seo-premium-wordpress\/ -->\n<title>Mecenas do Atl\u00e9tico-MG, Rubens Menin provoca o Flamengo<\/title>\n<meta name=\"robots\" content=\"index, follow, max-snippet:-1, max-image-preview:large, max-video-preview:-1\" \/>\n<link rel=\"canonical\" href=\"https:\/\/www.gaveanews.com\/index.php\/2022\/12\/23\/mecenas-do-atletico-mg-rubens-menin-provoca-o-flamengo\/\" \/>\n<meta property=\"og:locale\" content=\"pt_BR\" \/>\n<meta property=\"og:type\" content=\"article\" \/>\n<meta property=\"og:title\" content=\"Mecenas do Atl\u00e9tico-MG, Rubens Menin provoca o Flamengo\" \/>\n<meta property=\"og:description\" content=\"Com a Arena MRV cada vez mais pr\u00f3xima da inaugura\u00e7\u00e3o, um principal mecenas do Atl\u00e9tico-MG, Rubens Menin, exaltou a constru\u00e7\u00e3o do est\u00e1dio em Belo Horizonte. Em entrevista ao canal de YouTube &#8220;Fala Galo&#8221;, o mecenas afirmou que a obra permitir\u00e1 ao clube alvinegro competir &#8220;de igual para igual&#8221; com Flamengo e Palmeiras, as principais pot\u00eancias [&hellip;]\" \/>\n<meta property=\"og:url\" content=\"https:\/\/www.gaveanews.com\/index.php\/2022\/12\/23\/mecenas-do-atletico-mg-rubens-menin-provoca-o-flamengo\/\" \/>\n<meta property=\"og:site_name\" content=\"G\u00e1vea News\" \/>\n<meta property=\"article:publisher\" content=\"https:\/\/facebook.com\/gaveaNews\/\" \/>\n<meta property=\"article:published_time\" content=\"2022-12-23T03:44:10+00:00\" \/>\n<meta property=\"og:image\" content=\"https:\/\/www.gaveanews.com\/wp-content\/uploads\/Guilhermo-Varela-em-acao-pelo-Flamengo-contra-o-Atletico-MG.webp\" \/>\n\t<meta property=\"og:image:width\" content=\"799\" \/>\n\t<meta property=\"og:image:height\" content=\"533\" \/>\n\t<meta property=\"og:image:type\" content=\"image\/jpeg\" \/>\n<meta name=\"author\" content=\"Equipe G\u00e1vea News\" \/>\n<meta name=\"twitter:card\" content=\"summary_large_image\" \/>\n<meta name=\"twitter:label1\" content=\"Escrito por\" \/>\n\t<meta name=\"twitter:data1\" content=\"Equipe G\u00e1vea News\" \/>\n\t<meta name=\"twitter:label2\" content=\"Est. tempo de leitura\" \/>\n\t<meta name=\"twitter:data2\" content=\"2 minutos\" \/>\n<script type=\"application\/ld+json\" class=\"yoast-schema-graph\">{\"@context\":\"https:\/\/schema.org\",\"@graph\":[{\"@type\":\"NewsArticle\",\"@id\":\"https:\/\/www.gaveanews.com\/index.php\/2022\/12\/23\/mecenas-do-atletico-mg-rubens-menin-provoca-o-flamengo\/#article\",\"isPartOf\":{\"@id\":\"https:\/\/www.gaveanews.com\/index.php\/2022\/12\/23\/mecenas-do-atletico-mg-rubens-menin-provoca-o-flamengo\/\"},\"author\":{\"name\":\"Equipe G\u00e1vea News\",\"@id\":\"https:\/\/www.gaveanews.com\/#\/schema\/person\/2ec14f73fb96be2caf28f91afb14749d\"},\"headline\":\"Mecenas do Atl\u00e9tico-MG, Rubens Menin provoca o Flamengo\",\"datePublished\":\"2022-12-23T03:44:10+00:00\",\"mainEntityOfPage\":{\"@id\":\"https:\/\/www.gaveanews.com\/index.php\/2022\/12\/23\/mecenas-do-atletico-mg-rubens-menin-provoca-o-flamengo\/\"},\"wordCount\":357,\"commentCount\":0,\"image\":{\"@id\":\"https:\/\/www.gaveanews.com\/index.php\/2022\/12\/23\/mecenas-do-atletico-mg-rubens-menin-provoca-o-flamengo\/#primaryimage\"},\"thumbnailUrl\":\"https:\/\/www.gaveanews.com\/wp-content\/uploads\/Guilhermo-Varela-em-acao-pelo-Flamengo-contra-o-Atletico-MG.webp\",\"articleSection\":[\"Flamengo\"],\"inLanguage\":\"pt-BR\",\"potentialAction\":[{\"@type\":\"CommentAction\",\"name\":\"Comment\",\"target\":[\"https:\/\/www.gaveanews.com\/index.php\/2022\/12\/23\/mecenas-do-atletico-mg-rubens-menin-provoca-o-flamengo\/#respond\"]}],\"copyrightYear\":\"2022\",\"copyrightHolder\":{\"@id\":\"https:\/\/www.gaveanews.com\/#organization\"}},{\"@type\":\"WebPage\",\"@id\":\"https:\/\/www.gaveanews.com\/index.php\/2022\/12\/23\/mecenas-do-atletico-mg-rubens-menin-provoca-o-flamengo\/\",\"url\":\"https:\/\/www.gaveanews.com\/index.php\/2022\/12\/23\/mecenas-do-atletico-mg-rubens-menin-provoca-o-flamengo\/\",\"name\":\"Mecenas do Atl\u00e9tico-MG, Rubens Menin provoca o Flamengo\",\"isPartOf\":{\"@id\":\"https:\/\/www.gaveanews.com\/#website\"},\"primaryImageOfPage\":{\"@id\":\"https:\/\/www.gaveanews.com\/index.php\/2022\/12\/23\/mecenas-do-atletico-mg-rubens-menin-provoca-o-flamengo\/#primaryimage\"},\"image\":{\"@id\":\"https:\/\/www.gaveanews.com\/index.php\/2022\/12\/23\/mecenas-do-atletico-mg-rubens-menin-provoca-o-flamengo\/#primaryimage\"},\"thumbnailUrl\":\"https:\/\/www.gaveanews.com\/wp-content\/uploads\/Guilhermo-Varela-em-acao-pelo-Flamengo-contra-o-Atletico-MG.webp\",\"datePublished\":\"2022-12-23T03:44:10+00:00\",\"author\":{\"@id\":\"https:\/\/www.gaveanews.com\/#\/schema\/person\/2ec14f73fb96be2caf28f91afb14749d\"},\"breadcrumb\":{\"@id\":\"https:\/\/www.gaveanews.com\/index.php\/2022\/12\/23\/mecenas-do-atletico-mg-rubens-menin-provoca-o-flamengo\/#breadcrumb\"},\"inLanguage\":\"pt-BR\",\"potentialAction\":[{\"@type\":\"ReadAction\",\"target\":[\"https:\/\/www.gaveanews.com\/index.php\/2022\/12\/23\/mecenas-do-atletico-mg-rubens-menin-provoca-o-flamengo\/\"]}]},{\"@type\":\"ImageObject\",\"inLanguage\":\"pt-BR\",\"@id\":\"https:\/\/www.gaveanews.com\/index.php\/2022\/12\/23\/mecenas-do-atletico-mg-rubens-menin-provoca-o-flamengo\/#primaryimage\",\"url\":\"https:\/\/www.gaveanews.com\/wp-content\/uploads\/Guilhermo-Varela-em-acao-pelo-Flamengo-contra-o-Atletico-MG.webp\",\"contentUrl\":\"https:\/\/www.gaveanews.com\/wp-content\/uploads\/Guilhermo-Varela-em-acao-pelo-Flamengo-contra-o-Atletico-MG.webp\",\"width\":799,\"height\":533,\"caption\":\"Guilhermo Varela em a\u00e7\u00e3o pelo Flamengo contra o Atl\u00e9tico-MG (Foto: Gilvan de Souza\/Flamengo)\"},{\"@type\":\"BreadcrumbList\",\"@id\":\"https:\/\/www.gaveanews.com\/index.php\/2022\/12\/23\/mecenas-do-atletico-mg-rubens-menin-provoca-o-flamengo\/#breadcrumb\",\"itemListElement\":[{\"@type\":\"ListItem\",\"position\":1,\"name\":\"Home\",\"item\":\"https:\/\/www.gaveanews.com\/\"},{\"@type\":\"ListItem\",\"position\":2,\"name\":\"Mecenas do Atl\u00e9tico-MG, Rubens Menin provoca o Flamengo\"}]},{\"@type\":\"WebSite\",\"@id\":\"https:\/\/www.gaveanews.com\/#website\",\"url\":\"https:\/\/www.gaveanews.com\/\",\"name\":\"G\u00e1vea News\",\"description\":\"Veja todas as not\u00edcias sobre o Flamengo: Contrata\u00e7\u00f5es, categorias de base, resultados das partidas, tabela de classifica\u00e7\u00e3o, pr\u00f3ximos jogos!\",\"potentialAction\":[{\"@type\":\"SearchAction\",\"target\":{\"@type\":\"EntryPoint\",\"urlTemplate\":\"https:\/\/www.gaveanews.com\/?s={search_term_string}\"},\"query-input\":{\"@type\":\"PropertyValueSpecification\",\"valueRequired\":true,\"valueName\":\"search_term_string\"}}],\"inLanguage\":\"pt-BR\"},{\"@type\":\"Person\",\"@id\":\"https:\/\/www.gaveanews.com\/#\/schema\/person\/2ec14f73fb96be2caf28f91afb14749d\",\"name\":\"Equipe G\u00e1vea News\",\"image\":{\"@type\":\"ImageObject\",\"inLanguage\":\"pt-BR\",\"@id\":\"https:\/\/www.gaveanews.com\/#\/schema\/person\/image\/\",\"url\":\"https:\/\/secure.gravatar.com\/avatar\/1e1956f1facbffd3f8fa53a326721950116b3b9dc9bd44939c01180fd4a745a9?s=96&d=mm&r=g\",\"contentUrl\":\"https:\/\/secure.gravatar.com\/avatar\/1e1956f1facbffd3f8fa53a326721950116b3b9dc9bd44939c01180fd4a745a9?s=96&d=mm&r=g\",\"caption\":\"Equipe G\u00e1vea News\"}}]}<\/script>\n<!-- \/ Yoast SEO Premium plugin. -->","yoast_head_json":{"title":"Mecenas do Atl\u00e9tico-MG, Rubens Menin provoca o Flamengo","robots":{"index":"index","follow":"follow","max-snippet":"max-snippet:-1","max-image-preview":"max-image-preview:large","max-video-preview":"max-video-preview:-1"},"canonical":"https:\/\/www.gaveanews.com\/index.php\/2022\/12\/23\/mecenas-do-atletico-mg-rubens-menin-provoca-o-flamengo\/","og_locale":"pt_BR","og_type":"article","og_title":"Mecenas do Atl\u00e9tico-MG, Rubens Menin provoca o Flamengo","og_description":"Com a Arena MRV cada vez mais pr\u00f3xima da inaugura\u00e7\u00e3o, um principal mecenas do Atl\u00e9tico-MG, Rubens Menin, exaltou a constru\u00e7\u00e3o do est\u00e1dio em Belo Horizonte. Em entrevista ao canal de YouTube &#8220;Fala Galo&#8221;, o mecenas afirmou que a obra permitir\u00e1 ao clube alvinegro competir &#8220;de igual para igual&#8221; com Flamengo e Palmeiras, as principais pot\u00eancias [&hellip;]","og_url":"https:\/\/www.gaveanews.com\/index.php\/2022\/12\/23\/mecenas-do-atletico-mg-rubens-menin-provoca-o-flamengo\/","og_site_name":"G\u00e1vea News","article_publisher":"https:\/\/facebook.com\/gaveaNews\/","article_published_time":"2022-12-23T03:44:10+00:00","og_image":[{"width":799,"height":533,"url":"https:\/\/www.gaveanews.com\/wp-content\/uploads\/Guilhermo-Varela-em-acao-pelo-Flamengo-contra-o-Atletico-MG.webp","type":"image\/jpeg"}],"author":"Equipe G\u00e1vea News","twitter_card":"summary_large_image","twitter_misc":{"Escrito por":"Equipe G\u00e1vea News","Est. tempo de leitura":"2 minutos"},"schema":{"@context":"https:\/\/schema.org","@graph":[{"@type":"NewsArticle","@id":"https:\/\/www.gaveanews.com\/index.php\/2022\/12\/23\/mecenas-do-atletico-mg-rubens-menin-provoca-o-flamengo\/#article","isPartOf":{"@id":"https:\/\/www.gaveanews.com\/index.php\/2022\/12\/23\/mecenas-do-atletico-mg-rubens-menin-provoca-o-flamengo\/"},"author":{"name":"Equipe G\u00e1vea News","@id":"https:\/\/www.gaveanews.com\/#\/schema\/person\/2ec14f73fb96be2caf28f91afb14749d"},"headline":"Mecenas do Atl\u00e9tico-MG, Rubens Menin provoca o Flamengo","datePublished":"2022-12-23T03:44:10+00:00","mainEntityOfPage":{"@id":"https:\/\/www.gaveanews.com\/index.php\/2022\/12\/23\/mecenas-do-atletico-mg-rubens-menin-provoca-o-flamengo\/"},"wordCount":357,"commentCount":0,"image":{"@id":"https:\/\/www.gaveanews.com\/index.php\/2022\/12\/23\/mecenas-do-atletico-mg-rubens-menin-provoca-o-flamengo\/#primaryimage"},"thumbnailUrl":"https:\/\/www.gaveanews.com\/wp-content\/uploads\/Guilhermo-Varela-em-acao-pelo-Flamengo-contra-o-Atletico-MG.webp","articleSection":["Flamengo"],"inLanguage":"pt-BR","potentialAction":[{"@type":"CommentAction","name":"Comment","target":["https:\/\/www.gaveanews.com\/index.php\/2022\/12\/23\/mecenas-do-atletico-mg-rubens-menin-provoca-o-flamengo\/#respond"]}],"copyrightYear":"2022","copyrightHolder":{"@id":"https:\/\/www.gaveanews.com\/#organization"}},{"@type":"WebPage","@id":"https:\/\/www.gaveanews.com\/index.php\/2022\/12\/23\/mecenas-do-atletico-mg-rubens-menin-provoca-o-flamengo\/","url":"https:\/\/www.gaveanews.com\/index.php\/2022\/12\/23\/mecenas-do-atletico-mg-rubens-menin-provoca-o-flamengo\/","name":"Mecenas do Atl\u00e9tico-MG, Rubens Menin provoca o Flamengo","isPartOf":{"@id":"https:\/\/www.gaveanews.com\/#website"},"primaryImageOfPage":{"@id":"https:\/\/www.gaveanews.com\/index.php\/2022\/12\/23\/mecenas-do-atletico-mg-rubens-menin-provoca-o-flamengo\/#primaryimage"},"image":{"@id":"https:\/\/www.gaveanews.com\/index.php\/2022\/12\/23\/mecenas-do-atletico-mg-rubens-menin-provoca-o-flamengo\/#primaryimage"},"thumbnailUrl":"https:\/\/www.gaveanews.com\/wp-content\/uploads\/Guilhermo-Varela-em-acao-pelo-Flamengo-contra-o-Atletico-MG.webp","datePublished":"2022-12-23T03:44:10+00:00","author":{"@id":"https:\/\/www.gaveanews.com\/#\/schema\/person\/2ec14f73fb96be2caf28f91afb14749d"},"breadcrumb":{"@id":"https:\/\/www.gaveanews.com\/index.php\/2022\/12\/23\/mecenas-do-atletico-mg-rubens-menin-provoca-o-flamengo\/#breadcrumb"},"inLanguage":"pt-BR","potentialAction":[{"@type":"ReadAction","target":["https:\/\/www.gaveanews.com\/index.php\/2022\/12\/23\/mecenas-do-atletico-mg-rubens-menin-provoca-o-flamengo\/"]}]},{"@type":"ImageObject","inLanguage":"pt-BR","@id":"https:\/\/www.gaveanews.com\/index.php\/2022\/12\/23\/mecenas-do-atletico-mg-rubens-menin-provoca-o-flamengo\/#primaryimage","url":"https:\/\/www.gaveanews.com\/wp-content\/uploads\/Guilhermo-Varela-em-acao-pelo-Flamengo-contra-o-Atletico-MG.webp","contentUrl":"https:\/\/www.gaveanews.com\/wp-content\/uploads\/Guilhermo-Varela-em-acao-pelo-Flamengo-contra-o-Atletico-MG.webp","width":799,"height":533,"caption":"Guilhermo Varela em a\u00e7\u00e3o pelo Flamengo contra o Atl\u00e9tico-MG (Foto: Gilvan de Souza\/Flamengo)"},{"@type":"BreadcrumbList","@id":"https:\/\/www.gaveanews.com\/index.php\/2022\/12\/23\/mecenas-do-atletico-mg-rubens-menin-provoca-o-flamengo\/#breadcrumb","itemListElement":[{"@type":"ListItem","position":1,"name":"Home","item":"https:\/\/www.gaveanews.com\/"},{"@type":"ListItem","position":2,"name":"Mecenas do Atl\u00e9tico-MG, Rubens Menin provoca o Flamengo"}]},{"@type":"WebSite","@id":"https:\/\/www.gaveanews.com\/#website","url":"https:\/\/www.gaveanews.com\/","name":"G\u00e1vea News","description":"Veja todas as not\u00edcias sobre o Flamengo: Contrata\u00e7\u00f5es, categorias de base, resultados das partidas, tabela de classifica\u00e7\u00e3o, pr\u00f3ximos jogos!","potentialAction":[{"@type":"SearchAction","target":{"@type":"EntryPoint","urlTemplate":"https:\/\/www.gaveanews.com\/?s={search_term_string}"},"query-input":{"@type":"PropertyValueSpecification","valueRequired":true,"valueName":"search_term_string"}}],"inLanguage":"pt-BR"},{"@type":"Person","@id":"https:\/\/www.gaveanews.com\/#\/schema\/person\/2ec14f73fb96be2caf28f91afb14749d","name":"Equipe G\u00e1vea News","image":{"@type":"ImageObject","inLanguage":"pt-BR","@id":"https:\/\/www.gaveanews.com\/#\/schema\/person\/image\/","url":"https:\/\/secure.gravatar.com\/avatar\/1e1956f1facbffd3f8fa53a326721950116b3b9dc9bd44939c01180fd4a745a9?s=96&d=mm&r=g","contentUrl":"https:\/\/secure.gravatar.com\/avatar\/1e1956f1facbffd3f8fa53a326721950116b3b9dc9bd44939c01180fd4a745a9?s=96&d=mm&r=g","caption":"Equipe G\u00e1vea News"}}]}},"_links":{"self":[{"href":"https:\/\/www.gaveanews.com\/index.php\/wp-json\/wp\/v2\/posts\/92411","targetHints":{"allow":["GET"]}}],"collection":[{"href":"https:\/\/www.gaveanews.com\/index.php\/wp-json\/wp\/v2\/posts"}],"about":[{"href":"https:\/\/www.gaveanews.com\/index.php\/wp-json\/wp\/v2\/types\/post"}],"author":[{"embeddable":true,"href":"https:\/\/www.gaveanews.com\/index.php\/wp-json\/wp\/v2\/users\/1"}],"replies":[{"embeddable":true,"href":"https:\/\/www.gaveanews.com\/index.php\/wp-json\/wp\/v2\/comments?post=92411"}],"version-history":[{"count":0,"href":"https:\/\/www.gaveanews.com\/index.php\/wp-json\/wp\/v2\/posts\/92411\/revisions"}],"wp:featuredmedia":[{"embeddable":true,"href":"https:\/\/www.gaveanews.com\/index.php\/wp-json\/wp\/v2\/media\/89166"}],"wp:attachment":[{"href":"https:\/\/www.gaveanews.com\/index.php\/wp-json\/wp\/v2\/media?parent=92411"}],"wp:term":[{"taxonomy":"category","embeddable":true,"href":"https:\/\/www.gaveanews.com\/index.php\/wp-json\/wp\/v2\/categories?post=92411"},{"taxonomy":"post_tag","embeddable":true,"href":"https:\/\/www.gaveanews.com\/index.php\/wp-json\/wp\/v2\/tags?post=92411"}],"curies":[{"name":"wp","href":"https:\/\/api.w.org\/{rel}","templated":true}]}}