{"id":92416,"date":"2022-12-23T01:35:10","date_gmt":"2022-12-23T04:35:10","guid":{"rendered":"https:\/\/www.gaveanews.com\/?p=92416"},"modified":"2022-12-23T01:35:13","modified_gmt":"2022-12-23T04:35:13","slug":"agora-e-oficial-flamengo-fecha-com-o-seu-primeiro-reforco-para-2023","status":"publish","type":"post","link":"https:\/\/www.gaveanews.com\/index.php\/2022\/12\/23\/agora-e-oficial-flamengo-fecha-com-o-seu-primeiro-reforco-para-2023\/","title":{"rendered":"Agora \u00e9 oficial! Flamengo fecha com o seu primeiro refor\u00e7o para 2023"},"content":{"rendered":"\n<p>O Flamengo j\u00e1 prepara a documenta\u00e7\u00e3o para acertar com o seu primeiro refor\u00e7o para temporada 2023. Com os termos acertados desde novembro, o clube aguarda a virada do ano para assinatura do pr\u00e9-contrato com o goleiro Agust\u00edn Rossi e em seguida comunicar o Boca Juniors para tentar uma libera\u00e7\u00e3o imediata.<\/p>\n\n\n\n<p>O departamento jur\u00eddico rubro-negro j\u00e1 trabalha na formata\u00e7\u00e3o do contrato com dura\u00e7\u00e3o inicialmente prevista de quatro anos. A expectativa \u00e9 de que o Flamengo v\u00e1 at\u00e9 Buenos Aires ap\u00f3s na primeira semana do ano novo para formalizar o acordo e iniciar contatos com o Boca em busca das condi\u00e7\u00f5es para ter o goleiro de 27 anos j\u00e1 a partir de janeiro.<\/p>\n\n\n\n<p>Rossi tem v\u00ednculo com os xeneizes at\u00e9 meados de 2023, mas j\u00e1 decidiu que sua passagem pelo clube chegou ao fim. Os dirigentes rubro-negros, por sua vez, sabem que o presidente Juan Rom\u00e1n Riquelme n\u00e3o costuma facilitar nas negocia\u00e7\u00f5es e est\u00e3o dispostos a aguardar seis meses para ter Rossi se assim for necess\u00e1rio.<\/p>\n\n\n\n<p>O Flamengo far\u00e1 uma oferta financeira para libera\u00e7\u00e3o imediata, que contar\u00e1 tamb\u00e9m com o desejo de Rossi em renunciar a parte do que tem direito a receber do clube argentino para chegar ao Rio a tempo das disputas do Mundial de Clubes, da Supercopa e da Recopa. Recentemente, o Gr\u00eamio fez contatos pelo goleiro, que reafirmou a prioridade aos cariocas.<\/p>\n\n\n\n<p>Faltando nove dias para a virada do ano, somente uma surpreendente proposta oficial de clubes de express\u00e3o da Europa tiraram Rossi do caminho do Ninho do Urubu. Apesar da imprensa italiana especular um interesse da Inter de Mil\u00e3o, apenas clubes de prateleiras abaixo do Velho Continente fizeram sondagens desde que o goleiro decidiu n\u00e3o renovar com Boca, mas sem ofertas oficiais.<\/p>\n\n\n\n<p>Com a sa\u00edda de Diego Alves, o Flamengo conta com tr\u00eas goleiros em seu elenco profissional: Santos, Matheus Cunha e Hugo Souza. O \u00faltimo, por\u00e9m, o clube deseja negociar com o futebol europeu e abrir espa\u00e7o para o jovem Kau\u00e3, que disputar\u00e1 o Sul-Americano Sub-20 com a sele\u00e7\u00e3o brasileira.<\/p>\n\n\n\n<figure class=\"wp-block-image size-full\"><img loading=\"lazy\" decoding=\"async\" width=\"905\" height=\"555\" src=\"https:\/\/www.gaveanews.com\/wp-content\/uploads\/Agustin-Rossi.webp\" alt=\"\" class=\"wp-image-85517\" srcset=\"https:\/\/www.gaveanews.com\/wp-content\/uploads\/Agustin-Rossi.webp 905w, https:\/\/www.gaveanews.com\/wp-content\/uploads\/Agustin-Rossi-300x184.webp 300w, https:\/\/www.gaveanews.com\/wp-content\/uploads\/Agustin-Rossi-768x471.webp 768w, https:\/\/www.gaveanews.com\/wp-content\/uploads\/Agustin-Rossi-685x420.webp 685w, https:\/\/www.gaveanews.com\/wp-content\/uploads\/Agustin-Rossi-640x392.webp 640w, https:\/\/www.gaveanews.com\/wp-content\/uploads\/Agustin-Rossi-681x418.webp 681w, https:\/\/www.gaveanews.com\/wp-content\/uploads\/Agustin-Rossi-100x61.webp 100w\" sizes=\"auto, (max-width: 905px) 100vw, 905px\" \/><figcaption class=\"wp-element-caption\">Agust\u00edn Rossi, goleiro do Boca Juniors (Foto: Getty Images)<\/figcaption><\/figure>\n\n\n\n<p>Retirado de: Globo Esporte<\/p>\n","protected":false},"excerpt":{"rendered":"<p>O Flamengo j\u00e1 prepara a documenta\u00e7\u00e3o para acertar com o seu primeiro refor\u00e7o para temporada 2023. Com os termos acertados desde novembro, o clube aguarda a virada do ano para assinatura do pr\u00e9-contrato com o goleiro Agust\u00edn Rossi e em seguida comunicar o Boca Juniors para tentar uma libera\u00e7\u00e3o imediata. O departamento jur\u00eddico rubro-negro j\u00e1 [&hellip;]<\/p>\n","protected":false},"author":1,"featured_media":85562,"comment_status":"open","ping_status":"closed","sticky":false,"template":"","format":"standard","meta":{"footnotes":""},"categories":[48],"tags":[],"class_list":["post-92416","post","type-post","status-publish","format-standard","has-post-thumbnail","hentry","category-negociacoes"],"yoast_head":"<!-- This site is optimized with the Yoast SEO Premium plugin v24.2 (Yoast SEO v26.9) - https:\/\/yoast.com\/product\/yoast-seo-premium-wordpress\/ -->\n<title>Agora \u00e9 oficial! Flamengo fecha com o seu primeiro refor\u00e7o para 2023<\/title>\n<meta name=\"robots\" content=\"index, follow, max-snippet:-1, max-image-preview:large, max-video-preview:-1\" \/>\n<link rel=\"canonical\" href=\"https:\/\/www.gaveanews.com\/index.php\/2022\/12\/23\/agora-e-oficial-flamengo-fecha-com-o-seu-primeiro-reforco-para-2023\/\" \/>\n<meta property=\"og:locale\" content=\"pt_BR\" \/>\n<meta property=\"og:type\" content=\"article\" \/>\n<meta property=\"og:title\" content=\"Agora \u00e9 oficial! Flamengo fecha com o seu primeiro refor\u00e7o para 2023\" \/>\n<meta property=\"og:description\" content=\"O Flamengo j\u00e1 prepara a documenta\u00e7\u00e3o para acertar com o seu primeiro refor\u00e7o para temporada 2023. Com os termos acertados desde novembro, o clube aguarda a virada do ano para assinatura do pr\u00e9-contrato com o goleiro Agust\u00edn Rossi e em seguida comunicar o Boca Juniors para tentar uma libera\u00e7\u00e3o imediata. O departamento jur\u00eddico rubro-negro j\u00e1 [&hellip;]\" \/>\n<meta property=\"og:url\" content=\"https:\/\/www.gaveanews.com\/index.php\/2022\/12\/23\/agora-e-oficial-flamengo-fecha-com-o-seu-primeiro-reforco-para-2023\/\" \/>\n<meta property=\"og:site_name\" content=\"G\u00e1vea News\" \/>\n<meta property=\"article:publisher\" content=\"https:\/\/facebook.com\/gaveaNews\/\" \/>\n<meta property=\"article:published_time\" content=\"2022-12-23T04:35:10+00:00\" \/>\n<meta property=\"article:modified_time\" content=\"2022-12-23T04:35:13+00:00\" \/>\n<meta property=\"og:image\" content=\"https:\/\/www.gaveanews.com\/wp-content\/uploads\/Marcos-Braz-em-entrevista-no-CT-do-Flamengo-1.webp\" \/>\n\t<meta property=\"og:image:width\" content=\"799\" \/>\n\t<meta property=\"og:image:height\" content=\"533\" \/>\n\t<meta property=\"og:image:type\" content=\"image\/jpeg\" \/>\n<meta name=\"author\" content=\"Equipe G\u00e1vea News\" \/>\n<meta name=\"twitter:card\" content=\"summary_large_image\" \/>\n<meta name=\"twitter:label1\" content=\"Escrito por\" \/>\n\t<meta name=\"twitter:data1\" content=\"Equipe G\u00e1vea News\" \/>\n\t<meta name=\"twitter:label2\" content=\"Est. tempo de leitura\" \/>\n\t<meta name=\"twitter:data2\" content=\"3 minutos\" \/>\n<script type=\"application\/ld+json\" class=\"yoast-schema-graph\">{\"@context\":\"https:\/\/schema.org\",\"@graph\":[{\"@type\":\"NewsArticle\",\"@id\":\"https:\/\/www.gaveanews.com\/index.php\/2022\/12\/23\/agora-e-oficial-flamengo-fecha-com-o-seu-primeiro-reforco-para-2023\/#article\",\"isPartOf\":{\"@id\":\"https:\/\/www.gaveanews.com\/index.php\/2022\/12\/23\/agora-e-oficial-flamengo-fecha-com-o-seu-primeiro-reforco-para-2023\/\"},\"author\":{\"name\":\"Equipe G\u00e1vea News\",\"@id\":\"https:\/\/www.gaveanews.com\/#\/schema\/person\/2ec14f73fb96be2caf28f91afb14749d\"},\"headline\":\"Agora \u00e9 oficial! Flamengo fecha com o seu primeiro refor\u00e7o para 2023\",\"datePublished\":\"2022-12-23T04:35:10+00:00\",\"dateModified\":\"2022-12-23T04:35:13+00:00\",\"mainEntityOfPage\":{\"@id\":\"https:\/\/www.gaveanews.com\/index.php\/2022\/12\/23\/agora-e-oficial-flamengo-fecha-com-o-seu-primeiro-reforco-para-2023\/\"},\"wordCount\":382,\"commentCount\":0,\"image\":{\"@id\":\"https:\/\/www.gaveanews.com\/index.php\/2022\/12\/23\/agora-e-oficial-flamengo-fecha-com-o-seu-primeiro-reforco-para-2023\/#primaryimage\"},\"thumbnailUrl\":\"https:\/\/www.gaveanews.com\/wp-content\/uploads\/Marcos-Braz-em-entrevista-no-CT-do-Flamengo-1.webp\",\"articleSection\":[\"Negocia\u00e7\u00f5es\"],\"inLanguage\":\"pt-BR\",\"potentialAction\":[{\"@type\":\"CommentAction\",\"name\":\"Comment\",\"target\":[\"https:\/\/www.gaveanews.com\/index.php\/2022\/12\/23\/agora-e-oficial-flamengo-fecha-com-o-seu-primeiro-reforco-para-2023\/#respond\"]}],\"copyrightYear\":\"2022\",\"copyrightHolder\":{\"@id\":\"https:\/\/www.gaveanews.com\/#organization\"}},{\"@type\":\"WebPage\",\"@id\":\"https:\/\/www.gaveanews.com\/index.php\/2022\/12\/23\/agora-e-oficial-flamengo-fecha-com-o-seu-primeiro-reforco-para-2023\/\",\"url\":\"https:\/\/www.gaveanews.com\/index.php\/2022\/12\/23\/agora-e-oficial-flamengo-fecha-com-o-seu-primeiro-reforco-para-2023\/\",\"name\":\"Agora \u00e9 oficial! Flamengo fecha com o seu primeiro refor\u00e7o para 2023\",\"isPartOf\":{\"@id\":\"https:\/\/www.gaveanews.com\/#website\"},\"primaryImageOfPage\":{\"@id\":\"https:\/\/www.gaveanews.com\/index.php\/2022\/12\/23\/agora-e-oficial-flamengo-fecha-com-o-seu-primeiro-reforco-para-2023\/#primaryimage\"},\"image\":{\"@id\":\"https:\/\/www.gaveanews.com\/index.php\/2022\/12\/23\/agora-e-oficial-flamengo-fecha-com-o-seu-primeiro-reforco-para-2023\/#primaryimage\"},\"thumbnailUrl\":\"https:\/\/www.gaveanews.com\/wp-content\/uploads\/Marcos-Braz-em-entrevista-no-CT-do-Flamengo-1.webp\",\"datePublished\":\"2022-12-23T04:35:10+00:00\",\"dateModified\":\"2022-12-23T04:35:13+00:00\",\"author\":{\"@id\":\"https:\/\/www.gaveanews.com\/#\/schema\/person\/2ec14f73fb96be2caf28f91afb14749d\"},\"breadcrumb\":{\"@id\":\"https:\/\/www.gaveanews.com\/index.php\/2022\/12\/23\/agora-e-oficial-flamengo-fecha-com-o-seu-primeiro-reforco-para-2023\/#breadcrumb\"},\"inLanguage\":\"pt-BR\",\"potentialAction\":[{\"@type\":\"ReadAction\",\"target\":[\"https:\/\/www.gaveanews.com\/index.php\/2022\/12\/23\/agora-e-oficial-flamengo-fecha-com-o-seu-primeiro-reforco-para-2023\/\"]}]},{\"@type\":\"ImageObject\",\"inLanguage\":\"pt-BR\",\"@id\":\"https:\/\/www.gaveanews.com\/index.php\/2022\/12\/23\/agora-e-oficial-flamengo-fecha-com-o-seu-primeiro-reforco-para-2023\/#primaryimage\",\"url\":\"https:\/\/www.gaveanews.com\/wp-content\/uploads\/Marcos-Braz-em-entrevista-no-CT-do-Flamengo-1.webp\",\"contentUrl\":\"https:\/\/www.gaveanews.com\/wp-content\/uploads\/Marcos-Braz-em-entrevista-no-CT-do-Flamengo-1.webp\",\"width\":799,\"height\":533,\"caption\":\"Marcos Braz em entrevista no CT do Flamengo (Foto: Gilvan de Souza\/Flamengo)\"},{\"@type\":\"BreadcrumbList\",\"@id\":\"https:\/\/www.gaveanews.com\/index.php\/2022\/12\/23\/agora-e-oficial-flamengo-fecha-com-o-seu-primeiro-reforco-para-2023\/#breadcrumb\",\"itemListElement\":[{\"@type\":\"ListItem\",\"position\":1,\"name\":\"Home\",\"item\":\"https:\/\/www.gaveanews.com\/\"},{\"@type\":\"ListItem\",\"position\":2,\"name\":\"Agora \u00e9 oficial! Flamengo fecha com o seu primeiro refor\u00e7o para 2023\"}]},{\"@type\":\"WebSite\",\"@id\":\"https:\/\/www.gaveanews.com\/#website\",\"url\":\"https:\/\/www.gaveanews.com\/\",\"name\":\"G\u00e1vea News\",\"description\":\"Veja todas as not\u00edcias sobre o Flamengo: Contrata\u00e7\u00f5es, categorias de base, resultados das partidas, tabela de classifica\u00e7\u00e3o, pr\u00f3ximos jogos!\",\"potentialAction\":[{\"@type\":\"SearchAction\",\"target\":{\"@type\":\"EntryPoint\",\"urlTemplate\":\"https:\/\/www.gaveanews.com\/?s={search_term_string}\"},\"query-input\":{\"@type\":\"PropertyValueSpecification\",\"valueRequired\":true,\"valueName\":\"search_term_string\"}}],\"inLanguage\":\"pt-BR\"},{\"@type\":\"Person\",\"@id\":\"https:\/\/www.gaveanews.com\/#\/schema\/person\/2ec14f73fb96be2caf28f91afb14749d\",\"name\":\"Equipe G\u00e1vea News\",\"image\":{\"@type\":\"ImageObject\",\"inLanguage\":\"pt-BR\",\"@id\":\"https:\/\/www.gaveanews.com\/#\/schema\/person\/image\/\",\"url\":\"https:\/\/secure.gravatar.com\/avatar\/1e1956f1facbffd3f8fa53a326721950116b3b9dc9bd44939c01180fd4a745a9?s=96&d=mm&r=g\",\"contentUrl\":\"https:\/\/secure.gravatar.com\/avatar\/1e1956f1facbffd3f8fa53a326721950116b3b9dc9bd44939c01180fd4a745a9?s=96&d=mm&r=g\",\"caption\":\"Equipe G\u00e1vea News\"}}]}<\/script>\n<!-- \/ Yoast SEO Premium plugin. -->","yoast_head_json":{"title":"Agora \u00e9 oficial! Flamengo fecha com o seu primeiro refor\u00e7o para 2023","robots":{"index":"index","follow":"follow","max-snippet":"max-snippet:-1","max-image-preview":"max-image-preview:large","max-video-preview":"max-video-preview:-1"},"canonical":"https:\/\/www.gaveanews.com\/index.php\/2022\/12\/23\/agora-e-oficial-flamengo-fecha-com-o-seu-primeiro-reforco-para-2023\/","og_locale":"pt_BR","og_type":"article","og_title":"Agora \u00e9 oficial! Flamengo fecha com o seu primeiro refor\u00e7o para 2023","og_description":"O Flamengo j\u00e1 prepara a documenta\u00e7\u00e3o para acertar com o seu primeiro refor\u00e7o para temporada 2023. Com os termos acertados desde novembro, o clube aguarda a virada do ano para assinatura do pr\u00e9-contrato com o goleiro Agust\u00edn Rossi e em seguida comunicar o Boca Juniors para tentar uma libera\u00e7\u00e3o imediata. O departamento jur\u00eddico rubro-negro j\u00e1 [&hellip;]","og_url":"https:\/\/www.gaveanews.com\/index.php\/2022\/12\/23\/agora-e-oficial-flamengo-fecha-com-o-seu-primeiro-reforco-para-2023\/","og_site_name":"G\u00e1vea News","article_publisher":"https:\/\/facebook.com\/gaveaNews\/","article_published_time":"2022-12-23T04:35:10+00:00","article_modified_time":"2022-12-23T04:35:13+00:00","og_image":[{"width":799,"height":533,"url":"https:\/\/www.gaveanews.com\/wp-content\/uploads\/Marcos-Braz-em-entrevista-no-CT-do-Flamengo-1.webp","type":"image\/jpeg"}],"author":"Equipe G\u00e1vea News","twitter_card":"summary_large_image","twitter_misc":{"Escrito por":"Equipe G\u00e1vea News","Est. tempo de leitura":"3 minutos"},"schema":{"@context":"https:\/\/schema.org","@graph":[{"@type":"NewsArticle","@id":"https:\/\/www.gaveanews.com\/index.php\/2022\/12\/23\/agora-e-oficial-flamengo-fecha-com-o-seu-primeiro-reforco-para-2023\/#article","isPartOf":{"@id":"https:\/\/www.gaveanews.com\/index.php\/2022\/12\/23\/agora-e-oficial-flamengo-fecha-com-o-seu-primeiro-reforco-para-2023\/"},"author":{"name":"Equipe G\u00e1vea News","@id":"https:\/\/www.gaveanews.com\/#\/schema\/person\/2ec14f73fb96be2caf28f91afb14749d"},"headline":"Agora \u00e9 oficial! Flamengo fecha com o seu primeiro refor\u00e7o para 2023","datePublished":"2022-12-23T04:35:10+00:00","dateModified":"2022-12-23T04:35:13+00:00","mainEntityOfPage":{"@id":"https:\/\/www.gaveanews.com\/index.php\/2022\/12\/23\/agora-e-oficial-flamengo-fecha-com-o-seu-primeiro-reforco-para-2023\/"},"wordCount":382,"commentCount":0,"image":{"@id":"https:\/\/www.gaveanews.com\/index.php\/2022\/12\/23\/agora-e-oficial-flamengo-fecha-com-o-seu-primeiro-reforco-para-2023\/#primaryimage"},"thumbnailUrl":"https:\/\/www.gaveanews.com\/wp-content\/uploads\/Marcos-Braz-em-entrevista-no-CT-do-Flamengo-1.webp","articleSection":["Negocia\u00e7\u00f5es"],"inLanguage":"pt-BR","potentialAction":[{"@type":"CommentAction","name":"Comment","target":["https:\/\/www.gaveanews.com\/index.php\/2022\/12\/23\/agora-e-oficial-flamengo-fecha-com-o-seu-primeiro-reforco-para-2023\/#respond"]}],"copyrightYear":"2022","copyrightHolder":{"@id":"https:\/\/www.gaveanews.com\/#organization"}},{"@type":"WebPage","@id":"https:\/\/www.gaveanews.com\/index.php\/2022\/12\/23\/agora-e-oficial-flamengo-fecha-com-o-seu-primeiro-reforco-para-2023\/","url":"https:\/\/www.gaveanews.com\/index.php\/2022\/12\/23\/agora-e-oficial-flamengo-fecha-com-o-seu-primeiro-reforco-para-2023\/","name":"Agora \u00e9 oficial! Flamengo fecha com o seu primeiro refor\u00e7o para 2023","isPartOf":{"@id":"https:\/\/www.gaveanews.com\/#website"},"primaryImageOfPage":{"@id":"https:\/\/www.gaveanews.com\/index.php\/2022\/12\/23\/agora-e-oficial-flamengo-fecha-com-o-seu-primeiro-reforco-para-2023\/#primaryimage"},"image":{"@id":"https:\/\/www.gaveanews.com\/index.php\/2022\/12\/23\/agora-e-oficial-flamengo-fecha-com-o-seu-primeiro-reforco-para-2023\/#primaryimage"},"thumbnailUrl":"https:\/\/www.gaveanews.com\/wp-content\/uploads\/Marcos-Braz-em-entrevista-no-CT-do-Flamengo-1.webp","datePublished":"2022-12-23T04:35:10+00:00","dateModified":"2022-12-23T04:35:13+00:00","author":{"@id":"https:\/\/www.gaveanews.com\/#\/schema\/person\/2ec14f73fb96be2caf28f91afb14749d"},"breadcrumb":{"@id":"https:\/\/www.gaveanews.com\/index.php\/2022\/12\/23\/agora-e-oficial-flamengo-fecha-com-o-seu-primeiro-reforco-para-2023\/#breadcrumb"},"inLanguage":"pt-BR","potentialAction":[{"@type":"ReadAction","target":["https:\/\/www.gaveanews.com\/index.php\/2022\/12\/23\/agora-e-oficial-flamengo-fecha-com-o-seu-primeiro-reforco-para-2023\/"]}]},{"@type":"ImageObject","inLanguage":"pt-BR","@id":"https:\/\/www.gaveanews.com\/index.php\/2022\/12\/23\/agora-e-oficial-flamengo-fecha-com-o-seu-primeiro-reforco-para-2023\/#primaryimage","url":"https:\/\/www.gaveanews.com\/wp-content\/uploads\/Marcos-Braz-em-entrevista-no-CT-do-Flamengo-1.webp","contentUrl":"https:\/\/www.gaveanews.com\/wp-content\/uploads\/Marcos-Braz-em-entrevista-no-CT-do-Flamengo-1.webp","width":799,"height":533,"caption":"Marcos Braz em entrevista no CT do Flamengo (Foto: Gilvan de Souza\/Flamengo)"},{"@type":"BreadcrumbList","@id":"https:\/\/www.gaveanews.com\/index.php\/2022\/12\/23\/agora-e-oficial-flamengo-fecha-com-o-seu-primeiro-reforco-para-2023\/#breadcrumb","itemListElement":[{"@type":"ListItem","position":1,"name":"Home","item":"https:\/\/www.gaveanews.com\/"},{"@type":"ListItem","position":2,"name":"Agora \u00e9 oficial! Flamengo fecha com o seu primeiro refor\u00e7o para 2023"}]},{"@type":"WebSite","@id":"https:\/\/www.gaveanews.com\/#website","url":"https:\/\/www.gaveanews.com\/","name":"G\u00e1vea News","description":"Veja todas as not\u00edcias sobre o Flamengo: Contrata\u00e7\u00f5es, categorias de base, resultados das partidas, tabela de classifica\u00e7\u00e3o, pr\u00f3ximos jogos!","potentialAction":[{"@type":"SearchAction","target":{"@type":"EntryPoint","urlTemplate":"https:\/\/www.gaveanews.com\/?s={search_term_string}"},"query-input":{"@type":"PropertyValueSpecification","valueRequired":true,"valueName":"search_term_string"}}],"inLanguage":"pt-BR"},{"@type":"Person","@id":"https:\/\/www.gaveanews.com\/#\/schema\/person\/2ec14f73fb96be2caf28f91afb14749d","name":"Equipe G\u00e1vea News","image":{"@type":"ImageObject","inLanguage":"pt-BR","@id":"https:\/\/www.gaveanews.com\/#\/schema\/person\/image\/","url":"https:\/\/secure.gravatar.com\/avatar\/1e1956f1facbffd3f8fa53a326721950116b3b9dc9bd44939c01180fd4a745a9?s=96&d=mm&r=g","contentUrl":"https:\/\/secure.gravatar.com\/avatar\/1e1956f1facbffd3f8fa53a326721950116b3b9dc9bd44939c01180fd4a745a9?s=96&d=mm&r=g","caption":"Equipe G\u00e1vea News"}}]}},"_links":{"self":[{"href":"https:\/\/www.gaveanews.com\/index.php\/wp-json\/wp\/v2\/posts\/92416","targetHints":{"allow":["GET"]}}],"collection":[{"href":"https:\/\/www.gaveanews.com\/index.php\/wp-json\/wp\/v2\/posts"}],"about":[{"href":"https:\/\/www.gaveanews.com\/index.php\/wp-json\/wp\/v2\/types\/post"}],"author":[{"embeddable":true,"href":"https:\/\/www.gaveanews.com\/index.php\/wp-json\/wp\/v2\/users\/1"}],"replies":[{"embeddable":true,"href":"https:\/\/www.gaveanews.com\/index.php\/wp-json\/wp\/v2\/comments?post=92416"}],"version-history":[{"count":0,"href":"https:\/\/www.gaveanews.com\/index.php\/wp-json\/wp\/v2\/posts\/92416\/revisions"}],"wp:featuredmedia":[{"embeddable":true,"href":"https:\/\/www.gaveanews.com\/index.php\/wp-json\/wp\/v2\/media\/85562"}],"wp:attachment":[{"href":"https:\/\/www.gaveanews.com\/index.php\/wp-json\/wp\/v2\/media?parent=92416"}],"wp:term":[{"taxonomy":"category","embeddable":true,"href":"https:\/\/www.gaveanews.com\/index.php\/wp-json\/wp\/v2\/categories?post=92416"},{"taxonomy":"post_tag","embeddable":true,"href":"https:\/\/www.gaveanews.com\/index.php\/wp-json\/wp\/v2\/tags?post=92416"}],"curies":[{"name":"wp","href":"https:\/\/api.w.org\/{rel}","templated":true}]}}