{"id":92427,"date":"2022-12-23T08:10:33","date_gmt":"2022-12-23T11:10:33","guid":{"rendered":"https:\/\/www.gaveanews.com\/?p=92427"},"modified":"2022-12-23T08:10:36","modified_gmt":"2022-12-23T11:10:36","slug":"arrascaeta-do-flamengo-faz-festao-de-reveillon-antecipado-em-montevideu-veja-fotos","status":"publish","type":"post","link":"https:\/\/www.gaveanews.com\/index.php\/2022\/12\/23\/arrascaeta-do-flamengo-faz-festao-de-reveillon-antecipado-em-montevideu-veja-fotos\/","title":{"rendered":"Arrascaeta, do Flamengo, faz fest\u00e3o de rev\u00e9illon antecipado em Montevid\u00e9u; veja fotos"},"content":{"rendered":"\n<p>O Natal ainda nem chegou, mas j\u00e1 tem quem esteja pensando no Ano Novo. \u00c9 o caso de Giorgian de Arrascaeta, meia do Flamengo e da sele\u00e7\u00e3o uruguaia que j\u00e1 celebrou a passagem do ano em um mega evento junto com a esposa, Camila, e amigos. Com direito a uma pista de dan\u00e7a completa com luzes e fuma\u00e7a, muitos drinks e at\u00e9 pernaltas, o jogador deu adeus \u00e0 2022 em estilo \u2014 mesmo que com alguns dias de anteced\u00eancia.<\/p>\n\n\n\n<p>A decora\u00e7\u00e3o, com elementos todos em branco e muito brilho estava presente tanto na \u00e1rea interna quanto externa da festa. No lado de fora, uma piscina cheia de bal\u00f5es e um letreiro que dizia &#8220;Gracias 2022&#8221;, ou seja, &#8220;Obrigada 2022&#8221; chamava a aten\u00e7\u00e3o e era o local mais instagram\u00e1vel do evento.<\/p>\n\n\n\n<p>A pista de dan\u00e7as tamb\u00e9m foi uma das atra\u00e7\u00f5es, com um esp\u00e9taculo de luzes e cores que fez os presentes se divertirem, principalmente com os acess\u00f3rios dispon\u00edveis para complementar o look. E, claro, garantir os melhores registros para as redes sociais, como a foto que o craque postou com a esposa.<\/p>\n\n\n\n<p>O espa\u00e7o dos drinks tamb\u00e9m foi um dos pontos focais da festa, onde uma equipe de bartenders estava \u00e0 disposi\u00e7\u00e3o dos convidados que quisessem provar a variedade de bebidas.<\/p>\n\n\n<div class=\"wp-block-image\">\n<figure class=\"aligncenter size-large is-resized\"><img loading=\"lazy\" decoding=\"async\" src=\"https:\/\/extra.globo.com\/incoming\/25632452-985-984\/w448\/321058193_471718785042016_6273384093499807001_n.webp\" alt=\"\" width=\"565\" height=\"424\"\/><\/figure>\n<\/div>\n\n<div class=\"wp-block-image\">\n<figure class=\"aligncenter size-large is-resized\"><img loading=\"lazy\" decoding=\"async\" src=\"https:\/\/extra.globo.com\/incoming\/25632456-997-fea\/w448\/321180634_1135268133795343_4213270914159149377_n.webp\" alt=\"\" width=\"571\" height=\"380\"\/><\/figure>\n<\/div>\n\n<div class=\"wp-block-image\">\n<figure class=\"aligncenter size-large is-resized\"><img loading=\"lazy\" decoding=\"async\" src=\"https:\/\/extra.globo.com\/incoming\/25632450-ed8-a9c\/w448\/arte2022-12-22t180446.454.webp\" alt=\"\" width=\"594\" height=\"354\"\/><\/figure>\n<\/div>\n\n<div class=\"wp-block-image\">\n<figure class=\"aligncenter size-large is-resized\"><img loading=\"lazy\" decoding=\"async\" src=\"https:\/\/extra.globo.com\/incoming\/25632453-c00-954\/w640h360-PROP\/321203329_153671654085489_5236453398201164339_n.webp\" alt=\"\" width=\"731\" height=\"411\"\/><\/figure>\n<\/div>\n\n\n<p>Na segunda-feira, o jogador precisar\u00e1 se reapresentar ao Flamengo e iniciar a prepara\u00e7\u00e3o para a temporada de 2023.<\/p>\n\n\n\n<p>Retirado de: Extra<\/p>\n","protected":false},"excerpt":{"rendered":"<p>O Natal ainda nem chegou, mas j\u00e1 tem quem esteja pensando no Ano Novo. \u00c9 o caso de Giorgian de Arrascaeta, meia do Flamengo e da sele\u00e7\u00e3o uruguaia que j\u00e1 celebrou a passagem do ano em um mega evento junto com a esposa, Camila, e amigos. Com direito a uma pista de dan\u00e7a completa com [&hellip;]<\/p>\n","protected":false},"author":1,"featured_media":88442,"comment_status":"open","ping_status":"closed","sticky":false,"template":"","format":"standard","meta":{"footnotes":""},"categories":[1],"tags":[],"class_list":["post-92427","post","type-post","status-publish","format-standard","has-post-thumbnail","hentry","category-flamengo"],"yoast_head":"<!-- This site is optimized with the Yoast SEO Premium plugin v24.2 (Yoast SEO v26.9) - https:\/\/yoast.com\/product\/yoast-seo-premium-wordpress\/ -->\n<title>Arrascaeta, do Flamengo, faz fest\u00e3o de rev\u00e9illon antecipado em Montevid\u00e9u; veja fotos<\/title>\n<meta name=\"robots\" content=\"index, follow, max-snippet:-1, max-image-preview:large, max-video-preview:-1\" \/>\n<link rel=\"canonical\" href=\"https:\/\/www.gaveanews.com\/index.php\/2022\/12\/23\/arrascaeta-do-flamengo-faz-festao-de-reveillon-antecipado-em-montevideu-veja-fotos\/\" \/>\n<meta property=\"og:locale\" content=\"pt_BR\" \/>\n<meta property=\"og:type\" content=\"article\" \/>\n<meta property=\"og:title\" content=\"Arrascaeta, do Flamengo, faz fest\u00e3o de rev\u00e9illon antecipado em Montevid\u00e9u; veja fotos\" \/>\n<meta property=\"og:description\" content=\"O Natal ainda nem chegou, mas j\u00e1 tem quem esteja pensando no Ano Novo. \u00c9 o caso de Giorgian de Arrascaeta, meia do Flamengo e da sele\u00e7\u00e3o uruguaia que j\u00e1 celebrou a passagem do ano em um mega evento junto com a esposa, Camila, e amigos. Com direito a uma pista de dan\u00e7a completa com [&hellip;]\" \/>\n<meta property=\"og:url\" content=\"https:\/\/www.gaveanews.com\/index.php\/2022\/12\/23\/arrascaeta-do-flamengo-faz-festao-de-reveillon-antecipado-em-montevideu-veja-fotos\/\" \/>\n<meta property=\"og:site_name\" content=\"G\u00e1vea News\" \/>\n<meta property=\"article:publisher\" content=\"https:\/\/facebook.com\/gaveaNews\/\" \/>\n<meta property=\"article:published_time\" content=\"2022-12-23T11:10:33+00:00\" \/>\n<meta property=\"article:modified_time\" content=\"2022-12-23T11:10:36+00:00\" \/>\n<meta property=\"og:image\" content=\"https:\/\/www.gaveanews.com\/wp-content\/uploads\/Arrascaeta-em-acao-pelo-Flamengo-durante-o-jogo-contra-o-Bragantino-pelo-Brasileirao-de-2022-no-estadio-do-Maracana.webp\" \/>\n\t<meta property=\"og:image:width\" content=\"800\" \/>\n\t<meta property=\"og:image:height\" content=\"533\" \/>\n\t<meta property=\"og:image:type\" content=\"image\/jpeg\" \/>\n<meta name=\"author\" content=\"Equipe G\u00e1vea News\" \/>\n<meta name=\"twitter:card\" content=\"summary_large_image\" \/>\n<meta name=\"twitter:label1\" content=\"Escrito por\" \/>\n\t<meta name=\"twitter:data1\" content=\"Equipe G\u00e1vea News\" \/>\n\t<meta name=\"twitter:label2\" content=\"Est. tempo de leitura\" \/>\n\t<meta name=\"twitter:data2\" content=\"3 minutos\" \/>\n<script type=\"application\/ld+json\" class=\"yoast-schema-graph\">{\"@context\":\"https:\/\/schema.org\",\"@graph\":[{\"@type\":\"NewsArticle\",\"@id\":\"https:\/\/www.gaveanews.com\/index.php\/2022\/12\/23\/arrascaeta-do-flamengo-faz-festao-de-reveillon-antecipado-em-montevideu-veja-fotos\/#article\",\"isPartOf\":{\"@id\":\"https:\/\/www.gaveanews.com\/index.php\/2022\/12\/23\/arrascaeta-do-flamengo-faz-festao-de-reveillon-antecipado-em-montevideu-veja-fotos\/\"},\"author\":{\"name\":\"Equipe G\u00e1vea News\",\"@id\":\"https:\/\/www.gaveanews.com\/#\/schema\/person\/2ec14f73fb96be2caf28f91afb14749d\"},\"headline\":\"Arrascaeta, do Flamengo, faz fest\u00e3o de rev\u00e9illon antecipado em Montevid\u00e9u; veja fotos\",\"datePublished\":\"2022-12-23T11:10:33+00:00\",\"dateModified\":\"2022-12-23T11:10:36+00:00\",\"mainEntityOfPage\":{\"@id\":\"https:\/\/www.gaveanews.com\/index.php\/2022\/12\/23\/arrascaeta-do-flamengo-faz-festao-de-reveillon-antecipado-em-montevideu-veja-fotos\/\"},\"wordCount\":256,\"commentCount\":0,\"image\":{\"@id\":\"https:\/\/www.gaveanews.com\/index.php\/2022\/12\/23\/arrascaeta-do-flamengo-faz-festao-de-reveillon-antecipado-em-montevideu-veja-fotos\/#primaryimage\"},\"thumbnailUrl\":\"https:\/\/www.gaveanews.com\/wp-content\/uploads\/Arrascaeta-em-acao-pelo-Flamengo-durante-o-jogo-contra-o-Bragantino-pelo-Brasileirao-de-2022-no-estadio-do-Maracana.webp\",\"articleSection\":[\"Flamengo\"],\"inLanguage\":\"pt-BR\",\"potentialAction\":[{\"@type\":\"CommentAction\",\"name\":\"Comment\",\"target\":[\"https:\/\/www.gaveanews.com\/index.php\/2022\/12\/23\/arrascaeta-do-flamengo-faz-festao-de-reveillon-antecipado-em-montevideu-veja-fotos\/#respond\"]}],\"copyrightYear\":\"2022\",\"copyrightHolder\":{\"@id\":\"https:\/\/www.gaveanews.com\/#organization\"}},{\"@type\":\"WebPage\",\"@id\":\"https:\/\/www.gaveanews.com\/index.php\/2022\/12\/23\/arrascaeta-do-flamengo-faz-festao-de-reveillon-antecipado-em-montevideu-veja-fotos\/\",\"url\":\"https:\/\/www.gaveanews.com\/index.php\/2022\/12\/23\/arrascaeta-do-flamengo-faz-festao-de-reveillon-antecipado-em-montevideu-veja-fotos\/\",\"name\":\"Arrascaeta, do Flamengo, faz fest\u00e3o de rev\u00e9illon antecipado em Montevid\u00e9u; veja fotos\",\"isPartOf\":{\"@id\":\"https:\/\/www.gaveanews.com\/#website\"},\"primaryImageOfPage\":{\"@id\":\"https:\/\/www.gaveanews.com\/index.php\/2022\/12\/23\/arrascaeta-do-flamengo-faz-festao-de-reveillon-antecipado-em-montevideu-veja-fotos\/#primaryimage\"},\"image\":{\"@id\":\"https:\/\/www.gaveanews.com\/index.php\/2022\/12\/23\/arrascaeta-do-flamengo-faz-festao-de-reveillon-antecipado-em-montevideu-veja-fotos\/#primaryimage\"},\"thumbnailUrl\":\"https:\/\/www.gaveanews.com\/wp-content\/uploads\/Arrascaeta-em-acao-pelo-Flamengo-durante-o-jogo-contra-o-Bragantino-pelo-Brasileirao-de-2022-no-estadio-do-Maracana.webp\",\"datePublished\":\"2022-12-23T11:10:33+00:00\",\"dateModified\":\"2022-12-23T11:10:36+00:00\",\"author\":{\"@id\":\"https:\/\/www.gaveanews.com\/#\/schema\/person\/2ec14f73fb96be2caf28f91afb14749d\"},\"breadcrumb\":{\"@id\":\"https:\/\/www.gaveanews.com\/index.php\/2022\/12\/23\/arrascaeta-do-flamengo-faz-festao-de-reveillon-antecipado-em-montevideu-veja-fotos\/#breadcrumb\"},\"inLanguage\":\"pt-BR\",\"potentialAction\":[{\"@type\":\"ReadAction\",\"target\":[\"https:\/\/www.gaveanews.com\/index.php\/2022\/12\/23\/arrascaeta-do-flamengo-faz-festao-de-reveillon-antecipado-em-montevideu-veja-fotos\/\"]}]},{\"@type\":\"ImageObject\",\"inLanguage\":\"pt-BR\",\"@id\":\"https:\/\/www.gaveanews.com\/index.php\/2022\/12\/23\/arrascaeta-do-flamengo-faz-festao-de-reveillon-antecipado-em-montevideu-veja-fotos\/#primaryimage\",\"url\":\"https:\/\/www.gaveanews.com\/wp-content\/uploads\/Arrascaeta-em-acao-pelo-Flamengo-durante-o-jogo-contra-o-Bragantino-pelo-Brasileirao-de-2022-no-estadio-do-Maracana.webp\",\"contentUrl\":\"https:\/\/www.gaveanews.com\/wp-content\/uploads\/Arrascaeta-em-acao-pelo-Flamengo-durante-o-jogo-contra-o-Bragantino-pelo-Brasileirao-de-2022-no-estadio-do-Maracana.webp\",\"width\":800,\"height\":533,\"caption\":\"Arrascaeta em a\u00e7\u00e3o pelo Flamengo durante o jogo contra o Bragantino pelo Brasileir\u00e3o de 2022 no est\u00e1dio do Maracan\u00e3 (Foto: Reprodu\u00e7\u00e3o\/Flamengo)\"},{\"@type\":\"BreadcrumbList\",\"@id\":\"https:\/\/www.gaveanews.com\/index.php\/2022\/12\/23\/arrascaeta-do-flamengo-faz-festao-de-reveillon-antecipado-em-montevideu-veja-fotos\/#breadcrumb\",\"itemListElement\":[{\"@type\":\"ListItem\",\"position\":1,\"name\":\"Home\",\"item\":\"https:\/\/www.gaveanews.com\/\"},{\"@type\":\"ListItem\",\"position\":2,\"name\":\"Arrascaeta, do Flamengo, faz fest\u00e3o de rev\u00e9illon antecipado em Montevid\u00e9u; veja fotos\"}]},{\"@type\":\"WebSite\",\"@id\":\"https:\/\/www.gaveanews.com\/#website\",\"url\":\"https:\/\/www.gaveanews.com\/\",\"name\":\"G\u00e1vea News\",\"description\":\"Veja todas as not\u00edcias sobre o Flamengo: Contrata\u00e7\u00f5es, categorias de base, resultados das partidas, tabela de classifica\u00e7\u00e3o, pr\u00f3ximos jogos!\",\"potentialAction\":[{\"@type\":\"SearchAction\",\"target\":{\"@type\":\"EntryPoint\",\"urlTemplate\":\"https:\/\/www.gaveanews.com\/?s={search_term_string}\"},\"query-input\":{\"@type\":\"PropertyValueSpecification\",\"valueRequired\":true,\"valueName\":\"search_term_string\"}}],\"inLanguage\":\"pt-BR\"},{\"@type\":\"Person\",\"@id\":\"https:\/\/www.gaveanews.com\/#\/schema\/person\/2ec14f73fb96be2caf28f91afb14749d\",\"name\":\"Equipe G\u00e1vea News\",\"image\":{\"@type\":\"ImageObject\",\"inLanguage\":\"pt-BR\",\"@id\":\"https:\/\/www.gaveanews.com\/#\/schema\/person\/image\/\",\"url\":\"https:\/\/secure.gravatar.com\/avatar\/1e1956f1facbffd3f8fa53a326721950116b3b9dc9bd44939c01180fd4a745a9?s=96&d=mm&r=g\",\"contentUrl\":\"https:\/\/secure.gravatar.com\/avatar\/1e1956f1facbffd3f8fa53a326721950116b3b9dc9bd44939c01180fd4a745a9?s=96&d=mm&r=g\",\"caption\":\"Equipe G\u00e1vea News\"}}]}<\/script>\n<!-- \/ Yoast SEO Premium plugin. -->","yoast_head_json":{"title":"Arrascaeta, do Flamengo, faz fest\u00e3o de rev\u00e9illon antecipado em Montevid\u00e9u; veja fotos","robots":{"index":"index","follow":"follow","max-snippet":"max-snippet:-1","max-image-preview":"max-image-preview:large","max-video-preview":"max-video-preview:-1"},"canonical":"https:\/\/www.gaveanews.com\/index.php\/2022\/12\/23\/arrascaeta-do-flamengo-faz-festao-de-reveillon-antecipado-em-montevideu-veja-fotos\/","og_locale":"pt_BR","og_type":"article","og_title":"Arrascaeta, do Flamengo, faz fest\u00e3o de rev\u00e9illon antecipado em Montevid\u00e9u; veja fotos","og_description":"O Natal ainda nem chegou, mas j\u00e1 tem quem esteja pensando no Ano Novo. \u00c9 o caso de Giorgian de Arrascaeta, meia do Flamengo e da sele\u00e7\u00e3o uruguaia que j\u00e1 celebrou a passagem do ano em um mega evento junto com a esposa, Camila, e amigos. Com direito a uma pista de dan\u00e7a completa com [&hellip;]","og_url":"https:\/\/www.gaveanews.com\/index.php\/2022\/12\/23\/arrascaeta-do-flamengo-faz-festao-de-reveillon-antecipado-em-montevideu-veja-fotos\/","og_site_name":"G\u00e1vea News","article_publisher":"https:\/\/facebook.com\/gaveaNews\/","article_published_time":"2022-12-23T11:10:33+00:00","article_modified_time":"2022-12-23T11:10:36+00:00","og_image":[{"width":800,"height":533,"url":"https:\/\/www.gaveanews.com\/wp-content\/uploads\/Arrascaeta-em-acao-pelo-Flamengo-durante-o-jogo-contra-o-Bragantino-pelo-Brasileirao-de-2022-no-estadio-do-Maracana.webp","type":"image\/jpeg"}],"author":"Equipe G\u00e1vea News","twitter_card":"summary_large_image","twitter_misc":{"Escrito por":"Equipe G\u00e1vea News","Est. tempo de leitura":"3 minutos"},"schema":{"@context":"https:\/\/schema.org","@graph":[{"@type":"NewsArticle","@id":"https:\/\/www.gaveanews.com\/index.php\/2022\/12\/23\/arrascaeta-do-flamengo-faz-festao-de-reveillon-antecipado-em-montevideu-veja-fotos\/#article","isPartOf":{"@id":"https:\/\/www.gaveanews.com\/index.php\/2022\/12\/23\/arrascaeta-do-flamengo-faz-festao-de-reveillon-antecipado-em-montevideu-veja-fotos\/"},"author":{"name":"Equipe G\u00e1vea News","@id":"https:\/\/www.gaveanews.com\/#\/schema\/person\/2ec14f73fb96be2caf28f91afb14749d"},"headline":"Arrascaeta, do Flamengo, faz fest\u00e3o de rev\u00e9illon antecipado em Montevid\u00e9u; veja fotos","datePublished":"2022-12-23T11:10:33+00:00","dateModified":"2022-12-23T11:10:36+00:00","mainEntityOfPage":{"@id":"https:\/\/www.gaveanews.com\/index.php\/2022\/12\/23\/arrascaeta-do-flamengo-faz-festao-de-reveillon-antecipado-em-montevideu-veja-fotos\/"},"wordCount":256,"commentCount":0,"image":{"@id":"https:\/\/www.gaveanews.com\/index.php\/2022\/12\/23\/arrascaeta-do-flamengo-faz-festao-de-reveillon-antecipado-em-montevideu-veja-fotos\/#primaryimage"},"thumbnailUrl":"https:\/\/www.gaveanews.com\/wp-content\/uploads\/Arrascaeta-em-acao-pelo-Flamengo-durante-o-jogo-contra-o-Bragantino-pelo-Brasileirao-de-2022-no-estadio-do-Maracana.webp","articleSection":["Flamengo"],"inLanguage":"pt-BR","potentialAction":[{"@type":"CommentAction","name":"Comment","target":["https:\/\/www.gaveanews.com\/index.php\/2022\/12\/23\/arrascaeta-do-flamengo-faz-festao-de-reveillon-antecipado-em-montevideu-veja-fotos\/#respond"]}],"copyrightYear":"2022","copyrightHolder":{"@id":"https:\/\/www.gaveanews.com\/#organization"}},{"@type":"WebPage","@id":"https:\/\/www.gaveanews.com\/index.php\/2022\/12\/23\/arrascaeta-do-flamengo-faz-festao-de-reveillon-antecipado-em-montevideu-veja-fotos\/","url":"https:\/\/www.gaveanews.com\/index.php\/2022\/12\/23\/arrascaeta-do-flamengo-faz-festao-de-reveillon-antecipado-em-montevideu-veja-fotos\/","name":"Arrascaeta, do Flamengo, faz fest\u00e3o de rev\u00e9illon antecipado em Montevid\u00e9u; veja fotos","isPartOf":{"@id":"https:\/\/www.gaveanews.com\/#website"},"primaryImageOfPage":{"@id":"https:\/\/www.gaveanews.com\/index.php\/2022\/12\/23\/arrascaeta-do-flamengo-faz-festao-de-reveillon-antecipado-em-montevideu-veja-fotos\/#primaryimage"},"image":{"@id":"https:\/\/www.gaveanews.com\/index.php\/2022\/12\/23\/arrascaeta-do-flamengo-faz-festao-de-reveillon-antecipado-em-montevideu-veja-fotos\/#primaryimage"},"thumbnailUrl":"https:\/\/www.gaveanews.com\/wp-content\/uploads\/Arrascaeta-em-acao-pelo-Flamengo-durante-o-jogo-contra-o-Bragantino-pelo-Brasileirao-de-2022-no-estadio-do-Maracana.webp","datePublished":"2022-12-23T11:10:33+00:00","dateModified":"2022-12-23T11:10:36+00:00","author":{"@id":"https:\/\/www.gaveanews.com\/#\/schema\/person\/2ec14f73fb96be2caf28f91afb14749d"},"breadcrumb":{"@id":"https:\/\/www.gaveanews.com\/index.php\/2022\/12\/23\/arrascaeta-do-flamengo-faz-festao-de-reveillon-antecipado-em-montevideu-veja-fotos\/#breadcrumb"},"inLanguage":"pt-BR","potentialAction":[{"@type":"ReadAction","target":["https:\/\/www.gaveanews.com\/index.php\/2022\/12\/23\/arrascaeta-do-flamengo-faz-festao-de-reveillon-antecipado-em-montevideu-veja-fotos\/"]}]},{"@type":"ImageObject","inLanguage":"pt-BR","@id":"https:\/\/www.gaveanews.com\/index.php\/2022\/12\/23\/arrascaeta-do-flamengo-faz-festao-de-reveillon-antecipado-em-montevideu-veja-fotos\/#primaryimage","url":"https:\/\/www.gaveanews.com\/wp-content\/uploads\/Arrascaeta-em-acao-pelo-Flamengo-durante-o-jogo-contra-o-Bragantino-pelo-Brasileirao-de-2022-no-estadio-do-Maracana.webp","contentUrl":"https:\/\/www.gaveanews.com\/wp-content\/uploads\/Arrascaeta-em-acao-pelo-Flamengo-durante-o-jogo-contra-o-Bragantino-pelo-Brasileirao-de-2022-no-estadio-do-Maracana.webp","width":800,"height":533,"caption":"Arrascaeta em a\u00e7\u00e3o pelo Flamengo durante o jogo contra o Bragantino pelo Brasileir\u00e3o de 2022 no est\u00e1dio do Maracan\u00e3 (Foto: Reprodu\u00e7\u00e3o\/Flamengo)"},{"@type":"BreadcrumbList","@id":"https:\/\/www.gaveanews.com\/index.php\/2022\/12\/23\/arrascaeta-do-flamengo-faz-festao-de-reveillon-antecipado-em-montevideu-veja-fotos\/#breadcrumb","itemListElement":[{"@type":"ListItem","position":1,"name":"Home","item":"https:\/\/www.gaveanews.com\/"},{"@type":"ListItem","position":2,"name":"Arrascaeta, do Flamengo, faz fest\u00e3o de rev\u00e9illon antecipado em Montevid\u00e9u; veja fotos"}]},{"@type":"WebSite","@id":"https:\/\/www.gaveanews.com\/#website","url":"https:\/\/www.gaveanews.com\/","name":"G\u00e1vea News","description":"Veja todas as not\u00edcias sobre o Flamengo: Contrata\u00e7\u00f5es, categorias de base, resultados das partidas, tabela de classifica\u00e7\u00e3o, pr\u00f3ximos jogos!","potentialAction":[{"@type":"SearchAction","target":{"@type":"EntryPoint","urlTemplate":"https:\/\/www.gaveanews.com\/?s={search_term_string}"},"query-input":{"@type":"PropertyValueSpecification","valueRequired":true,"valueName":"search_term_string"}}],"inLanguage":"pt-BR"},{"@type":"Person","@id":"https:\/\/www.gaveanews.com\/#\/schema\/person\/2ec14f73fb96be2caf28f91afb14749d","name":"Equipe G\u00e1vea News","image":{"@type":"ImageObject","inLanguage":"pt-BR","@id":"https:\/\/www.gaveanews.com\/#\/schema\/person\/image\/","url":"https:\/\/secure.gravatar.com\/avatar\/1e1956f1facbffd3f8fa53a326721950116b3b9dc9bd44939c01180fd4a745a9?s=96&d=mm&r=g","contentUrl":"https:\/\/secure.gravatar.com\/avatar\/1e1956f1facbffd3f8fa53a326721950116b3b9dc9bd44939c01180fd4a745a9?s=96&d=mm&r=g","caption":"Equipe G\u00e1vea News"}}]}},"_links":{"self":[{"href":"https:\/\/www.gaveanews.com\/index.php\/wp-json\/wp\/v2\/posts\/92427","targetHints":{"allow":["GET"]}}],"collection":[{"href":"https:\/\/www.gaveanews.com\/index.php\/wp-json\/wp\/v2\/posts"}],"about":[{"href":"https:\/\/www.gaveanews.com\/index.php\/wp-json\/wp\/v2\/types\/post"}],"author":[{"embeddable":true,"href":"https:\/\/www.gaveanews.com\/index.php\/wp-json\/wp\/v2\/users\/1"}],"replies":[{"embeddable":true,"href":"https:\/\/www.gaveanews.com\/index.php\/wp-json\/wp\/v2\/comments?post=92427"}],"version-history":[{"count":0,"href":"https:\/\/www.gaveanews.com\/index.php\/wp-json\/wp\/v2\/posts\/92427\/revisions"}],"wp:featuredmedia":[{"embeddable":true,"href":"https:\/\/www.gaveanews.com\/index.php\/wp-json\/wp\/v2\/media\/88442"}],"wp:attachment":[{"href":"https:\/\/www.gaveanews.com\/index.php\/wp-json\/wp\/v2\/media?parent=92427"}],"wp:term":[{"taxonomy":"category","embeddable":true,"href":"https:\/\/www.gaveanews.com\/index.php\/wp-json\/wp\/v2\/categories?post=92427"},{"taxonomy":"post_tag","embeddable":true,"href":"https:\/\/www.gaveanews.com\/index.php\/wp-json\/wp\/v2\/tags?post=92427"}],"curies":[{"name":"wp","href":"https:\/\/api.w.org\/{rel}","templated":true}]}}