{"id":92431,"date":"2022-12-23T10:19:50","date_gmt":"2022-12-23T13:19:50","guid":{"rendered":"https:\/\/www.gaveanews.com\/?p=92431"},"modified":"2022-12-23T10:19:52","modified_gmt":"2022-12-23T13:19:52","slug":"gerson-no-flamengo-em-que-estagio-parou-negocio-e-quais-proximos-passos-do-clube-carioca-no-sonho-de-repatriar-meia","status":"publish","type":"post","link":"https:\/\/www.gaveanews.com\/index.php\/2022\/12\/23\/gerson-no-flamengo-em-que-estagio-parou-negocio-e-quais-proximos-passos-do-clube-carioca-no-sonho-de-repatriar-meia\/","title":{"rendered":"Gerson no Flamengo? Em que est\u00e1gio parou neg\u00f3cio e quais pr\u00f3ximos passos do clube carioca no sonho de repatriar meia"},"content":{"rendered":"\n<p>O Flamengo ainda n\u00e3o anunciou nenhum refor\u00e7o para a pr\u00f3xima temporada. Aguardando ainda V\u00edtor Pereira, que come\u00e7a a trabalhar a partir do primeiro dia de 2023, a diretoria analisa o mercado em busca de op\u00e7\u00f5es.<\/p>\n\n\n\n<p>Um nome un\u00e2nime no Ninho do Urubu \u00e9 Gerson. No entanto, o retorno do meio-campista ficou um pouco distante ap\u00f3s o Olympique de Marselha fazer jogo duro.<\/p>\n\n\n\n<p>Os franceses desejavam faturar 20 milh\u00f5es de euros, cerca de R$ 109 milh\u00f5es, valor considerado fora da realidade rubro-negra. Sem conseguir evoluir na conversa, o Flamengo aguarda o mercado.<\/p>\n\n\n\n<p>Segundo informa\u00e7\u00f5es do rep\u00f3rter Pedro Henrique Torre, dos canais Disney, a diretoria rubro-negra recuou nas conversas, mas vai aguardar o desenrolar da hist\u00f3ria.<\/p>\n\n\n\n<p>Gerson n\u00e3o tem uma boa rela\u00e7\u00e3o com o t\u00e9cnico Igor Tudor. Por conta disso, deseja uma sa\u00edda para ter sequ\u00eancia em um novo clube. E o Flamengo, onde \u00e9 \u00eddolo, \u00e9 o destino preferido do atleta.<\/p>\n\n\n\n<p>Sabendo do desejo de Gerson e com o acerto com o jogador, o Flamengo vai aguardar o mercado. Com o meia em baixa, n\u00e3o \u00e9 algo f\u00e1cil para o Marselha conseguir vender Gerson pelo valor estipulado ao Flamengo. Em virtude disso, o Rubro-Negro vai observar o mercado e tentar, no momento certo, avan\u00e7ar na situa\u00e7\u00e3o.<\/p>\n\n\n\n<p>Retirado de: ESPN<\/p>\n","protected":false},"excerpt":{"rendered":"<p>O Flamengo ainda n\u00e3o anunciou nenhum refor\u00e7o para a pr\u00f3xima temporada. Aguardando ainda V\u00edtor Pereira, que come\u00e7a a trabalhar a partir do primeiro dia de 2023, a diretoria analisa o mercado em busca de op\u00e7\u00f5es. Um nome un\u00e2nime no Ninho do Urubu \u00e9 Gerson. No entanto, o retorno do meio-campista ficou um pouco distante ap\u00f3s [&hellip;]<\/p>\n","protected":false},"author":1,"featured_media":90341,"comment_status":"open","ping_status":"closed","sticky":false,"template":"","format":"standard","meta":{"footnotes":""},"categories":[1],"tags":[],"class_list":["post-92431","post","type-post","status-publish","format-standard","has-post-thumbnail","hentry","category-flamengo"],"yoast_head":"<!-- This site is optimized with the Yoast SEO Premium plugin v24.2 (Yoast SEO v26.9) - https:\/\/yoast.com\/product\/yoast-seo-premium-wordpress\/ -->\n<title>Gerson no Flamengo? Em que est\u00e1gio parou neg\u00f3cio e quais pr\u00f3ximos passos do clube carioca no sonho de repatriar meia<\/title>\n<meta name=\"robots\" content=\"index, follow, max-snippet:-1, max-image-preview:large, max-video-preview:-1\" \/>\n<link rel=\"canonical\" href=\"https:\/\/www.gaveanews.com\/index.php\/2022\/12\/23\/gerson-no-flamengo-em-que-estagio-parou-negocio-e-quais-proximos-passos-do-clube-carioca-no-sonho-de-repatriar-meia\/\" \/>\n<meta property=\"og:locale\" content=\"pt_BR\" \/>\n<meta property=\"og:type\" content=\"article\" \/>\n<meta property=\"og:title\" content=\"Gerson no Flamengo? Em que est\u00e1gio parou neg\u00f3cio e quais pr\u00f3ximos passos do clube carioca no sonho de repatriar meia\" \/>\n<meta property=\"og:description\" content=\"O Flamengo ainda n\u00e3o anunciou nenhum refor\u00e7o para a pr\u00f3xima temporada. Aguardando ainda V\u00edtor Pereira, que come\u00e7a a trabalhar a partir do primeiro dia de 2023, a diretoria analisa o mercado em busca de op\u00e7\u00f5es. Um nome un\u00e2nime no Ninho do Urubu \u00e9 Gerson. No entanto, o retorno do meio-campista ficou um pouco distante ap\u00f3s [&hellip;]\" \/>\n<meta property=\"og:url\" content=\"https:\/\/www.gaveanews.com\/index.php\/2022\/12\/23\/gerson-no-flamengo-em-que-estagio-parou-negocio-e-quais-proximos-passos-do-clube-carioca-no-sonho-de-repatriar-meia\/\" \/>\n<meta property=\"og:site_name\" content=\"G\u00e1vea News\" \/>\n<meta property=\"article:publisher\" content=\"https:\/\/facebook.com\/gaveaNews\/\" \/>\n<meta property=\"article:published_time\" content=\"2022-12-23T13:19:50+00:00\" \/>\n<meta property=\"article:modified_time\" content=\"2022-12-23T13:19:52+00:00\" \/>\n<meta property=\"og:image\" content=\"https:\/\/www.gaveanews.com\/wp-content\/uploads\/gerson-olympique-de-marseille.webp\" \/>\n\t<meta property=\"og:image:width\" content=\"984\" \/>\n\t<meta property=\"og:image:height\" content=\"695\" \/>\n\t<meta property=\"og:image:type\" content=\"image\/webp\" \/>\n<meta name=\"author\" content=\"Equipe G\u00e1vea News\" \/>\n<meta name=\"twitter:card\" content=\"summary_large_image\" \/>\n<meta name=\"twitter:label1\" content=\"Escrito por\" \/>\n\t<meta name=\"twitter:data1\" content=\"Equipe G\u00e1vea News\" \/>\n\t<meta name=\"twitter:label2\" content=\"Est. tempo de leitura\" \/>\n\t<meta name=\"twitter:data2\" content=\"2 minutos\" \/>\n<script type=\"application\/ld+json\" class=\"yoast-schema-graph\">{\"@context\":\"https:\/\/schema.org\",\"@graph\":[{\"@type\":\"NewsArticle\",\"@id\":\"https:\/\/www.gaveanews.com\/index.php\/2022\/12\/23\/gerson-no-flamengo-em-que-estagio-parou-negocio-e-quais-proximos-passos-do-clube-carioca-no-sonho-de-repatriar-meia\/#article\",\"isPartOf\":{\"@id\":\"https:\/\/www.gaveanews.com\/index.php\/2022\/12\/23\/gerson-no-flamengo-em-que-estagio-parou-negocio-e-quais-proximos-passos-do-clube-carioca-no-sonho-de-repatriar-meia\/\"},\"author\":{\"name\":\"Equipe G\u00e1vea News\",\"@id\":\"https:\/\/www.gaveanews.com\/#\/schema\/person\/2ec14f73fb96be2caf28f91afb14749d\"},\"headline\":\"Gerson no Flamengo? Em que est\u00e1gio parou neg\u00f3cio e quais pr\u00f3ximos passos do clube carioca no sonho de repatriar meia\",\"datePublished\":\"2022-12-23T13:19:50+00:00\",\"dateModified\":\"2022-12-23T13:19:52+00:00\",\"mainEntityOfPage\":{\"@id\":\"https:\/\/www.gaveanews.com\/index.php\/2022\/12\/23\/gerson-no-flamengo-em-que-estagio-parou-negocio-e-quais-proximos-passos-do-clube-carioca-no-sonho-de-repatriar-meia\/\"},\"wordCount\":246,\"commentCount\":0,\"image\":{\"@id\":\"https:\/\/www.gaveanews.com\/index.php\/2022\/12\/23\/gerson-no-flamengo-em-que-estagio-parou-negocio-e-quais-proximos-passos-do-clube-carioca-no-sonho-de-repatriar-meia\/#primaryimage\"},\"thumbnailUrl\":\"https:\/\/www.gaveanews.com\/wp-content\/uploads\/gerson-olympique-de-marseille.webp\",\"articleSection\":[\"Flamengo\"],\"inLanguage\":\"pt-BR\",\"potentialAction\":[{\"@type\":\"CommentAction\",\"name\":\"Comment\",\"target\":[\"https:\/\/www.gaveanews.com\/index.php\/2022\/12\/23\/gerson-no-flamengo-em-que-estagio-parou-negocio-e-quais-proximos-passos-do-clube-carioca-no-sonho-de-repatriar-meia\/#respond\"]}],\"copyrightYear\":\"2022\",\"copyrightHolder\":{\"@id\":\"https:\/\/www.gaveanews.com\/#organization\"}},{\"@type\":\"WebPage\",\"@id\":\"https:\/\/www.gaveanews.com\/index.php\/2022\/12\/23\/gerson-no-flamengo-em-que-estagio-parou-negocio-e-quais-proximos-passos-do-clube-carioca-no-sonho-de-repatriar-meia\/\",\"url\":\"https:\/\/www.gaveanews.com\/index.php\/2022\/12\/23\/gerson-no-flamengo-em-que-estagio-parou-negocio-e-quais-proximos-passos-do-clube-carioca-no-sonho-de-repatriar-meia\/\",\"name\":\"Gerson no Flamengo? Em que est\u00e1gio parou neg\u00f3cio e quais pr\u00f3ximos passos do clube carioca no sonho de repatriar meia\",\"isPartOf\":{\"@id\":\"https:\/\/www.gaveanews.com\/#website\"},\"primaryImageOfPage\":{\"@id\":\"https:\/\/www.gaveanews.com\/index.php\/2022\/12\/23\/gerson-no-flamengo-em-que-estagio-parou-negocio-e-quais-proximos-passos-do-clube-carioca-no-sonho-de-repatriar-meia\/#primaryimage\"},\"image\":{\"@id\":\"https:\/\/www.gaveanews.com\/index.php\/2022\/12\/23\/gerson-no-flamengo-em-que-estagio-parou-negocio-e-quais-proximos-passos-do-clube-carioca-no-sonho-de-repatriar-meia\/#primaryimage\"},\"thumbnailUrl\":\"https:\/\/www.gaveanews.com\/wp-content\/uploads\/gerson-olympique-de-marseille.webp\",\"datePublished\":\"2022-12-23T13:19:50+00:00\",\"dateModified\":\"2022-12-23T13:19:52+00:00\",\"author\":{\"@id\":\"https:\/\/www.gaveanews.com\/#\/schema\/person\/2ec14f73fb96be2caf28f91afb14749d\"},\"breadcrumb\":{\"@id\":\"https:\/\/www.gaveanews.com\/index.php\/2022\/12\/23\/gerson-no-flamengo-em-que-estagio-parou-negocio-e-quais-proximos-passos-do-clube-carioca-no-sonho-de-repatriar-meia\/#breadcrumb\"},\"inLanguage\":\"pt-BR\",\"potentialAction\":[{\"@type\":\"ReadAction\",\"target\":[\"https:\/\/www.gaveanews.com\/index.php\/2022\/12\/23\/gerson-no-flamengo-em-que-estagio-parou-negocio-e-quais-proximos-passos-do-clube-carioca-no-sonho-de-repatriar-meia\/\"]}]},{\"@type\":\"ImageObject\",\"inLanguage\":\"pt-BR\",\"@id\":\"https:\/\/www.gaveanews.com\/index.php\/2022\/12\/23\/gerson-no-flamengo-em-que-estagio-parou-negocio-e-quais-proximos-passos-do-clube-carioca-no-sonho-de-repatriar-meia\/#primaryimage\",\"url\":\"https:\/\/www.gaveanews.com\/wp-content\/uploads\/gerson-olympique-de-marseille.webp\",\"contentUrl\":\"https:\/\/www.gaveanews.com\/wp-content\/uploads\/gerson-olympique-de-marseille.webp\",\"width\":984,\"height\":695,\"caption\":\"Gerson em partida do Olympique de Marseille (Foto: Divulga\u00e7\u00e3o\/Olympique de Marseille)\"},{\"@type\":\"BreadcrumbList\",\"@id\":\"https:\/\/www.gaveanews.com\/index.php\/2022\/12\/23\/gerson-no-flamengo-em-que-estagio-parou-negocio-e-quais-proximos-passos-do-clube-carioca-no-sonho-de-repatriar-meia\/#breadcrumb\",\"itemListElement\":[{\"@type\":\"ListItem\",\"position\":1,\"name\":\"Home\",\"item\":\"https:\/\/www.gaveanews.com\/\"},{\"@type\":\"ListItem\",\"position\":2,\"name\":\"Gerson no Flamengo? Em que est\u00e1gio parou neg\u00f3cio e quais pr\u00f3ximos passos do clube carioca no sonho de repatriar meia\"}]},{\"@type\":\"WebSite\",\"@id\":\"https:\/\/www.gaveanews.com\/#website\",\"url\":\"https:\/\/www.gaveanews.com\/\",\"name\":\"G\u00e1vea News\",\"description\":\"Veja todas as not\u00edcias sobre o Flamengo: Contrata\u00e7\u00f5es, categorias de base, resultados das partidas, tabela de classifica\u00e7\u00e3o, pr\u00f3ximos jogos!\",\"potentialAction\":[{\"@type\":\"SearchAction\",\"target\":{\"@type\":\"EntryPoint\",\"urlTemplate\":\"https:\/\/www.gaveanews.com\/?s={search_term_string}\"},\"query-input\":{\"@type\":\"PropertyValueSpecification\",\"valueRequired\":true,\"valueName\":\"search_term_string\"}}],\"inLanguage\":\"pt-BR\"},{\"@type\":\"Person\",\"@id\":\"https:\/\/www.gaveanews.com\/#\/schema\/person\/2ec14f73fb96be2caf28f91afb14749d\",\"name\":\"Equipe G\u00e1vea News\",\"image\":{\"@type\":\"ImageObject\",\"inLanguage\":\"pt-BR\",\"@id\":\"https:\/\/www.gaveanews.com\/#\/schema\/person\/image\/\",\"url\":\"https:\/\/secure.gravatar.com\/avatar\/1e1956f1facbffd3f8fa53a326721950116b3b9dc9bd44939c01180fd4a745a9?s=96&d=mm&r=g\",\"contentUrl\":\"https:\/\/secure.gravatar.com\/avatar\/1e1956f1facbffd3f8fa53a326721950116b3b9dc9bd44939c01180fd4a745a9?s=96&d=mm&r=g\",\"caption\":\"Equipe G\u00e1vea News\"}}]}<\/script>\n<!-- \/ Yoast SEO Premium plugin. -->","yoast_head_json":{"title":"Gerson no Flamengo? Em que est\u00e1gio parou neg\u00f3cio e quais pr\u00f3ximos passos do clube carioca no sonho de repatriar meia","robots":{"index":"index","follow":"follow","max-snippet":"max-snippet:-1","max-image-preview":"max-image-preview:large","max-video-preview":"max-video-preview:-1"},"canonical":"https:\/\/www.gaveanews.com\/index.php\/2022\/12\/23\/gerson-no-flamengo-em-que-estagio-parou-negocio-e-quais-proximos-passos-do-clube-carioca-no-sonho-de-repatriar-meia\/","og_locale":"pt_BR","og_type":"article","og_title":"Gerson no Flamengo? Em que est\u00e1gio parou neg\u00f3cio e quais pr\u00f3ximos passos do clube carioca no sonho de repatriar meia","og_description":"O Flamengo ainda n\u00e3o anunciou nenhum refor\u00e7o para a pr\u00f3xima temporada. Aguardando ainda V\u00edtor Pereira, que come\u00e7a a trabalhar a partir do primeiro dia de 2023, a diretoria analisa o mercado em busca de op\u00e7\u00f5es. Um nome un\u00e2nime no Ninho do Urubu \u00e9 Gerson. No entanto, o retorno do meio-campista ficou um pouco distante ap\u00f3s [&hellip;]","og_url":"https:\/\/www.gaveanews.com\/index.php\/2022\/12\/23\/gerson-no-flamengo-em-que-estagio-parou-negocio-e-quais-proximos-passos-do-clube-carioca-no-sonho-de-repatriar-meia\/","og_site_name":"G\u00e1vea News","article_publisher":"https:\/\/facebook.com\/gaveaNews\/","article_published_time":"2022-12-23T13:19:50+00:00","article_modified_time":"2022-12-23T13:19:52+00:00","og_image":[{"width":984,"height":695,"url":"https:\/\/www.gaveanews.com\/wp-content\/uploads\/gerson-olympique-de-marseille.webp","type":"image\/webp"}],"author":"Equipe G\u00e1vea News","twitter_card":"summary_large_image","twitter_misc":{"Escrito por":"Equipe G\u00e1vea News","Est. tempo de leitura":"2 minutos"},"schema":{"@context":"https:\/\/schema.org","@graph":[{"@type":"NewsArticle","@id":"https:\/\/www.gaveanews.com\/index.php\/2022\/12\/23\/gerson-no-flamengo-em-que-estagio-parou-negocio-e-quais-proximos-passos-do-clube-carioca-no-sonho-de-repatriar-meia\/#article","isPartOf":{"@id":"https:\/\/www.gaveanews.com\/index.php\/2022\/12\/23\/gerson-no-flamengo-em-que-estagio-parou-negocio-e-quais-proximos-passos-do-clube-carioca-no-sonho-de-repatriar-meia\/"},"author":{"name":"Equipe G\u00e1vea News","@id":"https:\/\/www.gaveanews.com\/#\/schema\/person\/2ec14f73fb96be2caf28f91afb14749d"},"headline":"Gerson no Flamengo? Em que est\u00e1gio parou neg\u00f3cio e quais pr\u00f3ximos passos do clube carioca no sonho de repatriar meia","datePublished":"2022-12-23T13:19:50+00:00","dateModified":"2022-12-23T13:19:52+00:00","mainEntityOfPage":{"@id":"https:\/\/www.gaveanews.com\/index.php\/2022\/12\/23\/gerson-no-flamengo-em-que-estagio-parou-negocio-e-quais-proximos-passos-do-clube-carioca-no-sonho-de-repatriar-meia\/"},"wordCount":246,"commentCount":0,"image":{"@id":"https:\/\/www.gaveanews.com\/index.php\/2022\/12\/23\/gerson-no-flamengo-em-que-estagio-parou-negocio-e-quais-proximos-passos-do-clube-carioca-no-sonho-de-repatriar-meia\/#primaryimage"},"thumbnailUrl":"https:\/\/www.gaveanews.com\/wp-content\/uploads\/gerson-olympique-de-marseille.webp","articleSection":["Flamengo"],"inLanguage":"pt-BR","potentialAction":[{"@type":"CommentAction","name":"Comment","target":["https:\/\/www.gaveanews.com\/index.php\/2022\/12\/23\/gerson-no-flamengo-em-que-estagio-parou-negocio-e-quais-proximos-passos-do-clube-carioca-no-sonho-de-repatriar-meia\/#respond"]}],"copyrightYear":"2022","copyrightHolder":{"@id":"https:\/\/www.gaveanews.com\/#organization"}},{"@type":"WebPage","@id":"https:\/\/www.gaveanews.com\/index.php\/2022\/12\/23\/gerson-no-flamengo-em-que-estagio-parou-negocio-e-quais-proximos-passos-do-clube-carioca-no-sonho-de-repatriar-meia\/","url":"https:\/\/www.gaveanews.com\/index.php\/2022\/12\/23\/gerson-no-flamengo-em-que-estagio-parou-negocio-e-quais-proximos-passos-do-clube-carioca-no-sonho-de-repatriar-meia\/","name":"Gerson no Flamengo? Em que est\u00e1gio parou neg\u00f3cio e quais pr\u00f3ximos passos do clube carioca no sonho de repatriar meia","isPartOf":{"@id":"https:\/\/www.gaveanews.com\/#website"},"primaryImageOfPage":{"@id":"https:\/\/www.gaveanews.com\/index.php\/2022\/12\/23\/gerson-no-flamengo-em-que-estagio-parou-negocio-e-quais-proximos-passos-do-clube-carioca-no-sonho-de-repatriar-meia\/#primaryimage"},"image":{"@id":"https:\/\/www.gaveanews.com\/index.php\/2022\/12\/23\/gerson-no-flamengo-em-que-estagio-parou-negocio-e-quais-proximos-passos-do-clube-carioca-no-sonho-de-repatriar-meia\/#primaryimage"},"thumbnailUrl":"https:\/\/www.gaveanews.com\/wp-content\/uploads\/gerson-olympique-de-marseille.webp","datePublished":"2022-12-23T13:19:50+00:00","dateModified":"2022-12-23T13:19:52+00:00","author":{"@id":"https:\/\/www.gaveanews.com\/#\/schema\/person\/2ec14f73fb96be2caf28f91afb14749d"},"breadcrumb":{"@id":"https:\/\/www.gaveanews.com\/index.php\/2022\/12\/23\/gerson-no-flamengo-em-que-estagio-parou-negocio-e-quais-proximos-passos-do-clube-carioca-no-sonho-de-repatriar-meia\/#breadcrumb"},"inLanguage":"pt-BR","potentialAction":[{"@type":"ReadAction","target":["https:\/\/www.gaveanews.com\/index.php\/2022\/12\/23\/gerson-no-flamengo-em-que-estagio-parou-negocio-e-quais-proximos-passos-do-clube-carioca-no-sonho-de-repatriar-meia\/"]}]},{"@type":"ImageObject","inLanguage":"pt-BR","@id":"https:\/\/www.gaveanews.com\/index.php\/2022\/12\/23\/gerson-no-flamengo-em-que-estagio-parou-negocio-e-quais-proximos-passos-do-clube-carioca-no-sonho-de-repatriar-meia\/#primaryimage","url":"https:\/\/www.gaveanews.com\/wp-content\/uploads\/gerson-olympique-de-marseille.webp","contentUrl":"https:\/\/www.gaveanews.com\/wp-content\/uploads\/gerson-olympique-de-marseille.webp","width":984,"height":695,"caption":"Gerson em partida do Olympique de Marseille (Foto: Divulga\u00e7\u00e3o\/Olympique de Marseille)"},{"@type":"BreadcrumbList","@id":"https:\/\/www.gaveanews.com\/index.php\/2022\/12\/23\/gerson-no-flamengo-em-que-estagio-parou-negocio-e-quais-proximos-passos-do-clube-carioca-no-sonho-de-repatriar-meia\/#breadcrumb","itemListElement":[{"@type":"ListItem","position":1,"name":"Home","item":"https:\/\/www.gaveanews.com\/"},{"@type":"ListItem","position":2,"name":"Gerson no Flamengo? Em que est\u00e1gio parou neg\u00f3cio e quais pr\u00f3ximos passos do clube carioca no sonho de repatriar meia"}]},{"@type":"WebSite","@id":"https:\/\/www.gaveanews.com\/#website","url":"https:\/\/www.gaveanews.com\/","name":"G\u00e1vea News","description":"Veja todas as not\u00edcias sobre o Flamengo: Contrata\u00e7\u00f5es, categorias de base, resultados das partidas, tabela de classifica\u00e7\u00e3o, pr\u00f3ximos jogos!","potentialAction":[{"@type":"SearchAction","target":{"@type":"EntryPoint","urlTemplate":"https:\/\/www.gaveanews.com\/?s={search_term_string}"},"query-input":{"@type":"PropertyValueSpecification","valueRequired":true,"valueName":"search_term_string"}}],"inLanguage":"pt-BR"},{"@type":"Person","@id":"https:\/\/www.gaveanews.com\/#\/schema\/person\/2ec14f73fb96be2caf28f91afb14749d","name":"Equipe G\u00e1vea News","image":{"@type":"ImageObject","inLanguage":"pt-BR","@id":"https:\/\/www.gaveanews.com\/#\/schema\/person\/image\/","url":"https:\/\/secure.gravatar.com\/avatar\/1e1956f1facbffd3f8fa53a326721950116b3b9dc9bd44939c01180fd4a745a9?s=96&d=mm&r=g","contentUrl":"https:\/\/secure.gravatar.com\/avatar\/1e1956f1facbffd3f8fa53a326721950116b3b9dc9bd44939c01180fd4a745a9?s=96&d=mm&r=g","caption":"Equipe G\u00e1vea News"}}]}},"_links":{"self":[{"href":"https:\/\/www.gaveanews.com\/index.php\/wp-json\/wp\/v2\/posts\/92431","targetHints":{"allow":["GET"]}}],"collection":[{"href":"https:\/\/www.gaveanews.com\/index.php\/wp-json\/wp\/v2\/posts"}],"about":[{"href":"https:\/\/www.gaveanews.com\/index.php\/wp-json\/wp\/v2\/types\/post"}],"author":[{"embeddable":true,"href":"https:\/\/www.gaveanews.com\/index.php\/wp-json\/wp\/v2\/users\/1"}],"replies":[{"embeddable":true,"href":"https:\/\/www.gaveanews.com\/index.php\/wp-json\/wp\/v2\/comments?post=92431"}],"version-history":[{"count":0,"href":"https:\/\/www.gaveanews.com\/index.php\/wp-json\/wp\/v2\/posts\/92431\/revisions"}],"wp:featuredmedia":[{"embeddable":true,"href":"https:\/\/www.gaveanews.com\/index.php\/wp-json\/wp\/v2\/media\/90341"}],"wp:attachment":[{"href":"https:\/\/www.gaveanews.com\/index.php\/wp-json\/wp\/v2\/media?parent=92431"}],"wp:term":[{"taxonomy":"category","embeddable":true,"href":"https:\/\/www.gaveanews.com\/index.php\/wp-json\/wp\/v2\/categories?post=92431"},{"taxonomy":"post_tag","embeddable":true,"href":"https:\/\/www.gaveanews.com\/index.php\/wp-json\/wp\/v2\/tags?post=92431"}],"curies":[{"name":"wp","href":"https:\/\/api.w.org\/{rel}","templated":true}]}}