{"id":92437,"date":"2022-12-23T12:55:06","date_gmt":"2022-12-23T15:55:06","guid":{"rendered":"https:\/\/www.gaveanews.com\/?p=92437"},"modified":"2022-12-23T13:01:15","modified_gmt":"2022-12-23T16:01:15","slug":"flamengo-oficializa-a-contratacao-de-destaque-do-sao-paulo","status":"publish","type":"post","link":"https:\/\/www.gaveanews.com\/index.php\/2022\/12\/23\/flamengo-oficializa-a-contratacao-de-destaque-do-sao-paulo\/","title":{"rendered":"Flamengo oficializa a contrata\u00e7\u00e3o de destaque do S\u00e3o Paulo"},"content":{"rendered":"\n<p>Destaque do futebol brasileiro nas \u00faltimas temporadas, Thais Regina \u00e9 a primeira contrata\u00e7\u00e3o do Flamengo para 2023. A jovem atleta, que disputou competi\u00e7\u00f5es importantes com a amarelinha nas categorias de base e j\u00e1 foi convocada para a Sele\u00e7\u00e3o principal, assinou contrato e se apresenta ao clube em janeiro.<\/p>\n\n\n\n<p>Conhecida pela qualidade t\u00e9cnica e pelo excelente jogo a\u00e9reo defensivo e ofensivo, a zagueira tamb\u00e9m se destaca por ser firme, ra\u00e7uda e veloz. Natural de Recife-PE, Thais despontou para o cen\u00e1rio em 2019, ap\u00f3s a conquista do Brasileir\u00e3o A2 e brilhou desde ent\u00e3o. Pelo S\u00e3o Paulo, ela foi eleita a melhor zagueira do Paulist\u00e3o 2022. <\/p>\n\n\n\n<p>Thais  chega ao Meng\u00e3o motivada e com vontade de ser campe\u00e3. Confira o que ela disse ao site oficial do Flamengo:<\/p>\n\n\n\n<p><em>\u2014 Estou muito feliz e grata por fazer parte dessa equipe. \u00c9 um orgulho imenso poder vestir o Manto Sagrado pela primeira vez. Quero evoluir muito profissionalmente e espero que a gente tenha um ano aben\u00e7oado, com vit\u00f3rias e conquista de t\u00edtulos. Prometo que n\u00e3o vai faltar ra\u00e7a em nenhum jogo. Minha identidade \u00e9 essa e a Na\u00e7\u00e3o vai acompanhar de perto o meu futebol<\/em>, declarou.<\/p>\n\n\n\n<figure class=\"wp-block-embed is-type-rich is-provider-twitter wp-block-embed-twitter\"><div class=\"wp-block-embed__wrapper\">\n<blockquote class=\"twitter-tweet\" data-width=\"550\" data-dnt=\"true\"><p lang=\"pt\" dir=\"ltr\">\u00c9 DO MENG\u00c3O! \u2764\ufe0f\ud83d\udda4<br><br>Melhor zagueira do Campeonato Paulista, Thais Regina \u00e9 o primeiro refor\u00e7o do Mais Querido para 2023. Bem-vinda, craque. Sucesso com o Manto Sagrado! <a href=\"https:\/\/twitter.com\/hashtag\/MeninasDaG%C3%A1vea?src=hash&amp;ref_src=twsrc%5Etfw\">#MeninasDaG\u00e1vea<\/a> <a href=\"https:\/\/t.co\/fTTIpCPps0\">pic.twitter.com\/fTTIpCPps0<\/a><\/p>&mdash; Flamengo (@Flamengo) <a href=\"https:\/\/twitter.com\/Flamengo\/status\/1606295128838049792?ref_src=twsrc%5Etfw\">December 23, 2022<\/a><\/blockquote><script async src=\"https:\/\/platform.twitter.com\/widgets.js\" charset=\"utf-8\"><\/script>\n<\/div><\/figure>\n\n\n\n<p>Retirado de: Site Oficial do Flamengo<\/p>\n","protected":false},"excerpt":{"rendered":"<p>Destaque do futebol brasileiro nas \u00faltimas temporadas, Thais Regina \u00e9 a primeira contrata\u00e7\u00e3o do Flamengo para 2023. A jovem atleta, que disputou competi\u00e7\u00f5es importantes com a amarelinha nas categorias de base e j\u00e1 foi convocada para a Sele\u00e7\u00e3o principal, assinou contrato e se apresenta ao clube em janeiro. Conhecida pela qualidade t\u00e9cnica e pelo excelente [&hellip;]<\/p>\n","protected":false},"author":1,"featured_media":92012,"comment_status":"open","ping_status":"closed","sticky":false,"template":"","format":"standard","meta":{"footnotes":""},"categories":[48],"tags":[],"class_list":["post-92437","post","type-post","status-publish","format-standard","has-post-thumbnail","hentry","category-negociacoes"],"yoast_head":"<!-- This site is optimized with the Yoast SEO Premium plugin v24.2 (Yoast SEO v26.9) - https:\/\/yoast.com\/product\/yoast-seo-premium-wordpress\/ -->\n<title>Flamengo oficializa a contrata\u00e7\u00e3o de destaque do S\u00e3o Paulo<\/title>\n<meta name=\"description\" content=\"&quot;Estou muito feliz e grata por fazer parte dessa equipe. \u00c9 um orgulho imenso poder vestir o Manto Sagrado pela primeira vez&quot;.\" \/>\n<meta name=\"robots\" content=\"index, follow, max-snippet:-1, max-image-preview:large, max-video-preview:-1\" \/>\n<link rel=\"canonical\" href=\"https:\/\/www.gaveanews.com\/index.php\/2022\/12\/23\/flamengo-oficializa-a-contratacao-de-destaque-do-sao-paulo\/\" \/>\n<meta property=\"og:locale\" content=\"pt_BR\" \/>\n<meta property=\"og:type\" content=\"article\" \/>\n<meta property=\"og:title\" content=\"Flamengo oficializa a contrata\u00e7\u00e3o de destaque do S\u00e3o Paulo\" \/>\n<meta property=\"og:description\" content=\"&quot;Estou muito feliz e grata por fazer parte dessa equipe. \u00c9 um orgulho imenso poder vestir o Manto Sagrado pela primeira vez&quot;.\" \/>\n<meta property=\"og:url\" content=\"https:\/\/www.gaveanews.com\/index.php\/2022\/12\/23\/flamengo-oficializa-a-contratacao-de-destaque-do-sao-paulo\/\" \/>\n<meta property=\"og:site_name\" content=\"G\u00e1vea News\" \/>\n<meta property=\"article:publisher\" content=\"https:\/\/facebook.com\/gaveaNews\/\" \/>\n<meta property=\"article:published_time\" content=\"2022-12-23T15:55:06+00:00\" \/>\n<meta property=\"article:modified_time\" content=\"2022-12-23T16:01:15+00:00\" \/>\n<meta property=\"og:image\" content=\"https:\/\/www.gaveanews.com\/wp-content\/uploads\/Thais-Regina-durante-treino-do-Brasil.webp\" \/>\n\t<meta property=\"og:image:width\" content=\"1059\" \/>\n\t<meta property=\"og:image:height\" content=\"1365\" \/>\n\t<meta property=\"og:image:type\" content=\"image\/jpeg\" \/>\n<meta name=\"author\" content=\"Equipe G\u00e1vea News\" \/>\n<meta name=\"twitter:card\" content=\"summary_large_image\" \/>\n<meta name=\"twitter:label1\" content=\"Escrito por\" \/>\n\t<meta name=\"twitter:data1\" content=\"Equipe G\u00e1vea News\" \/>\n\t<meta name=\"twitter:label2\" content=\"Est. tempo de leitura\" \/>\n\t<meta name=\"twitter:data2\" content=\"2 minutos\" \/>\n<script type=\"application\/ld+json\" class=\"yoast-schema-graph\">{\"@context\":\"https:\/\/schema.org\",\"@graph\":[{\"@type\":\"NewsArticle\",\"@id\":\"https:\/\/www.gaveanews.com\/index.php\/2022\/12\/23\/flamengo-oficializa-a-contratacao-de-destaque-do-sao-paulo\/#article\",\"isPartOf\":{\"@id\":\"https:\/\/www.gaveanews.com\/index.php\/2022\/12\/23\/flamengo-oficializa-a-contratacao-de-destaque-do-sao-paulo\/\"},\"author\":{\"name\":\"Equipe G\u00e1vea News\",\"@id\":\"https:\/\/www.gaveanews.com\/#\/schema\/person\/2ec14f73fb96be2caf28f91afb14749d\"},\"headline\":\"Flamengo oficializa a contrata\u00e7\u00e3o de destaque do S\u00e3o Paulo\",\"datePublished\":\"2022-12-23T15:55:06+00:00\",\"dateModified\":\"2022-12-23T16:01:15+00:00\",\"mainEntityOfPage\":{\"@id\":\"https:\/\/www.gaveanews.com\/index.php\/2022\/12\/23\/flamengo-oficializa-a-contratacao-de-destaque-do-sao-paulo\/\"},\"wordCount\":225,\"commentCount\":0,\"image\":{\"@id\":\"https:\/\/www.gaveanews.com\/index.php\/2022\/12\/23\/flamengo-oficializa-a-contratacao-de-destaque-do-sao-paulo\/#primaryimage\"},\"thumbnailUrl\":\"https:\/\/www.gaveanews.com\/wp-content\/uploads\/Thais-Regina-durante-treino-do-Brasil.webp\",\"articleSection\":[\"Negocia\u00e7\u00f5es\"],\"inLanguage\":\"pt-BR\",\"potentialAction\":[{\"@type\":\"CommentAction\",\"name\":\"Comment\",\"target\":[\"https:\/\/www.gaveanews.com\/index.php\/2022\/12\/23\/flamengo-oficializa-a-contratacao-de-destaque-do-sao-paulo\/#respond\"]}],\"copyrightYear\":\"2022\",\"copyrightHolder\":{\"@id\":\"https:\/\/www.gaveanews.com\/#organization\"}},{\"@type\":\"WebPage\",\"@id\":\"https:\/\/www.gaveanews.com\/index.php\/2022\/12\/23\/flamengo-oficializa-a-contratacao-de-destaque-do-sao-paulo\/\",\"url\":\"https:\/\/www.gaveanews.com\/index.php\/2022\/12\/23\/flamengo-oficializa-a-contratacao-de-destaque-do-sao-paulo\/\",\"name\":\"Flamengo oficializa a contrata\u00e7\u00e3o de destaque do S\u00e3o Paulo\",\"isPartOf\":{\"@id\":\"https:\/\/www.gaveanews.com\/#website\"},\"primaryImageOfPage\":{\"@id\":\"https:\/\/www.gaveanews.com\/index.php\/2022\/12\/23\/flamengo-oficializa-a-contratacao-de-destaque-do-sao-paulo\/#primaryimage\"},\"image\":{\"@id\":\"https:\/\/www.gaveanews.com\/index.php\/2022\/12\/23\/flamengo-oficializa-a-contratacao-de-destaque-do-sao-paulo\/#primaryimage\"},\"thumbnailUrl\":\"https:\/\/www.gaveanews.com\/wp-content\/uploads\/Thais-Regina-durante-treino-do-Brasil.webp\",\"datePublished\":\"2022-12-23T15:55:06+00:00\",\"dateModified\":\"2022-12-23T16:01:15+00:00\",\"author\":{\"@id\":\"https:\/\/www.gaveanews.com\/#\/schema\/person\/2ec14f73fb96be2caf28f91afb14749d\"},\"description\":\"\\\"Estou muito feliz e grata por fazer parte dessa equipe. \u00c9 um orgulho imenso poder vestir o Manto Sagrado pela primeira vez\\\".\",\"breadcrumb\":{\"@id\":\"https:\/\/www.gaveanews.com\/index.php\/2022\/12\/23\/flamengo-oficializa-a-contratacao-de-destaque-do-sao-paulo\/#breadcrumb\"},\"inLanguage\":\"pt-BR\",\"potentialAction\":[{\"@type\":\"ReadAction\",\"target\":[\"https:\/\/www.gaveanews.com\/index.php\/2022\/12\/23\/flamengo-oficializa-a-contratacao-de-destaque-do-sao-paulo\/\"]}]},{\"@type\":\"ImageObject\",\"inLanguage\":\"pt-BR\",\"@id\":\"https:\/\/www.gaveanews.com\/index.php\/2022\/12\/23\/flamengo-oficializa-a-contratacao-de-destaque-do-sao-paulo\/#primaryimage\",\"url\":\"https:\/\/www.gaveanews.com\/wp-content\/uploads\/Thais-Regina-durante-treino-do-Brasil.webp\",\"contentUrl\":\"https:\/\/www.gaveanews.com\/wp-content\/uploads\/Thais-Regina-durante-treino-do-Brasil.webp\",\"width\":1059,\"height\":1365,\"caption\":\"Tha\u00eds Regina durante treino do Brasil (Foto: Lucas Figueiredo \/ CBF)\"},{\"@type\":\"BreadcrumbList\",\"@id\":\"https:\/\/www.gaveanews.com\/index.php\/2022\/12\/23\/flamengo-oficializa-a-contratacao-de-destaque-do-sao-paulo\/#breadcrumb\",\"itemListElement\":[{\"@type\":\"ListItem\",\"position\":1,\"name\":\"Home\",\"item\":\"https:\/\/www.gaveanews.com\/\"},{\"@type\":\"ListItem\",\"position\":2,\"name\":\"Flamengo oficializa a contrata\u00e7\u00e3o de destaque do S\u00e3o Paulo\"}]},{\"@type\":\"WebSite\",\"@id\":\"https:\/\/www.gaveanews.com\/#website\",\"url\":\"https:\/\/www.gaveanews.com\/\",\"name\":\"G\u00e1vea News\",\"description\":\"Veja todas as not\u00edcias sobre o Flamengo: Contrata\u00e7\u00f5es, categorias de base, resultados das partidas, tabela de classifica\u00e7\u00e3o, pr\u00f3ximos jogos!\",\"potentialAction\":[{\"@type\":\"SearchAction\",\"target\":{\"@type\":\"EntryPoint\",\"urlTemplate\":\"https:\/\/www.gaveanews.com\/?s={search_term_string}\"},\"query-input\":{\"@type\":\"PropertyValueSpecification\",\"valueRequired\":true,\"valueName\":\"search_term_string\"}}],\"inLanguage\":\"pt-BR\"},{\"@type\":\"Person\",\"@id\":\"https:\/\/www.gaveanews.com\/#\/schema\/person\/2ec14f73fb96be2caf28f91afb14749d\",\"name\":\"Equipe G\u00e1vea News\",\"image\":{\"@type\":\"ImageObject\",\"inLanguage\":\"pt-BR\",\"@id\":\"https:\/\/www.gaveanews.com\/#\/schema\/person\/image\/\",\"url\":\"https:\/\/secure.gravatar.com\/avatar\/1e1956f1facbffd3f8fa53a326721950116b3b9dc9bd44939c01180fd4a745a9?s=96&d=mm&r=g\",\"contentUrl\":\"https:\/\/secure.gravatar.com\/avatar\/1e1956f1facbffd3f8fa53a326721950116b3b9dc9bd44939c01180fd4a745a9?s=96&d=mm&r=g\",\"caption\":\"Equipe G\u00e1vea News\"}}]}<\/script>\n<!-- \/ Yoast SEO Premium plugin. -->","yoast_head_json":{"title":"Flamengo oficializa a contrata\u00e7\u00e3o de destaque do S\u00e3o Paulo","description":"\"Estou muito feliz e grata por fazer parte dessa equipe. \u00c9 um orgulho imenso poder vestir o Manto Sagrado pela primeira vez\".","robots":{"index":"index","follow":"follow","max-snippet":"max-snippet:-1","max-image-preview":"max-image-preview:large","max-video-preview":"max-video-preview:-1"},"canonical":"https:\/\/www.gaveanews.com\/index.php\/2022\/12\/23\/flamengo-oficializa-a-contratacao-de-destaque-do-sao-paulo\/","og_locale":"pt_BR","og_type":"article","og_title":"Flamengo oficializa a contrata\u00e7\u00e3o de destaque do S\u00e3o Paulo","og_description":"\"Estou muito feliz e grata por fazer parte dessa equipe. \u00c9 um orgulho imenso poder vestir o Manto Sagrado pela primeira vez\".","og_url":"https:\/\/www.gaveanews.com\/index.php\/2022\/12\/23\/flamengo-oficializa-a-contratacao-de-destaque-do-sao-paulo\/","og_site_name":"G\u00e1vea News","article_publisher":"https:\/\/facebook.com\/gaveaNews\/","article_published_time":"2022-12-23T15:55:06+00:00","article_modified_time":"2022-12-23T16:01:15+00:00","og_image":[{"width":1059,"height":1365,"url":"https:\/\/www.gaveanews.com\/wp-content\/uploads\/Thais-Regina-durante-treino-do-Brasil.webp","type":"image\/jpeg"}],"author":"Equipe G\u00e1vea News","twitter_card":"summary_large_image","twitter_misc":{"Escrito por":"Equipe G\u00e1vea News","Est. tempo de leitura":"2 minutos"},"schema":{"@context":"https:\/\/schema.org","@graph":[{"@type":"NewsArticle","@id":"https:\/\/www.gaveanews.com\/index.php\/2022\/12\/23\/flamengo-oficializa-a-contratacao-de-destaque-do-sao-paulo\/#article","isPartOf":{"@id":"https:\/\/www.gaveanews.com\/index.php\/2022\/12\/23\/flamengo-oficializa-a-contratacao-de-destaque-do-sao-paulo\/"},"author":{"name":"Equipe G\u00e1vea News","@id":"https:\/\/www.gaveanews.com\/#\/schema\/person\/2ec14f73fb96be2caf28f91afb14749d"},"headline":"Flamengo oficializa a contrata\u00e7\u00e3o de destaque do S\u00e3o Paulo","datePublished":"2022-12-23T15:55:06+00:00","dateModified":"2022-12-23T16:01:15+00:00","mainEntityOfPage":{"@id":"https:\/\/www.gaveanews.com\/index.php\/2022\/12\/23\/flamengo-oficializa-a-contratacao-de-destaque-do-sao-paulo\/"},"wordCount":225,"commentCount":0,"image":{"@id":"https:\/\/www.gaveanews.com\/index.php\/2022\/12\/23\/flamengo-oficializa-a-contratacao-de-destaque-do-sao-paulo\/#primaryimage"},"thumbnailUrl":"https:\/\/www.gaveanews.com\/wp-content\/uploads\/Thais-Regina-durante-treino-do-Brasil.webp","articleSection":["Negocia\u00e7\u00f5es"],"inLanguage":"pt-BR","potentialAction":[{"@type":"CommentAction","name":"Comment","target":["https:\/\/www.gaveanews.com\/index.php\/2022\/12\/23\/flamengo-oficializa-a-contratacao-de-destaque-do-sao-paulo\/#respond"]}],"copyrightYear":"2022","copyrightHolder":{"@id":"https:\/\/www.gaveanews.com\/#organization"}},{"@type":"WebPage","@id":"https:\/\/www.gaveanews.com\/index.php\/2022\/12\/23\/flamengo-oficializa-a-contratacao-de-destaque-do-sao-paulo\/","url":"https:\/\/www.gaveanews.com\/index.php\/2022\/12\/23\/flamengo-oficializa-a-contratacao-de-destaque-do-sao-paulo\/","name":"Flamengo oficializa a contrata\u00e7\u00e3o de destaque do S\u00e3o Paulo","isPartOf":{"@id":"https:\/\/www.gaveanews.com\/#website"},"primaryImageOfPage":{"@id":"https:\/\/www.gaveanews.com\/index.php\/2022\/12\/23\/flamengo-oficializa-a-contratacao-de-destaque-do-sao-paulo\/#primaryimage"},"image":{"@id":"https:\/\/www.gaveanews.com\/index.php\/2022\/12\/23\/flamengo-oficializa-a-contratacao-de-destaque-do-sao-paulo\/#primaryimage"},"thumbnailUrl":"https:\/\/www.gaveanews.com\/wp-content\/uploads\/Thais-Regina-durante-treino-do-Brasil.webp","datePublished":"2022-12-23T15:55:06+00:00","dateModified":"2022-12-23T16:01:15+00:00","author":{"@id":"https:\/\/www.gaveanews.com\/#\/schema\/person\/2ec14f73fb96be2caf28f91afb14749d"},"description":"\"Estou muito feliz e grata por fazer parte dessa equipe. \u00c9 um orgulho imenso poder vestir o Manto Sagrado pela primeira vez\".","breadcrumb":{"@id":"https:\/\/www.gaveanews.com\/index.php\/2022\/12\/23\/flamengo-oficializa-a-contratacao-de-destaque-do-sao-paulo\/#breadcrumb"},"inLanguage":"pt-BR","potentialAction":[{"@type":"ReadAction","target":["https:\/\/www.gaveanews.com\/index.php\/2022\/12\/23\/flamengo-oficializa-a-contratacao-de-destaque-do-sao-paulo\/"]}]},{"@type":"ImageObject","inLanguage":"pt-BR","@id":"https:\/\/www.gaveanews.com\/index.php\/2022\/12\/23\/flamengo-oficializa-a-contratacao-de-destaque-do-sao-paulo\/#primaryimage","url":"https:\/\/www.gaveanews.com\/wp-content\/uploads\/Thais-Regina-durante-treino-do-Brasil.webp","contentUrl":"https:\/\/www.gaveanews.com\/wp-content\/uploads\/Thais-Regina-durante-treino-do-Brasil.webp","width":1059,"height":1365,"caption":"Tha\u00eds Regina durante treino do Brasil (Foto: Lucas Figueiredo \/ CBF)"},{"@type":"BreadcrumbList","@id":"https:\/\/www.gaveanews.com\/index.php\/2022\/12\/23\/flamengo-oficializa-a-contratacao-de-destaque-do-sao-paulo\/#breadcrumb","itemListElement":[{"@type":"ListItem","position":1,"name":"Home","item":"https:\/\/www.gaveanews.com\/"},{"@type":"ListItem","position":2,"name":"Flamengo oficializa a contrata\u00e7\u00e3o de destaque do S\u00e3o Paulo"}]},{"@type":"WebSite","@id":"https:\/\/www.gaveanews.com\/#website","url":"https:\/\/www.gaveanews.com\/","name":"G\u00e1vea News","description":"Veja todas as not\u00edcias sobre o Flamengo: Contrata\u00e7\u00f5es, categorias de base, resultados das partidas, tabela de classifica\u00e7\u00e3o, pr\u00f3ximos jogos!","potentialAction":[{"@type":"SearchAction","target":{"@type":"EntryPoint","urlTemplate":"https:\/\/www.gaveanews.com\/?s={search_term_string}"},"query-input":{"@type":"PropertyValueSpecification","valueRequired":true,"valueName":"search_term_string"}}],"inLanguage":"pt-BR"},{"@type":"Person","@id":"https:\/\/www.gaveanews.com\/#\/schema\/person\/2ec14f73fb96be2caf28f91afb14749d","name":"Equipe G\u00e1vea News","image":{"@type":"ImageObject","inLanguage":"pt-BR","@id":"https:\/\/www.gaveanews.com\/#\/schema\/person\/image\/","url":"https:\/\/secure.gravatar.com\/avatar\/1e1956f1facbffd3f8fa53a326721950116b3b9dc9bd44939c01180fd4a745a9?s=96&d=mm&r=g","contentUrl":"https:\/\/secure.gravatar.com\/avatar\/1e1956f1facbffd3f8fa53a326721950116b3b9dc9bd44939c01180fd4a745a9?s=96&d=mm&r=g","caption":"Equipe G\u00e1vea News"}}]}},"_links":{"self":[{"href":"https:\/\/www.gaveanews.com\/index.php\/wp-json\/wp\/v2\/posts\/92437","targetHints":{"allow":["GET"]}}],"collection":[{"href":"https:\/\/www.gaveanews.com\/index.php\/wp-json\/wp\/v2\/posts"}],"about":[{"href":"https:\/\/www.gaveanews.com\/index.php\/wp-json\/wp\/v2\/types\/post"}],"author":[{"embeddable":true,"href":"https:\/\/www.gaveanews.com\/index.php\/wp-json\/wp\/v2\/users\/1"}],"replies":[{"embeddable":true,"href":"https:\/\/www.gaveanews.com\/index.php\/wp-json\/wp\/v2\/comments?post=92437"}],"version-history":[{"count":0,"href":"https:\/\/www.gaveanews.com\/index.php\/wp-json\/wp\/v2\/posts\/92437\/revisions"}],"wp:featuredmedia":[{"embeddable":true,"href":"https:\/\/www.gaveanews.com\/index.php\/wp-json\/wp\/v2\/media\/92012"}],"wp:attachment":[{"href":"https:\/\/www.gaveanews.com\/index.php\/wp-json\/wp\/v2\/media?parent=92437"}],"wp:term":[{"taxonomy":"category","embeddable":true,"href":"https:\/\/www.gaveanews.com\/index.php\/wp-json\/wp\/v2\/categories?post=92437"},{"taxonomy":"post_tag","embeddable":true,"href":"https:\/\/www.gaveanews.com\/index.php\/wp-json\/wp\/v2\/tags?post=92437"}],"curies":[{"name":"wp","href":"https:\/\/api.w.org\/{rel}","templated":true}]}}