{"id":92441,"date":"2022-12-23T13:05:56","date_gmt":"2022-12-23T16:05:56","guid":{"rendered":"https:\/\/www.gaveanews.com\/?p=92441"},"modified":"2022-12-23T13:06:00","modified_gmt":"2022-12-23T16:06:00","slug":"como-foi-a-temporada-de-2022-do-destaque-da-argentina-que-e-alvo-do-flamengo","status":"publish","type":"post","link":"https:\/\/www.gaveanews.com\/index.php\/2022\/12\/23\/como-foi-a-temporada-de-2022-do-destaque-da-argentina-que-e-alvo-do-flamengo\/","title":{"rendered":"Como foi a temporada de 2022 do destaque da Argentina que \u00e9 alvo do Flamengo"},"content":{"rendered":"\n<p>A temporada de 2022 do futebol brasileiro se encerrou no dia 13 de novembro. Neste ano, o saldo foi muito positivo para o Flamengo, que foi conquistou os t\u00edtulos da Copa do Brasil e Liertadores da Am\u00e9rica.<\/p>\n\n\n\n<p>Ao final desta temporada, os jogadores passaram a curtir as suas merecidas f\u00e9rias, ap\u00f3s um ano com um calend\u00e1rio bem apertado e muitos jogos. Enquanto os atletas do atual elenco do Time da G\u00e1vea descansam, o clube carioca segue ativo nos bastidores e monitora as poss\u00edveis op\u00e7\u00f5es que o mercado da bola pode oferecer.<\/p>\n\n\n\n<p>O nome da vez que circula nos arredores do Rubro-Negro \u00e9 o de Carlos Alcaraz, jovem volante argentino, de apenas 20 anos de idade, que atua na equipe do Racing, da Argentina.<\/p>\n\n\n\n<figure class=\"wp-block-image size-large\"><img decoding=\"async\" src=\"https:\/\/static-wp-tor15-prd.torcedores.com\/wp-content\/uploads\/2022\/12\/carlos-alcaraz-1.webp\" alt=\"\"\/><figcaption class=\"wp-element-caption\">Carlos Alcaraz (Foto: Rodrigo Valle\/Getty Images)<\/figcaption><\/figure>\n\n\n\n<p>Carlos Alcaraz tem por caracter\u00edstica a sua versatilidade. Apesar de ser volante de origem, ele atua por v\u00e1rias \u00e1reas do campo. Na \u00faltima temporada do Campeonato Argentino, o jovem marcou quatro gols pelo time do Racing.<\/p>\n\n\n\n<p>A temporada de 2022 do jovem jogador no clube argentino foi bastante promissora, de acordo com dados do site SofaScore.<\/p>\n\n\n\n<p>Em 42 jogos disputados, sendo 28 deles no time titular, ele teve nove gols marcados, duas assist\u00eancias conclu\u00eddas, al\u00e9m de 39 passes que foram decisivos. Carlos Alcaraz ainda teve 70 chutes, sendo 31 deles na dire\u00e7\u00e3o do gol, e uma precis\u00e3o de 80% nos acertos de passes. Se contar os passes longos, a m\u00e9dia fica em 71%.<\/p>\n\n\n\n<figure class=\"wp-block-embed is-type-video is-provider-youtube wp-block-embed-youtube wp-embed-aspect-16-9 wp-has-aspect-ratio\"><div class=\"wp-block-embed__wrapper\">\n<iframe loading=\"lazy\" title=\"Carlos Alcaraz \u25ba Crazy Skills, Goals &amp; Assists | 2022 HD\" width=\"640\" height=\"360\" src=\"https:\/\/www.youtube.com\/embed\/LzD3q1iBsuY?feature=oembed\" frameborder=\"0\" allow=\"accelerometer; autoplay; clipboard-write; encrypted-media; gyroscope; picture-in-picture; web-share\" referrerpolicy=\"strict-origin-when-cross-origin\" allowfullscreen><\/iframe>\n<\/div><\/figure>\n\n\n\n<p>Retirado de: Torcedores<\/p>\n","protected":false},"excerpt":{"rendered":"<p>A temporada de 2022 do futebol brasileiro se encerrou no dia 13 de novembro. Neste ano, o saldo foi muito positivo para o Flamengo, que foi conquistou os t\u00edtulos da Copa do Brasil e Liertadores da Am\u00e9rica. Ao final desta temporada, os jogadores passaram a curtir as suas merecidas f\u00e9rias, ap\u00f3s um ano com um [&hellip;]<\/p>\n","protected":false},"author":1,"featured_media":85562,"comment_status":"open","ping_status":"closed","sticky":false,"template":"","format":"standard","meta":{"footnotes":""},"categories":[48],"tags":[],"class_list":["post-92441","post","type-post","status-publish","format-standard","has-post-thumbnail","hentry","category-negociacoes"],"yoast_head":"<!-- This site is optimized with the Yoast SEO Premium plugin v24.2 (Yoast SEO v26.9) - https:\/\/yoast.com\/product\/yoast-seo-premium-wordpress\/ -->\n<title>Como foi a temporada de 2022 do destaque da Argentina que \u00e9 alvo do Flamengo<\/title>\n<meta name=\"robots\" content=\"index, follow, max-snippet:-1, max-image-preview:large, max-video-preview:-1\" \/>\n<link rel=\"canonical\" href=\"https:\/\/www.gaveanews.com\/index.php\/2022\/12\/23\/como-foi-a-temporada-de-2022-do-destaque-da-argentina-que-e-alvo-do-flamengo\/\" \/>\n<meta property=\"og:locale\" content=\"pt_BR\" \/>\n<meta property=\"og:type\" content=\"article\" \/>\n<meta property=\"og:title\" content=\"Como foi a temporada de 2022 do destaque da Argentina que \u00e9 alvo do Flamengo\" \/>\n<meta property=\"og:description\" content=\"A temporada de 2022 do futebol brasileiro se encerrou no dia 13 de novembro. Neste ano, o saldo foi muito positivo para o Flamengo, que foi conquistou os t\u00edtulos da Copa do Brasil e Liertadores da Am\u00e9rica. Ao final desta temporada, os jogadores passaram a curtir as suas merecidas f\u00e9rias, ap\u00f3s um ano com um [&hellip;]\" \/>\n<meta property=\"og:url\" content=\"https:\/\/www.gaveanews.com\/index.php\/2022\/12\/23\/como-foi-a-temporada-de-2022-do-destaque-da-argentina-que-e-alvo-do-flamengo\/\" \/>\n<meta property=\"og:site_name\" content=\"G\u00e1vea News\" \/>\n<meta property=\"article:publisher\" content=\"https:\/\/facebook.com\/gaveaNews\/\" \/>\n<meta property=\"article:published_time\" content=\"2022-12-23T16:05:56+00:00\" \/>\n<meta property=\"article:modified_time\" content=\"2022-12-23T16:06:00+00:00\" \/>\n<meta property=\"og:image\" content=\"https:\/\/www.gaveanews.com\/wp-content\/uploads\/Marcos-Braz-em-entrevista-no-CT-do-Flamengo-1.webp\" \/>\n\t<meta property=\"og:image:width\" content=\"799\" \/>\n\t<meta property=\"og:image:height\" content=\"533\" \/>\n\t<meta property=\"og:image:type\" content=\"image\/jpeg\" \/>\n<meta name=\"author\" content=\"Equipe G\u00e1vea News\" \/>\n<meta name=\"twitter:card\" content=\"summary_large_image\" \/>\n<meta name=\"twitter:label1\" content=\"Escrito por\" \/>\n\t<meta name=\"twitter:data1\" content=\"Equipe G\u00e1vea News\" \/>\n\t<meta name=\"twitter:label2\" content=\"Est. tempo de leitura\" \/>\n\t<meta name=\"twitter:data2\" content=\"1 minuto\" \/>\n<script type=\"application\/ld+json\" class=\"yoast-schema-graph\">{\"@context\":\"https:\/\/schema.org\",\"@graph\":[{\"@type\":\"NewsArticle\",\"@id\":\"https:\/\/www.gaveanews.com\/index.php\/2022\/12\/23\/como-foi-a-temporada-de-2022-do-destaque-da-argentina-que-e-alvo-do-flamengo\/#article\",\"isPartOf\":{\"@id\":\"https:\/\/www.gaveanews.com\/index.php\/2022\/12\/23\/como-foi-a-temporada-de-2022-do-destaque-da-argentina-que-e-alvo-do-flamengo\/\"},\"author\":{\"name\":\"Equipe G\u00e1vea News\",\"@id\":\"https:\/\/www.gaveanews.com\/#\/schema\/person\/2ec14f73fb96be2caf28f91afb14749d\"},\"headline\":\"Como foi a temporada de 2022 do destaque da Argentina que \u00e9 alvo do Flamengo\",\"datePublished\":\"2022-12-23T16:05:56+00:00\",\"dateModified\":\"2022-12-23T16:06:00+00:00\",\"mainEntityOfPage\":{\"@id\":\"https:\/\/www.gaveanews.com\/index.php\/2022\/12\/23\/como-foi-a-temporada-de-2022-do-destaque-da-argentina-que-e-alvo-do-flamengo\/\"},\"wordCount\":276,\"commentCount\":0,\"image\":{\"@id\":\"https:\/\/www.gaveanews.com\/index.php\/2022\/12\/23\/como-foi-a-temporada-de-2022-do-destaque-da-argentina-que-e-alvo-do-flamengo\/#primaryimage\"},\"thumbnailUrl\":\"https:\/\/www.gaveanews.com\/wp-content\/uploads\/Marcos-Braz-em-entrevista-no-CT-do-Flamengo-1.webp\",\"articleSection\":[\"Negocia\u00e7\u00f5es\"],\"inLanguage\":\"pt-BR\",\"potentialAction\":[{\"@type\":\"CommentAction\",\"name\":\"Comment\",\"target\":[\"https:\/\/www.gaveanews.com\/index.php\/2022\/12\/23\/como-foi-a-temporada-de-2022-do-destaque-da-argentina-que-e-alvo-do-flamengo\/#respond\"]}],\"copyrightYear\":\"2022\",\"copyrightHolder\":{\"@id\":\"https:\/\/www.gaveanews.com\/#organization\"}},{\"@type\":\"WebPage\",\"@id\":\"https:\/\/www.gaveanews.com\/index.php\/2022\/12\/23\/como-foi-a-temporada-de-2022-do-destaque-da-argentina-que-e-alvo-do-flamengo\/\",\"url\":\"https:\/\/www.gaveanews.com\/index.php\/2022\/12\/23\/como-foi-a-temporada-de-2022-do-destaque-da-argentina-que-e-alvo-do-flamengo\/\",\"name\":\"Como foi a temporada de 2022 do destaque da Argentina que \u00e9 alvo do Flamengo\",\"isPartOf\":{\"@id\":\"https:\/\/www.gaveanews.com\/#website\"},\"primaryImageOfPage\":{\"@id\":\"https:\/\/www.gaveanews.com\/index.php\/2022\/12\/23\/como-foi-a-temporada-de-2022-do-destaque-da-argentina-que-e-alvo-do-flamengo\/#primaryimage\"},\"image\":{\"@id\":\"https:\/\/www.gaveanews.com\/index.php\/2022\/12\/23\/como-foi-a-temporada-de-2022-do-destaque-da-argentina-que-e-alvo-do-flamengo\/#primaryimage\"},\"thumbnailUrl\":\"https:\/\/www.gaveanews.com\/wp-content\/uploads\/Marcos-Braz-em-entrevista-no-CT-do-Flamengo-1.webp\",\"datePublished\":\"2022-12-23T16:05:56+00:00\",\"dateModified\":\"2022-12-23T16:06:00+00:00\",\"author\":{\"@id\":\"https:\/\/www.gaveanews.com\/#\/schema\/person\/2ec14f73fb96be2caf28f91afb14749d\"},\"breadcrumb\":{\"@id\":\"https:\/\/www.gaveanews.com\/index.php\/2022\/12\/23\/como-foi-a-temporada-de-2022-do-destaque-da-argentina-que-e-alvo-do-flamengo\/#breadcrumb\"},\"inLanguage\":\"pt-BR\",\"potentialAction\":[{\"@type\":\"ReadAction\",\"target\":[\"https:\/\/www.gaveanews.com\/index.php\/2022\/12\/23\/como-foi-a-temporada-de-2022-do-destaque-da-argentina-que-e-alvo-do-flamengo\/\"]}]},{\"@type\":\"ImageObject\",\"inLanguage\":\"pt-BR\",\"@id\":\"https:\/\/www.gaveanews.com\/index.php\/2022\/12\/23\/como-foi-a-temporada-de-2022-do-destaque-da-argentina-que-e-alvo-do-flamengo\/#primaryimage\",\"url\":\"https:\/\/www.gaveanews.com\/wp-content\/uploads\/Marcos-Braz-em-entrevista-no-CT-do-Flamengo-1.webp\",\"contentUrl\":\"https:\/\/www.gaveanews.com\/wp-content\/uploads\/Marcos-Braz-em-entrevista-no-CT-do-Flamengo-1.webp\",\"width\":799,\"height\":533,\"caption\":\"Marcos Braz em entrevista no CT do Flamengo (Foto: Gilvan de Souza\/Flamengo)\"},{\"@type\":\"BreadcrumbList\",\"@id\":\"https:\/\/www.gaveanews.com\/index.php\/2022\/12\/23\/como-foi-a-temporada-de-2022-do-destaque-da-argentina-que-e-alvo-do-flamengo\/#breadcrumb\",\"itemListElement\":[{\"@type\":\"ListItem\",\"position\":1,\"name\":\"Home\",\"item\":\"https:\/\/www.gaveanews.com\/\"},{\"@type\":\"ListItem\",\"position\":2,\"name\":\"Como foi a temporada de 2022 do destaque da Argentina que \u00e9 alvo do Flamengo\"}]},{\"@type\":\"WebSite\",\"@id\":\"https:\/\/www.gaveanews.com\/#website\",\"url\":\"https:\/\/www.gaveanews.com\/\",\"name\":\"G\u00e1vea News\",\"description\":\"Veja todas as not\u00edcias sobre o Flamengo: Contrata\u00e7\u00f5es, categorias de base, resultados das partidas, tabela de classifica\u00e7\u00e3o, pr\u00f3ximos jogos!\",\"potentialAction\":[{\"@type\":\"SearchAction\",\"target\":{\"@type\":\"EntryPoint\",\"urlTemplate\":\"https:\/\/www.gaveanews.com\/?s={search_term_string}\"},\"query-input\":{\"@type\":\"PropertyValueSpecification\",\"valueRequired\":true,\"valueName\":\"search_term_string\"}}],\"inLanguage\":\"pt-BR\"},{\"@type\":\"Person\",\"@id\":\"https:\/\/www.gaveanews.com\/#\/schema\/person\/2ec14f73fb96be2caf28f91afb14749d\",\"name\":\"Equipe G\u00e1vea News\",\"image\":{\"@type\":\"ImageObject\",\"inLanguage\":\"pt-BR\",\"@id\":\"https:\/\/www.gaveanews.com\/#\/schema\/person\/image\/\",\"url\":\"https:\/\/secure.gravatar.com\/avatar\/1e1956f1facbffd3f8fa53a326721950116b3b9dc9bd44939c01180fd4a745a9?s=96&d=mm&r=g\",\"contentUrl\":\"https:\/\/secure.gravatar.com\/avatar\/1e1956f1facbffd3f8fa53a326721950116b3b9dc9bd44939c01180fd4a745a9?s=96&d=mm&r=g\",\"caption\":\"Equipe G\u00e1vea News\"}}]}<\/script>\n<!-- \/ Yoast SEO Premium plugin. -->","yoast_head_json":{"title":"Como foi a temporada de 2022 do destaque da Argentina que \u00e9 alvo do Flamengo","robots":{"index":"index","follow":"follow","max-snippet":"max-snippet:-1","max-image-preview":"max-image-preview:large","max-video-preview":"max-video-preview:-1"},"canonical":"https:\/\/www.gaveanews.com\/index.php\/2022\/12\/23\/como-foi-a-temporada-de-2022-do-destaque-da-argentina-que-e-alvo-do-flamengo\/","og_locale":"pt_BR","og_type":"article","og_title":"Como foi a temporada de 2022 do destaque da Argentina que \u00e9 alvo do Flamengo","og_description":"A temporada de 2022 do futebol brasileiro se encerrou no dia 13 de novembro. Neste ano, o saldo foi muito positivo para o Flamengo, que foi conquistou os t\u00edtulos da Copa do Brasil e Liertadores da Am\u00e9rica. Ao final desta temporada, os jogadores passaram a curtir as suas merecidas f\u00e9rias, ap\u00f3s um ano com um [&hellip;]","og_url":"https:\/\/www.gaveanews.com\/index.php\/2022\/12\/23\/como-foi-a-temporada-de-2022-do-destaque-da-argentina-que-e-alvo-do-flamengo\/","og_site_name":"G\u00e1vea News","article_publisher":"https:\/\/facebook.com\/gaveaNews\/","article_published_time":"2022-12-23T16:05:56+00:00","article_modified_time":"2022-12-23T16:06:00+00:00","og_image":[{"width":799,"height":533,"url":"https:\/\/www.gaveanews.com\/wp-content\/uploads\/Marcos-Braz-em-entrevista-no-CT-do-Flamengo-1.webp","type":"image\/jpeg"}],"author":"Equipe G\u00e1vea News","twitter_card":"summary_large_image","twitter_misc":{"Escrito por":"Equipe G\u00e1vea News","Est. tempo de leitura":"1 minuto"},"schema":{"@context":"https:\/\/schema.org","@graph":[{"@type":"NewsArticle","@id":"https:\/\/www.gaveanews.com\/index.php\/2022\/12\/23\/como-foi-a-temporada-de-2022-do-destaque-da-argentina-que-e-alvo-do-flamengo\/#article","isPartOf":{"@id":"https:\/\/www.gaveanews.com\/index.php\/2022\/12\/23\/como-foi-a-temporada-de-2022-do-destaque-da-argentina-que-e-alvo-do-flamengo\/"},"author":{"name":"Equipe G\u00e1vea News","@id":"https:\/\/www.gaveanews.com\/#\/schema\/person\/2ec14f73fb96be2caf28f91afb14749d"},"headline":"Como foi a temporada de 2022 do destaque da Argentina que \u00e9 alvo do Flamengo","datePublished":"2022-12-23T16:05:56+00:00","dateModified":"2022-12-23T16:06:00+00:00","mainEntityOfPage":{"@id":"https:\/\/www.gaveanews.com\/index.php\/2022\/12\/23\/como-foi-a-temporada-de-2022-do-destaque-da-argentina-que-e-alvo-do-flamengo\/"},"wordCount":276,"commentCount":0,"image":{"@id":"https:\/\/www.gaveanews.com\/index.php\/2022\/12\/23\/como-foi-a-temporada-de-2022-do-destaque-da-argentina-que-e-alvo-do-flamengo\/#primaryimage"},"thumbnailUrl":"https:\/\/www.gaveanews.com\/wp-content\/uploads\/Marcos-Braz-em-entrevista-no-CT-do-Flamengo-1.webp","articleSection":["Negocia\u00e7\u00f5es"],"inLanguage":"pt-BR","potentialAction":[{"@type":"CommentAction","name":"Comment","target":["https:\/\/www.gaveanews.com\/index.php\/2022\/12\/23\/como-foi-a-temporada-de-2022-do-destaque-da-argentina-que-e-alvo-do-flamengo\/#respond"]}],"copyrightYear":"2022","copyrightHolder":{"@id":"https:\/\/www.gaveanews.com\/#organization"}},{"@type":"WebPage","@id":"https:\/\/www.gaveanews.com\/index.php\/2022\/12\/23\/como-foi-a-temporada-de-2022-do-destaque-da-argentina-que-e-alvo-do-flamengo\/","url":"https:\/\/www.gaveanews.com\/index.php\/2022\/12\/23\/como-foi-a-temporada-de-2022-do-destaque-da-argentina-que-e-alvo-do-flamengo\/","name":"Como foi a temporada de 2022 do destaque da Argentina que \u00e9 alvo do Flamengo","isPartOf":{"@id":"https:\/\/www.gaveanews.com\/#website"},"primaryImageOfPage":{"@id":"https:\/\/www.gaveanews.com\/index.php\/2022\/12\/23\/como-foi-a-temporada-de-2022-do-destaque-da-argentina-que-e-alvo-do-flamengo\/#primaryimage"},"image":{"@id":"https:\/\/www.gaveanews.com\/index.php\/2022\/12\/23\/como-foi-a-temporada-de-2022-do-destaque-da-argentina-que-e-alvo-do-flamengo\/#primaryimage"},"thumbnailUrl":"https:\/\/www.gaveanews.com\/wp-content\/uploads\/Marcos-Braz-em-entrevista-no-CT-do-Flamengo-1.webp","datePublished":"2022-12-23T16:05:56+00:00","dateModified":"2022-12-23T16:06:00+00:00","author":{"@id":"https:\/\/www.gaveanews.com\/#\/schema\/person\/2ec14f73fb96be2caf28f91afb14749d"},"breadcrumb":{"@id":"https:\/\/www.gaveanews.com\/index.php\/2022\/12\/23\/como-foi-a-temporada-de-2022-do-destaque-da-argentina-que-e-alvo-do-flamengo\/#breadcrumb"},"inLanguage":"pt-BR","potentialAction":[{"@type":"ReadAction","target":["https:\/\/www.gaveanews.com\/index.php\/2022\/12\/23\/como-foi-a-temporada-de-2022-do-destaque-da-argentina-que-e-alvo-do-flamengo\/"]}]},{"@type":"ImageObject","inLanguage":"pt-BR","@id":"https:\/\/www.gaveanews.com\/index.php\/2022\/12\/23\/como-foi-a-temporada-de-2022-do-destaque-da-argentina-que-e-alvo-do-flamengo\/#primaryimage","url":"https:\/\/www.gaveanews.com\/wp-content\/uploads\/Marcos-Braz-em-entrevista-no-CT-do-Flamengo-1.webp","contentUrl":"https:\/\/www.gaveanews.com\/wp-content\/uploads\/Marcos-Braz-em-entrevista-no-CT-do-Flamengo-1.webp","width":799,"height":533,"caption":"Marcos Braz em entrevista no CT do Flamengo (Foto: Gilvan de Souza\/Flamengo)"},{"@type":"BreadcrumbList","@id":"https:\/\/www.gaveanews.com\/index.php\/2022\/12\/23\/como-foi-a-temporada-de-2022-do-destaque-da-argentina-que-e-alvo-do-flamengo\/#breadcrumb","itemListElement":[{"@type":"ListItem","position":1,"name":"Home","item":"https:\/\/www.gaveanews.com\/"},{"@type":"ListItem","position":2,"name":"Como foi a temporada de 2022 do destaque da Argentina que \u00e9 alvo do Flamengo"}]},{"@type":"WebSite","@id":"https:\/\/www.gaveanews.com\/#website","url":"https:\/\/www.gaveanews.com\/","name":"G\u00e1vea News","description":"Veja todas as not\u00edcias sobre o Flamengo: Contrata\u00e7\u00f5es, categorias de base, resultados das partidas, tabela de classifica\u00e7\u00e3o, pr\u00f3ximos jogos!","potentialAction":[{"@type":"SearchAction","target":{"@type":"EntryPoint","urlTemplate":"https:\/\/www.gaveanews.com\/?s={search_term_string}"},"query-input":{"@type":"PropertyValueSpecification","valueRequired":true,"valueName":"search_term_string"}}],"inLanguage":"pt-BR"},{"@type":"Person","@id":"https:\/\/www.gaveanews.com\/#\/schema\/person\/2ec14f73fb96be2caf28f91afb14749d","name":"Equipe G\u00e1vea News","image":{"@type":"ImageObject","inLanguage":"pt-BR","@id":"https:\/\/www.gaveanews.com\/#\/schema\/person\/image\/","url":"https:\/\/secure.gravatar.com\/avatar\/1e1956f1facbffd3f8fa53a326721950116b3b9dc9bd44939c01180fd4a745a9?s=96&d=mm&r=g","contentUrl":"https:\/\/secure.gravatar.com\/avatar\/1e1956f1facbffd3f8fa53a326721950116b3b9dc9bd44939c01180fd4a745a9?s=96&d=mm&r=g","caption":"Equipe G\u00e1vea News"}}]}},"_links":{"self":[{"href":"https:\/\/www.gaveanews.com\/index.php\/wp-json\/wp\/v2\/posts\/92441","targetHints":{"allow":["GET"]}}],"collection":[{"href":"https:\/\/www.gaveanews.com\/index.php\/wp-json\/wp\/v2\/posts"}],"about":[{"href":"https:\/\/www.gaveanews.com\/index.php\/wp-json\/wp\/v2\/types\/post"}],"author":[{"embeddable":true,"href":"https:\/\/www.gaveanews.com\/index.php\/wp-json\/wp\/v2\/users\/1"}],"replies":[{"embeddable":true,"href":"https:\/\/www.gaveanews.com\/index.php\/wp-json\/wp\/v2\/comments?post=92441"}],"version-history":[{"count":0,"href":"https:\/\/www.gaveanews.com\/index.php\/wp-json\/wp\/v2\/posts\/92441\/revisions"}],"wp:featuredmedia":[{"embeddable":true,"href":"https:\/\/www.gaveanews.com\/index.php\/wp-json\/wp\/v2\/media\/85562"}],"wp:attachment":[{"href":"https:\/\/www.gaveanews.com\/index.php\/wp-json\/wp\/v2\/media?parent=92441"}],"wp:term":[{"taxonomy":"category","embeddable":true,"href":"https:\/\/www.gaveanews.com\/index.php\/wp-json\/wp\/v2\/categories?post=92441"},{"taxonomy":"post_tag","embeddable":true,"href":"https:\/\/www.gaveanews.com\/index.php\/wp-json\/wp\/v2\/tags?post=92441"}],"curies":[{"name":"wp","href":"https:\/\/api.w.org\/{rel}","templated":true}]}}