{"id":92443,"date":"2022-12-23T14:28:25","date_gmt":"2022-12-23T17:28:25","guid":{"rendered":"https:\/\/www.gaveanews.com\/?p=92443"},"modified":"2022-12-23T14:28:47","modified_gmt":"2022-12-23T17:28:47","slug":"cria-do-flamengo-revela-ter-recebido-ameaca-de-morte-apos-erro-na-libertadores","status":"publish","type":"post","link":"https:\/\/www.gaveanews.com\/index.php\/2022\/12\/23\/cria-do-flamengo-revela-ter-recebido-ameaca-de-morte-apos-erro-na-libertadores\/","title":{"rendered":"Cria do Flamengo revela ter recebido amea\u00e7as de morte ap\u00f3s erro na Copa Libertadores"},"content":{"rendered":"\n<p>Na \u00faltima quinta-feira, Matheus S\u00e1vio, ex-Flamengo, concedeu entrevista ao \u2018Charla Podcast\u2019. Em um dos trechos do bate-papo, S\u00e1vio falou sobre sua passagem no Fla e revelou o motivo de n\u00e3o ter correspondido \u00e0s expectativas.<\/p>\n\n\n\n<p><em>\u2014 Eu me prejudiquei muito quando estava no profissional, estava com carro\u2026 com o meu pensamento hoje, casado, com filho, morando no Jap\u00e3o, eu vejo que poderia ser mais profissional. Serviu como aprendizado para a minha carreira. Eu estou com 25 anos, n\u00e3o foi tarde, porque a oportunidade passa e, depois, n\u00e3o adianta ficar remoendo. Sou claro quanto a isso e comigo mesmo: eu poderia ser mais profissional. Eu poderia ter sido mais profissional e a minha carreira poderia ter tomado outros caminhos, como a Europa. Eu teria feito diferente. Como atleta, eu dormiria cedo, n\u00e3o beberia\u2026 hoje eu n\u00e3o bebo mais, mas antigamente eu bebia, me prejudicou, tenho consci\u00eancia<\/em>, disse, antes de emendar:<\/p>\n\n\n\n<p><em>\u2014 Quando eu surgi, n\u00f3s t\u00ednhamos as coisas muito f\u00e1ceis. Eu andava de carro 0km com 18 anos, mulheres, mensagens, vinha de tudo que era lado. Eu passei a morar sozinho, n\u00e3o tive controle na \u00e9poca como deveria. Eu tentava me policiar na \u00e9poca, mas n\u00e3o foi suficiente. O mais dif\u00edcil \u00e9 voc\u00ea se manter (depois que chega). Muito novo, eu n\u00e3o tinha no\u00e7\u00e3o do que estava acontecendo na minha vida: \u201cEstou jogando no Flamengo, no profissional, todo mundo me conhece, onde eu vou todos querem tirar uma foto, tudo f\u00e1cil, vou em restaurante e n\u00e3o pego fila\u201d, ent\u00e3o a vida tornou algumas coisas acess\u00edveis, que eu n\u00e3o sonhava ter<\/em>, complementou.<\/p>\n\n\n\n<h2 class=\"wp-block-heading\" id=\"h-eliminacao-na-libertadores-e-ameaca-de-morte\">Elimina\u00e7\u00e3o na Libertadores e amea\u00e7a de morte<\/h2>\n\n\n\n<p>S\u00e1vio tamb\u00e9m falou sobre a elimina\u00e7\u00e3o na Copa Libertadores em 2017. Na \u00e9poca, o time carioca enfrentou o San Lorenzo, na Argentina. E em um determinado momento do jogo, Matheus S\u00e1vio estava com a bola dominada no ataque, mas acabou cedendo o contra-ataque que culminou no gol que eliminou o Fla.<\/p>\n\n\n\n<p>Depois desse epis\u00f3dio o Cria do Flamengo perdeu espa\u00e7o e foi amea\u00e7ado pelos torcedores nas redes sociais: <\/p>\n\n\n\n<p><em>\u2014 Depois dali eu n\u00e3o tive tantas oportunidades, fiquei mais sem jogar. Era com Z\u00e9 Ricardo, quando estava tendo minha maior sequ\u00eancia de jogos. Lembro que teve a estreia do Brasileiro contra o Atl\u00e9tico-MG, depois entrei contra o Athletico-PR no Maracan\u00e3 quando o Diego se machucou. Posteriormente, fui jogar contra o San Lorenzo, onde fui no banco.<\/em><\/p>\n\n\n\n<p><em><em>\u2014 <\/em>Foi um jogo onde est\u00e1vamos sendo pressionados. Quando entrei, o Guerrero falou assim: \u2018Matheus, tenta ficar com a bola aqui. Vamos sair jogando. Estamos s\u00f3 dando \u2018chut\u00e3o\u2019, vamos ficar com a bola\u2019, sendo assim eu roubo a bola de um atacante, o Ar\u00e3o passa e vou dar o passe para ele. Entretanto, o cara trava a jogada, a bola \u00e9 cruzada na \u00e1rea, sa\u00ed o gol e a gente acaba sendo eliminado. Quando cheguei em casa, minha esposa estava chorando. Minha m\u00e3e me mandando mensagem. Vazou o n\u00famero da minha m\u00e3e, do meu pai, com v\u00e1rias amea\u00e7as de morte<\/em>, finalizou S\u00e1vio.<\/p>\n\n\n\n<p>Adaptado de: Di\u00e1rio do Fla<\/p>\n","protected":false},"excerpt":{"rendered":"<p>Na \u00faltima quinta-feira, Matheus S\u00e1vio, ex-Flamengo, concedeu entrevista ao \u2018Charla Podcast\u2019. Em um dos trechos do bate-papo, S\u00e1vio falou sobre sua passagem no Fla e revelou o motivo de n\u00e3o ter correspondido \u00e0s expectativas. \u2014 Eu me prejudiquei muito quando estava no profissional, estava com carro\u2026 com o meu pensamento hoje, casado, com filho, morando [&hellip;]<\/p>\n","protected":false},"author":1,"featured_media":33453,"comment_status":"open","ping_status":"closed","sticky":false,"template":"","format":"standard","meta":{"footnotes":""},"categories":[48],"tags":[],"class_list":["post-92443","post","type-post","status-publish","format-standard","has-post-thumbnail","hentry","category-negociacoes"],"yoast_head":"<!-- This site is optimized with the Yoast SEO Premium plugin v24.2 (Yoast SEO v26.9) - https:\/\/yoast.com\/product\/yoast-seo-premium-wordpress\/ -->\n<title>Cria do Flamengo revela ter recebido amea\u00e7as de morte ap\u00f3s erro na Copa Libertadores<\/title>\n<meta name=\"robots\" content=\"index, follow, max-snippet:-1, max-image-preview:large, max-video-preview:-1\" \/>\n<link rel=\"canonical\" href=\"https:\/\/www.gaveanews.com\/index.php\/2022\/12\/23\/cria-do-flamengo-revela-ter-recebido-ameaca-de-morte-apos-erro-na-libertadores\/\" \/>\n<meta property=\"og:locale\" content=\"pt_BR\" \/>\n<meta property=\"og:type\" content=\"article\" \/>\n<meta property=\"og:title\" content=\"Cria do Flamengo revela ter recebido amea\u00e7as de morte ap\u00f3s erro na Copa Libertadores\" \/>\n<meta property=\"og:description\" content=\"Na \u00faltima quinta-feira, Matheus S\u00e1vio, ex-Flamengo, concedeu entrevista ao \u2018Charla Podcast\u2019. Em um dos trechos do bate-papo, S\u00e1vio falou sobre sua passagem no Fla e revelou o motivo de n\u00e3o ter correspondido \u00e0s expectativas. \u2014 Eu me prejudiquei muito quando estava no profissional, estava com carro\u2026 com o meu pensamento hoje, casado, com filho, morando [&hellip;]\" \/>\n<meta property=\"og:url\" content=\"https:\/\/www.gaveanews.com\/index.php\/2022\/12\/23\/cria-do-flamengo-revela-ter-recebido-ameaca-de-morte-apos-erro-na-libertadores\/\" \/>\n<meta property=\"og:site_name\" content=\"G\u00e1vea News\" \/>\n<meta property=\"article:publisher\" content=\"https:\/\/facebook.com\/gaveaNews\/\" \/>\n<meta property=\"article:published_time\" content=\"2022-12-23T17:28:25+00:00\" \/>\n<meta property=\"article:modified_time\" content=\"2022-12-23T17:28:47+00:00\" \/>\n<meta property=\"og:image\" content=\"https:\/\/www.gaveanews.com\/wp-content\/uploads\/matheus-savio-comemora-o-gol-marcado-na-vitoria-do-flamengo-sobre-o-botafogo-1532221055026_1756x1171.webp\" \/>\n\t<meta property=\"og:image:width\" content=\"1756\" \/>\n\t<meta property=\"og:image:height\" content=\"1171\" \/>\n\t<meta property=\"og:image:type\" content=\"image\/jpeg\" \/>\n<meta name=\"author\" content=\"Equipe G\u00e1vea News\" \/>\n<meta name=\"twitter:card\" content=\"summary_large_image\" \/>\n<meta name=\"twitter:label1\" content=\"Escrito por\" \/>\n\t<meta name=\"twitter:data1\" content=\"Equipe G\u00e1vea News\" \/>\n\t<meta name=\"twitter:label2\" content=\"Est. tempo de leitura\" \/>\n\t<meta name=\"twitter:data2\" content=\"3 minutos\" \/>\n<script type=\"application\/ld+json\" class=\"yoast-schema-graph\">{\"@context\":\"https:\/\/schema.org\",\"@graph\":[{\"@type\":\"NewsArticle\",\"@id\":\"https:\/\/www.gaveanews.com\/index.php\/2022\/12\/23\/cria-do-flamengo-revela-ter-recebido-ameaca-de-morte-apos-erro-na-libertadores\/#article\",\"isPartOf\":{\"@id\":\"https:\/\/www.gaveanews.com\/index.php\/2022\/12\/23\/cria-do-flamengo-revela-ter-recebido-ameaca-de-morte-apos-erro-na-libertadores\/\"},\"author\":{\"name\":\"Equipe G\u00e1vea News\",\"@id\":\"https:\/\/www.gaveanews.com\/#\/schema\/person\/2ec14f73fb96be2caf28f91afb14749d\"},\"headline\":\"Cria do Flamengo revela ter recebido amea\u00e7as de morte ap\u00f3s erro na Copa Libertadores\",\"datePublished\":\"2022-12-23T17:28:25+00:00\",\"dateModified\":\"2022-12-23T17:28:47+00:00\",\"mainEntityOfPage\":{\"@id\":\"https:\/\/www.gaveanews.com\/index.php\/2022\/12\/23\/cria-do-flamengo-revela-ter-recebido-ameaca-de-morte-apos-erro-na-libertadores\/\"},\"wordCount\":549,\"commentCount\":0,\"image\":{\"@id\":\"https:\/\/www.gaveanews.com\/index.php\/2022\/12\/23\/cria-do-flamengo-revela-ter-recebido-ameaca-de-morte-apos-erro-na-libertadores\/#primaryimage\"},\"thumbnailUrl\":\"https:\/\/www.gaveanews.com\/wp-content\/uploads\/matheus-savio-comemora-o-gol-marcado-na-vitoria-do-flamengo-sobre-o-botafogo-1532221055026_1756x1171.webp\",\"articleSection\":[\"Negocia\u00e7\u00f5es\"],\"inLanguage\":\"pt-BR\",\"potentialAction\":[{\"@type\":\"CommentAction\",\"name\":\"Comment\",\"target\":[\"https:\/\/www.gaveanews.com\/index.php\/2022\/12\/23\/cria-do-flamengo-revela-ter-recebido-ameaca-de-morte-apos-erro-na-libertadores\/#respond\"]}],\"copyrightYear\":\"2022\",\"copyrightHolder\":{\"@id\":\"https:\/\/www.gaveanews.com\/#organization\"}},{\"@type\":\"WebPage\",\"@id\":\"https:\/\/www.gaveanews.com\/index.php\/2022\/12\/23\/cria-do-flamengo-revela-ter-recebido-ameaca-de-morte-apos-erro-na-libertadores\/\",\"url\":\"https:\/\/www.gaveanews.com\/index.php\/2022\/12\/23\/cria-do-flamengo-revela-ter-recebido-ameaca-de-morte-apos-erro-na-libertadores\/\",\"name\":\"Cria do Flamengo revela ter recebido amea\u00e7as de morte ap\u00f3s erro na Copa Libertadores\",\"isPartOf\":{\"@id\":\"https:\/\/www.gaveanews.com\/#website\"},\"primaryImageOfPage\":{\"@id\":\"https:\/\/www.gaveanews.com\/index.php\/2022\/12\/23\/cria-do-flamengo-revela-ter-recebido-ameaca-de-morte-apos-erro-na-libertadores\/#primaryimage\"},\"image\":{\"@id\":\"https:\/\/www.gaveanews.com\/index.php\/2022\/12\/23\/cria-do-flamengo-revela-ter-recebido-ameaca-de-morte-apos-erro-na-libertadores\/#primaryimage\"},\"thumbnailUrl\":\"https:\/\/www.gaveanews.com\/wp-content\/uploads\/matheus-savio-comemora-o-gol-marcado-na-vitoria-do-flamengo-sobre-o-botafogo-1532221055026_1756x1171.webp\",\"datePublished\":\"2022-12-23T17:28:25+00:00\",\"dateModified\":\"2022-12-23T17:28:47+00:00\",\"author\":{\"@id\":\"https:\/\/www.gaveanews.com\/#\/schema\/person\/2ec14f73fb96be2caf28f91afb14749d\"},\"breadcrumb\":{\"@id\":\"https:\/\/www.gaveanews.com\/index.php\/2022\/12\/23\/cria-do-flamengo-revela-ter-recebido-ameaca-de-morte-apos-erro-na-libertadores\/#breadcrumb\"},\"inLanguage\":\"pt-BR\",\"potentialAction\":[{\"@type\":\"ReadAction\",\"target\":[\"https:\/\/www.gaveanews.com\/index.php\/2022\/12\/23\/cria-do-flamengo-revela-ter-recebido-ameaca-de-morte-apos-erro-na-libertadores\/\"]}]},{\"@type\":\"ImageObject\",\"inLanguage\":\"pt-BR\",\"@id\":\"https:\/\/www.gaveanews.com\/index.php\/2022\/12\/23\/cria-do-flamengo-revela-ter-recebido-ameaca-de-morte-apos-erro-na-libertadores\/#primaryimage\",\"url\":\"https:\/\/www.gaveanews.com\/wp-content\/uploads\/matheus-savio-comemora-o-gol-marcado-na-vitoria-do-flamengo-sobre-o-botafogo-1532221055026_1756x1171.webp\",\"contentUrl\":\"https:\/\/www.gaveanews.com\/wp-content\/uploads\/matheus-savio-comemora-o-gol-marcado-na-vitoria-do-flamengo-sobre-o-botafogo-1532221055026_1756x1171.webp\",\"width\":1756,\"height\":1171},{\"@type\":\"BreadcrumbList\",\"@id\":\"https:\/\/www.gaveanews.com\/index.php\/2022\/12\/23\/cria-do-flamengo-revela-ter-recebido-ameaca-de-morte-apos-erro-na-libertadores\/#breadcrumb\",\"itemListElement\":[{\"@type\":\"ListItem\",\"position\":1,\"name\":\"Home\",\"item\":\"https:\/\/www.gaveanews.com\/\"},{\"@type\":\"ListItem\",\"position\":2,\"name\":\"Cria do Flamengo revela ter recebido amea\u00e7as de morte ap\u00f3s erro na Copa Libertadores\"}]},{\"@type\":\"WebSite\",\"@id\":\"https:\/\/www.gaveanews.com\/#website\",\"url\":\"https:\/\/www.gaveanews.com\/\",\"name\":\"G\u00e1vea News\",\"description\":\"Veja todas as not\u00edcias sobre o Flamengo: Contrata\u00e7\u00f5es, categorias de base, resultados das partidas, tabela de classifica\u00e7\u00e3o, pr\u00f3ximos jogos!\",\"potentialAction\":[{\"@type\":\"SearchAction\",\"target\":{\"@type\":\"EntryPoint\",\"urlTemplate\":\"https:\/\/www.gaveanews.com\/?s={search_term_string}\"},\"query-input\":{\"@type\":\"PropertyValueSpecification\",\"valueRequired\":true,\"valueName\":\"search_term_string\"}}],\"inLanguage\":\"pt-BR\"},{\"@type\":\"Person\",\"@id\":\"https:\/\/www.gaveanews.com\/#\/schema\/person\/2ec14f73fb96be2caf28f91afb14749d\",\"name\":\"Equipe G\u00e1vea News\",\"image\":{\"@type\":\"ImageObject\",\"inLanguage\":\"pt-BR\",\"@id\":\"https:\/\/www.gaveanews.com\/#\/schema\/person\/image\/\",\"url\":\"https:\/\/secure.gravatar.com\/avatar\/1e1956f1facbffd3f8fa53a326721950116b3b9dc9bd44939c01180fd4a745a9?s=96&d=mm&r=g\",\"contentUrl\":\"https:\/\/secure.gravatar.com\/avatar\/1e1956f1facbffd3f8fa53a326721950116b3b9dc9bd44939c01180fd4a745a9?s=96&d=mm&r=g\",\"caption\":\"Equipe G\u00e1vea News\"}}]}<\/script>\n<!-- \/ Yoast SEO Premium plugin. -->","yoast_head_json":{"title":"Cria do Flamengo revela ter recebido amea\u00e7as de morte ap\u00f3s erro na Copa Libertadores","robots":{"index":"index","follow":"follow","max-snippet":"max-snippet:-1","max-image-preview":"max-image-preview:large","max-video-preview":"max-video-preview:-1"},"canonical":"https:\/\/www.gaveanews.com\/index.php\/2022\/12\/23\/cria-do-flamengo-revela-ter-recebido-ameaca-de-morte-apos-erro-na-libertadores\/","og_locale":"pt_BR","og_type":"article","og_title":"Cria do Flamengo revela ter recebido amea\u00e7as de morte ap\u00f3s erro na Copa Libertadores","og_description":"Na \u00faltima quinta-feira, Matheus S\u00e1vio, ex-Flamengo, concedeu entrevista ao \u2018Charla Podcast\u2019. Em um dos trechos do bate-papo, S\u00e1vio falou sobre sua passagem no Fla e revelou o motivo de n\u00e3o ter correspondido \u00e0s expectativas. \u2014 Eu me prejudiquei muito quando estava no profissional, estava com carro\u2026 com o meu pensamento hoje, casado, com filho, morando [&hellip;]","og_url":"https:\/\/www.gaveanews.com\/index.php\/2022\/12\/23\/cria-do-flamengo-revela-ter-recebido-ameaca-de-morte-apos-erro-na-libertadores\/","og_site_name":"G\u00e1vea News","article_publisher":"https:\/\/facebook.com\/gaveaNews\/","article_published_time":"2022-12-23T17:28:25+00:00","article_modified_time":"2022-12-23T17:28:47+00:00","og_image":[{"width":1756,"height":1171,"url":"https:\/\/www.gaveanews.com\/wp-content\/uploads\/matheus-savio-comemora-o-gol-marcado-na-vitoria-do-flamengo-sobre-o-botafogo-1532221055026_1756x1171.webp","type":"image\/jpeg"}],"author":"Equipe G\u00e1vea News","twitter_card":"summary_large_image","twitter_misc":{"Escrito por":"Equipe G\u00e1vea News","Est. tempo de leitura":"3 minutos"},"schema":{"@context":"https:\/\/schema.org","@graph":[{"@type":"NewsArticle","@id":"https:\/\/www.gaveanews.com\/index.php\/2022\/12\/23\/cria-do-flamengo-revela-ter-recebido-ameaca-de-morte-apos-erro-na-libertadores\/#article","isPartOf":{"@id":"https:\/\/www.gaveanews.com\/index.php\/2022\/12\/23\/cria-do-flamengo-revela-ter-recebido-ameaca-de-morte-apos-erro-na-libertadores\/"},"author":{"name":"Equipe G\u00e1vea News","@id":"https:\/\/www.gaveanews.com\/#\/schema\/person\/2ec14f73fb96be2caf28f91afb14749d"},"headline":"Cria do Flamengo revela ter recebido amea\u00e7as de morte ap\u00f3s erro na Copa Libertadores","datePublished":"2022-12-23T17:28:25+00:00","dateModified":"2022-12-23T17:28:47+00:00","mainEntityOfPage":{"@id":"https:\/\/www.gaveanews.com\/index.php\/2022\/12\/23\/cria-do-flamengo-revela-ter-recebido-ameaca-de-morte-apos-erro-na-libertadores\/"},"wordCount":549,"commentCount":0,"image":{"@id":"https:\/\/www.gaveanews.com\/index.php\/2022\/12\/23\/cria-do-flamengo-revela-ter-recebido-ameaca-de-morte-apos-erro-na-libertadores\/#primaryimage"},"thumbnailUrl":"https:\/\/www.gaveanews.com\/wp-content\/uploads\/matheus-savio-comemora-o-gol-marcado-na-vitoria-do-flamengo-sobre-o-botafogo-1532221055026_1756x1171.webp","articleSection":["Negocia\u00e7\u00f5es"],"inLanguage":"pt-BR","potentialAction":[{"@type":"CommentAction","name":"Comment","target":["https:\/\/www.gaveanews.com\/index.php\/2022\/12\/23\/cria-do-flamengo-revela-ter-recebido-ameaca-de-morte-apos-erro-na-libertadores\/#respond"]}],"copyrightYear":"2022","copyrightHolder":{"@id":"https:\/\/www.gaveanews.com\/#organization"}},{"@type":"WebPage","@id":"https:\/\/www.gaveanews.com\/index.php\/2022\/12\/23\/cria-do-flamengo-revela-ter-recebido-ameaca-de-morte-apos-erro-na-libertadores\/","url":"https:\/\/www.gaveanews.com\/index.php\/2022\/12\/23\/cria-do-flamengo-revela-ter-recebido-ameaca-de-morte-apos-erro-na-libertadores\/","name":"Cria do Flamengo revela ter recebido amea\u00e7as de morte ap\u00f3s erro na Copa Libertadores","isPartOf":{"@id":"https:\/\/www.gaveanews.com\/#website"},"primaryImageOfPage":{"@id":"https:\/\/www.gaveanews.com\/index.php\/2022\/12\/23\/cria-do-flamengo-revela-ter-recebido-ameaca-de-morte-apos-erro-na-libertadores\/#primaryimage"},"image":{"@id":"https:\/\/www.gaveanews.com\/index.php\/2022\/12\/23\/cria-do-flamengo-revela-ter-recebido-ameaca-de-morte-apos-erro-na-libertadores\/#primaryimage"},"thumbnailUrl":"https:\/\/www.gaveanews.com\/wp-content\/uploads\/matheus-savio-comemora-o-gol-marcado-na-vitoria-do-flamengo-sobre-o-botafogo-1532221055026_1756x1171.webp","datePublished":"2022-12-23T17:28:25+00:00","dateModified":"2022-12-23T17:28:47+00:00","author":{"@id":"https:\/\/www.gaveanews.com\/#\/schema\/person\/2ec14f73fb96be2caf28f91afb14749d"},"breadcrumb":{"@id":"https:\/\/www.gaveanews.com\/index.php\/2022\/12\/23\/cria-do-flamengo-revela-ter-recebido-ameaca-de-morte-apos-erro-na-libertadores\/#breadcrumb"},"inLanguage":"pt-BR","potentialAction":[{"@type":"ReadAction","target":["https:\/\/www.gaveanews.com\/index.php\/2022\/12\/23\/cria-do-flamengo-revela-ter-recebido-ameaca-de-morte-apos-erro-na-libertadores\/"]}]},{"@type":"ImageObject","inLanguage":"pt-BR","@id":"https:\/\/www.gaveanews.com\/index.php\/2022\/12\/23\/cria-do-flamengo-revela-ter-recebido-ameaca-de-morte-apos-erro-na-libertadores\/#primaryimage","url":"https:\/\/www.gaveanews.com\/wp-content\/uploads\/matheus-savio-comemora-o-gol-marcado-na-vitoria-do-flamengo-sobre-o-botafogo-1532221055026_1756x1171.webp","contentUrl":"https:\/\/www.gaveanews.com\/wp-content\/uploads\/matheus-savio-comemora-o-gol-marcado-na-vitoria-do-flamengo-sobre-o-botafogo-1532221055026_1756x1171.webp","width":1756,"height":1171},{"@type":"BreadcrumbList","@id":"https:\/\/www.gaveanews.com\/index.php\/2022\/12\/23\/cria-do-flamengo-revela-ter-recebido-ameaca-de-morte-apos-erro-na-libertadores\/#breadcrumb","itemListElement":[{"@type":"ListItem","position":1,"name":"Home","item":"https:\/\/www.gaveanews.com\/"},{"@type":"ListItem","position":2,"name":"Cria do Flamengo revela ter recebido amea\u00e7as de morte ap\u00f3s erro na Copa Libertadores"}]},{"@type":"WebSite","@id":"https:\/\/www.gaveanews.com\/#website","url":"https:\/\/www.gaveanews.com\/","name":"G\u00e1vea News","description":"Veja todas as not\u00edcias sobre o Flamengo: Contrata\u00e7\u00f5es, categorias de base, resultados das partidas, tabela de classifica\u00e7\u00e3o, pr\u00f3ximos jogos!","potentialAction":[{"@type":"SearchAction","target":{"@type":"EntryPoint","urlTemplate":"https:\/\/www.gaveanews.com\/?s={search_term_string}"},"query-input":{"@type":"PropertyValueSpecification","valueRequired":true,"valueName":"search_term_string"}}],"inLanguage":"pt-BR"},{"@type":"Person","@id":"https:\/\/www.gaveanews.com\/#\/schema\/person\/2ec14f73fb96be2caf28f91afb14749d","name":"Equipe G\u00e1vea News","image":{"@type":"ImageObject","inLanguage":"pt-BR","@id":"https:\/\/www.gaveanews.com\/#\/schema\/person\/image\/","url":"https:\/\/secure.gravatar.com\/avatar\/1e1956f1facbffd3f8fa53a326721950116b3b9dc9bd44939c01180fd4a745a9?s=96&d=mm&r=g","contentUrl":"https:\/\/secure.gravatar.com\/avatar\/1e1956f1facbffd3f8fa53a326721950116b3b9dc9bd44939c01180fd4a745a9?s=96&d=mm&r=g","caption":"Equipe G\u00e1vea News"}}]}},"_links":{"self":[{"href":"https:\/\/www.gaveanews.com\/index.php\/wp-json\/wp\/v2\/posts\/92443","targetHints":{"allow":["GET"]}}],"collection":[{"href":"https:\/\/www.gaveanews.com\/index.php\/wp-json\/wp\/v2\/posts"}],"about":[{"href":"https:\/\/www.gaveanews.com\/index.php\/wp-json\/wp\/v2\/types\/post"}],"author":[{"embeddable":true,"href":"https:\/\/www.gaveanews.com\/index.php\/wp-json\/wp\/v2\/users\/1"}],"replies":[{"embeddable":true,"href":"https:\/\/www.gaveanews.com\/index.php\/wp-json\/wp\/v2\/comments?post=92443"}],"version-history":[{"count":0,"href":"https:\/\/www.gaveanews.com\/index.php\/wp-json\/wp\/v2\/posts\/92443\/revisions"}],"wp:featuredmedia":[{"embeddable":true,"href":"https:\/\/www.gaveanews.com\/index.php\/wp-json\/wp\/v2\/media\/33453"}],"wp:attachment":[{"href":"https:\/\/www.gaveanews.com\/index.php\/wp-json\/wp\/v2\/media?parent=92443"}],"wp:term":[{"taxonomy":"category","embeddable":true,"href":"https:\/\/www.gaveanews.com\/index.php\/wp-json\/wp\/v2\/categories?post=92443"},{"taxonomy":"post_tag","embeddable":true,"href":"https:\/\/www.gaveanews.com\/index.php\/wp-json\/wp\/v2\/tags?post=92443"}],"curies":[{"name":"wp","href":"https:\/\/api.w.org\/{rel}","templated":true}]}}