{"id":92447,"date":"2022-12-23T17:18:29","date_gmt":"2022-12-23T20:18:29","guid":{"rendered":"https:\/\/www.gaveanews.com\/?p=92447"},"modified":"2022-12-23T17:18:32","modified_gmt":"2022-12-23T20:18:32","slug":"torcida-relembra-declaracao-polemica-de-douglas-costa-contra-o-flamengo-assista","status":"publish","type":"post","link":"https:\/\/www.gaveanews.com\/index.php\/2022\/12\/23\/torcida-relembra-declaracao-polemica-de-douglas-costa-contra-o-flamengo-assista\/","title":{"rendered":"Torcida relembra declara\u00e7\u00e3o pol\u00eamica de Douglas Costa contra o Flamengo; assista"},"content":{"rendered":"\n<p>Douglas Costa \u00e9 a bola da vez no Flamengo. Um jantar com Marcos Braz, na quinta-feira (22) causou repercuss\u00e3o entre os torcedores. A poss\u00edvel contrata\u00e7\u00e3o, por\u00e9m, desagrada grande parte da torcida, principalmente pelo que o atacante j\u00e1 disse no passado.<\/p>\n\n\n\n<p><em>\u2014 Pois \u00e9! Flamengo virou o Real Madrid, n\u00e9\u2026 Jogar no Flamengo? N\u00e3o. \u00c9 um time extraordin\u00e1rio, virou o Real Madrid dos velhos tempos agora, n\u00e9. Os caras d\u00e3o um chute certo e j\u00e1 v\u00e3o pro Flamengo. Fico com o Gr\u00eamio, que \u00e9 a minha casa<\/em>, disse Douglas Costa, em 2020, sobre jogar no clube carioca.<\/p>\n\n\n\n<p>A declara\u00e7\u00e3o foi interpretada como uma esp\u00e9cie de ironia e deboche do atacante. No ano seguinte, quando retornou ao Brasil para jogar no Gr\u00eamio, novamente descartou vestir a camisa do Flamengo.<\/p>\n\n\n\n<p><em>\u2014 Se for para retornar ao Brasil, n\u00e3o teria sentido ir para outra equipe, por mais que haja equipes que eu respeite para caramba<\/em>, afirmou.<\/p>\n\n\n\n<p><em>\u2014 Flamengo, S\u00e3o Paulo, Palmeiras\u2026 S\u00e3o times que respeito muito, mas \u00e9 mais uma quest\u00e3o pessoal. A gente sabe como \u00e9 o calend\u00e1rio no Brasil, ent\u00e3o de que adianta voltar e n\u00e3o ter meus filhos por perto? \u00c9 uma coisa que pesa. Eu tenho minha ideia de retorno ao Gr\u00eamio quando isso puder acontecer. Meu pai \u00e9 gremista, fui criado no Gr\u00eamio. \u00c9 o time do meu cora\u00e7\u00e3o, o time que eu cresci<\/em>, concluiu o jogador.<\/p>\n\n\n\n<figure class=\"wp-block-embed is-type-video is-provider-youtube wp-block-embed-youtube wp-embed-aspect-16-9 wp-has-aspect-ratio\"><div class=\"wp-block-embed__wrapper\">\n<iframe loading=\"lazy\" title=\"DOUGLAS COSTA: &quot;CRISTIANO RONALDO, CHEGOU O MELHOR DO MUNDO&quot; - AL\u00ca OLIVEIRA RESPONDE #77\" width=\"640\" height=\"360\" src=\"https:\/\/www.youtube.com\/embed\/sJl_kb5dAQA?feature=oembed\" frameborder=\"0\" allow=\"accelerometer; autoplay; clipboard-write; encrypted-media; gyroscope; picture-in-picture; web-share\" referrerpolicy=\"strict-origin-when-cross-origin\" allowfullscreen><\/iframe>\n<\/div><\/figure>\n\n\n\n<h2 class=\"wp-block-heading\" id=\"h-primeiro-reforco-do-flamengo\">Primeiro refor\u00e7o do Flamengo<\/h2>\n\n\n\n<p>O Flamengo j\u00e1 tem tudo acertado para que Agust\u00edn Rossi seja o seu primeiro refor\u00e7o para a temporada 2023.<\/p>\n\n\n\n<p>Segundo informa\u00e7\u00f5es do Globo Esporte, o departamento jur\u00eddico do Flamengo j\u00e1 trabalha na formata\u00e7\u00e3o do contrato, que ter\u00e1 dura\u00e7\u00e3o de quatro anos. Assim que virar o ano, a tend\u00eancia \u00e9 que o rubro-negro v\u00e1 at\u00e9 Buenos Aires para formalizar o acordo com o Boca Juniors e tentar negociar uma sa\u00edda antecipada do goleiro.<\/p>\n\n\n\n<p>A ideia \u00e9 oferecer ao Boca uma compensa\u00e7\u00e3o financeira. Caso os argentinos n\u00e3o aceitem, Rossi chegaria ao Flamengo apenas em julho, quando ficaria livre.<\/p>\n\n\n\n<p>Retirado de: Torcedores <\/p>\n","protected":false},"excerpt":{"rendered":"<p>Douglas Costa \u00e9 a bola da vez no Flamengo. Um jantar com Marcos Braz, na quinta-feira (22) causou repercuss\u00e3o entre os torcedores. A poss\u00edvel contrata\u00e7\u00e3o, por\u00e9m, desagrada grande parte da torcida, principalmente pelo que o atacante j\u00e1 disse no passado. \u2014 Pois \u00e9! Flamengo virou o Real Madrid, n\u00e9\u2026 Jogar no Flamengo? N\u00e3o. \u00c9 um [&hellip;]<\/p>\n","protected":false},"author":1,"featured_media":73360,"comment_status":"open","ping_status":"closed","sticky":false,"template":"","format":"standard","meta":{"footnotes":""},"categories":[40],"tags":[],"class_list":["post-92447","post","type-post","status-publish","format-standard","has-post-thumbnail","hentry","category-video"],"yoast_head":"<!-- This site is optimized with the Yoast SEO Premium plugin v24.2 (Yoast SEO v26.9) - https:\/\/yoast.com\/product\/yoast-seo-premium-wordpress\/ -->\n<title>Torcida relembra declara\u00e7\u00e3o pol\u00eamica de Douglas Costa contra o Flamengo; assista<\/title>\n<meta name=\"robots\" content=\"index, follow, max-snippet:-1, max-image-preview:large, max-video-preview:-1\" \/>\n<link rel=\"canonical\" href=\"https:\/\/www.gaveanews.com\/index.php\/2022\/12\/23\/torcida-relembra-declaracao-polemica-de-douglas-costa-contra-o-flamengo-assista\/\" \/>\n<meta property=\"og:locale\" content=\"pt_BR\" \/>\n<meta property=\"og:type\" content=\"article\" \/>\n<meta property=\"og:title\" content=\"Torcida relembra declara\u00e7\u00e3o pol\u00eamica de Douglas Costa contra o Flamengo; assista\" \/>\n<meta property=\"og:description\" content=\"Douglas Costa \u00e9 a bola da vez no Flamengo. Um jantar com Marcos Braz, na quinta-feira (22) causou repercuss\u00e3o entre os torcedores. A poss\u00edvel contrata\u00e7\u00e3o, por\u00e9m, desagrada grande parte da torcida, principalmente pelo que o atacante j\u00e1 disse no passado. \u2014 Pois \u00e9! Flamengo virou o Real Madrid, n\u00e9\u2026 Jogar no Flamengo? N\u00e3o. \u00c9 um [&hellip;]\" \/>\n<meta property=\"og:url\" content=\"https:\/\/www.gaveanews.com\/index.php\/2022\/12\/23\/torcida-relembra-declaracao-polemica-de-douglas-costa-contra-o-flamengo-assista\/\" \/>\n<meta property=\"og:site_name\" content=\"G\u00e1vea News\" \/>\n<meta property=\"article:publisher\" content=\"https:\/\/facebook.com\/gaveaNews\/\" \/>\n<meta property=\"article:published_time\" content=\"2022-12-23T20:18:29+00:00\" \/>\n<meta property=\"article:modified_time\" content=\"2022-12-23T20:18:32+00:00\" \/>\n<meta property=\"og:image\" content=\"https:\/\/www.gaveanews.com\/wp-content\/uploads\/Douglas-Costa-em-acao-pelo-Gremio.webp\" \/>\n\t<meta property=\"og:image:width\" content=\"1200\" \/>\n\t<meta property=\"og:image:height\" content=\"675\" \/>\n\t<meta property=\"og:image:type\" content=\"image\/jpeg\" \/>\n<meta name=\"author\" content=\"Equipe G\u00e1vea News\" \/>\n<meta name=\"twitter:card\" content=\"summary_large_image\" \/>\n<meta name=\"twitter:label1\" content=\"Escrito por\" \/>\n\t<meta name=\"twitter:data1\" content=\"Equipe G\u00e1vea News\" \/>\n\t<meta name=\"twitter:label2\" content=\"Est. tempo de leitura\" \/>\n\t<meta name=\"twitter:data2\" content=\"2 minutos\" \/>\n<script type=\"application\/ld+json\" class=\"yoast-schema-graph\">{\"@context\":\"https:\/\/schema.org\",\"@graph\":[{\"@type\":\"NewsArticle\",\"@id\":\"https:\/\/www.gaveanews.com\/index.php\/2022\/12\/23\/torcida-relembra-declaracao-polemica-de-douglas-costa-contra-o-flamengo-assista\/#article\",\"isPartOf\":{\"@id\":\"https:\/\/www.gaveanews.com\/index.php\/2022\/12\/23\/torcida-relembra-declaracao-polemica-de-douglas-costa-contra-o-flamengo-assista\/\"},\"author\":{\"name\":\"Equipe G\u00e1vea News\",\"@id\":\"https:\/\/www.gaveanews.com\/#\/schema\/person\/2ec14f73fb96be2caf28f91afb14749d\"},\"headline\":\"Torcida relembra declara\u00e7\u00e3o pol\u00eamica de Douglas Costa contra o Flamengo; assista\",\"datePublished\":\"2022-12-23T20:18:29+00:00\",\"dateModified\":\"2022-12-23T20:18:32+00:00\",\"mainEntityOfPage\":{\"@id\":\"https:\/\/www.gaveanews.com\/index.php\/2022\/12\/23\/torcida-relembra-declaracao-polemica-de-douglas-costa-contra-o-flamengo-assista\/\"},\"wordCount\":373,\"commentCount\":0,\"image\":{\"@id\":\"https:\/\/www.gaveanews.com\/index.php\/2022\/12\/23\/torcida-relembra-declaracao-polemica-de-douglas-costa-contra-o-flamengo-assista\/#primaryimage\"},\"thumbnailUrl\":\"https:\/\/www.gaveanews.com\/wp-content\/uploads\/Douglas-Costa-em-acao-pelo-Gremio.webp\",\"articleSection\":[\"V\u00eddeos\"],\"inLanguage\":\"pt-BR\",\"potentialAction\":[{\"@type\":\"CommentAction\",\"name\":\"Comment\",\"target\":[\"https:\/\/www.gaveanews.com\/index.php\/2022\/12\/23\/torcida-relembra-declaracao-polemica-de-douglas-costa-contra-o-flamengo-assista\/#respond\"]}],\"copyrightYear\":\"2022\",\"copyrightHolder\":{\"@id\":\"https:\/\/www.gaveanews.com\/#organization\"}},{\"@type\":\"WebPage\",\"@id\":\"https:\/\/www.gaveanews.com\/index.php\/2022\/12\/23\/torcida-relembra-declaracao-polemica-de-douglas-costa-contra-o-flamengo-assista\/\",\"url\":\"https:\/\/www.gaveanews.com\/index.php\/2022\/12\/23\/torcida-relembra-declaracao-polemica-de-douglas-costa-contra-o-flamengo-assista\/\",\"name\":\"Torcida relembra declara\u00e7\u00e3o pol\u00eamica de Douglas Costa contra o Flamengo; assista\",\"isPartOf\":{\"@id\":\"https:\/\/www.gaveanews.com\/#website\"},\"primaryImageOfPage\":{\"@id\":\"https:\/\/www.gaveanews.com\/index.php\/2022\/12\/23\/torcida-relembra-declaracao-polemica-de-douglas-costa-contra-o-flamengo-assista\/#primaryimage\"},\"image\":{\"@id\":\"https:\/\/www.gaveanews.com\/index.php\/2022\/12\/23\/torcida-relembra-declaracao-polemica-de-douglas-costa-contra-o-flamengo-assista\/#primaryimage\"},\"thumbnailUrl\":\"https:\/\/www.gaveanews.com\/wp-content\/uploads\/Douglas-Costa-em-acao-pelo-Gremio.webp\",\"datePublished\":\"2022-12-23T20:18:29+00:00\",\"dateModified\":\"2022-12-23T20:18:32+00:00\",\"author\":{\"@id\":\"https:\/\/www.gaveanews.com\/#\/schema\/person\/2ec14f73fb96be2caf28f91afb14749d\"},\"breadcrumb\":{\"@id\":\"https:\/\/www.gaveanews.com\/index.php\/2022\/12\/23\/torcida-relembra-declaracao-polemica-de-douglas-costa-contra-o-flamengo-assista\/#breadcrumb\"},\"inLanguage\":\"pt-BR\",\"potentialAction\":[{\"@type\":\"ReadAction\",\"target\":[\"https:\/\/www.gaveanews.com\/index.php\/2022\/12\/23\/torcida-relembra-declaracao-polemica-de-douglas-costa-contra-o-flamengo-assista\/\"]}]},{\"@type\":\"ImageObject\",\"inLanguage\":\"pt-BR\",\"@id\":\"https:\/\/www.gaveanews.com\/index.php\/2022\/12\/23\/torcida-relembra-declaracao-polemica-de-douglas-costa-contra-o-flamengo-assista\/#primaryimage\",\"url\":\"https:\/\/www.gaveanews.com\/wp-content\/uploads\/Douglas-Costa-em-acao-pelo-Gremio.webp\",\"contentUrl\":\"https:\/\/www.gaveanews.com\/wp-content\/uploads\/Douglas-Costa-em-acao-pelo-Gremio.webp\",\"width\":1200,\"height\":675,\"caption\":\"Douglas Costa em a\u00e7\u00e3o pelo Gr\u00eamio (Foto: Lucas Uebel\/Gr\u00eamio FBPA)\"},{\"@type\":\"BreadcrumbList\",\"@id\":\"https:\/\/www.gaveanews.com\/index.php\/2022\/12\/23\/torcida-relembra-declaracao-polemica-de-douglas-costa-contra-o-flamengo-assista\/#breadcrumb\",\"itemListElement\":[{\"@type\":\"ListItem\",\"position\":1,\"name\":\"Home\",\"item\":\"https:\/\/www.gaveanews.com\/\"},{\"@type\":\"ListItem\",\"position\":2,\"name\":\"Torcida relembra declara\u00e7\u00e3o pol\u00eamica de Douglas Costa contra o Flamengo; assista\"}]},{\"@type\":\"WebSite\",\"@id\":\"https:\/\/www.gaveanews.com\/#website\",\"url\":\"https:\/\/www.gaveanews.com\/\",\"name\":\"G\u00e1vea News\",\"description\":\"Veja todas as not\u00edcias sobre o Flamengo: Contrata\u00e7\u00f5es, categorias de base, resultados das partidas, tabela de classifica\u00e7\u00e3o, pr\u00f3ximos jogos!\",\"potentialAction\":[{\"@type\":\"SearchAction\",\"target\":{\"@type\":\"EntryPoint\",\"urlTemplate\":\"https:\/\/www.gaveanews.com\/?s={search_term_string}\"},\"query-input\":{\"@type\":\"PropertyValueSpecification\",\"valueRequired\":true,\"valueName\":\"search_term_string\"}}],\"inLanguage\":\"pt-BR\"},{\"@type\":\"Person\",\"@id\":\"https:\/\/www.gaveanews.com\/#\/schema\/person\/2ec14f73fb96be2caf28f91afb14749d\",\"name\":\"Equipe G\u00e1vea News\",\"image\":{\"@type\":\"ImageObject\",\"inLanguage\":\"pt-BR\",\"@id\":\"https:\/\/www.gaveanews.com\/#\/schema\/person\/image\/\",\"url\":\"https:\/\/secure.gravatar.com\/avatar\/1e1956f1facbffd3f8fa53a326721950116b3b9dc9bd44939c01180fd4a745a9?s=96&d=mm&r=g\",\"contentUrl\":\"https:\/\/secure.gravatar.com\/avatar\/1e1956f1facbffd3f8fa53a326721950116b3b9dc9bd44939c01180fd4a745a9?s=96&d=mm&r=g\",\"caption\":\"Equipe G\u00e1vea News\"}}]}<\/script>\n<!-- \/ Yoast SEO Premium plugin. -->","yoast_head_json":{"title":"Torcida relembra declara\u00e7\u00e3o pol\u00eamica de Douglas Costa contra o Flamengo; assista","robots":{"index":"index","follow":"follow","max-snippet":"max-snippet:-1","max-image-preview":"max-image-preview:large","max-video-preview":"max-video-preview:-1"},"canonical":"https:\/\/www.gaveanews.com\/index.php\/2022\/12\/23\/torcida-relembra-declaracao-polemica-de-douglas-costa-contra-o-flamengo-assista\/","og_locale":"pt_BR","og_type":"article","og_title":"Torcida relembra declara\u00e7\u00e3o pol\u00eamica de Douglas Costa contra o Flamengo; assista","og_description":"Douglas Costa \u00e9 a bola da vez no Flamengo. Um jantar com Marcos Braz, na quinta-feira (22) causou repercuss\u00e3o entre os torcedores. A poss\u00edvel contrata\u00e7\u00e3o, por\u00e9m, desagrada grande parte da torcida, principalmente pelo que o atacante j\u00e1 disse no passado. \u2014 Pois \u00e9! Flamengo virou o Real Madrid, n\u00e9\u2026 Jogar no Flamengo? N\u00e3o. \u00c9 um [&hellip;]","og_url":"https:\/\/www.gaveanews.com\/index.php\/2022\/12\/23\/torcida-relembra-declaracao-polemica-de-douglas-costa-contra-o-flamengo-assista\/","og_site_name":"G\u00e1vea News","article_publisher":"https:\/\/facebook.com\/gaveaNews\/","article_published_time":"2022-12-23T20:18:29+00:00","article_modified_time":"2022-12-23T20:18:32+00:00","og_image":[{"width":1200,"height":675,"url":"https:\/\/www.gaveanews.com\/wp-content\/uploads\/Douglas-Costa-em-acao-pelo-Gremio.webp","type":"image\/jpeg"}],"author":"Equipe G\u00e1vea News","twitter_card":"summary_large_image","twitter_misc":{"Escrito por":"Equipe G\u00e1vea News","Est. tempo de leitura":"2 minutos"},"schema":{"@context":"https:\/\/schema.org","@graph":[{"@type":"NewsArticle","@id":"https:\/\/www.gaveanews.com\/index.php\/2022\/12\/23\/torcida-relembra-declaracao-polemica-de-douglas-costa-contra-o-flamengo-assista\/#article","isPartOf":{"@id":"https:\/\/www.gaveanews.com\/index.php\/2022\/12\/23\/torcida-relembra-declaracao-polemica-de-douglas-costa-contra-o-flamengo-assista\/"},"author":{"name":"Equipe G\u00e1vea News","@id":"https:\/\/www.gaveanews.com\/#\/schema\/person\/2ec14f73fb96be2caf28f91afb14749d"},"headline":"Torcida relembra declara\u00e7\u00e3o pol\u00eamica de Douglas Costa contra o Flamengo; assista","datePublished":"2022-12-23T20:18:29+00:00","dateModified":"2022-12-23T20:18:32+00:00","mainEntityOfPage":{"@id":"https:\/\/www.gaveanews.com\/index.php\/2022\/12\/23\/torcida-relembra-declaracao-polemica-de-douglas-costa-contra-o-flamengo-assista\/"},"wordCount":373,"commentCount":0,"image":{"@id":"https:\/\/www.gaveanews.com\/index.php\/2022\/12\/23\/torcida-relembra-declaracao-polemica-de-douglas-costa-contra-o-flamengo-assista\/#primaryimage"},"thumbnailUrl":"https:\/\/www.gaveanews.com\/wp-content\/uploads\/Douglas-Costa-em-acao-pelo-Gremio.webp","articleSection":["V\u00eddeos"],"inLanguage":"pt-BR","potentialAction":[{"@type":"CommentAction","name":"Comment","target":["https:\/\/www.gaveanews.com\/index.php\/2022\/12\/23\/torcida-relembra-declaracao-polemica-de-douglas-costa-contra-o-flamengo-assista\/#respond"]}],"copyrightYear":"2022","copyrightHolder":{"@id":"https:\/\/www.gaveanews.com\/#organization"}},{"@type":"WebPage","@id":"https:\/\/www.gaveanews.com\/index.php\/2022\/12\/23\/torcida-relembra-declaracao-polemica-de-douglas-costa-contra-o-flamengo-assista\/","url":"https:\/\/www.gaveanews.com\/index.php\/2022\/12\/23\/torcida-relembra-declaracao-polemica-de-douglas-costa-contra-o-flamengo-assista\/","name":"Torcida relembra declara\u00e7\u00e3o pol\u00eamica de Douglas Costa contra o Flamengo; assista","isPartOf":{"@id":"https:\/\/www.gaveanews.com\/#website"},"primaryImageOfPage":{"@id":"https:\/\/www.gaveanews.com\/index.php\/2022\/12\/23\/torcida-relembra-declaracao-polemica-de-douglas-costa-contra-o-flamengo-assista\/#primaryimage"},"image":{"@id":"https:\/\/www.gaveanews.com\/index.php\/2022\/12\/23\/torcida-relembra-declaracao-polemica-de-douglas-costa-contra-o-flamengo-assista\/#primaryimage"},"thumbnailUrl":"https:\/\/www.gaveanews.com\/wp-content\/uploads\/Douglas-Costa-em-acao-pelo-Gremio.webp","datePublished":"2022-12-23T20:18:29+00:00","dateModified":"2022-12-23T20:18:32+00:00","author":{"@id":"https:\/\/www.gaveanews.com\/#\/schema\/person\/2ec14f73fb96be2caf28f91afb14749d"},"breadcrumb":{"@id":"https:\/\/www.gaveanews.com\/index.php\/2022\/12\/23\/torcida-relembra-declaracao-polemica-de-douglas-costa-contra-o-flamengo-assista\/#breadcrumb"},"inLanguage":"pt-BR","potentialAction":[{"@type":"ReadAction","target":["https:\/\/www.gaveanews.com\/index.php\/2022\/12\/23\/torcida-relembra-declaracao-polemica-de-douglas-costa-contra-o-flamengo-assista\/"]}]},{"@type":"ImageObject","inLanguage":"pt-BR","@id":"https:\/\/www.gaveanews.com\/index.php\/2022\/12\/23\/torcida-relembra-declaracao-polemica-de-douglas-costa-contra-o-flamengo-assista\/#primaryimage","url":"https:\/\/www.gaveanews.com\/wp-content\/uploads\/Douglas-Costa-em-acao-pelo-Gremio.webp","contentUrl":"https:\/\/www.gaveanews.com\/wp-content\/uploads\/Douglas-Costa-em-acao-pelo-Gremio.webp","width":1200,"height":675,"caption":"Douglas Costa em a\u00e7\u00e3o pelo Gr\u00eamio (Foto: Lucas Uebel\/Gr\u00eamio FBPA)"},{"@type":"BreadcrumbList","@id":"https:\/\/www.gaveanews.com\/index.php\/2022\/12\/23\/torcida-relembra-declaracao-polemica-de-douglas-costa-contra-o-flamengo-assista\/#breadcrumb","itemListElement":[{"@type":"ListItem","position":1,"name":"Home","item":"https:\/\/www.gaveanews.com\/"},{"@type":"ListItem","position":2,"name":"Torcida relembra declara\u00e7\u00e3o pol\u00eamica de Douglas Costa contra o Flamengo; assista"}]},{"@type":"WebSite","@id":"https:\/\/www.gaveanews.com\/#website","url":"https:\/\/www.gaveanews.com\/","name":"G\u00e1vea News","description":"Veja todas as not\u00edcias sobre o Flamengo: Contrata\u00e7\u00f5es, categorias de base, resultados das partidas, tabela de classifica\u00e7\u00e3o, pr\u00f3ximos jogos!","potentialAction":[{"@type":"SearchAction","target":{"@type":"EntryPoint","urlTemplate":"https:\/\/www.gaveanews.com\/?s={search_term_string}"},"query-input":{"@type":"PropertyValueSpecification","valueRequired":true,"valueName":"search_term_string"}}],"inLanguage":"pt-BR"},{"@type":"Person","@id":"https:\/\/www.gaveanews.com\/#\/schema\/person\/2ec14f73fb96be2caf28f91afb14749d","name":"Equipe G\u00e1vea News","image":{"@type":"ImageObject","inLanguage":"pt-BR","@id":"https:\/\/www.gaveanews.com\/#\/schema\/person\/image\/","url":"https:\/\/secure.gravatar.com\/avatar\/1e1956f1facbffd3f8fa53a326721950116b3b9dc9bd44939c01180fd4a745a9?s=96&d=mm&r=g","contentUrl":"https:\/\/secure.gravatar.com\/avatar\/1e1956f1facbffd3f8fa53a326721950116b3b9dc9bd44939c01180fd4a745a9?s=96&d=mm&r=g","caption":"Equipe G\u00e1vea News"}}]}},"_links":{"self":[{"href":"https:\/\/www.gaveanews.com\/index.php\/wp-json\/wp\/v2\/posts\/92447","targetHints":{"allow":["GET"]}}],"collection":[{"href":"https:\/\/www.gaveanews.com\/index.php\/wp-json\/wp\/v2\/posts"}],"about":[{"href":"https:\/\/www.gaveanews.com\/index.php\/wp-json\/wp\/v2\/types\/post"}],"author":[{"embeddable":true,"href":"https:\/\/www.gaveanews.com\/index.php\/wp-json\/wp\/v2\/users\/1"}],"replies":[{"embeddable":true,"href":"https:\/\/www.gaveanews.com\/index.php\/wp-json\/wp\/v2\/comments?post=92447"}],"version-history":[{"count":0,"href":"https:\/\/www.gaveanews.com\/index.php\/wp-json\/wp\/v2\/posts\/92447\/revisions"}],"wp:featuredmedia":[{"embeddable":true,"href":"https:\/\/www.gaveanews.com\/index.php\/wp-json\/wp\/v2\/media\/73360"}],"wp:attachment":[{"href":"https:\/\/www.gaveanews.com\/index.php\/wp-json\/wp\/v2\/media?parent=92447"}],"wp:term":[{"taxonomy":"category","embeddable":true,"href":"https:\/\/www.gaveanews.com\/index.php\/wp-json\/wp\/v2\/categories?post=92447"},{"taxonomy":"post_tag","embeddable":true,"href":"https:\/\/www.gaveanews.com\/index.php\/wp-json\/wp\/v2\/tags?post=92447"}],"curies":[{"name":"wp","href":"https:\/\/api.w.org\/{rel}","templated":true}]}}