{"id":92454,"date":"2022-12-23T19:07:53","date_gmt":"2022-12-23T22:07:53","guid":{"rendered":"https:\/\/www.gaveanews.com\/?p=92454"},"modified":"2022-12-23T19:07:56","modified_gmt":"2022-12-23T22:07:56","slug":"dupla-do-flamengo-se-beneficiara-com-a-chegada-de-vitor-pereira","status":"publish","type":"post","link":"https:\/\/www.gaveanews.com\/index.php\/2022\/12\/23\/dupla-do-flamengo-se-beneficiara-com-a-chegada-de-vitor-pereira\/","title":{"rendered":"Dupla do Flamengo se beneficiar\u00e1 com a chegada de V\u00edtor Pereira"},"content":{"rendered":"\n<p>O t\u00e9cnico V\u00edtor Pereira s\u00f3 inicia os trabalhos no Flamengo no dia 2 de janeiro, mas j\u00e1 tem jogador ansioso para buscar mais espa\u00e7o na equipe com a chegada de um novo comandante. Cotados, inclusive, para serem colocados no mercado da bola, Matheus Fran\u00e7a e Victor Hugo agora vislumbram maiores oportunidades com o portugu\u00eas em 2023. No seu antigo time, o Corinthians, VP j\u00e1 deu sinal que gosta de utilizar os \u201cmi\u00fados\u201d e muitas vezes barra \u201cmedalh\u00f5es\u201d.<\/p>\n\n\n\n<p>Em termos de contrata\u00e7\u00f5es, o Flamengo ainda n\u00e3o anunciou nenhum nome para o time de V\u00edtor Pereira. Contudo, o treinador pode apostar em refor\u00e7os \u201ccaseiros\u201d, dando aten\u00e7\u00e3o aos garotos oriundos das categorias de base. O portugu\u00eas quer apenas ajustes pontuais, e n\u00e3o deseja ter um volume muito grande de atletas com idades avan\u00e7adas, uma vez que pretende manter um ritmo intenso de marca\u00e7\u00e3o e imposi\u00e7\u00e3o de jogo. Fran\u00e7a e Victor Hugo se encaixam neste perfil procurado.<\/p>\n\n\n\n<p>Em 2022, os dois jovens foram bem aproveitados por Dorival J\u00fanior. Fran\u00e7a figurou em 23 jogos, marcando seis gols, enquanto Victor Hugo teve uma sequ\u00eancia ainda maior, com 37 partidas, tr\u00eas gols anotados e quatro assist\u00eancias.<\/p>\n\n\n\n<p>Nos bastidores, o Flamengo j\u00e1 solicitou junto \u00e0 CBF a libera\u00e7\u00e3o dos dois jogadores da sele\u00e7\u00e3o brasileira sub-20. A dupla foi convocada para o Sul-Americano da categoria, que ocorre em janeiro. O intuito \u00e9 utilizar os jovens nas rodadas iniciais do Campeonato Carioca, pr\u00e1tica que tem sido comum da equipe nos \u00faltimos anos. O rubro-negro carioca entende que Fran\u00e7a e Victor Hugo precisam ser \u201clapidados\u201d para se tornarem realidade no profissional.<\/p>\n\n\n\n<p>O debute do rubro-negro carioca ocorre no dia 12 de janeiro, diante do Audax, no Maracan\u00e3, abrindo o Campeonato Carioca. Al\u00e9m do estadual, o time da G\u00e1vea ainda tem outros seis torneios pela frente, entre eles a Libertadores e o Mundial de Clubes.<\/p>\n\n\n\n<p>Retirado de: Torcedores <\/p>\n","protected":false},"excerpt":{"rendered":"<p>O t\u00e9cnico V\u00edtor Pereira s\u00f3 inicia os trabalhos no Flamengo no dia 2 de janeiro, mas j\u00e1 tem jogador ansioso para buscar mais espa\u00e7o na equipe com a chegada de um novo comandante. Cotados, inclusive, para serem colocados no mercado da bola, Matheus Fran\u00e7a e Victor Hugo agora vislumbram maiores oportunidades com o portugu\u00eas em [&hellip;]<\/p>\n","protected":false},"author":1,"featured_media":92069,"comment_status":"open","ping_status":"closed","sticky":false,"template":"","format":"standard","meta":{"footnotes":""},"categories":[1],"tags":[],"class_list":["post-92454","post","type-post","status-publish","format-standard","has-post-thumbnail","hentry","category-flamengo"],"yoast_head":"<!-- This site is optimized with the Yoast SEO Premium plugin v24.2 (Yoast SEO v26.9) - https:\/\/yoast.com\/product\/yoast-seo-premium-wordpress\/ -->\n<title>Dupla do Flamengo se beneficiar\u00e1 com a chegada de V\u00edtor Pereira<\/title>\n<meta name=\"robots\" content=\"index, follow, max-snippet:-1, max-image-preview:large, max-video-preview:-1\" \/>\n<link rel=\"canonical\" href=\"https:\/\/www.gaveanews.com\/index.php\/2022\/12\/23\/dupla-do-flamengo-se-beneficiara-com-a-chegada-de-vitor-pereira\/\" \/>\n<meta property=\"og:locale\" content=\"pt_BR\" \/>\n<meta property=\"og:type\" content=\"article\" \/>\n<meta property=\"og:title\" content=\"Dupla do Flamengo se beneficiar\u00e1 com a chegada de V\u00edtor Pereira\" \/>\n<meta property=\"og:description\" content=\"O t\u00e9cnico V\u00edtor Pereira s\u00f3 inicia os trabalhos no Flamengo no dia 2 de janeiro, mas j\u00e1 tem jogador ansioso para buscar mais espa\u00e7o na equipe com a chegada de um novo comandante. Cotados, inclusive, para serem colocados no mercado da bola, Matheus Fran\u00e7a e Victor Hugo agora vislumbram maiores oportunidades com o portugu\u00eas em [&hellip;]\" \/>\n<meta property=\"og:url\" content=\"https:\/\/www.gaveanews.com\/index.php\/2022\/12\/23\/dupla-do-flamengo-se-beneficiara-com-a-chegada-de-vitor-pereira\/\" \/>\n<meta property=\"og:site_name\" content=\"G\u00e1vea News\" \/>\n<meta property=\"article:publisher\" content=\"https:\/\/facebook.com\/gaveaNews\/\" \/>\n<meta property=\"article:published_time\" content=\"2022-12-23T22:07:53+00:00\" \/>\n<meta property=\"article:modified_time\" content=\"2022-12-23T22:07:56+00:00\" \/>\n<meta property=\"og:image\" content=\"https:\/\/www.gaveanews.com\/wp-content\/uploads\/Vitor-Pereira-durante-treino-aberto-na-Neo-Quimica-Arena.webp\" \/>\n\t<meta property=\"og:image:width\" content=\"941\" \/>\n\t<meta property=\"og:image:height\" content=\"627\" \/>\n\t<meta property=\"og:image:type\" content=\"image\/webp\" \/>\n<meta name=\"author\" content=\"Equipe G\u00e1vea News\" \/>\n<meta name=\"twitter:card\" content=\"summary_large_image\" \/>\n<meta name=\"twitter:label1\" content=\"Escrito por\" \/>\n\t<meta name=\"twitter:data1\" content=\"Equipe G\u00e1vea News\" \/>\n\t<meta name=\"twitter:label2\" content=\"Est. tempo de leitura\" \/>\n\t<meta name=\"twitter:data2\" content=\"2 minutos\" \/>\n<script type=\"application\/ld+json\" class=\"yoast-schema-graph\">{\"@context\":\"https:\/\/schema.org\",\"@graph\":[{\"@type\":\"NewsArticle\",\"@id\":\"https:\/\/www.gaveanews.com\/index.php\/2022\/12\/23\/dupla-do-flamengo-se-beneficiara-com-a-chegada-de-vitor-pereira\/#article\",\"isPartOf\":{\"@id\":\"https:\/\/www.gaveanews.com\/index.php\/2022\/12\/23\/dupla-do-flamengo-se-beneficiara-com-a-chegada-de-vitor-pereira\/\"},\"author\":{\"name\":\"Equipe G\u00e1vea News\",\"@id\":\"https:\/\/www.gaveanews.com\/#\/schema\/person\/2ec14f73fb96be2caf28f91afb14749d\"},\"headline\":\"Dupla do Flamengo se beneficiar\u00e1 com a chegada de V\u00edtor Pereira\",\"datePublished\":\"2022-12-23T22:07:53+00:00\",\"dateModified\":\"2022-12-23T22:07:56+00:00\",\"mainEntityOfPage\":{\"@id\":\"https:\/\/www.gaveanews.com\/index.php\/2022\/12\/23\/dupla-do-flamengo-se-beneficiara-com-a-chegada-de-vitor-pereira\/\"},\"wordCount\":339,\"commentCount\":0,\"image\":{\"@id\":\"https:\/\/www.gaveanews.com\/index.php\/2022\/12\/23\/dupla-do-flamengo-se-beneficiara-com-a-chegada-de-vitor-pereira\/#primaryimage\"},\"thumbnailUrl\":\"https:\/\/www.gaveanews.com\/wp-content\/uploads\/Vitor-Pereira-durante-treino-aberto-na-Neo-Quimica-Arena.webp\",\"articleSection\":[\"Flamengo\"],\"inLanguage\":\"pt-BR\",\"potentialAction\":[{\"@type\":\"CommentAction\",\"name\":\"Comment\",\"target\":[\"https:\/\/www.gaveanews.com\/index.php\/2022\/12\/23\/dupla-do-flamengo-se-beneficiara-com-a-chegada-de-vitor-pereira\/#respond\"]}],\"copyrightYear\":\"2022\",\"copyrightHolder\":{\"@id\":\"https:\/\/www.gaveanews.com\/#organization\"}},{\"@type\":\"WebPage\",\"@id\":\"https:\/\/www.gaveanews.com\/index.php\/2022\/12\/23\/dupla-do-flamengo-se-beneficiara-com-a-chegada-de-vitor-pereira\/\",\"url\":\"https:\/\/www.gaveanews.com\/index.php\/2022\/12\/23\/dupla-do-flamengo-se-beneficiara-com-a-chegada-de-vitor-pereira\/\",\"name\":\"Dupla do Flamengo se beneficiar\u00e1 com a chegada de V\u00edtor Pereira\",\"isPartOf\":{\"@id\":\"https:\/\/www.gaveanews.com\/#website\"},\"primaryImageOfPage\":{\"@id\":\"https:\/\/www.gaveanews.com\/index.php\/2022\/12\/23\/dupla-do-flamengo-se-beneficiara-com-a-chegada-de-vitor-pereira\/#primaryimage\"},\"image\":{\"@id\":\"https:\/\/www.gaveanews.com\/index.php\/2022\/12\/23\/dupla-do-flamengo-se-beneficiara-com-a-chegada-de-vitor-pereira\/#primaryimage\"},\"thumbnailUrl\":\"https:\/\/www.gaveanews.com\/wp-content\/uploads\/Vitor-Pereira-durante-treino-aberto-na-Neo-Quimica-Arena.webp\",\"datePublished\":\"2022-12-23T22:07:53+00:00\",\"dateModified\":\"2022-12-23T22:07:56+00:00\",\"author\":{\"@id\":\"https:\/\/www.gaveanews.com\/#\/schema\/person\/2ec14f73fb96be2caf28f91afb14749d\"},\"breadcrumb\":{\"@id\":\"https:\/\/www.gaveanews.com\/index.php\/2022\/12\/23\/dupla-do-flamengo-se-beneficiara-com-a-chegada-de-vitor-pereira\/#breadcrumb\"},\"inLanguage\":\"pt-BR\",\"potentialAction\":[{\"@type\":\"ReadAction\",\"target\":[\"https:\/\/www.gaveanews.com\/index.php\/2022\/12\/23\/dupla-do-flamengo-se-beneficiara-com-a-chegada-de-vitor-pereira\/\"]}]},{\"@type\":\"ImageObject\",\"inLanguage\":\"pt-BR\",\"@id\":\"https:\/\/www.gaveanews.com\/index.php\/2022\/12\/23\/dupla-do-flamengo-se-beneficiara-com-a-chegada-de-vitor-pereira\/#primaryimage\",\"url\":\"https:\/\/www.gaveanews.com\/wp-content\/uploads\/Vitor-Pereira-durante-treino-aberto-na-Neo-Quimica-Arena.webp\",\"contentUrl\":\"https:\/\/www.gaveanews.com\/wp-content\/uploads\/Vitor-Pereira-durante-treino-aberto-na-Neo-Quimica-Arena.webp\",\"width\":941,\"height\":627,\"caption\":\"V\u00edtor Pereira durante treino aberto na Neo Qu\u00edmica Arena (Foto: Jos\u00e9 Manoel Idalgo\/Ag\u00eancia Corinthians)\"},{\"@type\":\"BreadcrumbList\",\"@id\":\"https:\/\/www.gaveanews.com\/index.php\/2022\/12\/23\/dupla-do-flamengo-se-beneficiara-com-a-chegada-de-vitor-pereira\/#breadcrumb\",\"itemListElement\":[{\"@type\":\"ListItem\",\"position\":1,\"name\":\"Home\",\"item\":\"https:\/\/www.gaveanews.com\/\"},{\"@type\":\"ListItem\",\"position\":2,\"name\":\"Dupla do Flamengo se beneficiar\u00e1 com a chegada de V\u00edtor Pereira\"}]},{\"@type\":\"WebSite\",\"@id\":\"https:\/\/www.gaveanews.com\/#website\",\"url\":\"https:\/\/www.gaveanews.com\/\",\"name\":\"G\u00e1vea News\",\"description\":\"Veja todas as not\u00edcias sobre o Flamengo: Contrata\u00e7\u00f5es, categorias de base, resultados das partidas, tabela de classifica\u00e7\u00e3o, pr\u00f3ximos jogos!\",\"potentialAction\":[{\"@type\":\"SearchAction\",\"target\":{\"@type\":\"EntryPoint\",\"urlTemplate\":\"https:\/\/www.gaveanews.com\/?s={search_term_string}\"},\"query-input\":{\"@type\":\"PropertyValueSpecification\",\"valueRequired\":true,\"valueName\":\"search_term_string\"}}],\"inLanguage\":\"pt-BR\"},{\"@type\":\"Person\",\"@id\":\"https:\/\/www.gaveanews.com\/#\/schema\/person\/2ec14f73fb96be2caf28f91afb14749d\",\"name\":\"Equipe G\u00e1vea News\",\"image\":{\"@type\":\"ImageObject\",\"inLanguage\":\"pt-BR\",\"@id\":\"https:\/\/www.gaveanews.com\/#\/schema\/person\/image\/\",\"url\":\"https:\/\/secure.gravatar.com\/avatar\/1e1956f1facbffd3f8fa53a326721950116b3b9dc9bd44939c01180fd4a745a9?s=96&d=mm&r=g\",\"contentUrl\":\"https:\/\/secure.gravatar.com\/avatar\/1e1956f1facbffd3f8fa53a326721950116b3b9dc9bd44939c01180fd4a745a9?s=96&d=mm&r=g\",\"caption\":\"Equipe G\u00e1vea News\"}}]}<\/script>\n<!-- \/ Yoast SEO Premium plugin. -->","yoast_head_json":{"title":"Dupla do Flamengo se beneficiar\u00e1 com a chegada de V\u00edtor Pereira","robots":{"index":"index","follow":"follow","max-snippet":"max-snippet:-1","max-image-preview":"max-image-preview:large","max-video-preview":"max-video-preview:-1"},"canonical":"https:\/\/www.gaveanews.com\/index.php\/2022\/12\/23\/dupla-do-flamengo-se-beneficiara-com-a-chegada-de-vitor-pereira\/","og_locale":"pt_BR","og_type":"article","og_title":"Dupla do Flamengo se beneficiar\u00e1 com a chegada de V\u00edtor Pereira","og_description":"O t\u00e9cnico V\u00edtor Pereira s\u00f3 inicia os trabalhos no Flamengo no dia 2 de janeiro, mas j\u00e1 tem jogador ansioso para buscar mais espa\u00e7o na equipe com a chegada de um novo comandante. Cotados, inclusive, para serem colocados no mercado da bola, Matheus Fran\u00e7a e Victor Hugo agora vislumbram maiores oportunidades com o portugu\u00eas em [&hellip;]","og_url":"https:\/\/www.gaveanews.com\/index.php\/2022\/12\/23\/dupla-do-flamengo-se-beneficiara-com-a-chegada-de-vitor-pereira\/","og_site_name":"G\u00e1vea News","article_publisher":"https:\/\/facebook.com\/gaveaNews\/","article_published_time":"2022-12-23T22:07:53+00:00","article_modified_time":"2022-12-23T22:07:56+00:00","og_image":[{"width":941,"height":627,"url":"https:\/\/www.gaveanews.com\/wp-content\/uploads\/Vitor-Pereira-durante-treino-aberto-na-Neo-Quimica-Arena.webp","type":"image\/webp"}],"author":"Equipe G\u00e1vea News","twitter_card":"summary_large_image","twitter_misc":{"Escrito por":"Equipe G\u00e1vea News","Est. tempo de leitura":"2 minutos"},"schema":{"@context":"https:\/\/schema.org","@graph":[{"@type":"NewsArticle","@id":"https:\/\/www.gaveanews.com\/index.php\/2022\/12\/23\/dupla-do-flamengo-se-beneficiara-com-a-chegada-de-vitor-pereira\/#article","isPartOf":{"@id":"https:\/\/www.gaveanews.com\/index.php\/2022\/12\/23\/dupla-do-flamengo-se-beneficiara-com-a-chegada-de-vitor-pereira\/"},"author":{"name":"Equipe G\u00e1vea News","@id":"https:\/\/www.gaveanews.com\/#\/schema\/person\/2ec14f73fb96be2caf28f91afb14749d"},"headline":"Dupla do Flamengo se beneficiar\u00e1 com a chegada de V\u00edtor Pereira","datePublished":"2022-12-23T22:07:53+00:00","dateModified":"2022-12-23T22:07:56+00:00","mainEntityOfPage":{"@id":"https:\/\/www.gaveanews.com\/index.php\/2022\/12\/23\/dupla-do-flamengo-se-beneficiara-com-a-chegada-de-vitor-pereira\/"},"wordCount":339,"commentCount":0,"image":{"@id":"https:\/\/www.gaveanews.com\/index.php\/2022\/12\/23\/dupla-do-flamengo-se-beneficiara-com-a-chegada-de-vitor-pereira\/#primaryimage"},"thumbnailUrl":"https:\/\/www.gaveanews.com\/wp-content\/uploads\/Vitor-Pereira-durante-treino-aberto-na-Neo-Quimica-Arena.webp","articleSection":["Flamengo"],"inLanguage":"pt-BR","potentialAction":[{"@type":"CommentAction","name":"Comment","target":["https:\/\/www.gaveanews.com\/index.php\/2022\/12\/23\/dupla-do-flamengo-se-beneficiara-com-a-chegada-de-vitor-pereira\/#respond"]}],"copyrightYear":"2022","copyrightHolder":{"@id":"https:\/\/www.gaveanews.com\/#organization"}},{"@type":"WebPage","@id":"https:\/\/www.gaveanews.com\/index.php\/2022\/12\/23\/dupla-do-flamengo-se-beneficiara-com-a-chegada-de-vitor-pereira\/","url":"https:\/\/www.gaveanews.com\/index.php\/2022\/12\/23\/dupla-do-flamengo-se-beneficiara-com-a-chegada-de-vitor-pereira\/","name":"Dupla do Flamengo se beneficiar\u00e1 com a chegada de V\u00edtor Pereira","isPartOf":{"@id":"https:\/\/www.gaveanews.com\/#website"},"primaryImageOfPage":{"@id":"https:\/\/www.gaveanews.com\/index.php\/2022\/12\/23\/dupla-do-flamengo-se-beneficiara-com-a-chegada-de-vitor-pereira\/#primaryimage"},"image":{"@id":"https:\/\/www.gaveanews.com\/index.php\/2022\/12\/23\/dupla-do-flamengo-se-beneficiara-com-a-chegada-de-vitor-pereira\/#primaryimage"},"thumbnailUrl":"https:\/\/www.gaveanews.com\/wp-content\/uploads\/Vitor-Pereira-durante-treino-aberto-na-Neo-Quimica-Arena.webp","datePublished":"2022-12-23T22:07:53+00:00","dateModified":"2022-12-23T22:07:56+00:00","author":{"@id":"https:\/\/www.gaveanews.com\/#\/schema\/person\/2ec14f73fb96be2caf28f91afb14749d"},"breadcrumb":{"@id":"https:\/\/www.gaveanews.com\/index.php\/2022\/12\/23\/dupla-do-flamengo-se-beneficiara-com-a-chegada-de-vitor-pereira\/#breadcrumb"},"inLanguage":"pt-BR","potentialAction":[{"@type":"ReadAction","target":["https:\/\/www.gaveanews.com\/index.php\/2022\/12\/23\/dupla-do-flamengo-se-beneficiara-com-a-chegada-de-vitor-pereira\/"]}]},{"@type":"ImageObject","inLanguage":"pt-BR","@id":"https:\/\/www.gaveanews.com\/index.php\/2022\/12\/23\/dupla-do-flamengo-se-beneficiara-com-a-chegada-de-vitor-pereira\/#primaryimage","url":"https:\/\/www.gaveanews.com\/wp-content\/uploads\/Vitor-Pereira-durante-treino-aberto-na-Neo-Quimica-Arena.webp","contentUrl":"https:\/\/www.gaveanews.com\/wp-content\/uploads\/Vitor-Pereira-durante-treino-aberto-na-Neo-Quimica-Arena.webp","width":941,"height":627,"caption":"V\u00edtor Pereira durante treino aberto na Neo Qu\u00edmica Arena (Foto: Jos\u00e9 Manoel Idalgo\/Ag\u00eancia Corinthians)"},{"@type":"BreadcrumbList","@id":"https:\/\/www.gaveanews.com\/index.php\/2022\/12\/23\/dupla-do-flamengo-se-beneficiara-com-a-chegada-de-vitor-pereira\/#breadcrumb","itemListElement":[{"@type":"ListItem","position":1,"name":"Home","item":"https:\/\/www.gaveanews.com\/"},{"@type":"ListItem","position":2,"name":"Dupla do Flamengo se beneficiar\u00e1 com a chegada de V\u00edtor Pereira"}]},{"@type":"WebSite","@id":"https:\/\/www.gaveanews.com\/#website","url":"https:\/\/www.gaveanews.com\/","name":"G\u00e1vea News","description":"Veja todas as not\u00edcias sobre o Flamengo: Contrata\u00e7\u00f5es, categorias de base, resultados das partidas, tabela de classifica\u00e7\u00e3o, pr\u00f3ximos jogos!","potentialAction":[{"@type":"SearchAction","target":{"@type":"EntryPoint","urlTemplate":"https:\/\/www.gaveanews.com\/?s={search_term_string}"},"query-input":{"@type":"PropertyValueSpecification","valueRequired":true,"valueName":"search_term_string"}}],"inLanguage":"pt-BR"},{"@type":"Person","@id":"https:\/\/www.gaveanews.com\/#\/schema\/person\/2ec14f73fb96be2caf28f91afb14749d","name":"Equipe G\u00e1vea News","image":{"@type":"ImageObject","inLanguage":"pt-BR","@id":"https:\/\/www.gaveanews.com\/#\/schema\/person\/image\/","url":"https:\/\/secure.gravatar.com\/avatar\/1e1956f1facbffd3f8fa53a326721950116b3b9dc9bd44939c01180fd4a745a9?s=96&d=mm&r=g","contentUrl":"https:\/\/secure.gravatar.com\/avatar\/1e1956f1facbffd3f8fa53a326721950116b3b9dc9bd44939c01180fd4a745a9?s=96&d=mm&r=g","caption":"Equipe G\u00e1vea News"}}]}},"_links":{"self":[{"href":"https:\/\/www.gaveanews.com\/index.php\/wp-json\/wp\/v2\/posts\/92454","targetHints":{"allow":["GET"]}}],"collection":[{"href":"https:\/\/www.gaveanews.com\/index.php\/wp-json\/wp\/v2\/posts"}],"about":[{"href":"https:\/\/www.gaveanews.com\/index.php\/wp-json\/wp\/v2\/types\/post"}],"author":[{"embeddable":true,"href":"https:\/\/www.gaveanews.com\/index.php\/wp-json\/wp\/v2\/users\/1"}],"replies":[{"embeddable":true,"href":"https:\/\/www.gaveanews.com\/index.php\/wp-json\/wp\/v2\/comments?post=92454"}],"version-history":[{"count":0,"href":"https:\/\/www.gaveanews.com\/index.php\/wp-json\/wp\/v2\/posts\/92454\/revisions"}],"wp:featuredmedia":[{"embeddable":true,"href":"https:\/\/www.gaveanews.com\/index.php\/wp-json\/wp\/v2\/media\/92069"}],"wp:attachment":[{"href":"https:\/\/www.gaveanews.com\/index.php\/wp-json\/wp\/v2\/media?parent=92454"}],"wp:term":[{"taxonomy":"category","embeddable":true,"href":"https:\/\/www.gaveanews.com\/index.php\/wp-json\/wp\/v2\/categories?post=92454"},{"taxonomy":"post_tag","embeddable":true,"href":"https:\/\/www.gaveanews.com\/index.php\/wp-json\/wp\/v2\/tags?post=92454"}],"curies":[{"name":"wp","href":"https:\/\/api.w.org\/{rel}","templated":true}]}}