{"id":92472,"date":"2022-12-25T13:07:42","date_gmt":"2022-12-25T16:07:42","guid":{"rendered":"https:\/\/www.gaveanews.com\/?p=92472"},"modified":"2022-12-25T13:07:45","modified_gmt":"2022-12-25T16:07:45","slug":"video-golaco-de-vinicius-junior-pelo-real-madrid-viraliza-e-atinge-2-milhoes-de-visualizacoes","status":"publish","type":"post","link":"https:\/\/www.gaveanews.com\/index.php\/2022\/12\/25\/video-golaco-de-vinicius-junior-pelo-real-madrid-viraliza-e-atinge-2-milhoes-de-visualizacoes\/","title":{"rendered":"V\u00eddeo: Gola\u00e7o de Vin\u00edcius J\u00fanior pelo Real Madrid viraliza e atinge 2 milh\u00f5es de visualiza\u00e7\u00f5es"},"content":{"rendered":"\n<p>Sem espa\u00e7o para nenhum tipo de d\u00favidas, Vin\u00edcius J\u00fanior \u00e9 um dos melhores jogadores do mundo. O atacante assumiu o protagonismo tanto no Real Madrid e assim como na Sele\u00e7\u00e3o do Brasil. N\u00e3o \u00e0 toa, ele \u00e9 frequentemente lembrado pela torcida do Flamengo nas redes sociais.<\/p>\n\n\n\n<p>E na v\u00e9spera do Natal n\u00e3o foi diferente. Isso porque, o perfil &#8216;Flamengo em V\u00eddeos&#8217; fez quest\u00e3o de enaltecer Vini e relembrar um de seus gola\u00e7os. Na ocasi\u00e3o, o Real Madrid mediu suas for\u00e7as com o Manchester City em partida v\u00e1lida pela semifinal da Liga dos Campe\u00f5es da UEFA.<\/p>\n\n\n\n<p>Sobre o gola\u00e7o, aos 9 minutos do segundo tempo, o cria do Ninho recebeu a bola antes do meio-campo. E sem nem encostar na nola, ele aplicou uma caneta no volante Fernandinho que foi parar fora das quatro linhas do gramado do Etihad Stadium. Na sequ\u00eancia, Vinicius engatou a quinta marcha e nenhum defensor foi capaz de par\u00e1-lo.<\/p>\n\n\n\n<p>Ou seja, o brasileiro conduziu a bola at\u00e9 a pequena \u00e1rea e balan\u00e7ou as redes do goleiro Ederson. A respeito do jogo em si, o City foi o vencedor do duelo pelo placar de 4&#215;3. De Bruyne, Gabriel Jesus, Phil Foden e Bernardo Silva marcaram pelo clube ingl\u00eas. J\u00e1 pelo lado espanhol, Benzema marcou 2 gols enquanto Vinicius J\u00fanior marcou o gola\u00e7o do v\u00eddeo abaixo.<\/p>\n\n\n\n<figure class=\"wp-block-embed is-type-rich is-provider-twitter wp-block-embed-twitter\"><div class=\"wp-block-embed__wrapper\">\n<blockquote class=\"twitter-tweet\" data-width=\"550\" data-dnt=\"true\"><p lang=\"pt\" dir=\"ltr\">Esse gol do Vini Jr est\u00e1 no top 3 de gols mais bonitos de 2022 <a href=\"https:\/\/t.co\/XU3EAfQw94\">pic.twitter.com\/XU3EAfQw94<\/a><\/p>&mdash; Fla em Videos (@FlaEmVideo) <a href=\"https:\/\/twitter.com\/FlaEmVideo\/status\/1606629463319609344?ref_src=twsrc%5Etfw\">December 24, 2022<\/a><\/blockquote><script async src=\"https:\/\/platform.twitter.com\/widgets.js\" charset=\"utf-8\"><\/script>\n<\/div><\/figure>\n\n\n\n<h2 class=\"wp-block-heading\" id=\"h-classificacao-e-titulo-do-real-madrid\">Classifica\u00e7\u00e3o e t\u00edtulo do Real Madrid<\/h2>\n\n\n\n<p>Se no Etihad Stadium o City ganhou a partida, o Real foi buscar a virada no Santiago Bernab\u00e9u. O jogo terminou 3&#215;1 e foi extremamente emocionante. Aos 28 minutos da segunda etapa Mahrez tirou o zero do placar. No agregado o resultado (at\u00e9 este momento) era de 5&#215;3. <\/p>\n\n\n\n<p>Por\u00e9m, em 2 minutos Rodrygo garantiu o empate. Aos 45 minutos, o ponta marcou o primeiro gol. E aos 46, ele empatou o duelo em 5&#215;5. J\u00e1 na prorroga\u00e7\u00e3o,  Benzema marcou de p\u00eanalti e garantiu a classifica\u00e7\u00e3o do Real para a final da Champions League. <\/p>\n\n\n\n<p>E na final\u00edssima, mais um advers\u00e1rio da Premier League. Desta vez, o Liverpool foi derrotado no tempo regulamentar. O \u00fanico gol do jogo foi marcado por Vinicius J\u00fanior. Ap\u00f3s uma troca de passes entre Modrid e Casemiro, Valverde arrancou pela beirada do campo e cruzou para Vini garantir mais um t\u00edtulo madridista.<\/p>\n\n\n\n<figure class=\"wp-block-embed is-type-video is-provider-youtube wp-block-embed-youtube wp-embed-aspect-16-9 wp-has-aspect-ratio\"><div class=\"wp-block-embed__wrapper\">\n<iframe loading=\"lazy\" title=\"REAL MADRID CAMPE\u00c3O! VINI JR FAZ O GOL DO T\u00cdTULO DA CHAMPIONS LEAGUE | LIVERPOOL 0X1 REAL MADRID\" width=\"640\" height=\"360\" src=\"https:\/\/www.youtube.com\/embed\/8l-SASZkqAg?feature=oembed\" frameborder=\"0\" allow=\"accelerometer; autoplay; clipboard-write; encrypted-media; gyroscope; picture-in-picture; web-share\" referrerpolicy=\"strict-origin-when-cross-origin\" allowfullscreen><\/iframe>\n<\/div><\/figure>\n","protected":false},"excerpt":{"rendered":"<p>Sem espa\u00e7o para nenhum tipo de d\u00favidas, Vin\u00edcius J\u00fanior \u00e9 um dos melhores jogadores do mundo. O atacante assumiu o protagonismo tanto no Real Madrid e assim como na Sele\u00e7\u00e3o do Brasil. N\u00e3o \u00e0 toa, ele \u00e9 frequentemente lembrado pela torcida do Flamengo nas redes sociais. E na v\u00e9spera do Natal n\u00e3o foi diferente. Isso [&hellip;]<\/p>\n","protected":false},"author":2,"featured_media":82385,"comment_status":"open","ping_status":"closed","sticky":false,"template":"","format":"standard","meta":{"footnotes":""},"categories":[40],"tags":[],"class_list":["post-92472","post","type-post","status-publish","format-standard","has-post-thumbnail","hentry","category-video"],"yoast_head":"<!-- This site is optimized with the Yoast SEO Premium plugin v24.2 (Yoast SEO v26.9) - https:\/\/yoast.com\/product\/yoast-seo-premium-wordpress\/ -->\n<title>V\u00eddeo: Gola\u00e7o de Vin\u00edcius J\u00fanior pelo Real Madrid viraliza e atinge 2 milh\u00f5es de visualiza\u00e7\u00f5es<\/title>\n<meta name=\"robots\" content=\"index, follow, max-snippet:-1, max-image-preview:large, max-video-preview:-1\" \/>\n<link rel=\"canonical\" href=\"https:\/\/www.gaveanews.com\/index.php\/2022\/12\/25\/video-golaco-de-vinicius-junior-pelo-real-madrid-viraliza-e-atinge-2-milhoes-de-visualizacoes\/\" \/>\n<meta property=\"og:locale\" content=\"pt_BR\" \/>\n<meta property=\"og:type\" content=\"article\" \/>\n<meta property=\"og:title\" content=\"V\u00eddeo: Gola\u00e7o de Vin\u00edcius J\u00fanior pelo Real Madrid viraliza e atinge 2 milh\u00f5es de visualiza\u00e7\u00f5es\" \/>\n<meta property=\"og:description\" content=\"Sem espa\u00e7o para nenhum tipo de d\u00favidas, Vin\u00edcius J\u00fanior \u00e9 um dos melhores jogadores do mundo. O atacante assumiu o protagonismo tanto no Real Madrid e assim como na Sele\u00e7\u00e3o do Brasil. N\u00e3o \u00e0 toa, ele \u00e9 frequentemente lembrado pela torcida do Flamengo nas redes sociais. E na v\u00e9spera do Natal n\u00e3o foi diferente. Isso [&hellip;]\" \/>\n<meta property=\"og:url\" content=\"https:\/\/www.gaveanews.com\/index.php\/2022\/12\/25\/video-golaco-de-vinicius-junior-pelo-real-madrid-viraliza-e-atinge-2-milhoes-de-visualizacoes\/\" \/>\n<meta property=\"og:site_name\" content=\"G\u00e1vea News\" \/>\n<meta property=\"article:publisher\" content=\"https:\/\/facebook.com\/gaveaNews\/\" \/>\n<meta property=\"article:published_time\" content=\"2022-12-25T16:07:42+00:00\" \/>\n<meta property=\"article:modified_time\" content=\"2022-12-25T16:07:45+00:00\" \/>\n<meta property=\"og:image\" content=\"https:\/\/www.gaveanews.com\/wp-content\/uploads\/Vinicius-Junior-marca-do-gol-do-titulo-do-Real-Madrid-na-Champions-League.webp\" \/>\n\t<meta property=\"og:image:width\" content=\"846\" \/>\n\t<meta property=\"og:image:height\" content=\"564\" \/>\n\t<meta property=\"og:image:type\" content=\"image\/webp\" \/>\n<meta name=\"author\" content=\"Hugo Nogueira\" \/>\n<meta name=\"twitter:card\" content=\"summary_large_image\" \/>\n<meta name=\"twitter:label1\" content=\"Escrito por\" \/>\n\t<meta name=\"twitter:data1\" content=\"Hugo Nogueira\" \/>\n\t<meta name=\"twitter:label2\" content=\"Est. tempo de leitura\" \/>\n\t<meta name=\"twitter:data2\" content=\"2 minutos\" \/>\n<script type=\"application\/ld+json\" class=\"yoast-schema-graph\">{\"@context\":\"https:\/\/schema.org\",\"@graph\":[{\"@type\":\"NewsArticle\",\"@id\":\"https:\/\/www.gaveanews.com\/index.php\/2022\/12\/25\/video-golaco-de-vinicius-junior-pelo-real-madrid-viraliza-e-atinge-2-milhoes-de-visualizacoes\/#article\",\"isPartOf\":{\"@id\":\"https:\/\/www.gaveanews.com\/index.php\/2022\/12\/25\/video-golaco-de-vinicius-junior-pelo-real-madrid-viraliza-e-atinge-2-milhoes-de-visualizacoes\/\"},\"author\":{\"name\":\"Hugo Nogueira\",\"@id\":\"https:\/\/www.gaveanews.com\/#\/schema\/person\/3a0372021fabaeec4e7e4242cfa27841\"},\"headline\":\"V\u00eddeo: Gola\u00e7o de Vin\u00edcius J\u00fanior pelo Real Madrid viraliza e atinge 2 milh\u00f5es de visualiza\u00e7\u00f5es\",\"datePublished\":\"2022-12-25T16:07:42+00:00\",\"dateModified\":\"2022-12-25T16:07:45+00:00\",\"mainEntityOfPage\":{\"@id\":\"https:\/\/www.gaveanews.com\/index.php\/2022\/12\/25\/video-golaco-de-vinicius-junior-pelo-real-madrid-viraliza-e-atinge-2-milhoes-de-visualizacoes\/\"},\"wordCount\":431,\"commentCount\":0,\"image\":{\"@id\":\"https:\/\/www.gaveanews.com\/index.php\/2022\/12\/25\/video-golaco-de-vinicius-junior-pelo-real-madrid-viraliza-e-atinge-2-milhoes-de-visualizacoes\/#primaryimage\"},\"thumbnailUrl\":\"https:\/\/www.gaveanews.com\/wp-content\/uploads\/Vinicius-Junior-marca-do-gol-do-titulo-do-Real-Madrid-na-Champions-League.webp\",\"articleSection\":[\"V\u00eddeos\"],\"inLanguage\":\"pt-BR\",\"potentialAction\":[{\"@type\":\"CommentAction\",\"name\":\"Comment\",\"target\":[\"https:\/\/www.gaveanews.com\/index.php\/2022\/12\/25\/video-golaco-de-vinicius-junior-pelo-real-madrid-viraliza-e-atinge-2-milhoes-de-visualizacoes\/#respond\"]}],\"copyrightYear\":\"2022\",\"copyrightHolder\":{\"@id\":\"https:\/\/www.gaveanews.com\/#organization\"}},{\"@type\":\"WebPage\",\"@id\":\"https:\/\/www.gaveanews.com\/index.php\/2022\/12\/25\/video-golaco-de-vinicius-junior-pelo-real-madrid-viraliza-e-atinge-2-milhoes-de-visualizacoes\/\",\"url\":\"https:\/\/www.gaveanews.com\/index.php\/2022\/12\/25\/video-golaco-de-vinicius-junior-pelo-real-madrid-viraliza-e-atinge-2-milhoes-de-visualizacoes\/\",\"name\":\"V\u00eddeo: Gola\u00e7o de Vin\u00edcius J\u00fanior pelo Real Madrid viraliza e atinge 2 milh\u00f5es de visualiza\u00e7\u00f5es\",\"isPartOf\":{\"@id\":\"https:\/\/www.gaveanews.com\/#website\"},\"primaryImageOfPage\":{\"@id\":\"https:\/\/www.gaveanews.com\/index.php\/2022\/12\/25\/video-golaco-de-vinicius-junior-pelo-real-madrid-viraliza-e-atinge-2-milhoes-de-visualizacoes\/#primaryimage\"},\"image\":{\"@id\":\"https:\/\/www.gaveanews.com\/index.php\/2022\/12\/25\/video-golaco-de-vinicius-junior-pelo-real-madrid-viraliza-e-atinge-2-milhoes-de-visualizacoes\/#primaryimage\"},\"thumbnailUrl\":\"https:\/\/www.gaveanews.com\/wp-content\/uploads\/Vinicius-Junior-marca-do-gol-do-titulo-do-Real-Madrid-na-Champions-League.webp\",\"datePublished\":\"2022-12-25T16:07:42+00:00\",\"dateModified\":\"2022-12-25T16:07:45+00:00\",\"author\":{\"@id\":\"https:\/\/www.gaveanews.com\/#\/schema\/person\/3a0372021fabaeec4e7e4242cfa27841\"},\"breadcrumb\":{\"@id\":\"https:\/\/www.gaveanews.com\/index.php\/2022\/12\/25\/video-golaco-de-vinicius-junior-pelo-real-madrid-viraliza-e-atinge-2-milhoes-de-visualizacoes\/#breadcrumb\"},\"inLanguage\":\"pt-BR\",\"potentialAction\":[{\"@type\":\"ReadAction\",\"target\":[\"https:\/\/www.gaveanews.com\/index.php\/2022\/12\/25\/video-golaco-de-vinicius-junior-pelo-real-madrid-viraliza-e-atinge-2-milhoes-de-visualizacoes\/\"]}]},{\"@type\":\"ImageObject\",\"inLanguage\":\"pt-BR\",\"@id\":\"https:\/\/www.gaveanews.com\/index.php\/2022\/12\/25\/video-golaco-de-vinicius-junior-pelo-real-madrid-viraliza-e-atinge-2-milhoes-de-visualizacoes\/#primaryimage\",\"url\":\"https:\/\/www.gaveanews.com\/wp-content\/uploads\/Vinicius-Junior-marca-do-gol-do-titulo-do-Real-Madrid-na-Champions-League.webp\",\"contentUrl\":\"https:\/\/www.gaveanews.com\/wp-content\/uploads\/Vinicius-Junior-marca-do-gol-do-titulo-do-Real-Madrid-na-Champions-League.webp\",\"width\":846,\"height\":564,\"caption\":\"Vinicius Junior marca do gol do t\u00edtulo do Real Madrid na Champions League (Foto: Franck Fife\/AFP)\"},{\"@type\":\"BreadcrumbList\",\"@id\":\"https:\/\/www.gaveanews.com\/index.php\/2022\/12\/25\/video-golaco-de-vinicius-junior-pelo-real-madrid-viraliza-e-atinge-2-milhoes-de-visualizacoes\/#breadcrumb\",\"itemListElement\":[{\"@type\":\"ListItem\",\"position\":1,\"name\":\"Home\",\"item\":\"https:\/\/www.gaveanews.com\/\"},{\"@type\":\"ListItem\",\"position\":2,\"name\":\"V\u00eddeo: Gola\u00e7o de Vin\u00edcius J\u00fanior pelo Real Madrid viraliza e atinge 2 milh\u00f5es de visualiza\u00e7\u00f5es\"}]},{\"@type\":\"WebSite\",\"@id\":\"https:\/\/www.gaveanews.com\/#website\",\"url\":\"https:\/\/www.gaveanews.com\/\",\"name\":\"G\u00e1vea News\",\"description\":\"Veja todas as not\u00edcias sobre o Flamengo: Contrata\u00e7\u00f5es, categorias de base, resultados das partidas, tabela de classifica\u00e7\u00e3o, pr\u00f3ximos jogos!\",\"potentialAction\":[{\"@type\":\"SearchAction\",\"target\":{\"@type\":\"EntryPoint\",\"urlTemplate\":\"https:\/\/www.gaveanews.com\/?s={search_term_string}\"},\"query-input\":{\"@type\":\"PropertyValueSpecification\",\"valueRequired\":true,\"valueName\":\"search_term_string\"}}],\"inLanguage\":\"pt-BR\"},{\"@type\":\"Person\",\"@id\":\"https:\/\/www.gaveanews.com\/#\/schema\/person\/3a0372021fabaeec4e7e4242cfa27841\",\"name\":\"Hugo Nogueira\",\"image\":{\"@type\":\"ImageObject\",\"inLanguage\":\"pt-BR\",\"@id\":\"https:\/\/www.gaveanews.com\/#\/schema\/person\/image\/\",\"url\":\"https:\/\/secure.gravatar.com\/avatar\/0cdd89f3b47bb55926c08eee2db992845cfdd53f84c9fdd47a49d89b3cd40c0a?s=96&d=mm&r=g\",\"contentUrl\":\"https:\/\/secure.gravatar.com\/avatar\/0cdd89f3b47bb55926c08eee2db992845cfdd53f84c9fdd47a49d89b3cd40c0a?s=96&d=mm&r=g\",\"caption\":\"Hugo Nogueira\"}}]}<\/script>\n<!-- \/ Yoast SEO Premium plugin. -->","yoast_head_json":{"title":"V\u00eddeo: Gola\u00e7o de Vin\u00edcius J\u00fanior pelo Real Madrid viraliza e atinge 2 milh\u00f5es de visualiza\u00e7\u00f5es","robots":{"index":"index","follow":"follow","max-snippet":"max-snippet:-1","max-image-preview":"max-image-preview:large","max-video-preview":"max-video-preview:-1"},"canonical":"https:\/\/www.gaveanews.com\/index.php\/2022\/12\/25\/video-golaco-de-vinicius-junior-pelo-real-madrid-viraliza-e-atinge-2-milhoes-de-visualizacoes\/","og_locale":"pt_BR","og_type":"article","og_title":"V\u00eddeo: Gola\u00e7o de Vin\u00edcius J\u00fanior pelo Real Madrid viraliza e atinge 2 milh\u00f5es de visualiza\u00e7\u00f5es","og_description":"Sem espa\u00e7o para nenhum tipo de d\u00favidas, Vin\u00edcius J\u00fanior \u00e9 um dos melhores jogadores do mundo. O atacante assumiu o protagonismo tanto no Real Madrid e assim como na Sele\u00e7\u00e3o do Brasil. N\u00e3o \u00e0 toa, ele \u00e9 frequentemente lembrado pela torcida do Flamengo nas redes sociais. E na v\u00e9spera do Natal n\u00e3o foi diferente. Isso [&hellip;]","og_url":"https:\/\/www.gaveanews.com\/index.php\/2022\/12\/25\/video-golaco-de-vinicius-junior-pelo-real-madrid-viraliza-e-atinge-2-milhoes-de-visualizacoes\/","og_site_name":"G\u00e1vea News","article_publisher":"https:\/\/facebook.com\/gaveaNews\/","article_published_time":"2022-12-25T16:07:42+00:00","article_modified_time":"2022-12-25T16:07:45+00:00","og_image":[{"width":846,"height":564,"url":"https:\/\/www.gaveanews.com\/wp-content\/uploads\/Vinicius-Junior-marca-do-gol-do-titulo-do-Real-Madrid-na-Champions-League.webp","type":"image\/webp"}],"author":"Hugo Nogueira","twitter_card":"summary_large_image","twitter_misc":{"Escrito por":"Hugo Nogueira","Est. tempo de leitura":"2 minutos"},"schema":{"@context":"https:\/\/schema.org","@graph":[{"@type":"NewsArticle","@id":"https:\/\/www.gaveanews.com\/index.php\/2022\/12\/25\/video-golaco-de-vinicius-junior-pelo-real-madrid-viraliza-e-atinge-2-milhoes-de-visualizacoes\/#article","isPartOf":{"@id":"https:\/\/www.gaveanews.com\/index.php\/2022\/12\/25\/video-golaco-de-vinicius-junior-pelo-real-madrid-viraliza-e-atinge-2-milhoes-de-visualizacoes\/"},"author":{"name":"Hugo Nogueira","@id":"https:\/\/www.gaveanews.com\/#\/schema\/person\/3a0372021fabaeec4e7e4242cfa27841"},"headline":"V\u00eddeo: Gola\u00e7o de Vin\u00edcius J\u00fanior pelo Real Madrid viraliza e atinge 2 milh\u00f5es de visualiza\u00e7\u00f5es","datePublished":"2022-12-25T16:07:42+00:00","dateModified":"2022-12-25T16:07:45+00:00","mainEntityOfPage":{"@id":"https:\/\/www.gaveanews.com\/index.php\/2022\/12\/25\/video-golaco-de-vinicius-junior-pelo-real-madrid-viraliza-e-atinge-2-milhoes-de-visualizacoes\/"},"wordCount":431,"commentCount":0,"image":{"@id":"https:\/\/www.gaveanews.com\/index.php\/2022\/12\/25\/video-golaco-de-vinicius-junior-pelo-real-madrid-viraliza-e-atinge-2-milhoes-de-visualizacoes\/#primaryimage"},"thumbnailUrl":"https:\/\/www.gaveanews.com\/wp-content\/uploads\/Vinicius-Junior-marca-do-gol-do-titulo-do-Real-Madrid-na-Champions-League.webp","articleSection":["V\u00eddeos"],"inLanguage":"pt-BR","potentialAction":[{"@type":"CommentAction","name":"Comment","target":["https:\/\/www.gaveanews.com\/index.php\/2022\/12\/25\/video-golaco-de-vinicius-junior-pelo-real-madrid-viraliza-e-atinge-2-milhoes-de-visualizacoes\/#respond"]}],"copyrightYear":"2022","copyrightHolder":{"@id":"https:\/\/www.gaveanews.com\/#organization"}},{"@type":"WebPage","@id":"https:\/\/www.gaveanews.com\/index.php\/2022\/12\/25\/video-golaco-de-vinicius-junior-pelo-real-madrid-viraliza-e-atinge-2-milhoes-de-visualizacoes\/","url":"https:\/\/www.gaveanews.com\/index.php\/2022\/12\/25\/video-golaco-de-vinicius-junior-pelo-real-madrid-viraliza-e-atinge-2-milhoes-de-visualizacoes\/","name":"V\u00eddeo: Gola\u00e7o de Vin\u00edcius J\u00fanior pelo Real Madrid viraliza e atinge 2 milh\u00f5es de visualiza\u00e7\u00f5es","isPartOf":{"@id":"https:\/\/www.gaveanews.com\/#website"},"primaryImageOfPage":{"@id":"https:\/\/www.gaveanews.com\/index.php\/2022\/12\/25\/video-golaco-de-vinicius-junior-pelo-real-madrid-viraliza-e-atinge-2-milhoes-de-visualizacoes\/#primaryimage"},"image":{"@id":"https:\/\/www.gaveanews.com\/index.php\/2022\/12\/25\/video-golaco-de-vinicius-junior-pelo-real-madrid-viraliza-e-atinge-2-milhoes-de-visualizacoes\/#primaryimage"},"thumbnailUrl":"https:\/\/www.gaveanews.com\/wp-content\/uploads\/Vinicius-Junior-marca-do-gol-do-titulo-do-Real-Madrid-na-Champions-League.webp","datePublished":"2022-12-25T16:07:42+00:00","dateModified":"2022-12-25T16:07:45+00:00","author":{"@id":"https:\/\/www.gaveanews.com\/#\/schema\/person\/3a0372021fabaeec4e7e4242cfa27841"},"breadcrumb":{"@id":"https:\/\/www.gaveanews.com\/index.php\/2022\/12\/25\/video-golaco-de-vinicius-junior-pelo-real-madrid-viraliza-e-atinge-2-milhoes-de-visualizacoes\/#breadcrumb"},"inLanguage":"pt-BR","potentialAction":[{"@type":"ReadAction","target":["https:\/\/www.gaveanews.com\/index.php\/2022\/12\/25\/video-golaco-de-vinicius-junior-pelo-real-madrid-viraliza-e-atinge-2-milhoes-de-visualizacoes\/"]}]},{"@type":"ImageObject","inLanguage":"pt-BR","@id":"https:\/\/www.gaveanews.com\/index.php\/2022\/12\/25\/video-golaco-de-vinicius-junior-pelo-real-madrid-viraliza-e-atinge-2-milhoes-de-visualizacoes\/#primaryimage","url":"https:\/\/www.gaveanews.com\/wp-content\/uploads\/Vinicius-Junior-marca-do-gol-do-titulo-do-Real-Madrid-na-Champions-League.webp","contentUrl":"https:\/\/www.gaveanews.com\/wp-content\/uploads\/Vinicius-Junior-marca-do-gol-do-titulo-do-Real-Madrid-na-Champions-League.webp","width":846,"height":564,"caption":"Vinicius Junior marca do gol do t\u00edtulo do Real Madrid na Champions League (Foto: Franck Fife\/AFP)"},{"@type":"BreadcrumbList","@id":"https:\/\/www.gaveanews.com\/index.php\/2022\/12\/25\/video-golaco-de-vinicius-junior-pelo-real-madrid-viraliza-e-atinge-2-milhoes-de-visualizacoes\/#breadcrumb","itemListElement":[{"@type":"ListItem","position":1,"name":"Home","item":"https:\/\/www.gaveanews.com\/"},{"@type":"ListItem","position":2,"name":"V\u00eddeo: Gola\u00e7o de Vin\u00edcius J\u00fanior pelo Real Madrid viraliza e atinge 2 milh\u00f5es de visualiza\u00e7\u00f5es"}]},{"@type":"WebSite","@id":"https:\/\/www.gaveanews.com\/#website","url":"https:\/\/www.gaveanews.com\/","name":"G\u00e1vea News","description":"Veja todas as not\u00edcias sobre o Flamengo: Contrata\u00e7\u00f5es, categorias de base, resultados das partidas, tabela de classifica\u00e7\u00e3o, pr\u00f3ximos jogos!","potentialAction":[{"@type":"SearchAction","target":{"@type":"EntryPoint","urlTemplate":"https:\/\/www.gaveanews.com\/?s={search_term_string}"},"query-input":{"@type":"PropertyValueSpecification","valueRequired":true,"valueName":"search_term_string"}}],"inLanguage":"pt-BR"},{"@type":"Person","@id":"https:\/\/www.gaveanews.com\/#\/schema\/person\/3a0372021fabaeec4e7e4242cfa27841","name":"Hugo Nogueira","image":{"@type":"ImageObject","inLanguage":"pt-BR","@id":"https:\/\/www.gaveanews.com\/#\/schema\/person\/image\/","url":"https:\/\/secure.gravatar.com\/avatar\/0cdd89f3b47bb55926c08eee2db992845cfdd53f84c9fdd47a49d89b3cd40c0a?s=96&d=mm&r=g","contentUrl":"https:\/\/secure.gravatar.com\/avatar\/0cdd89f3b47bb55926c08eee2db992845cfdd53f84c9fdd47a49d89b3cd40c0a?s=96&d=mm&r=g","caption":"Hugo Nogueira"}}]}},"_links":{"self":[{"href":"https:\/\/www.gaveanews.com\/index.php\/wp-json\/wp\/v2\/posts\/92472","targetHints":{"allow":["GET"]}}],"collection":[{"href":"https:\/\/www.gaveanews.com\/index.php\/wp-json\/wp\/v2\/posts"}],"about":[{"href":"https:\/\/www.gaveanews.com\/index.php\/wp-json\/wp\/v2\/types\/post"}],"author":[{"embeddable":true,"href":"https:\/\/www.gaveanews.com\/index.php\/wp-json\/wp\/v2\/users\/2"}],"replies":[{"embeddable":true,"href":"https:\/\/www.gaveanews.com\/index.php\/wp-json\/wp\/v2\/comments?post=92472"}],"version-history":[{"count":0,"href":"https:\/\/www.gaveanews.com\/index.php\/wp-json\/wp\/v2\/posts\/92472\/revisions"}],"wp:featuredmedia":[{"embeddable":true,"href":"https:\/\/www.gaveanews.com\/index.php\/wp-json\/wp\/v2\/media\/82385"}],"wp:attachment":[{"href":"https:\/\/www.gaveanews.com\/index.php\/wp-json\/wp\/v2\/media?parent=92472"}],"wp:term":[{"taxonomy":"category","embeddable":true,"href":"https:\/\/www.gaveanews.com\/index.php\/wp-json\/wp\/v2\/categories?post=92472"},{"taxonomy":"post_tag","embeddable":true,"href":"https:\/\/www.gaveanews.com\/index.php\/wp-json\/wp\/v2\/tags?post=92472"}],"curies":[{"name":"wp","href":"https:\/\/api.w.org\/{rel}","templated":true}]}}