{"id":92484,"date":"2022-12-26T09:38:59","date_gmt":"2022-12-26T12:38:59","guid":{"rendered":"https:\/\/www.gaveanews.com\/?p=92484"},"modified":"2022-12-26T09:39:02","modified_gmt":"2022-12-26T12:39:02","slug":"jogadores-do-flamengo-voltam-a-trabalhar","status":"publish","type":"post","link":"https:\/\/www.gaveanews.com\/index.php\/2022\/12\/26\/jogadores-do-flamengo-voltam-a-trabalhar\/","title":{"rendered":"Jogadores do Flamengo voltam a trabalhar"},"content":{"rendered":"\n<p>O Flamengo d\u00e1 o pontap\u00e9 inicial para a temporada 2023 nesta segunda-feira ainda sem seu treinador principal, mas j\u00e1 com a programa\u00e7\u00e3o feita para ganhar tempo de olho no primeiro semestre cheio que ter\u00e1 pela frente. A primeira semana de atividades no Ninho do Urubu prev\u00ea exames, avalia\u00e7\u00f5es e testes f\u00edsicos, com folga no fim de semana para as festividades de R\u00e9veillon.<\/p>\n\n\n\n<p>O chefe do departamento m\u00e9dico, M\u00e1rcio Tannure, e o preparador f\u00edsico M\u00e1rio Monteiro, que volta ao clube ap\u00f3s quase tr\u00eas anos, s\u00e3o os respons\u00e1veis pelos trabalhos com o grupo que ainda n\u00e3o ter\u00e1 os selecion\u00e1veis Pedro, Everton Ribeiro, Arrascaeta e Varela. O quarteto, que disputou a Copa do Mundo no Catar, se apresenta a partir do dia 2, j\u00e1 com a presen\u00e7a de Vitor Pereira.<\/p>\n\n\n\n<p>O novo treinador do Flamengo est\u00e1 fora da primeira semana de atividades para evitar conflitos jur\u00eddicos por ainda ter contrato em vigor com o Corinthians. Os trabalhos de campo, por sua vez, j\u00e1 ter\u00e3o a supervis\u00e3o de Rui Quinta, ex-auxiliar de Vitor nos tempos de Porto e que o reencontrar\u00e1 ap\u00f3s um per\u00edodo afastado. Como n\u00e3o passou pelo clube paulista, est\u00e1 livre para iniciar a passagem pelo Rubro-Negro sem empecilhos.<\/p>\n\n\n\n<p>A programa\u00e7\u00e3o para a primeira semana prev\u00ea a realiza\u00e7\u00e3o de exames m\u00e9dicos e testes f\u00edsicos na segunda e na ter\u00e7a-feira com o grupo dividido em dois. Enquanto um fica a cargo das avalia\u00e7\u00f5es, o outro inicia atividades de academia em turnos alternados.<\/p>\n\n\n\n<p>A partir da quarta-feira, a tend\u00eancia \u00e9 de que todos j\u00e1 estejam no campo para o in\u00edcio dos treinamentos f\u00edsicos de pr\u00e9-temporada. Como acontecia nos tempos de Jorge Jesus, trabalhos com bola fazem parte da metodologia de M\u00e1rio Monteiro, mas, obviamente, com foco no recondicionamento f\u00edsico.<\/p>\n\n\n\n<ul class=\"wp-block-list\">\n<li><strong>Goleiros &#8211;<\/strong>&nbsp;Santos, Matheus Cunha e Hugo<\/li>\n\n\n\n<li><strong>Laterais &#8211;<\/strong>&nbsp;Matheuzinho, Filipe Lu\u00eds e Ayrton Lucas<\/li>\n\n\n\n<li><strong>Zagueiros &#8211;<\/strong>&nbsp;David Luiz, L\u00e9o Pereira, Fabr\u00edcio Bruno, Rodrigo Caio, Pablo e Cleiton<\/li>\n\n\n\n<li><strong>Volantes &#8211;<\/strong>&nbsp;Thiago Maia, Jo\u00e3o Gomes, Pulgar e Vidal<\/li>\n\n\n\n<li><strong>Meias &#8211;<\/strong>&nbsp;Victor Hugo e Matheus Fran\u00e7a<\/li>\n\n\n\n<li><strong>Atacantes &#8211;<\/strong>&nbsp;Gabriel, Bruno Henrique, Cebolinha e Marinho<br><em>* Grupo contar\u00e1 ainda com jogadores que voltam de empr\u00e9stimo e jovens da base<\/em><\/li>\n<\/ul>\n\n\n\n<p>Ainda sem refor\u00e7os, o elenco do Flamengo se reapresenta com tr\u00eas baixas em rela\u00e7\u00e3o ao grupo que encerrou a temporada 2022: Diego Alves, Rodinei e Diego n\u00e3o tiveram os contratos renovados e deixaram o clube. Sem contar jovens da base, jogadores que retornam de empr\u00e9stimo e os selecion\u00e1veis, 22 jogadores voltam \u00e0s atividades com apenas um lesionado: Bruno Henrique, que se recupera de cirurgia no joelho.<\/p>\n\n\n\n<p>Retirado de: Globo Esporte<\/p>\n","protected":false},"excerpt":{"rendered":"<p>O Flamengo d\u00e1 o pontap\u00e9 inicial para a temporada 2023 nesta segunda-feira ainda sem seu treinador principal, mas j\u00e1 com a programa\u00e7\u00e3o feita para ganhar tempo de olho no primeiro semestre cheio que ter\u00e1 pela frente. A primeira semana de atividades no Ninho do Urubu prev\u00ea exames, avalia\u00e7\u00f5es e testes f\u00edsicos, com folga no fim [&hellip;]<\/p>\n","protected":false},"author":1,"featured_media":88841,"comment_status":"open","ping_status":"closed","sticky":false,"template":"","format":"standard","meta":{"footnotes":""},"categories":[1],"tags":[],"class_list":["post-92484","post","type-post","status-publish","format-standard","has-post-thumbnail","hentry","category-flamengo"],"yoast_head":"<!-- This site is optimized with the Yoast SEO Premium plugin v24.2 (Yoast SEO v26.9) - https:\/\/yoast.com\/product\/yoast-seo-premium-wordpress\/ -->\n<title>Jogadores do Flamengo voltam a trabalhar<\/title>\n<meta name=\"robots\" content=\"index, follow, max-snippet:-1, max-image-preview:large, max-video-preview:-1\" \/>\n<link rel=\"canonical\" href=\"https:\/\/www.gaveanews.com\/index.php\/2022\/12\/26\/jogadores-do-flamengo-voltam-a-trabalhar\/\" \/>\n<meta property=\"og:locale\" content=\"pt_BR\" \/>\n<meta property=\"og:type\" content=\"article\" \/>\n<meta property=\"og:title\" content=\"Jogadores do Flamengo voltam a trabalhar\" \/>\n<meta property=\"og:description\" content=\"O Flamengo d\u00e1 o pontap\u00e9 inicial para a temporada 2023 nesta segunda-feira ainda sem seu treinador principal, mas j\u00e1 com a programa\u00e7\u00e3o feita para ganhar tempo de olho no primeiro semestre cheio que ter\u00e1 pela frente. A primeira semana de atividades no Ninho do Urubu prev\u00ea exames, avalia\u00e7\u00f5es e testes f\u00edsicos, com folga no fim [&hellip;]\" \/>\n<meta property=\"og:url\" content=\"https:\/\/www.gaveanews.com\/index.php\/2022\/12\/26\/jogadores-do-flamengo-voltam-a-trabalhar\/\" \/>\n<meta property=\"og:site_name\" content=\"G\u00e1vea News\" \/>\n<meta property=\"article:publisher\" content=\"https:\/\/facebook.com\/gaveaNews\/\" \/>\n<meta property=\"article:published_time\" content=\"2022-12-26T12:38:59+00:00\" \/>\n<meta property=\"article:modified_time\" content=\"2022-12-26T12:39:02+00:00\" \/>\n<meta property=\"og:image\" content=\"https:\/\/www.gaveanews.com\/wp-content\/uploads\/treino-do-Flamengo-no-Ninho-do-Urubu.webp\" \/>\n\t<meta property=\"og:image:width\" content=\"799\" \/>\n\t<meta property=\"og:image:height\" content=\"533\" \/>\n\t<meta property=\"og:image:type\" content=\"image\/jpeg\" \/>\n<meta name=\"author\" content=\"Equipe G\u00e1vea News\" \/>\n<meta name=\"twitter:card\" content=\"summary_large_image\" \/>\n<meta name=\"twitter:label1\" content=\"Escrito por\" \/>\n\t<meta name=\"twitter:data1\" content=\"Equipe G\u00e1vea News\" \/>\n\t<meta name=\"twitter:label2\" content=\"Est. tempo de leitura\" \/>\n\t<meta name=\"twitter:data2\" content=\"3 minutos\" \/>\n<script type=\"application\/ld+json\" class=\"yoast-schema-graph\">{\"@context\":\"https:\/\/schema.org\",\"@graph\":[{\"@type\":\"NewsArticle\",\"@id\":\"https:\/\/www.gaveanews.com\/index.php\/2022\/12\/26\/jogadores-do-flamengo-voltam-a-trabalhar\/#article\",\"isPartOf\":{\"@id\":\"https:\/\/www.gaveanews.com\/index.php\/2022\/12\/26\/jogadores-do-flamengo-voltam-a-trabalhar\/\"},\"author\":{\"name\":\"Equipe G\u00e1vea News\",\"@id\":\"https:\/\/www.gaveanews.com\/#\/schema\/person\/2ec14f73fb96be2caf28f91afb14749d\"},\"headline\":\"Jogadores do Flamengo voltam a trabalhar\",\"datePublished\":\"2022-12-26T12:38:59+00:00\",\"dateModified\":\"2022-12-26T12:39:02+00:00\",\"mainEntityOfPage\":{\"@id\":\"https:\/\/www.gaveanews.com\/index.php\/2022\/12\/26\/jogadores-do-flamengo-voltam-a-trabalhar\/\"},\"wordCount\":472,\"commentCount\":0,\"image\":{\"@id\":\"https:\/\/www.gaveanews.com\/index.php\/2022\/12\/26\/jogadores-do-flamengo-voltam-a-trabalhar\/#primaryimage\"},\"thumbnailUrl\":\"https:\/\/www.gaveanews.com\/wp-content\/uploads\/treino-do-Flamengo-no-Ninho-do-Urubu.webp\",\"articleSection\":[\"Flamengo\"],\"inLanguage\":\"pt-BR\",\"potentialAction\":[{\"@type\":\"CommentAction\",\"name\":\"Comment\",\"target\":[\"https:\/\/www.gaveanews.com\/index.php\/2022\/12\/26\/jogadores-do-flamengo-voltam-a-trabalhar\/#respond\"]}],\"copyrightYear\":\"2022\",\"copyrightHolder\":{\"@id\":\"https:\/\/www.gaveanews.com\/#organization\"}},{\"@type\":\"WebPage\",\"@id\":\"https:\/\/www.gaveanews.com\/index.php\/2022\/12\/26\/jogadores-do-flamengo-voltam-a-trabalhar\/\",\"url\":\"https:\/\/www.gaveanews.com\/index.php\/2022\/12\/26\/jogadores-do-flamengo-voltam-a-trabalhar\/\",\"name\":\"Jogadores do Flamengo voltam a trabalhar\",\"isPartOf\":{\"@id\":\"https:\/\/www.gaveanews.com\/#website\"},\"primaryImageOfPage\":{\"@id\":\"https:\/\/www.gaveanews.com\/index.php\/2022\/12\/26\/jogadores-do-flamengo-voltam-a-trabalhar\/#primaryimage\"},\"image\":{\"@id\":\"https:\/\/www.gaveanews.com\/index.php\/2022\/12\/26\/jogadores-do-flamengo-voltam-a-trabalhar\/#primaryimage\"},\"thumbnailUrl\":\"https:\/\/www.gaveanews.com\/wp-content\/uploads\/treino-do-Flamengo-no-Ninho-do-Urubu.webp\",\"datePublished\":\"2022-12-26T12:38:59+00:00\",\"dateModified\":\"2022-12-26T12:39:02+00:00\",\"author\":{\"@id\":\"https:\/\/www.gaveanews.com\/#\/schema\/person\/2ec14f73fb96be2caf28f91afb14749d\"},\"breadcrumb\":{\"@id\":\"https:\/\/www.gaveanews.com\/index.php\/2022\/12\/26\/jogadores-do-flamengo-voltam-a-trabalhar\/#breadcrumb\"},\"inLanguage\":\"pt-BR\",\"potentialAction\":[{\"@type\":\"ReadAction\",\"target\":[\"https:\/\/www.gaveanews.com\/index.php\/2022\/12\/26\/jogadores-do-flamengo-voltam-a-trabalhar\/\"]}]},{\"@type\":\"ImageObject\",\"inLanguage\":\"pt-BR\",\"@id\":\"https:\/\/www.gaveanews.com\/index.php\/2022\/12\/26\/jogadores-do-flamengo-voltam-a-trabalhar\/#primaryimage\",\"url\":\"https:\/\/www.gaveanews.com\/wp-content\/uploads\/treino-do-Flamengo-no-Ninho-do-Urubu.webp\",\"contentUrl\":\"https:\/\/www.gaveanews.com\/wp-content\/uploads\/treino-do-Flamengo-no-Ninho-do-Urubu.webp\",\"width\":799,\"height\":533,\"caption\":\"Elenco do Flamengo em treinamento no Ninho do Urubu (Foto: Gilvan de Souza\/Flamengo)\"},{\"@type\":\"BreadcrumbList\",\"@id\":\"https:\/\/www.gaveanews.com\/index.php\/2022\/12\/26\/jogadores-do-flamengo-voltam-a-trabalhar\/#breadcrumb\",\"itemListElement\":[{\"@type\":\"ListItem\",\"position\":1,\"name\":\"Home\",\"item\":\"https:\/\/www.gaveanews.com\/\"},{\"@type\":\"ListItem\",\"position\":2,\"name\":\"Jogadores do Flamengo voltam a trabalhar\"}]},{\"@type\":\"WebSite\",\"@id\":\"https:\/\/www.gaveanews.com\/#website\",\"url\":\"https:\/\/www.gaveanews.com\/\",\"name\":\"G\u00e1vea News\",\"description\":\"Veja todas as not\u00edcias sobre o Flamengo: Contrata\u00e7\u00f5es, categorias de base, resultados das partidas, tabela de classifica\u00e7\u00e3o, pr\u00f3ximos jogos!\",\"potentialAction\":[{\"@type\":\"SearchAction\",\"target\":{\"@type\":\"EntryPoint\",\"urlTemplate\":\"https:\/\/www.gaveanews.com\/?s={search_term_string}\"},\"query-input\":{\"@type\":\"PropertyValueSpecification\",\"valueRequired\":true,\"valueName\":\"search_term_string\"}}],\"inLanguage\":\"pt-BR\"},{\"@type\":\"Person\",\"@id\":\"https:\/\/www.gaveanews.com\/#\/schema\/person\/2ec14f73fb96be2caf28f91afb14749d\",\"name\":\"Equipe G\u00e1vea News\",\"image\":{\"@type\":\"ImageObject\",\"inLanguage\":\"pt-BR\",\"@id\":\"https:\/\/www.gaveanews.com\/#\/schema\/person\/image\/\",\"url\":\"https:\/\/secure.gravatar.com\/avatar\/1e1956f1facbffd3f8fa53a326721950116b3b9dc9bd44939c01180fd4a745a9?s=96&d=mm&r=g\",\"contentUrl\":\"https:\/\/secure.gravatar.com\/avatar\/1e1956f1facbffd3f8fa53a326721950116b3b9dc9bd44939c01180fd4a745a9?s=96&d=mm&r=g\",\"caption\":\"Equipe G\u00e1vea News\"}}]}<\/script>\n<!-- \/ Yoast SEO Premium plugin. -->","yoast_head_json":{"title":"Jogadores do Flamengo voltam a trabalhar","robots":{"index":"index","follow":"follow","max-snippet":"max-snippet:-1","max-image-preview":"max-image-preview:large","max-video-preview":"max-video-preview:-1"},"canonical":"https:\/\/www.gaveanews.com\/index.php\/2022\/12\/26\/jogadores-do-flamengo-voltam-a-trabalhar\/","og_locale":"pt_BR","og_type":"article","og_title":"Jogadores do Flamengo voltam a trabalhar","og_description":"O Flamengo d\u00e1 o pontap\u00e9 inicial para a temporada 2023 nesta segunda-feira ainda sem seu treinador principal, mas j\u00e1 com a programa\u00e7\u00e3o feita para ganhar tempo de olho no primeiro semestre cheio que ter\u00e1 pela frente. A primeira semana de atividades no Ninho do Urubu prev\u00ea exames, avalia\u00e7\u00f5es e testes f\u00edsicos, com folga no fim [&hellip;]","og_url":"https:\/\/www.gaveanews.com\/index.php\/2022\/12\/26\/jogadores-do-flamengo-voltam-a-trabalhar\/","og_site_name":"G\u00e1vea News","article_publisher":"https:\/\/facebook.com\/gaveaNews\/","article_published_time":"2022-12-26T12:38:59+00:00","article_modified_time":"2022-12-26T12:39:02+00:00","og_image":[{"width":799,"height":533,"url":"https:\/\/www.gaveanews.com\/wp-content\/uploads\/treino-do-Flamengo-no-Ninho-do-Urubu.webp","type":"image\/jpeg"}],"author":"Equipe G\u00e1vea News","twitter_card":"summary_large_image","twitter_misc":{"Escrito por":"Equipe G\u00e1vea News","Est. tempo de leitura":"3 minutos"},"schema":{"@context":"https:\/\/schema.org","@graph":[{"@type":"NewsArticle","@id":"https:\/\/www.gaveanews.com\/index.php\/2022\/12\/26\/jogadores-do-flamengo-voltam-a-trabalhar\/#article","isPartOf":{"@id":"https:\/\/www.gaveanews.com\/index.php\/2022\/12\/26\/jogadores-do-flamengo-voltam-a-trabalhar\/"},"author":{"name":"Equipe G\u00e1vea News","@id":"https:\/\/www.gaveanews.com\/#\/schema\/person\/2ec14f73fb96be2caf28f91afb14749d"},"headline":"Jogadores do Flamengo voltam a trabalhar","datePublished":"2022-12-26T12:38:59+00:00","dateModified":"2022-12-26T12:39:02+00:00","mainEntityOfPage":{"@id":"https:\/\/www.gaveanews.com\/index.php\/2022\/12\/26\/jogadores-do-flamengo-voltam-a-trabalhar\/"},"wordCount":472,"commentCount":0,"image":{"@id":"https:\/\/www.gaveanews.com\/index.php\/2022\/12\/26\/jogadores-do-flamengo-voltam-a-trabalhar\/#primaryimage"},"thumbnailUrl":"https:\/\/www.gaveanews.com\/wp-content\/uploads\/treino-do-Flamengo-no-Ninho-do-Urubu.webp","articleSection":["Flamengo"],"inLanguage":"pt-BR","potentialAction":[{"@type":"CommentAction","name":"Comment","target":["https:\/\/www.gaveanews.com\/index.php\/2022\/12\/26\/jogadores-do-flamengo-voltam-a-trabalhar\/#respond"]}],"copyrightYear":"2022","copyrightHolder":{"@id":"https:\/\/www.gaveanews.com\/#organization"}},{"@type":"WebPage","@id":"https:\/\/www.gaveanews.com\/index.php\/2022\/12\/26\/jogadores-do-flamengo-voltam-a-trabalhar\/","url":"https:\/\/www.gaveanews.com\/index.php\/2022\/12\/26\/jogadores-do-flamengo-voltam-a-trabalhar\/","name":"Jogadores do Flamengo voltam a trabalhar","isPartOf":{"@id":"https:\/\/www.gaveanews.com\/#website"},"primaryImageOfPage":{"@id":"https:\/\/www.gaveanews.com\/index.php\/2022\/12\/26\/jogadores-do-flamengo-voltam-a-trabalhar\/#primaryimage"},"image":{"@id":"https:\/\/www.gaveanews.com\/index.php\/2022\/12\/26\/jogadores-do-flamengo-voltam-a-trabalhar\/#primaryimage"},"thumbnailUrl":"https:\/\/www.gaveanews.com\/wp-content\/uploads\/treino-do-Flamengo-no-Ninho-do-Urubu.webp","datePublished":"2022-12-26T12:38:59+00:00","dateModified":"2022-12-26T12:39:02+00:00","author":{"@id":"https:\/\/www.gaveanews.com\/#\/schema\/person\/2ec14f73fb96be2caf28f91afb14749d"},"breadcrumb":{"@id":"https:\/\/www.gaveanews.com\/index.php\/2022\/12\/26\/jogadores-do-flamengo-voltam-a-trabalhar\/#breadcrumb"},"inLanguage":"pt-BR","potentialAction":[{"@type":"ReadAction","target":["https:\/\/www.gaveanews.com\/index.php\/2022\/12\/26\/jogadores-do-flamengo-voltam-a-trabalhar\/"]}]},{"@type":"ImageObject","inLanguage":"pt-BR","@id":"https:\/\/www.gaveanews.com\/index.php\/2022\/12\/26\/jogadores-do-flamengo-voltam-a-trabalhar\/#primaryimage","url":"https:\/\/www.gaveanews.com\/wp-content\/uploads\/treino-do-Flamengo-no-Ninho-do-Urubu.webp","contentUrl":"https:\/\/www.gaveanews.com\/wp-content\/uploads\/treino-do-Flamengo-no-Ninho-do-Urubu.webp","width":799,"height":533,"caption":"Elenco do Flamengo em treinamento no Ninho do Urubu (Foto: Gilvan de Souza\/Flamengo)"},{"@type":"BreadcrumbList","@id":"https:\/\/www.gaveanews.com\/index.php\/2022\/12\/26\/jogadores-do-flamengo-voltam-a-trabalhar\/#breadcrumb","itemListElement":[{"@type":"ListItem","position":1,"name":"Home","item":"https:\/\/www.gaveanews.com\/"},{"@type":"ListItem","position":2,"name":"Jogadores do Flamengo voltam a trabalhar"}]},{"@type":"WebSite","@id":"https:\/\/www.gaveanews.com\/#website","url":"https:\/\/www.gaveanews.com\/","name":"G\u00e1vea News","description":"Veja todas as not\u00edcias sobre o Flamengo: Contrata\u00e7\u00f5es, categorias de base, resultados das partidas, tabela de classifica\u00e7\u00e3o, pr\u00f3ximos jogos!","potentialAction":[{"@type":"SearchAction","target":{"@type":"EntryPoint","urlTemplate":"https:\/\/www.gaveanews.com\/?s={search_term_string}"},"query-input":{"@type":"PropertyValueSpecification","valueRequired":true,"valueName":"search_term_string"}}],"inLanguage":"pt-BR"},{"@type":"Person","@id":"https:\/\/www.gaveanews.com\/#\/schema\/person\/2ec14f73fb96be2caf28f91afb14749d","name":"Equipe G\u00e1vea News","image":{"@type":"ImageObject","inLanguage":"pt-BR","@id":"https:\/\/www.gaveanews.com\/#\/schema\/person\/image\/","url":"https:\/\/secure.gravatar.com\/avatar\/1e1956f1facbffd3f8fa53a326721950116b3b9dc9bd44939c01180fd4a745a9?s=96&d=mm&r=g","contentUrl":"https:\/\/secure.gravatar.com\/avatar\/1e1956f1facbffd3f8fa53a326721950116b3b9dc9bd44939c01180fd4a745a9?s=96&d=mm&r=g","caption":"Equipe G\u00e1vea News"}}]}},"_links":{"self":[{"href":"https:\/\/www.gaveanews.com\/index.php\/wp-json\/wp\/v2\/posts\/92484","targetHints":{"allow":["GET"]}}],"collection":[{"href":"https:\/\/www.gaveanews.com\/index.php\/wp-json\/wp\/v2\/posts"}],"about":[{"href":"https:\/\/www.gaveanews.com\/index.php\/wp-json\/wp\/v2\/types\/post"}],"author":[{"embeddable":true,"href":"https:\/\/www.gaveanews.com\/index.php\/wp-json\/wp\/v2\/users\/1"}],"replies":[{"embeddable":true,"href":"https:\/\/www.gaveanews.com\/index.php\/wp-json\/wp\/v2\/comments?post=92484"}],"version-history":[{"count":0,"href":"https:\/\/www.gaveanews.com\/index.php\/wp-json\/wp\/v2\/posts\/92484\/revisions"}],"wp:featuredmedia":[{"embeddable":true,"href":"https:\/\/www.gaveanews.com\/index.php\/wp-json\/wp\/v2\/media\/88841"}],"wp:attachment":[{"href":"https:\/\/www.gaveanews.com\/index.php\/wp-json\/wp\/v2\/media?parent=92484"}],"wp:term":[{"taxonomy":"category","embeddable":true,"href":"https:\/\/www.gaveanews.com\/index.php\/wp-json\/wp\/v2\/categories?post=92484"},{"taxonomy":"post_tag","embeddable":true,"href":"https:\/\/www.gaveanews.com\/index.php\/wp-json\/wp\/v2\/tags?post=92484"}],"curies":[{"name":"wp","href":"https:\/\/api.w.org\/{rel}","templated":true}]}}