{"id":92488,"date":"2022-12-26T12:58:44","date_gmt":"2022-12-26T15:58:44","guid":{"rendered":"https:\/\/www.gaveanews.com\/?p=92488"},"modified":"2022-12-26T13:15:12","modified_gmt":"2022-12-26T16:15:12","slug":"pupilo-de-jorge-jesus-celebra-seu-retorno-ao-flamengo-torcida-ficou-ansiosa-para-que-eu-voltasse","status":"publish","type":"post","link":"https:\/\/www.gaveanews.com\/index.php\/2022\/12\/26\/pupilo-de-jorge-jesus-celebra-seu-retorno-ao-flamengo-torcida-ficou-ansiosa-para-que-eu-voltasse\/","title":{"rendered":"Pupilo de Jorge Jesus celebra seu retorno ao Flamengo: &#8220;Torcida ficou ansiosa para que eu voltasse&#8221;"},"content":{"rendered":"\n<p>Um preparador f\u00edsico capaz de mobilizar a torcida por seu retorno.<\/p>\n\n\n\n<p>O carinho dos rubro-negros por M\u00e1rio Monteiro ajuda a definir a trajet\u00f3ria deste portugu\u00eas que retorna ao Flamengo ap\u00f3s dois anos e meio com carisma incompar\u00e1vel, mais de tr\u00eas d\u00e9cadas de futebol e o hist\u00f3rico 2019 na bagagem. Ser\u00e1 ele um dos respons\u00e1veis pelo pontap\u00e9 inicial do clube na temporada 2023 nesta segunda-feira, no Ninho do Urubu.<\/p>\n\n\n\n<p>Fiel escudeiro de Jorge Jesus ao longo de d\u00e9cadas, M\u00e1rio est\u00e1 de volta ao Flamengo ap\u00f3s o convite de outro compatriota: Vitor Pereira. Mais do que isso, retoma um caminho que admite que n\u00e3o devia ter sido interrompido quando o Mister e sua comiss\u00e3o trocaram o Rio de Janeiro pela volta a Lisboa para trabalhar no Benfica em meados de 2020.<\/p>\n\n\n\n<figure class=\"wp-block-image size-full\"><img loading=\"lazy\" decoding=\"async\" width=\"984\" height=\"656\" src=\"https:\/\/www.gaveanews.com\/wp-content\/uploads\/mario-monteiro-flamengo.webp\" alt=\"\" class=\"wp-image-91934\" srcset=\"https:\/\/www.gaveanews.com\/wp-content\/uploads\/mario-monteiro-flamengo.webp 984w, https:\/\/www.gaveanews.com\/wp-content\/uploads\/mario-monteiro-flamengo-300x200.webp 300w, https:\/\/www.gaveanews.com\/wp-content\/uploads\/mario-monteiro-flamengo-768x512.webp 768w, https:\/\/www.gaveanews.com\/wp-content\/uploads\/mario-monteiro-flamengo-630x420.webp 630w, https:\/\/www.gaveanews.com\/wp-content\/uploads\/mario-monteiro-flamengo-640x427.webp 640w, https:\/\/www.gaveanews.com\/wp-content\/uploads\/mario-monteiro-flamengo-681x454.webp 681w, https:\/\/www.gaveanews.com\/wp-content\/uploads\/mario-monteiro-flamengo-100x67.webp 100w\" sizes=\"auto, (max-width: 984px) 100vw, 984px\" \/><figcaption class=\"wp-element-caption\">M\u00e1rio Monteiro foi campe\u00e3o pelo Flamengo em 2019 (Foto: Reprodu\u00e7\u00e3o\/Instagram)<\/figcaption><\/figure>\n\n\n\n<p><em>\u2014 Apenas duas situa\u00e7\u00f5es me fariam voltar a trabalhar: retornar ao Flamengo, clube de onde nunca devia ter sa\u00eddo, ou uma sele\u00e7\u00e3o de Portugal ou do Brasil. A expectativa \u00e9 muito grande. J\u00e1 tinha dito ao Jorge Jesus que na Europa eu n\u00e3o trabalharia mais, j\u00e1 tinha dado por encerrada minha carreira. Gostaria de ter terminado no Benfica de uma maneira melhor, e optei por ficar um ano sem trabalhar. Em clubes, s\u00f3 o Flamengo, que tinha me oferecido a perman\u00eancia em 2020, mas fui leal ao meu treinador. Estou muito feliz! Volto para uma casa que gosto muito e sempre fui muito bem tratado. Tenho um carinho especial. As expectativas s\u00e3o elevadas.<\/em><\/p>\n\n\n\n<p>Aos 58 anos e com uma carreira inteira de parceria com JJ, desde o Familic\u00e3o em 1993 at\u00e9 o Benfica em 2021, passando por dez clubes, M\u00e1rio inicia uma nova uni\u00e3o. A rela\u00e7\u00e3o pr\u00f3xima com Vitor Pereira \u00e9 recente, teve in\u00edcio no ano passado, quando, em visita ao Brasil, foram apresentados para trocar experi\u00eancias sobre o futebol local. \u00c0 dist\u00e2ncia, por\u00e9m, ambos se conhecem de outros tempos.<\/p>\n\n\n\n<p>M\u00e1rio e Vitor Pereira foram contempor\u00e2neos de universidade, assim como Rui Quinta, que chega para ser auxiliar t\u00e9cnico. Foram tamb\u00e9m rivais nos tempos em que o Porto de Vitor tirou a hegemonia do futebol portugu\u00eas do Benfica de Jorge Jesus. Agora, \u00e9 hora de escreverem uma nova hist\u00f3ria juntos.<\/p>\n\n\n\n<p><em>\u2014  Estabelecemos contato nesta viagem ao Brasil para conversarmos sobre o futebol brasileiro e nunca mais paramos de nos falar. Nasceu uma rela\u00e7\u00e3o, nos encontramos em S\u00e3o Paulo, e sempre conversamos sobre futebol e experi\u00eancias de vida. Mandei fotos de minhas viagens com minha filha. At\u00e9 que um dia ele me perguntou se podia me ligar para falar sobre um assunto.<\/em><\/p>\n\n\n\n<p>O assunto era o Flamengo. Fora do futebol desde a sa\u00edda do Benfica, no final de 2021, M\u00e1rio Monteiro tirou um ano para compromissos pessoais. Viajar o mundo com a filha foi o principal deles, mas o telefonema de Vitor Pereira o recolocou no caminho que do mexe com seu cora\u00e7\u00e3o.<\/p>\n\n\n\n<p><em>\u2014 Dei as melhores refer\u00eancias poss\u00edveis. Ele estava um pouco indeciso, e falei sobre o clube, sobre a cidade, a torcida. No fim desta conversa, ele disse: &#8220;Se eu for, fa\u00e7o quest\u00e3o que voc\u00ea me acompanhe&#8221;. <\/em><\/p>\n\n\n\n<p>Multicampe\u00e3o pelo clube em 2019 e 2020, M\u00e1rio \u00e9, sem d\u00favidas, o profissional que mais se aproximou do torcedor ap\u00f3s Jorge Jesus. O carinho nas redes sociais mesmo no tempo em que esteve distante o impressionava, assim como as manifesta\u00e7\u00f5es ap\u00f3s o an\u00fancio da volta:<\/p>\n\n\n\n<p><em>\u2014 Nunca me aconteceu na carreira esse tipo de situa\u00e7\u00e3o. A torcida ficava ansiosa para que eu voltasse. Recebi imensas mensagens pelas redes sociais j\u00e1 ao longo do ano passado. \u00c9 uma coisa enorme e que n\u00e3o estou habituado. Sou uma pessoa de trato f\u00e1cil, mas n\u00e3o esperava tanto apoio. Mesmo quando eu estava no Benfica, o torcedor do Flamengo demonstrava esse carinho. Mas \u00e9 algo que n\u00e3o conquistei sozinho. \u00c9 um trabalho de toda equipe t\u00e9cnica (da \u00e9poca em que passou pelo Flamengo). Todos t\u00eam a sua import\u00e2ncia.<\/em><\/p>\n\n\n\n<p>Com M\u00e1rio Monteiro no comando das atividades ao lado do chefe do departamento m\u00e9dico, M\u00e1rcio Tannure, o Flamengo se reapresenta na tarde desta segunda-feira, no Ninho do Urubu, para a temporada 2023. Ao todo, s\u00e3o sete competi\u00e7\u00f5es previstas: Mundial, Supercopa, Recopa, Carioca, Copa do Brasil, Brasileir\u00e3o e Libertadores.<\/p>\n\n\n\n<p>Retirado de: Globo Esporte<\/p>\n","protected":false},"excerpt":{"rendered":"<p>Um preparador f\u00edsico capaz de mobilizar a torcida por seu retorno. O carinho dos rubro-negros por M\u00e1rio Monteiro ajuda a definir a trajet\u00f3ria deste portugu\u00eas que retorna ao Flamengo ap\u00f3s dois anos e meio com carisma incompar\u00e1vel, mais de tr\u00eas d\u00e9cadas de futebol e o hist\u00f3rico 2019 na bagagem. Ser\u00e1 ele um dos respons\u00e1veis pelo [&hellip;]<\/p>\n","protected":false},"author":1,"featured_media":28886,"comment_status":"open","ping_status":"closed","sticky":false,"template":"","format":"standard","meta":{"footnotes":""},"categories":[1],"tags":[],"class_list":["post-92488","post","type-post","status-publish","format-standard","has-post-thumbnail","hentry","category-flamengo"],"yoast_head":"<!-- This site is optimized with the Yoast SEO Premium plugin v24.2 (Yoast SEO v26.9) - https:\/\/yoast.com\/product\/yoast-seo-premium-wordpress\/ -->\n<title>Pupilo de Jorge Jesus celebra seu retorno ao Flamengo<\/title>\n<meta name=\"description\" content=\"&quot;Retornar ao Flamengo, clube de onde nunca devia ter sa\u00eddo. A torcida ficou ansiosa para que eu voltasse&quot;.\" \/>\n<meta name=\"robots\" content=\"index, follow, max-snippet:-1, max-image-preview:large, max-video-preview:-1\" \/>\n<link rel=\"canonical\" href=\"https:\/\/www.gaveanews.com\/index.php\/2022\/12\/26\/pupilo-de-jorge-jesus-celebra-seu-retorno-ao-flamengo-torcida-ficou-ansiosa-para-que-eu-voltasse\/\" \/>\n<meta property=\"og:locale\" content=\"pt_BR\" \/>\n<meta property=\"og:type\" content=\"article\" \/>\n<meta property=\"og:title\" content=\"Pupilo de Jorge Jesus celebra seu retorno ao Flamengo: &quot;Torcida ficou ansiosa para que eu voltasse&quot;\" \/>\n<meta property=\"og:description\" content=\"&quot;Retornar ao Flamengo, clube de onde nunca devia ter sa\u00eddo. A torcida ficou ansiosa para que eu voltasse&quot;.\" \/>\n<meta property=\"og:url\" content=\"https:\/\/www.gaveanews.com\/index.php\/2022\/12\/26\/pupilo-de-jorge-jesus-celebra-seu-retorno-ao-flamengo-torcida-ficou-ansiosa-para-que-eu-voltasse\/\" \/>\n<meta property=\"og:site_name\" content=\"G\u00e1vea News\" \/>\n<meta property=\"article:publisher\" content=\"https:\/\/facebook.com\/gaveaNews\/\" \/>\n<meta property=\"article:published_time\" content=\"2022-12-26T15:58:44+00:00\" \/>\n<meta property=\"article:modified_time\" content=\"2022-12-26T16:15:12+00:00\" \/>\n<meta property=\"og:image\" content=\"https:\/\/www.gaveanews.com\/wp-content\/uploads\/Jorge-Jesus-durante-uma-partida-do-Flamengo.webp\" \/>\n\t<meta property=\"og:image:width\" content=\"900\" \/>\n\t<meta property=\"og:image:height\" content=\"600\" \/>\n\t<meta property=\"og:image:type\" content=\"image\/jpeg\" \/>\n<meta name=\"author\" content=\"Equipe G\u00e1vea News\" \/>\n<meta name=\"twitter:card\" content=\"summary_large_image\" \/>\n<meta name=\"twitter:label1\" content=\"Escrito por\" \/>\n\t<meta name=\"twitter:data1\" content=\"Equipe G\u00e1vea News\" \/>\n\t<meta name=\"twitter:label2\" content=\"Est. tempo de leitura\" \/>\n\t<meta name=\"twitter:data2\" content=\"5 minutos\" \/>\n<script type=\"application\/ld+json\" class=\"yoast-schema-graph\">{\"@context\":\"https:\/\/schema.org\",\"@graph\":[{\"@type\":\"NewsArticle\",\"@id\":\"https:\/\/www.gaveanews.com\/index.php\/2022\/12\/26\/pupilo-de-jorge-jesus-celebra-seu-retorno-ao-flamengo-torcida-ficou-ansiosa-para-que-eu-voltasse\/#article\",\"isPartOf\":{\"@id\":\"https:\/\/www.gaveanews.com\/index.php\/2022\/12\/26\/pupilo-de-jorge-jesus-celebra-seu-retorno-ao-flamengo-torcida-ficou-ansiosa-para-que-eu-voltasse\/\"},\"author\":{\"name\":\"Equipe G\u00e1vea News\",\"@id\":\"https:\/\/www.gaveanews.com\/#\/schema\/person\/2ec14f73fb96be2caf28f91afb14749d\"},\"headline\":\"Pupilo de Jorge Jesus celebra seu retorno ao Flamengo: &#8220;Torcida ficou ansiosa para que eu voltasse&#8221;\",\"datePublished\":\"2022-12-26T15:58:44+00:00\",\"dateModified\":\"2022-12-26T16:15:12+00:00\",\"mainEntityOfPage\":{\"@id\":\"https:\/\/www.gaveanews.com\/index.php\/2022\/12\/26\/pupilo-de-jorge-jesus-celebra-seu-retorno-ao-flamengo-torcida-ficou-ansiosa-para-que-eu-voltasse\/\"},\"wordCount\":765,\"commentCount\":0,\"image\":{\"@id\":\"https:\/\/www.gaveanews.com\/index.php\/2022\/12\/26\/pupilo-de-jorge-jesus-celebra-seu-retorno-ao-flamengo-torcida-ficou-ansiosa-para-que-eu-voltasse\/#primaryimage\"},\"thumbnailUrl\":\"https:\/\/www.gaveanews.com\/wp-content\/uploads\/Jorge-Jesus-durante-uma-partida-do-Flamengo.webp\",\"articleSection\":[\"Flamengo\"],\"inLanguage\":\"pt-BR\",\"potentialAction\":[{\"@type\":\"CommentAction\",\"name\":\"Comment\",\"target\":[\"https:\/\/www.gaveanews.com\/index.php\/2022\/12\/26\/pupilo-de-jorge-jesus-celebra-seu-retorno-ao-flamengo-torcida-ficou-ansiosa-para-que-eu-voltasse\/#respond\"]}],\"copyrightYear\":\"2022\",\"copyrightHolder\":{\"@id\":\"https:\/\/www.gaveanews.com\/#organization\"}},{\"@type\":\"WebPage\",\"@id\":\"https:\/\/www.gaveanews.com\/index.php\/2022\/12\/26\/pupilo-de-jorge-jesus-celebra-seu-retorno-ao-flamengo-torcida-ficou-ansiosa-para-que-eu-voltasse\/\",\"url\":\"https:\/\/www.gaveanews.com\/index.php\/2022\/12\/26\/pupilo-de-jorge-jesus-celebra-seu-retorno-ao-flamengo-torcida-ficou-ansiosa-para-que-eu-voltasse\/\",\"name\":\"Pupilo de Jorge Jesus celebra seu retorno ao Flamengo\",\"isPartOf\":{\"@id\":\"https:\/\/www.gaveanews.com\/#website\"},\"primaryImageOfPage\":{\"@id\":\"https:\/\/www.gaveanews.com\/index.php\/2022\/12\/26\/pupilo-de-jorge-jesus-celebra-seu-retorno-ao-flamengo-torcida-ficou-ansiosa-para-que-eu-voltasse\/#primaryimage\"},\"image\":{\"@id\":\"https:\/\/www.gaveanews.com\/index.php\/2022\/12\/26\/pupilo-de-jorge-jesus-celebra-seu-retorno-ao-flamengo-torcida-ficou-ansiosa-para-que-eu-voltasse\/#primaryimage\"},\"thumbnailUrl\":\"https:\/\/www.gaveanews.com\/wp-content\/uploads\/Jorge-Jesus-durante-uma-partida-do-Flamengo.webp\",\"datePublished\":\"2022-12-26T15:58:44+00:00\",\"dateModified\":\"2022-12-26T16:15:12+00:00\",\"author\":{\"@id\":\"https:\/\/www.gaveanews.com\/#\/schema\/person\/2ec14f73fb96be2caf28f91afb14749d\"},\"description\":\"\\\"Retornar ao Flamengo, clube de onde nunca devia ter sa\u00eddo. A torcida ficou ansiosa para que eu voltasse\\\".\",\"breadcrumb\":{\"@id\":\"https:\/\/www.gaveanews.com\/index.php\/2022\/12\/26\/pupilo-de-jorge-jesus-celebra-seu-retorno-ao-flamengo-torcida-ficou-ansiosa-para-que-eu-voltasse\/#breadcrumb\"},\"inLanguage\":\"pt-BR\",\"potentialAction\":[{\"@type\":\"ReadAction\",\"target\":[\"https:\/\/www.gaveanews.com\/index.php\/2022\/12\/26\/pupilo-de-jorge-jesus-celebra-seu-retorno-ao-flamengo-torcida-ficou-ansiosa-para-que-eu-voltasse\/\"]}]},{\"@type\":\"ImageObject\",\"inLanguage\":\"pt-BR\",\"@id\":\"https:\/\/www.gaveanews.com\/index.php\/2022\/12\/26\/pupilo-de-jorge-jesus-celebra-seu-retorno-ao-flamengo-torcida-ficou-ansiosa-para-que-eu-voltasse\/#primaryimage\",\"url\":\"https:\/\/www.gaveanews.com\/wp-content\/uploads\/Jorge-Jesus-durante-uma-partida-do-Flamengo.webp\",\"contentUrl\":\"https:\/\/www.gaveanews.com\/wp-content\/uploads\/Jorge-Jesus-durante-uma-partida-do-Flamengo.webp\",\"width\":900,\"height\":600,\"caption\":\"Jorge Jesus durante uma partida do Flamengo (Foto: Alexandre Vidal\/Flamengo)\"},{\"@type\":\"BreadcrumbList\",\"@id\":\"https:\/\/www.gaveanews.com\/index.php\/2022\/12\/26\/pupilo-de-jorge-jesus-celebra-seu-retorno-ao-flamengo-torcida-ficou-ansiosa-para-que-eu-voltasse\/#breadcrumb\",\"itemListElement\":[{\"@type\":\"ListItem\",\"position\":1,\"name\":\"Home\",\"item\":\"https:\/\/www.gaveanews.com\/\"},{\"@type\":\"ListItem\",\"position\":2,\"name\":\"Pupilo de Jorge Jesus celebra seu retorno ao Flamengo: &#8220;Torcida ficou ansiosa para que eu voltasse&#8221;\"}]},{\"@type\":\"WebSite\",\"@id\":\"https:\/\/www.gaveanews.com\/#website\",\"url\":\"https:\/\/www.gaveanews.com\/\",\"name\":\"G\u00e1vea News\",\"description\":\"Veja todas as not\u00edcias sobre o Flamengo: Contrata\u00e7\u00f5es, categorias de base, resultados das partidas, tabela de classifica\u00e7\u00e3o, pr\u00f3ximos jogos!\",\"potentialAction\":[{\"@type\":\"SearchAction\",\"target\":{\"@type\":\"EntryPoint\",\"urlTemplate\":\"https:\/\/www.gaveanews.com\/?s={search_term_string}\"},\"query-input\":{\"@type\":\"PropertyValueSpecification\",\"valueRequired\":true,\"valueName\":\"search_term_string\"}}],\"inLanguage\":\"pt-BR\"},{\"@type\":\"Person\",\"@id\":\"https:\/\/www.gaveanews.com\/#\/schema\/person\/2ec14f73fb96be2caf28f91afb14749d\",\"name\":\"Equipe G\u00e1vea News\",\"image\":{\"@type\":\"ImageObject\",\"inLanguage\":\"pt-BR\",\"@id\":\"https:\/\/www.gaveanews.com\/#\/schema\/person\/image\/\",\"url\":\"https:\/\/secure.gravatar.com\/avatar\/1e1956f1facbffd3f8fa53a326721950116b3b9dc9bd44939c01180fd4a745a9?s=96&d=mm&r=g\",\"contentUrl\":\"https:\/\/secure.gravatar.com\/avatar\/1e1956f1facbffd3f8fa53a326721950116b3b9dc9bd44939c01180fd4a745a9?s=96&d=mm&r=g\",\"caption\":\"Equipe G\u00e1vea News\"}}]}<\/script>\n<!-- \/ Yoast SEO Premium plugin. -->","yoast_head_json":{"title":"Pupilo de Jorge Jesus celebra seu retorno ao Flamengo","description":"\"Retornar ao Flamengo, clube de onde nunca devia ter sa\u00eddo. A torcida ficou ansiosa para que eu voltasse\".","robots":{"index":"index","follow":"follow","max-snippet":"max-snippet:-1","max-image-preview":"max-image-preview:large","max-video-preview":"max-video-preview:-1"},"canonical":"https:\/\/www.gaveanews.com\/index.php\/2022\/12\/26\/pupilo-de-jorge-jesus-celebra-seu-retorno-ao-flamengo-torcida-ficou-ansiosa-para-que-eu-voltasse\/","og_locale":"pt_BR","og_type":"article","og_title":"Pupilo de Jorge Jesus celebra seu retorno ao Flamengo: \"Torcida ficou ansiosa para que eu voltasse\"","og_description":"\"Retornar ao Flamengo, clube de onde nunca devia ter sa\u00eddo. A torcida ficou ansiosa para que eu voltasse\".","og_url":"https:\/\/www.gaveanews.com\/index.php\/2022\/12\/26\/pupilo-de-jorge-jesus-celebra-seu-retorno-ao-flamengo-torcida-ficou-ansiosa-para-que-eu-voltasse\/","og_site_name":"G\u00e1vea News","article_publisher":"https:\/\/facebook.com\/gaveaNews\/","article_published_time":"2022-12-26T15:58:44+00:00","article_modified_time":"2022-12-26T16:15:12+00:00","og_image":[{"width":900,"height":600,"url":"https:\/\/www.gaveanews.com\/wp-content\/uploads\/Jorge-Jesus-durante-uma-partida-do-Flamengo.webp","type":"image\/jpeg"}],"author":"Equipe G\u00e1vea News","twitter_card":"summary_large_image","twitter_misc":{"Escrito por":"Equipe G\u00e1vea News","Est. tempo de leitura":"5 minutos"},"schema":{"@context":"https:\/\/schema.org","@graph":[{"@type":"NewsArticle","@id":"https:\/\/www.gaveanews.com\/index.php\/2022\/12\/26\/pupilo-de-jorge-jesus-celebra-seu-retorno-ao-flamengo-torcida-ficou-ansiosa-para-que-eu-voltasse\/#article","isPartOf":{"@id":"https:\/\/www.gaveanews.com\/index.php\/2022\/12\/26\/pupilo-de-jorge-jesus-celebra-seu-retorno-ao-flamengo-torcida-ficou-ansiosa-para-que-eu-voltasse\/"},"author":{"name":"Equipe G\u00e1vea News","@id":"https:\/\/www.gaveanews.com\/#\/schema\/person\/2ec14f73fb96be2caf28f91afb14749d"},"headline":"Pupilo de Jorge Jesus celebra seu retorno ao Flamengo: &#8220;Torcida ficou ansiosa para que eu voltasse&#8221;","datePublished":"2022-12-26T15:58:44+00:00","dateModified":"2022-12-26T16:15:12+00:00","mainEntityOfPage":{"@id":"https:\/\/www.gaveanews.com\/index.php\/2022\/12\/26\/pupilo-de-jorge-jesus-celebra-seu-retorno-ao-flamengo-torcida-ficou-ansiosa-para-que-eu-voltasse\/"},"wordCount":765,"commentCount":0,"image":{"@id":"https:\/\/www.gaveanews.com\/index.php\/2022\/12\/26\/pupilo-de-jorge-jesus-celebra-seu-retorno-ao-flamengo-torcida-ficou-ansiosa-para-que-eu-voltasse\/#primaryimage"},"thumbnailUrl":"https:\/\/www.gaveanews.com\/wp-content\/uploads\/Jorge-Jesus-durante-uma-partida-do-Flamengo.webp","articleSection":["Flamengo"],"inLanguage":"pt-BR","potentialAction":[{"@type":"CommentAction","name":"Comment","target":["https:\/\/www.gaveanews.com\/index.php\/2022\/12\/26\/pupilo-de-jorge-jesus-celebra-seu-retorno-ao-flamengo-torcida-ficou-ansiosa-para-que-eu-voltasse\/#respond"]}],"copyrightYear":"2022","copyrightHolder":{"@id":"https:\/\/www.gaveanews.com\/#organization"}},{"@type":"WebPage","@id":"https:\/\/www.gaveanews.com\/index.php\/2022\/12\/26\/pupilo-de-jorge-jesus-celebra-seu-retorno-ao-flamengo-torcida-ficou-ansiosa-para-que-eu-voltasse\/","url":"https:\/\/www.gaveanews.com\/index.php\/2022\/12\/26\/pupilo-de-jorge-jesus-celebra-seu-retorno-ao-flamengo-torcida-ficou-ansiosa-para-que-eu-voltasse\/","name":"Pupilo de Jorge Jesus celebra seu retorno ao Flamengo","isPartOf":{"@id":"https:\/\/www.gaveanews.com\/#website"},"primaryImageOfPage":{"@id":"https:\/\/www.gaveanews.com\/index.php\/2022\/12\/26\/pupilo-de-jorge-jesus-celebra-seu-retorno-ao-flamengo-torcida-ficou-ansiosa-para-que-eu-voltasse\/#primaryimage"},"image":{"@id":"https:\/\/www.gaveanews.com\/index.php\/2022\/12\/26\/pupilo-de-jorge-jesus-celebra-seu-retorno-ao-flamengo-torcida-ficou-ansiosa-para-que-eu-voltasse\/#primaryimage"},"thumbnailUrl":"https:\/\/www.gaveanews.com\/wp-content\/uploads\/Jorge-Jesus-durante-uma-partida-do-Flamengo.webp","datePublished":"2022-12-26T15:58:44+00:00","dateModified":"2022-12-26T16:15:12+00:00","author":{"@id":"https:\/\/www.gaveanews.com\/#\/schema\/person\/2ec14f73fb96be2caf28f91afb14749d"},"description":"\"Retornar ao Flamengo, clube de onde nunca devia ter sa\u00eddo. A torcida ficou ansiosa para que eu voltasse\".","breadcrumb":{"@id":"https:\/\/www.gaveanews.com\/index.php\/2022\/12\/26\/pupilo-de-jorge-jesus-celebra-seu-retorno-ao-flamengo-torcida-ficou-ansiosa-para-que-eu-voltasse\/#breadcrumb"},"inLanguage":"pt-BR","potentialAction":[{"@type":"ReadAction","target":["https:\/\/www.gaveanews.com\/index.php\/2022\/12\/26\/pupilo-de-jorge-jesus-celebra-seu-retorno-ao-flamengo-torcida-ficou-ansiosa-para-que-eu-voltasse\/"]}]},{"@type":"ImageObject","inLanguage":"pt-BR","@id":"https:\/\/www.gaveanews.com\/index.php\/2022\/12\/26\/pupilo-de-jorge-jesus-celebra-seu-retorno-ao-flamengo-torcida-ficou-ansiosa-para-que-eu-voltasse\/#primaryimage","url":"https:\/\/www.gaveanews.com\/wp-content\/uploads\/Jorge-Jesus-durante-uma-partida-do-Flamengo.webp","contentUrl":"https:\/\/www.gaveanews.com\/wp-content\/uploads\/Jorge-Jesus-durante-uma-partida-do-Flamengo.webp","width":900,"height":600,"caption":"Jorge Jesus durante uma partida do Flamengo (Foto: Alexandre Vidal\/Flamengo)"},{"@type":"BreadcrumbList","@id":"https:\/\/www.gaveanews.com\/index.php\/2022\/12\/26\/pupilo-de-jorge-jesus-celebra-seu-retorno-ao-flamengo-torcida-ficou-ansiosa-para-que-eu-voltasse\/#breadcrumb","itemListElement":[{"@type":"ListItem","position":1,"name":"Home","item":"https:\/\/www.gaveanews.com\/"},{"@type":"ListItem","position":2,"name":"Pupilo de Jorge Jesus celebra seu retorno ao Flamengo: &#8220;Torcida ficou ansiosa para que eu voltasse&#8221;"}]},{"@type":"WebSite","@id":"https:\/\/www.gaveanews.com\/#website","url":"https:\/\/www.gaveanews.com\/","name":"G\u00e1vea News","description":"Veja todas as not\u00edcias sobre o Flamengo: Contrata\u00e7\u00f5es, categorias de base, resultados das partidas, tabela de classifica\u00e7\u00e3o, pr\u00f3ximos jogos!","potentialAction":[{"@type":"SearchAction","target":{"@type":"EntryPoint","urlTemplate":"https:\/\/www.gaveanews.com\/?s={search_term_string}"},"query-input":{"@type":"PropertyValueSpecification","valueRequired":true,"valueName":"search_term_string"}}],"inLanguage":"pt-BR"},{"@type":"Person","@id":"https:\/\/www.gaveanews.com\/#\/schema\/person\/2ec14f73fb96be2caf28f91afb14749d","name":"Equipe G\u00e1vea News","image":{"@type":"ImageObject","inLanguage":"pt-BR","@id":"https:\/\/www.gaveanews.com\/#\/schema\/person\/image\/","url":"https:\/\/secure.gravatar.com\/avatar\/1e1956f1facbffd3f8fa53a326721950116b3b9dc9bd44939c01180fd4a745a9?s=96&d=mm&r=g","contentUrl":"https:\/\/secure.gravatar.com\/avatar\/1e1956f1facbffd3f8fa53a326721950116b3b9dc9bd44939c01180fd4a745a9?s=96&d=mm&r=g","caption":"Equipe G\u00e1vea News"}}]}},"_links":{"self":[{"href":"https:\/\/www.gaveanews.com\/index.php\/wp-json\/wp\/v2\/posts\/92488","targetHints":{"allow":["GET"]}}],"collection":[{"href":"https:\/\/www.gaveanews.com\/index.php\/wp-json\/wp\/v2\/posts"}],"about":[{"href":"https:\/\/www.gaveanews.com\/index.php\/wp-json\/wp\/v2\/types\/post"}],"author":[{"embeddable":true,"href":"https:\/\/www.gaveanews.com\/index.php\/wp-json\/wp\/v2\/users\/1"}],"replies":[{"embeddable":true,"href":"https:\/\/www.gaveanews.com\/index.php\/wp-json\/wp\/v2\/comments?post=92488"}],"version-history":[{"count":0,"href":"https:\/\/www.gaveanews.com\/index.php\/wp-json\/wp\/v2\/posts\/92488\/revisions"}],"wp:featuredmedia":[{"embeddable":true,"href":"https:\/\/www.gaveanews.com\/index.php\/wp-json\/wp\/v2\/media\/28886"}],"wp:attachment":[{"href":"https:\/\/www.gaveanews.com\/index.php\/wp-json\/wp\/v2\/media?parent=92488"}],"wp:term":[{"taxonomy":"category","embeddable":true,"href":"https:\/\/www.gaveanews.com\/index.php\/wp-json\/wp\/v2\/categories?post=92488"},{"taxonomy":"post_tag","embeddable":true,"href":"https:\/\/www.gaveanews.com\/index.php\/wp-json\/wp\/v2\/tags?post=92488"}],"curies":[{"name":"wp","href":"https:\/\/api.w.org\/{rel}","templated":true}]}}