{"id":92491,"date":"2022-12-26T13:19:33","date_gmt":"2022-12-26T16:19:33","guid":{"rendered":"https:\/\/www.gaveanews.com\/?p=92491"},"modified":"2022-12-26T13:19:36","modified_gmt":"2022-12-26T16:19:36","slug":"video-torcedor-do-palmeiras-se-desespera-com-o-flamengo-alguem-tem-que-parar-esse-clube","status":"publish","type":"post","link":"https:\/\/www.gaveanews.com\/index.php\/2022\/12\/26\/video-torcedor-do-palmeiras-se-desespera-com-o-flamengo-alguem-tem-que-parar-esse-clube\/","title":{"rendered":"V\u00eddeo: Torcedor do Palmeiras se desespera com o Flamengo: &#8220;Algu\u00e9m tem que parar esse clube&#8221;"},"content":{"rendered":"\n<p>Campe\u00e3o da Copa do Brasil e Libertadores em 2022, o Flamengo consolidou sua hegemonia que vem desde 2019. O Rubro-negro vem tendo bons resultados n\u00e3o s\u00f3 dentro de campo, como tamb\u00e9m fora dele.<\/p>\n\n\n\n<p>Nesta segunda-feira, em v\u00eddeo publicado no Twitter, um torcedor do Palmeiras reclamou da fase vivida do Fla.<\/p>\n\n\n\n<p><em>\u2014 O Flamengo j\u00e1 est\u00e1 me enjoando. Algu\u00e9m tem que parar esse clube. Todo ano o Flamengo mant\u00e9m os principais jogadores. Tem que ter uma CPI no Flamengo para saber de onde vem tanto dinheiro<\/em>, declarou.<\/p>\n\n\n\n<figure class=\"wp-block-embed is-type-rich is-provider-twitter wp-block-embed-twitter\"><div class=\"wp-block-embed__wrapper\">\n<blockquote class=\"twitter-tweet\" data-width=\"550\" data-dnt=\"true\"><p lang=\"pt\" dir=\"ltr\">Torcedor do Palmeiras se irrita com o Flamengo:<br><br>\u201cO Flamengo j\u00e1 est\u00e1 me enjoando. Algu\u00e9m tem que parar esse clube. Todo ano o Flamengo mant\u00e9m os principais jogadores. Tem que ter uma CPI no Flamengo para saber de onde vem tanto dinheiro.\u201d<br><br>\ud83c\udfa5 Reprodu\u00e7\u00e3o <a href=\"https:\/\/t.co\/0ly6v4vZz2\">pic.twitter.com\/0ly6v4vZz2<\/a><\/p>&mdash; Planeta do Futebol \ud83c\udf0e (@futebol_info) <a href=\"https:\/\/twitter.com\/futebol_info\/status\/1607379971026128905?ref_src=twsrc%5Etfw\">December 26, 2022<\/a><\/blockquote><script async src=\"https:\/\/platform.twitter.com\/widgets.js\" charset=\"utf-8\"><\/script>\n<\/div><\/figure>\n\n\n\n<p>Retirado de: Di\u00e1rio do Fla<\/p>\n","protected":false},"excerpt":{"rendered":"<p>Campe\u00e3o da Copa do Brasil e Libertadores em 2022, o Flamengo consolidou sua hegemonia que vem desde 2019. O Rubro-negro vem tendo bons resultados n\u00e3o s\u00f3 dentro de campo, como tamb\u00e9m fora dele. Nesta segunda-feira, em v\u00eddeo publicado no Twitter, um torcedor do Palmeiras reclamou da fase vivida do Fla. \u2014 O Flamengo j\u00e1 est\u00e1 [&hellip;]<\/p>\n","protected":false},"author":1,"featured_media":15077,"comment_status":"open","ping_status":"closed","sticky":false,"template":"","format":"standard","meta":{"footnotes":""},"categories":[40],"tags":[],"class_list":["post-92491","post","type-post","status-publish","format-standard","has-post-thumbnail","hentry","category-video"],"yoast_head":"<!-- This site is optimized with the Yoast SEO Premium plugin v24.2 (Yoast SEO v26.9) - https:\/\/yoast.com\/product\/yoast-seo-premium-wordpress\/ -->\n<title>V\u00eddeo: Torcedor do Palmeiras se desespera com o Flamengo: &quot;Algu\u00e9m tem que parar esse clube&quot;<\/title>\n<meta name=\"robots\" content=\"index, follow, max-snippet:-1, max-image-preview:large, max-video-preview:-1\" \/>\n<link rel=\"canonical\" href=\"https:\/\/www.gaveanews.com\/index.php\/2022\/12\/26\/video-torcedor-do-palmeiras-se-desespera-com-o-flamengo-alguem-tem-que-parar-esse-clube\/\" \/>\n<meta property=\"og:locale\" content=\"pt_BR\" \/>\n<meta property=\"og:type\" content=\"article\" \/>\n<meta property=\"og:title\" content=\"V\u00eddeo: Torcedor do Palmeiras se desespera com o Flamengo: &quot;Algu\u00e9m tem que parar esse clube&quot;\" \/>\n<meta property=\"og:description\" content=\"Campe\u00e3o da Copa do Brasil e Libertadores em 2022, o Flamengo consolidou sua hegemonia que vem desde 2019. O Rubro-negro vem tendo bons resultados n\u00e3o s\u00f3 dentro de campo, como tamb\u00e9m fora dele. Nesta segunda-feira, em v\u00eddeo publicado no Twitter, um torcedor do Palmeiras reclamou da fase vivida do Fla. \u2014 O Flamengo j\u00e1 est\u00e1 [&hellip;]\" \/>\n<meta property=\"og:url\" content=\"https:\/\/www.gaveanews.com\/index.php\/2022\/12\/26\/video-torcedor-do-palmeiras-se-desespera-com-o-flamengo-alguem-tem-que-parar-esse-clube\/\" \/>\n<meta property=\"og:site_name\" content=\"G\u00e1vea News\" \/>\n<meta property=\"article:publisher\" content=\"https:\/\/facebook.com\/gaveaNews\/\" \/>\n<meta property=\"article:published_time\" content=\"2022-12-26T16:19:33+00:00\" \/>\n<meta property=\"article:modified_time\" content=\"2022-12-26T16:19:36+00:00\" \/>\n<meta property=\"og:image\" content=\"https:\/\/www.gaveanews.com\/wp-content\/uploads\/2019\/03\/Rodolfo-Landim-durante-entrevista-coletiva-na-Gavea.webp\" \/>\n\t<meta property=\"og:image:width\" content=\"1\" \/>\n\t<meta property=\"og:image:height\" content=\"1\" \/>\n\t<meta property=\"og:image:type\" content=\"image\/jpeg\" \/>\n<meta name=\"author\" content=\"Equipe G\u00e1vea News\" \/>\n<meta name=\"twitter:card\" content=\"summary_large_image\" \/>\n<meta name=\"twitter:label1\" content=\"Escrito por\" \/>\n\t<meta name=\"twitter:data1\" content=\"Equipe G\u00e1vea News\" \/>\n\t<meta name=\"twitter:label2\" content=\"Est. tempo de leitura\" \/>\n\t<meta name=\"twitter:data2\" content=\"1 minuto\" \/>\n<script type=\"application\/ld+json\" class=\"yoast-schema-graph\">{\"@context\":\"https:\/\/schema.org\",\"@graph\":[{\"@type\":\"NewsArticle\",\"@id\":\"https:\/\/www.gaveanews.com\/index.php\/2022\/12\/26\/video-torcedor-do-palmeiras-se-desespera-com-o-flamengo-alguem-tem-que-parar-esse-clube\/#article\",\"isPartOf\":{\"@id\":\"https:\/\/www.gaveanews.com\/index.php\/2022\/12\/26\/video-torcedor-do-palmeiras-se-desespera-com-o-flamengo-alguem-tem-que-parar-esse-clube\/\"},\"author\":{\"name\":\"Equipe G\u00e1vea News\",\"@id\":\"https:\/\/www.gaveanews.com\/#\/schema\/person\/2ec14f73fb96be2caf28f91afb14749d\"},\"headline\":\"V\u00eddeo: Torcedor do Palmeiras se desespera com o Flamengo: &#8220;Algu\u00e9m tem que parar esse clube&#8221;\",\"datePublished\":\"2022-12-26T16:19:33+00:00\",\"dateModified\":\"2022-12-26T16:19:36+00:00\",\"mainEntityOfPage\":{\"@id\":\"https:\/\/www.gaveanews.com\/index.php\/2022\/12\/26\/video-torcedor-do-palmeiras-se-desespera-com-o-flamengo-alguem-tem-que-parar-esse-clube\/\"},\"wordCount\":118,\"commentCount\":0,\"image\":{\"@id\":\"https:\/\/www.gaveanews.com\/index.php\/2022\/12\/26\/video-torcedor-do-palmeiras-se-desespera-com-o-flamengo-alguem-tem-que-parar-esse-clube\/#primaryimage\"},\"thumbnailUrl\":\"https:\/\/www.gaveanews.com\/wp-content\/uploads\/2019\/03\/Rodolfo-Landim-durante-entrevista-coletiva-na-Gavea.webp\",\"articleSection\":[\"V\u00eddeos\"],\"inLanguage\":\"pt-BR\",\"potentialAction\":[{\"@type\":\"CommentAction\",\"name\":\"Comment\",\"target\":[\"https:\/\/www.gaveanews.com\/index.php\/2022\/12\/26\/video-torcedor-do-palmeiras-se-desespera-com-o-flamengo-alguem-tem-que-parar-esse-clube\/#respond\"]}],\"copyrightYear\":\"2022\",\"copyrightHolder\":{\"@id\":\"https:\/\/www.gaveanews.com\/#organization\"}},{\"@type\":\"WebPage\",\"@id\":\"https:\/\/www.gaveanews.com\/index.php\/2022\/12\/26\/video-torcedor-do-palmeiras-se-desespera-com-o-flamengo-alguem-tem-que-parar-esse-clube\/\",\"url\":\"https:\/\/www.gaveanews.com\/index.php\/2022\/12\/26\/video-torcedor-do-palmeiras-se-desespera-com-o-flamengo-alguem-tem-que-parar-esse-clube\/\",\"name\":\"V\u00eddeo: Torcedor do Palmeiras se desespera com o Flamengo: \\\"Algu\u00e9m tem que parar esse clube\\\"\",\"isPartOf\":{\"@id\":\"https:\/\/www.gaveanews.com\/#website\"},\"primaryImageOfPage\":{\"@id\":\"https:\/\/www.gaveanews.com\/index.php\/2022\/12\/26\/video-torcedor-do-palmeiras-se-desespera-com-o-flamengo-alguem-tem-que-parar-esse-clube\/#primaryimage\"},\"image\":{\"@id\":\"https:\/\/www.gaveanews.com\/index.php\/2022\/12\/26\/video-torcedor-do-palmeiras-se-desespera-com-o-flamengo-alguem-tem-que-parar-esse-clube\/#primaryimage\"},\"thumbnailUrl\":\"https:\/\/www.gaveanews.com\/wp-content\/uploads\/2019\/03\/Rodolfo-Landim-durante-entrevista-coletiva-na-Gavea.webp\",\"datePublished\":\"2022-12-26T16:19:33+00:00\",\"dateModified\":\"2022-12-26T16:19:36+00:00\",\"author\":{\"@id\":\"https:\/\/www.gaveanews.com\/#\/schema\/person\/2ec14f73fb96be2caf28f91afb14749d\"},\"breadcrumb\":{\"@id\":\"https:\/\/www.gaveanews.com\/index.php\/2022\/12\/26\/video-torcedor-do-palmeiras-se-desespera-com-o-flamengo-alguem-tem-que-parar-esse-clube\/#breadcrumb\"},\"inLanguage\":\"pt-BR\",\"potentialAction\":[{\"@type\":\"ReadAction\",\"target\":[\"https:\/\/www.gaveanews.com\/index.php\/2022\/12\/26\/video-torcedor-do-palmeiras-se-desespera-com-o-flamengo-alguem-tem-que-parar-esse-clube\/\"]}]},{\"@type\":\"ImageObject\",\"inLanguage\":\"pt-BR\",\"@id\":\"https:\/\/www.gaveanews.com\/index.php\/2022\/12\/26\/video-torcedor-do-palmeiras-se-desespera-com-o-flamengo-alguem-tem-que-parar-esse-clube\/#primaryimage\",\"url\":\"https:\/\/www.gaveanews.com\/wp-content\/uploads\/2019\/03\/Rodolfo-Landim-durante-entrevista-coletiva-na-Gavea.webp\",\"contentUrl\":\"https:\/\/www.gaveanews.com\/wp-content\/uploads\/2019\/03\/Rodolfo-Landim-durante-entrevista-coletiva-na-Gavea.webp\",\"width\":900,\"height\":599,\"caption\":\"Rodolfo Landim durante entrevista coletiva na G\u00e1vea (Foto: Ag\u00eancia Foto BR)\"},{\"@type\":\"BreadcrumbList\",\"@id\":\"https:\/\/www.gaveanews.com\/index.php\/2022\/12\/26\/video-torcedor-do-palmeiras-se-desespera-com-o-flamengo-alguem-tem-que-parar-esse-clube\/#breadcrumb\",\"itemListElement\":[{\"@type\":\"ListItem\",\"position\":1,\"name\":\"Home\",\"item\":\"https:\/\/www.gaveanews.com\/\"},{\"@type\":\"ListItem\",\"position\":2,\"name\":\"V\u00eddeo: Torcedor do Palmeiras se desespera com o Flamengo: &#8220;Algu\u00e9m tem que parar esse clube&#8221;\"}]},{\"@type\":\"WebSite\",\"@id\":\"https:\/\/www.gaveanews.com\/#website\",\"url\":\"https:\/\/www.gaveanews.com\/\",\"name\":\"G\u00e1vea News\",\"description\":\"Veja todas as not\u00edcias sobre o Flamengo: Contrata\u00e7\u00f5es, categorias de base, resultados das partidas, tabela de classifica\u00e7\u00e3o, pr\u00f3ximos jogos!\",\"potentialAction\":[{\"@type\":\"SearchAction\",\"target\":{\"@type\":\"EntryPoint\",\"urlTemplate\":\"https:\/\/www.gaveanews.com\/?s={search_term_string}\"},\"query-input\":{\"@type\":\"PropertyValueSpecification\",\"valueRequired\":true,\"valueName\":\"search_term_string\"}}],\"inLanguage\":\"pt-BR\"},{\"@type\":\"Person\",\"@id\":\"https:\/\/www.gaveanews.com\/#\/schema\/person\/2ec14f73fb96be2caf28f91afb14749d\",\"name\":\"Equipe G\u00e1vea News\",\"image\":{\"@type\":\"ImageObject\",\"inLanguage\":\"pt-BR\",\"@id\":\"https:\/\/www.gaveanews.com\/#\/schema\/person\/image\/\",\"url\":\"https:\/\/secure.gravatar.com\/avatar\/1e1956f1facbffd3f8fa53a326721950116b3b9dc9bd44939c01180fd4a745a9?s=96&d=mm&r=g\",\"contentUrl\":\"https:\/\/secure.gravatar.com\/avatar\/1e1956f1facbffd3f8fa53a326721950116b3b9dc9bd44939c01180fd4a745a9?s=96&d=mm&r=g\",\"caption\":\"Equipe G\u00e1vea News\"}}]}<\/script>\n<!-- \/ Yoast SEO Premium plugin. -->","yoast_head_json":{"title":"V\u00eddeo: Torcedor do Palmeiras se desespera com o Flamengo: \"Algu\u00e9m tem que parar esse clube\"","robots":{"index":"index","follow":"follow","max-snippet":"max-snippet:-1","max-image-preview":"max-image-preview:large","max-video-preview":"max-video-preview:-1"},"canonical":"https:\/\/www.gaveanews.com\/index.php\/2022\/12\/26\/video-torcedor-do-palmeiras-se-desespera-com-o-flamengo-alguem-tem-que-parar-esse-clube\/","og_locale":"pt_BR","og_type":"article","og_title":"V\u00eddeo: Torcedor do Palmeiras se desespera com o Flamengo: \"Algu\u00e9m tem que parar esse clube\"","og_description":"Campe\u00e3o da Copa do Brasil e Libertadores em 2022, o Flamengo consolidou sua hegemonia que vem desde 2019. O Rubro-negro vem tendo bons resultados n\u00e3o s\u00f3 dentro de campo, como tamb\u00e9m fora dele. Nesta segunda-feira, em v\u00eddeo publicado no Twitter, um torcedor do Palmeiras reclamou da fase vivida do Fla. \u2014 O Flamengo j\u00e1 est\u00e1 [&hellip;]","og_url":"https:\/\/www.gaveanews.com\/index.php\/2022\/12\/26\/video-torcedor-do-palmeiras-se-desespera-com-o-flamengo-alguem-tem-que-parar-esse-clube\/","og_site_name":"G\u00e1vea News","article_publisher":"https:\/\/facebook.com\/gaveaNews\/","article_published_time":"2022-12-26T16:19:33+00:00","article_modified_time":"2022-12-26T16:19:36+00:00","og_image":[{"url":"https:\/\/www.gaveanews.com\/wp-content\/uploads\/2019\/03\/Rodolfo-Landim-durante-entrevista-coletiva-na-Gavea.webp","width":1,"height":1,"type":"image\/jpeg"}],"author":"Equipe G\u00e1vea News","twitter_card":"summary_large_image","twitter_misc":{"Escrito por":"Equipe G\u00e1vea News","Est. tempo de leitura":"1 minuto"},"schema":{"@context":"https:\/\/schema.org","@graph":[{"@type":"NewsArticle","@id":"https:\/\/www.gaveanews.com\/index.php\/2022\/12\/26\/video-torcedor-do-palmeiras-se-desespera-com-o-flamengo-alguem-tem-que-parar-esse-clube\/#article","isPartOf":{"@id":"https:\/\/www.gaveanews.com\/index.php\/2022\/12\/26\/video-torcedor-do-palmeiras-se-desespera-com-o-flamengo-alguem-tem-que-parar-esse-clube\/"},"author":{"name":"Equipe G\u00e1vea News","@id":"https:\/\/www.gaveanews.com\/#\/schema\/person\/2ec14f73fb96be2caf28f91afb14749d"},"headline":"V\u00eddeo: Torcedor do Palmeiras se desespera com o Flamengo: &#8220;Algu\u00e9m tem que parar esse clube&#8221;","datePublished":"2022-12-26T16:19:33+00:00","dateModified":"2022-12-26T16:19:36+00:00","mainEntityOfPage":{"@id":"https:\/\/www.gaveanews.com\/index.php\/2022\/12\/26\/video-torcedor-do-palmeiras-se-desespera-com-o-flamengo-alguem-tem-que-parar-esse-clube\/"},"wordCount":118,"commentCount":0,"image":{"@id":"https:\/\/www.gaveanews.com\/index.php\/2022\/12\/26\/video-torcedor-do-palmeiras-se-desespera-com-o-flamengo-alguem-tem-que-parar-esse-clube\/#primaryimage"},"thumbnailUrl":"https:\/\/www.gaveanews.com\/wp-content\/uploads\/2019\/03\/Rodolfo-Landim-durante-entrevista-coletiva-na-Gavea.webp","articleSection":["V\u00eddeos"],"inLanguage":"pt-BR","potentialAction":[{"@type":"CommentAction","name":"Comment","target":["https:\/\/www.gaveanews.com\/index.php\/2022\/12\/26\/video-torcedor-do-palmeiras-se-desespera-com-o-flamengo-alguem-tem-que-parar-esse-clube\/#respond"]}],"copyrightYear":"2022","copyrightHolder":{"@id":"https:\/\/www.gaveanews.com\/#organization"}},{"@type":"WebPage","@id":"https:\/\/www.gaveanews.com\/index.php\/2022\/12\/26\/video-torcedor-do-palmeiras-se-desespera-com-o-flamengo-alguem-tem-que-parar-esse-clube\/","url":"https:\/\/www.gaveanews.com\/index.php\/2022\/12\/26\/video-torcedor-do-palmeiras-se-desespera-com-o-flamengo-alguem-tem-que-parar-esse-clube\/","name":"V\u00eddeo: Torcedor do Palmeiras se desespera com o Flamengo: \"Algu\u00e9m tem que parar esse clube\"","isPartOf":{"@id":"https:\/\/www.gaveanews.com\/#website"},"primaryImageOfPage":{"@id":"https:\/\/www.gaveanews.com\/index.php\/2022\/12\/26\/video-torcedor-do-palmeiras-se-desespera-com-o-flamengo-alguem-tem-que-parar-esse-clube\/#primaryimage"},"image":{"@id":"https:\/\/www.gaveanews.com\/index.php\/2022\/12\/26\/video-torcedor-do-palmeiras-se-desespera-com-o-flamengo-alguem-tem-que-parar-esse-clube\/#primaryimage"},"thumbnailUrl":"https:\/\/www.gaveanews.com\/wp-content\/uploads\/2019\/03\/Rodolfo-Landim-durante-entrevista-coletiva-na-Gavea.webp","datePublished":"2022-12-26T16:19:33+00:00","dateModified":"2022-12-26T16:19:36+00:00","author":{"@id":"https:\/\/www.gaveanews.com\/#\/schema\/person\/2ec14f73fb96be2caf28f91afb14749d"},"breadcrumb":{"@id":"https:\/\/www.gaveanews.com\/index.php\/2022\/12\/26\/video-torcedor-do-palmeiras-se-desespera-com-o-flamengo-alguem-tem-que-parar-esse-clube\/#breadcrumb"},"inLanguage":"pt-BR","potentialAction":[{"@type":"ReadAction","target":["https:\/\/www.gaveanews.com\/index.php\/2022\/12\/26\/video-torcedor-do-palmeiras-se-desespera-com-o-flamengo-alguem-tem-que-parar-esse-clube\/"]}]},{"@type":"ImageObject","inLanguage":"pt-BR","@id":"https:\/\/www.gaveanews.com\/index.php\/2022\/12\/26\/video-torcedor-do-palmeiras-se-desespera-com-o-flamengo-alguem-tem-que-parar-esse-clube\/#primaryimage","url":"https:\/\/www.gaveanews.com\/wp-content\/uploads\/2019\/03\/Rodolfo-Landim-durante-entrevista-coletiva-na-Gavea.webp","contentUrl":"https:\/\/www.gaveanews.com\/wp-content\/uploads\/2019\/03\/Rodolfo-Landim-durante-entrevista-coletiva-na-Gavea.webp","width":900,"height":599,"caption":"Rodolfo Landim durante entrevista coletiva na G\u00e1vea (Foto: Ag\u00eancia Foto BR)"},{"@type":"BreadcrumbList","@id":"https:\/\/www.gaveanews.com\/index.php\/2022\/12\/26\/video-torcedor-do-palmeiras-se-desespera-com-o-flamengo-alguem-tem-que-parar-esse-clube\/#breadcrumb","itemListElement":[{"@type":"ListItem","position":1,"name":"Home","item":"https:\/\/www.gaveanews.com\/"},{"@type":"ListItem","position":2,"name":"V\u00eddeo: Torcedor do Palmeiras se desespera com o Flamengo: &#8220;Algu\u00e9m tem que parar esse clube&#8221;"}]},{"@type":"WebSite","@id":"https:\/\/www.gaveanews.com\/#website","url":"https:\/\/www.gaveanews.com\/","name":"G\u00e1vea News","description":"Veja todas as not\u00edcias sobre o Flamengo: Contrata\u00e7\u00f5es, categorias de base, resultados das partidas, tabela de classifica\u00e7\u00e3o, pr\u00f3ximos jogos!","potentialAction":[{"@type":"SearchAction","target":{"@type":"EntryPoint","urlTemplate":"https:\/\/www.gaveanews.com\/?s={search_term_string}"},"query-input":{"@type":"PropertyValueSpecification","valueRequired":true,"valueName":"search_term_string"}}],"inLanguage":"pt-BR"},{"@type":"Person","@id":"https:\/\/www.gaveanews.com\/#\/schema\/person\/2ec14f73fb96be2caf28f91afb14749d","name":"Equipe G\u00e1vea News","image":{"@type":"ImageObject","inLanguage":"pt-BR","@id":"https:\/\/www.gaveanews.com\/#\/schema\/person\/image\/","url":"https:\/\/secure.gravatar.com\/avatar\/1e1956f1facbffd3f8fa53a326721950116b3b9dc9bd44939c01180fd4a745a9?s=96&d=mm&r=g","contentUrl":"https:\/\/secure.gravatar.com\/avatar\/1e1956f1facbffd3f8fa53a326721950116b3b9dc9bd44939c01180fd4a745a9?s=96&d=mm&r=g","caption":"Equipe G\u00e1vea News"}}]}},"_links":{"self":[{"href":"https:\/\/www.gaveanews.com\/index.php\/wp-json\/wp\/v2\/posts\/92491","targetHints":{"allow":["GET"]}}],"collection":[{"href":"https:\/\/www.gaveanews.com\/index.php\/wp-json\/wp\/v2\/posts"}],"about":[{"href":"https:\/\/www.gaveanews.com\/index.php\/wp-json\/wp\/v2\/types\/post"}],"author":[{"embeddable":true,"href":"https:\/\/www.gaveanews.com\/index.php\/wp-json\/wp\/v2\/users\/1"}],"replies":[{"embeddable":true,"href":"https:\/\/www.gaveanews.com\/index.php\/wp-json\/wp\/v2\/comments?post=92491"}],"version-history":[{"count":0,"href":"https:\/\/www.gaveanews.com\/index.php\/wp-json\/wp\/v2\/posts\/92491\/revisions"}],"wp:featuredmedia":[{"embeddable":true,"href":"https:\/\/www.gaveanews.com\/index.php\/wp-json\/wp\/v2\/media\/15077"}],"wp:attachment":[{"href":"https:\/\/www.gaveanews.com\/index.php\/wp-json\/wp\/v2\/media?parent=92491"}],"wp:term":[{"taxonomy":"category","embeddable":true,"href":"https:\/\/www.gaveanews.com\/index.php\/wp-json\/wp\/v2\/categories?post=92491"},{"taxonomy":"post_tag","embeddable":true,"href":"https:\/\/www.gaveanews.com\/index.php\/wp-json\/wp\/v2\/tags?post=92491"}],"curies":[{"name":"wp","href":"https:\/\/api.w.org\/{rel}","templated":true}]}}