{"id":92499,"date":"2022-12-26T17:48:47","date_gmt":"2022-12-26T20:48:47","guid":{"rendered":"https:\/\/www.gaveanews.com\/?p=92499"},"modified":"2022-12-26T17:48:51","modified_gmt":"2022-12-26T20:48:51","slug":"marcos-braz-revela-prazo-para-flamengo-fechar-com-o-seu-primeiro-reforco","status":"publish","type":"post","link":"https:\/\/www.gaveanews.com\/index.php\/2022\/12\/26\/marcos-braz-revela-prazo-para-flamengo-fechar-com-o-seu-primeiro-reforco\/","title":{"rendered":"Marcos Braz revela prazo para Flamengo fechar com o seu primeiro refor\u00e7o"},"content":{"rendered":"\n<p>Com o fim das f\u00e9rias, o Flamengo se reapresentou no CT do Ninho do Urubu nesta segunda-feira. O grupo ainda n\u00e3o conta com alguns nomes, al\u00e9m dos jogadores que se despediram do Rubro-Negro. E quem falou \u00e0 TV oficial do clube foi Marcos Braz, vice-presidente de futebol, em rela\u00e7\u00e3o \u00e0 situa\u00e7\u00e3o do meia G\u00e9rson, revelado pelo clube.<\/p>\n\n\n\n<p>Para Braz, G\u00e9rson &#8220;fala pra todo mundo&#8221;\u00a0que deseja voltar ao Flamengo e sem revelar nome ou posi\u00e7\u00e3o, disse que acredita fechar outro refor\u00e7o ainda na primeira semana de janeiro. G\u00e9rson tem contrato at\u00e9 junho de 2026, mas n\u00e3o est\u00e1 nos planos do t\u00e9cnico Igor Tudor.<\/p>\n\n\n\n<p>Nas atividades de hoje, o elenco fez trabalhos leves. Ou seja, apenas trabalharam a parte f\u00edsica. As atividades mais pesadas e complexas ser\u00e3o feitas depois da chegada de Vitor Pereira, que ainda n\u00e3o foi anunciado oficialmente.<\/p>\n\n\n\n<p>Al\u00e9m disso, o preparador f\u00edsico Mario Monteiro &#8220;reestreou&#8221;. Isso porque o profissional que fazia parte da comiss\u00e3o t\u00e9cnica de Jorge Jesus retornou.<\/p>\n\n\n\n<p><em>\u2014 Negocia\u00e7\u00e3o muito dif\u00edcil, mas estamos tentando. Ele quer voltar e fala isso para qualquer um. A gente tamb\u00e9m acredita que v\u00e1 fechar uma outra contrata\u00e7\u00e3o na primeira semana de janeiro<\/em>, disse Braz.<\/p>\n\n\n\n<p>No in\u00edcio do m\u00eas, Braz comentou sobre a situa\u00e7\u00e3o do ex-camisa 8 ao confirmar negocia\u00e7\u00f5es com V\u00edtor Pereira:<\/p>\n\n\n\n<p><em>\u2014 A gente tem uma situa\u00e7\u00e3o do Gerson, que \u00e9 uma situa\u00e7\u00e3o muito dif\u00edcil. Existe o desejo do jogador, do empres\u00e1rio e do Flamengo. Mas existe uma conta a ser fechada nesse processo. O Flamengo respeita muito o Olympique de Marselha, que foi nosso parceiro quando vendemos o jogador. Com calma, vamos ver se a gente consegue estruturar essa contrata\u00e7\u00e3o<\/em>, explicou.<\/p>\n\n\n\n<p>Retirado de: UOL<\/p>\n","protected":false},"excerpt":{"rendered":"<p>Com o fim das f\u00e9rias, o Flamengo se reapresentou no CT do Ninho do Urubu nesta segunda-feira. O grupo ainda n\u00e3o conta com alguns nomes, al\u00e9m dos jogadores que se despediram do Rubro-Negro. E quem falou \u00e0 TV oficial do clube foi Marcos Braz, vice-presidente de futebol, em rela\u00e7\u00e3o \u00e0 situa\u00e7\u00e3o do meia G\u00e9rson, revelado [&hellip;]<\/p>\n","protected":false},"author":1,"featured_media":85562,"comment_status":"open","ping_status":"closed","sticky":false,"template":"","format":"standard","meta":{"footnotes":""},"categories":[1],"tags":[],"class_list":["post-92499","post","type-post","status-publish","format-standard","has-post-thumbnail","hentry","category-flamengo"],"yoast_head":"<!-- This site is optimized with the Yoast SEO Premium plugin v24.2 (Yoast SEO v26.9) - https:\/\/yoast.com\/product\/yoast-seo-premium-wordpress\/ -->\n<title>Marcos Braz revela prazo para Flamengo fechar com o seu primeiro refor\u00e7o<\/title>\n<meta name=\"robots\" content=\"index, follow, max-snippet:-1, max-image-preview:large, max-video-preview:-1\" \/>\n<link rel=\"canonical\" href=\"https:\/\/www.gaveanews.com\/index.php\/2022\/12\/26\/marcos-braz-revela-prazo-para-flamengo-fechar-com-o-seu-primeiro-reforco\/\" \/>\n<meta property=\"og:locale\" content=\"pt_BR\" \/>\n<meta property=\"og:type\" content=\"article\" \/>\n<meta property=\"og:title\" content=\"Marcos Braz revela prazo para Flamengo fechar com o seu primeiro refor\u00e7o\" \/>\n<meta property=\"og:description\" content=\"Com o fim das f\u00e9rias, o Flamengo se reapresentou no CT do Ninho do Urubu nesta segunda-feira. O grupo ainda n\u00e3o conta com alguns nomes, al\u00e9m dos jogadores que se despediram do Rubro-Negro. E quem falou \u00e0 TV oficial do clube foi Marcos Braz, vice-presidente de futebol, em rela\u00e7\u00e3o \u00e0 situa\u00e7\u00e3o do meia G\u00e9rson, revelado [&hellip;]\" \/>\n<meta property=\"og:url\" content=\"https:\/\/www.gaveanews.com\/index.php\/2022\/12\/26\/marcos-braz-revela-prazo-para-flamengo-fechar-com-o-seu-primeiro-reforco\/\" \/>\n<meta property=\"og:site_name\" content=\"G\u00e1vea News\" \/>\n<meta property=\"article:publisher\" content=\"https:\/\/facebook.com\/gaveaNews\/\" \/>\n<meta property=\"article:published_time\" content=\"2022-12-26T20:48:47+00:00\" \/>\n<meta property=\"article:modified_time\" content=\"2022-12-26T20:48:51+00:00\" \/>\n<meta property=\"og:image\" content=\"https:\/\/www.gaveanews.com\/wp-content\/uploads\/Marcos-Braz-em-entrevista-no-CT-do-Flamengo-1.webp\" \/>\n\t<meta property=\"og:image:width\" content=\"799\" \/>\n\t<meta property=\"og:image:height\" content=\"533\" \/>\n\t<meta property=\"og:image:type\" content=\"image\/jpeg\" \/>\n<meta name=\"author\" content=\"Equipe G\u00e1vea News\" \/>\n<meta name=\"twitter:card\" content=\"summary_large_image\" \/>\n<meta name=\"twitter:label1\" content=\"Escrito por\" \/>\n\t<meta name=\"twitter:data1\" content=\"Equipe G\u00e1vea News\" \/>\n\t<meta name=\"twitter:label2\" content=\"Est. tempo de leitura\" \/>\n\t<meta name=\"twitter:data2\" content=\"2 minutos\" \/>\n<script type=\"application\/ld+json\" class=\"yoast-schema-graph\">{\"@context\":\"https:\/\/schema.org\",\"@graph\":[{\"@type\":\"NewsArticle\",\"@id\":\"https:\/\/www.gaveanews.com\/index.php\/2022\/12\/26\/marcos-braz-revela-prazo-para-flamengo-fechar-com-o-seu-primeiro-reforco\/#article\",\"isPartOf\":{\"@id\":\"https:\/\/www.gaveanews.com\/index.php\/2022\/12\/26\/marcos-braz-revela-prazo-para-flamengo-fechar-com-o-seu-primeiro-reforco\/\"},\"author\":{\"name\":\"Equipe G\u00e1vea News\",\"@id\":\"https:\/\/www.gaveanews.com\/#\/schema\/person\/2ec14f73fb96be2caf28f91afb14749d\"},\"headline\":\"Marcos Braz revela prazo para Flamengo fechar com o seu primeiro refor\u00e7o\",\"datePublished\":\"2022-12-26T20:48:47+00:00\",\"dateModified\":\"2022-12-26T20:48:51+00:00\",\"mainEntityOfPage\":{\"@id\":\"https:\/\/www.gaveanews.com\/index.php\/2022\/12\/26\/marcos-braz-revela-prazo-para-flamengo-fechar-com-o-seu-primeiro-reforco\/\"},\"wordCount\":315,\"commentCount\":0,\"image\":{\"@id\":\"https:\/\/www.gaveanews.com\/index.php\/2022\/12\/26\/marcos-braz-revela-prazo-para-flamengo-fechar-com-o-seu-primeiro-reforco\/#primaryimage\"},\"thumbnailUrl\":\"https:\/\/www.gaveanews.com\/wp-content\/uploads\/Marcos-Braz-em-entrevista-no-CT-do-Flamengo-1.webp\",\"articleSection\":[\"Flamengo\"],\"inLanguage\":\"pt-BR\",\"potentialAction\":[{\"@type\":\"CommentAction\",\"name\":\"Comment\",\"target\":[\"https:\/\/www.gaveanews.com\/index.php\/2022\/12\/26\/marcos-braz-revela-prazo-para-flamengo-fechar-com-o-seu-primeiro-reforco\/#respond\"]}],\"copyrightYear\":\"2022\",\"copyrightHolder\":{\"@id\":\"https:\/\/www.gaveanews.com\/#organization\"}},{\"@type\":\"WebPage\",\"@id\":\"https:\/\/www.gaveanews.com\/index.php\/2022\/12\/26\/marcos-braz-revela-prazo-para-flamengo-fechar-com-o-seu-primeiro-reforco\/\",\"url\":\"https:\/\/www.gaveanews.com\/index.php\/2022\/12\/26\/marcos-braz-revela-prazo-para-flamengo-fechar-com-o-seu-primeiro-reforco\/\",\"name\":\"Marcos Braz revela prazo para Flamengo fechar com o seu primeiro refor\u00e7o\",\"isPartOf\":{\"@id\":\"https:\/\/www.gaveanews.com\/#website\"},\"primaryImageOfPage\":{\"@id\":\"https:\/\/www.gaveanews.com\/index.php\/2022\/12\/26\/marcos-braz-revela-prazo-para-flamengo-fechar-com-o-seu-primeiro-reforco\/#primaryimage\"},\"image\":{\"@id\":\"https:\/\/www.gaveanews.com\/index.php\/2022\/12\/26\/marcos-braz-revela-prazo-para-flamengo-fechar-com-o-seu-primeiro-reforco\/#primaryimage\"},\"thumbnailUrl\":\"https:\/\/www.gaveanews.com\/wp-content\/uploads\/Marcos-Braz-em-entrevista-no-CT-do-Flamengo-1.webp\",\"datePublished\":\"2022-12-26T20:48:47+00:00\",\"dateModified\":\"2022-12-26T20:48:51+00:00\",\"author\":{\"@id\":\"https:\/\/www.gaveanews.com\/#\/schema\/person\/2ec14f73fb96be2caf28f91afb14749d\"},\"breadcrumb\":{\"@id\":\"https:\/\/www.gaveanews.com\/index.php\/2022\/12\/26\/marcos-braz-revela-prazo-para-flamengo-fechar-com-o-seu-primeiro-reforco\/#breadcrumb\"},\"inLanguage\":\"pt-BR\",\"potentialAction\":[{\"@type\":\"ReadAction\",\"target\":[\"https:\/\/www.gaveanews.com\/index.php\/2022\/12\/26\/marcos-braz-revela-prazo-para-flamengo-fechar-com-o-seu-primeiro-reforco\/\"]}]},{\"@type\":\"ImageObject\",\"inLanguage\":\"pt-BR\",\"@id\":\"https:\/\/www.gaveanews.com\/index.php\/2022\/12\/26\/marcos-braz-revela-prazo-para-flamengo-fechar-com-o-seu-primeiro-reforco\/#primaryimage\",\"url\":\"https:\/\/www.gaveanews.com\/wp-content\/uploads\/Marcos-Braz-em-entrevista-no-CT-do-Flamengo-1.webp\",\"contentUrl\":\"https:\/\/www.gaveanews.com\/wp-content\/uploads\/Marcos-Braz-em-entrevista-no-CT-do-Flamengo-1.webp\",\"width\":799,\"height\":533,\"caption\":\"Marcos Braz em entrevista no CT do Flamengo (Foto: Gilvan de Souza\/Flamengo)\"},{\"@type\":\"BreadcrumbList\",\"@id\":\"https:\/\/www.gaveanews.com\/index.php\/2022\/12\/26\/marcos-braz-revela-prazo-para-flamengo-fechar-com-o-seu-primeiro-reforco\/#breadcrumb\",\"itemListElement\":[{\"@type\":\"ListItem\",\"position\":1,\"name\":\"Home\",\"item\":\"https:\/\/www.gaveanews.com\/\"},{\"@type\":\"ListItem\",\"position\":2,\"name\":\"Marcos Braz revela prazo para Flamengo fechar com o seu primeiro refor\u00e7o\"}]},{\"@type\":\"WebSite\",\"@id\":\"https:\/\/www.gaveanews.com\/#website\",\"url\":\"https:\/\/www.gaveanews.com\/\",\"name\":\"G\u00e1vea News\",\"description\":\"Veja todas as not\u00edcias sobre o Flamengo: Contrata\u00e7\u00f5es, categorias de base, resultados das partidas, tabela de classifica\u00e7\u00e3o, pr\u00f3ximos jogos!\",\"potentialAction\":[{\"@type\":\"SearchAction\",\"target\":{\"@type\":\"EntryPoint\",\"urlTemplate\":\"https:\/\/www.gaveanews.com\/?s={search_term_string}\"},\"query-input\":{\"@type\":\"PropertyValueSpecification\",\"valueRequired\":true,\"valueName\":\"search_term_string\"}}],\"inLanguage\":\"pt-BR\"},{\"@type\":\"Person\",\"@id\":\"https:\/\/www.gaveanews.com\/#\/schema\/person\/2ec14f73fb96be2caf28f91afb14749d\",\"name\":\"Equipe G\u00e1vea News\",\"image\":{\"@type\":\"ImageObject\",\"inLanguage\":\"pt-BR\",\"@id\":\"https:\/\/www.gaveanews.com\/#\/schema\/person\/image\/\",\"url\":\"https:\/\/secure.gravatar.com\/avatar\/1e1956f1facbffd3f8fa53a326721950116b3b9dc9bd44939c01180fd4a745a9?s=96&d=mm&r=g\",\"contentUrl\":\"https:\/\/secure.gravatar.com\/avatar\/1e1956f1facbffd3f8fa53a326721950116b3b9dc9bd44939c01180fd4a745a9?s=96&d=mm&r=g\",\"caption\":\"Equipe G\u00e1vea News\"}}]}<\/script>\n<!-- \/ Yoast SEO Premium plugin. -->","yoast_head_json":{"title":"Marcos Braz revela prazo para Flamengo fechar com o seu primeiro refor\u00e7o","robots":{"index":"index","follow":"follow","max-snippet":"max-snippet:-1","max-image-preview":"max-image-preview:large","max-video-preview":"max-video-preview:-1"},"canonical":"https:\/\/www.gaveanews.com\/index.php\/2022\/12\/26\/marcos-braz-revela-prazo-para-flamengo-fechar-com-o-seu-primeiro-reforco\/","og_locale":"pt_BR","og_type":"article","og_title":"Marcos Braz revela prazo para Flamengo fechar com o seu primeiro refor\u00e7o","og_description":"Com o fim das f\u00e9rias, o Flamengo se reapresentou no CT do Ninho do Urubu nesta segunda-feira. O grupo ainda n\u00e3o conta com alguns nomes, al\u00e9m dos jogadores que se despediram do Rubro-Negro. E quem falou \u00e0 TV oficial do clube foi Marcos Braz, vice-presidente de futebol, em rela\u00e7\u00e3o \u00e0 situa\u00e7\u00e3o do meia G\u00e9rson, revelado [&hellip;]","og_url":"https:\/\/www.gaveanews.com\/index.php\/2022\/12\/26\/marcos-braz-revela-prazo-para-flamengo-fechar-com-o-seu-primeiro-reforco\/","og_site_name":"G\u00e1vea News","article_publisher":"https:\/\/facebook.com\/gaveaNews\/","article_published_time":"2022-12-26T20:48:47+00:00","article_modified_time":"2022-12-26T20:48:51+00:00","og_image":[{"width":799,"height":533,"url":"https:\/\/www.gaveanews.com\/wp-content\/uploads\/Marcos-Braz-em-entrevista-no-CT-do-Flamengo-1.webp","type":"image\/jpeg"}],"author":"Equipe G\u00e1vea News","twitter_card":"summary_large_image","twitter_misc":{"Escrito por":"Equipe G\u00e1vea News","Est. tempo de leitura":"2 minutos"},"schema":{"@context":"https:\/\/schema.org","@graph":[{"@type":"NewsArticle","@id":"https:\/\/www.gaveanews.com\/index.php\/2022\/12\/26\/marcos-braz-revela-prazo-para-flamengo-fechar-com-o-seu-primeiro-reforco\/#article","isPartOf":{"@id":"https:\/\/www.gaveanews.com\/index.php\/2022\/12\/26\/marcos-braz-revela-prazo-para-flamengo-fechar-com-o-seu-primeiro-reforco\/"},"author":{"name":"Equipe G\u00e1vea News","@id":"https:\/\/www.gaveanews.com\/#\/schema\/person\/2ec14f73fb96be2caf28f91afb14749d"},"headline":"Marcos Braz revela prazo para Flamengo fechar com o seu primeiro refor\u00e7o","datePublished":"2022-12-26T20:48:47+00:00","dateModified":"2022-12-26T20:48:51+00:00","mainEntityOfPage":{"@id":"https:\/\/www.gaveanews.com\/index.php\/2022\/12\/26\/marcos-braz-revela-prazo-para-flamengo-fechar-com-o-seu-primeiro-reforco\/"},"wordCount":315,"commentCount":0,"image":{"@id":"https:\/\/www.gaveanews.com\/index.php\/2022\/12\/26\/marcos-braz-revela-prazo-para-flamengo-fechar-com-o-seu-primeiro-reforco\/#primaryimage"},"thumbnailUrl":"https:\/\/www.gaveanews.com\/wp-content\/uploads\/Marcos-Braz-em-entrevista-no-CT-do-Flamengo-1.webp","articleSection":["Flamengo"],"inLanguage":"pt-BR","potentialAction":[{"@type":"CommentAction","name":"Comment","target":["https:\/\/www.gaveanews.com\/index.php\/2022\/12\/26\/marcos-braz-revela-prazo-para-flamengo-fechar-com-o-seu-primeiro-reforco\/#respond"]}],"copyrightYear":"2022","copyrightHolder":{"@id":"https:\/\/www.gaveanews.com\/#organization"}},{"@type":"WebPage","@id":"https:\/\/www.gaveanews.com\/index.php\/2022\/12\/26\/marcos-braz-revela-prazo-para-flamengo-fechar-com-o-seu-primeiro-reforco\/","url":"https:\/\/www.gaveanews.com\/index.php\/2022\/12\/26\/marcos-braz-revela-prazo-para-flamengo-fechar-com-o-seu-primeiro-reforco\/","name":"Marcos Braz revela prazo para Flamengo fechar com o seu primeiro refor\u00e7o","isPartOf":{"@id":"https:\/\/www.gaveanews.com\/#website"},"primaryImageOfPage":{"@id":"https:\/\/www.gaveanews.com\/index.php\/2022\/12\/26\/marcos-braz-revela-prazo-para-flamengo-fechar-com-o-seu-primeiro-reforco\/#primaryimage"},"image":{"@id":"https:\/\/www.gaveanews.com\/index.php\/2022\/12\/26\/marcos-braz-revela-prazo-para-flamengo-fechar-com-o-seu-primeiro-reforco\/#primaryimage"},"thumbnailUrl":"https:\/\/www.gaveanews.com\/wp-content\/uploads\/Marcos-Braz-em-entrevista-no-CT-do-Flamengo-1.webp","datePublished":"2022-12-26T20:48:47+00:00","dateModified":"2022-12-26T20:48:51+00:00","author":{"@id":"https:\/\/www.gaveanews.com\/#\/schema\/person\/2ec14f73fb96be2caf28f91afb14749d"},"breadcrumb":{"@id":"https:\/\/www.gaveanews.com\/index.php\/2022\/12\/26\/marcos-braz-revela-prazo-para-flamengo-fechar-com-o-seu-primeiro-reforco\/#breadcrumb"},"inLanguage":"pt-BR","potentialAction":[{"@type":"ReadAction","target":["https:\/\/www.gaveanews.com\/index.php\/2022\/12\/26\/marcos-braz-revela-prazo-para-flamengo-fechar-com-o-seu-primeiro-reforco\/"]}]},{"@type":"ImageObject","inLanguage":"pt-BR","@id":"https:\/\/www.gaveanews.com\/index.php\/2022\/12\/26\/marcos-braz-revela-prazo-para-flamengo-fechar-com-o-seu-primeiro-reforco\/#primaryimage","url":"https:\/\/www.gaveanews.com\/wp-content\/uploads\/Marcos-Braz-em-entrevista-no-CT-do-Flamengo-1.webp","contentUrl":"https:\/\/www.gaveanews.com\/wp-content\/uploads\/Marcos-Braz-em-entrevista-no-CT-do-Flamengo-1.webp","width":799,"height":533,"caption":"Marcos Braz em entrevista no CT do Flamengo (Foto: Gilvan de Souza\/Flamengo)"},{"@type":"BreadcrumbList","@id":"https:\/\/www.gaveanews.com\/index.php\/2022\/12\/26\/marcos-braz-revela-prazo-para-flamengo-fechar-com-o-seu-primeiro-reforco\/#breadcrumb","itemListElement":[{"@type":"ListItem","position":1,"name":"Home","item":"https:\/\/www.gaveanews.com\/"},{"@type":"ListItem","position":2,"name":"Marcos Braz revela prazo para Flamengo fechar com o seu primeiro refor\u00e7o"}]},{"@type":"WebSite","@id":"https:\/\/www.gaveanews.com\/#website","url":"https:\/\/www.gaveanews.com\/","name":"G\u00e1vea News","description":"Veja todas as not\u00edcias sobre o Flamengo: Contrata\u00e7\u00f5es, categorias de base, resultados das partidas, tabela de classifica\u00e7\u00e3o, pr\u00f3ximos jogos!","potentialAction":[{"@type":"SearchAction","target":{"@type":"EntryPoint","urlTemplate":"https:\/\/www.gaveanews.com\/?s={search_term_string}"},"query-input":{"@type":"PropertyValueSpecification","valueRequired":true,"valueName":"search_term_string"}}],"inLanguage":"pt-BR"},{"@type":"Person","@id":"https:\/\/www.gaveanews.com\/#\/schema\/person\/2ec14f73fb96be2caf28f91afb14749d","name":"Equipe G\u00e1vea News","image":{"@type":"ImageObject","inLanguage":"pt-BR","@id":"https:\/\/www.gaveanews.com\/#\/schema\/person\/image\/","url":"https:\/\/secure.gravatar.com\/avatar\/1e1956f1facbffd3f8fa53a326721950116b3b9dc9bd44939c01180fd4a745a9?s=96&d=mm&r=g","contentUrl":"https:\/\/secure.gravatar.com\/avatar\/1e1956f1facbffd3f8fa53a326721950116b3b9dc9bd44939c01180fd4a745a9?s=96&d=mm&r=g","caption":"Equipe G\u00e1vea News"}}]}},"_links":{"self":[{"href":"https:\/\/www.gaveanews.com\/index.php\/wp-json\/wp\/v2\/posts\/92499","targetHints":{"allow":["GET"]}}],"collection":[{"href":"https:\/\/www.gaveanews.com\/index.php\/wp-json\/wp\/v2\/posts"}],"about":[{"href":"https:\/\/www.gaveanews.com\/index.php\/wp-json\/wp\/v2\/types\/post"}],"author":[{"embeddable":true,"href":"https:\/\/www.gaveanews.com\/index.php\/wp-json\/wp\/v2\/users\/1"}],"replies":[{"embeddable":true,"href":"https:\/\/www.gaveanews.com\/index.php\/wp-json\/wp\/v2\/comments?post=92499"}],"version-history":[{"count":0,"href":"https:\/\/www.gaveanews.com\/index.php\/wp-json\/wp\/v2\/posts\/92499\/revisions"}],"wp:featuredmedia":[{"embeddable":true,"href":"https:\/\/www.gaveanews.com\/index.php\/wp-json\/wp\/v2\/media\/85562"}],"wp:attachment":[{"href":"https:\/\/www.gaveanews.com\/index.php\/wp-json\/wp\/v2\/media?parent=92499"}],"wp:term":[{"taxonomy":"category","embeddable":true,"href":"https:\/\/www.gaveanews.com\/index.php\/wp-json\/wp\/v2\/categories?post=92499"},{"taxonomy":"post_tag","embeddable":true,"href":"https:\/\/www.gaveanews.com\/index.php\/wp-json\/wp\/v2\/tags?post=92499"}],"curies":[{"name":"wp","href":"https:\/\/api.w.org\/{rel}","templated":true}]}}