{"id":92506,"date":"2022-12-26T18:37:07","date_gmt":"2022-12-26T21:37:07","guid":{"rendered":"https:\/\/www.gaveanews.com\/?p=92506"},"modified":"2022-12-26T18:37:09","modified_gmt":"2022-12-26T21:37:09","slug":"time-do-flamengo-tem-quatro-desfalques-na-reapresentacao-do-elenco-veja-nomes","status":"publish","type":"post","link":"https:\/\/www.gaveanews.com\/index.php\/2022\/12\/26\/time-do-flamengo-tem-quatro-desfalques-na-reapresentacao-do-elenco-veja-nomes\/","title":{"rendered":"Time do Flamengo tem quatro desfalques na reapresenta\u00e7\u00e3o do elenco; veja nomes"},"content":{"rendered":"\n<p>Acabou a moleza! O elenco do Flamengo, ou grande parte dele, se reapresenta nesta segunda-feira(26) visando a temporada 2023. Depois de conquistar dois t\u00edtulos importantes no segundo semestre deste ano, os jogadores tiveram o merecido descanso para recarregar as baterias. Passadas as f\u00e9rias, o foco agora \u00e9 uma prepara\u00e7\u00e3o adequada para superar os novos desafios.<\/p>\n\n\n\n<p>Segundo informa\u00e7\u00f5es de Renan Moura, haver\u00e1 uma s\u00e9rie de avalia\u00e7\u00f5es f\u00edsicas e cl\u00ednicas. M\u00e1rcio Tannure, chefe do departamento m\u00e9dico do Flamengo ser\u00e1 respons\u00e1vel pela an\u00e1lise m\u00e9dica do plantel. Hoje, quatro aus\u00eancias s\u00e3o certas.<\/p>\n\n\n\n<p>Ap\u00f3s o per\u00edodo de Copa do Mundo, Everton Ribeiro, Pedro, Arrascaeta e Varela ganhar\u00e3o alguns dias a mais de descanso e retornam aos treinos no pr\u00f3ximo dia 2 de janeiro. Assim como V\u00edtor Pereira, novo treinador do time carioca que s\u00f3 assume ap\u00f3s os festejos do R\u00e9veillon. At\u00e9 l\u00e1, o auxiliar Rui Quinta comandar\u00e1 as atividades no campo.<\/p>\n\n\n\n<p><em>\u2014 O grupo ainda ganhar\u00e1 o final de semana de folga para curtir a virada de ano. O Flamengo correr\u00e1 contra o tempo porque dia 01\/02 come\u00e7a o Mundial de Clubes. O time volta a campo dia 12\/01 contra o Audax. O Real Madrid joga j\u00e1 no dia 03\/01, contra o Cacere\u00f1o, pela Copa do Rey<\/em>, relatou Renan.<\/p>\n\n\n\n<h2 class=\"wp-block-heading\" id=\"h-reforco-de-peso\">Refor\u00e7o de peso <\/h2>\n\n\n\n<p>O Flamengo n\u00e3o mede esfor\u00e7os e tem como objetivo qualificar ainda mais o seu plantel visando o calend\u00e1rio 2023. Um dos nomes cogitados no clube \u00e9 o de Gerson, mas repatriar o volante n\u00e3o tem sido tarefa das mais f\u00e1ceis, uma vez que o Olympique exige uma compensa\u00e7\u00e3o financeira importante.<\/p>\n\n\n\n<p>Apesar das barreiras, Renato Maur\u00edcio Prado acredita que mais cedo ou mais tarde, Gerson ser\u00e1 refor\u00e7o rubro-negro.<\/p>\n\n\n\n<p><em>\u2014 O Gerson seria um baita refor\u00e7o, n\u00e3o resta a menor d\u00favida. Eu acho que o Gerson vem, s\u00f3 que da maneira que o Flamengo est\u00e1 negociando, talvez o Gerson chegue em cima do Mundial e sem estar em forma. Eu acho que o Gerson vem, o Olympique n\u00e3o vai conseguir vender o Gerson pelos 20 milh\u00f5es de euros que pede ao Flamengo. Ele n\u00e3o tem ningu\u00e9m que ofere\u00e7a a isso, ent\u00e3o acho que ele vai acabar vindo ao Flamengo por 16, 18 milh\u00f5es de euros<\/em>, diz Renato.<\/p>\n\n\n\n<p><em>\u2014 O que mais pega \u00e9 que o Flamengo quer deixar 20% dos direitos do Gerson com o Olympique para n\u00e3o ter que desembolsar tudo agora, mas o Olympique quer vender tudo e a\u00ed cobrar mais. Agora, ainda que seja um jogadora\u00e7o, o Gerson n\u00e3o pode ser o refor\u00e7o de ponta que o Marcos Braz falou<\/em>, completou.<\/p>\n\n\n\n<p>Retirado de: Torcedores<\/p>\n","protected":false},"excerpt":{"rendered":"<p>Acabou a moleza! O elenco do Flamengo, ou grande parte dele, se reapresenta nesta segunda-feira(26) visando a temporada 2023. Depois de conquistar dois t\u00edtulos importantes no segundo semestre deste ano, os jogadores tiveram o merecido descanso para recarregar as baterias. Passadas as f\u00e9rias, o foco agora \u00e9 uma prepara\u00e7\u00e3o adequada para superar os novos desafios. [&hellip;]<\/p>\n","protected":false},"author":1,"featured_media":76075,"comment_status":"open","ping_status":"closed","sticky":false,"template":"","format":"standard","meta":{"footnotes":""},"categories":[1],"tags":[],"class_list":["post-92506","post","type-post","status-publish","format-standard","has-post-thumbnail","hentry","category-flamengo"],"yoast_head":"<!-- This site is optimized with the Yoast SEO Premium plugin v24.2 (Yoast SEO v26.9) - https:\/\/yoast.com\/product\/yoast-seo-premium-wordpress\/ -->\n<title>Time do Flamengo tem quatro desfalques na reapresenta\u00e7\u00e3o do elenco; veja nomes<\/title>\n<meta name=\"robots\" content=\"index, follow, max-snippet:-1, max-image-preview:large, max-video-preview:-1\" \/>\n<link rel=\"canonical\" href=\"https:\/\/www.gaveanews.com\/index.php\/2022\/12\/26\/time-do-flamengo-tem-quatro-desfalques-na-reapresentacao-do-elenco-veja-nomes\/\" \/>\n<meta property=\"og:locale\" content=\"pt_BR\" \/>\n<meta property=\"og:type\" content=\"article\" \/>\n<meta property=\"og:title\" content=\"Time do Flamengo tem quatro desfalques na reapresenta\u00e7\u00e3o do elenco; veja nomes\" \/>\n<meta property=\"og:description\" content=\"Acabou a moleza! O elenco do Flamengo, ou grande parte dele, se reapresenta nesta segunda-feira(26) visando a temporada 2023. Depois de conquistar dois t\u00edtulos importantes no segundo semestre deste ano, os jogadores tiveram o merecido descanso para recarregar as baterias. Passadas as f\u00e9rias, o foco agora \u00e9 uma prepara\u00e7\u00e3o adequada para superar os novos desafios. [&hellip;]\" \/>\n<meta property=\"og:url\" content=\"https:\/\/www.gaveanews.com\/index.php\/2022\/12\/26\/time-do-flamengo-tem-quatro-desfalques-na-reapresentacao-do-elenco-veja-nomes\/\" \/>\n<meta property=\"og:site_name\" content=\"G\u00e1vea News\" \/>\n<meta property=\"article:publisher\" content=\"https:\/\/facebook.com\/gaveaNews\/\" \/>\n<meta property=\"article:published_time\" content=\"2022-12-26T21:37:07+00:00\" \/>\n<meta property=\"article:modified_time\" content=\"2022-12-26T21:37:09+00:00\" \/>\n<meta property=\"og:image\" content=\"https:\/\/www.gaveanews.com\/wp-content\/uploads\/Jogadores-do-Flamengo-participam-de-atividade-no-Ninho-do-Urubu.webp\" \/>\n\t<meta property=\"og:image:width\" content=\"2048\" \/>\n\t<meta property=\"og:image:height\" content=\"1365\" \/>\n\t<meta property=\"og:image:type\" content=\"image\/jpeg\" \/>\n<meta name=\"author\" content=\"Equipe G\u00e1vea News\" \/>\n<meta name=\"twitter:card\" content=\"summary_large_image\" \/>\n<meta name=\"twitter:label1\" content=\"Escrito por\" \/>\n\t<meta name=\"twitter:data1\" content=\"Equipe G\u00e1vea News\" \/>\n\t<meta name=\"twitter:label2\" content=\"Est. tempo de leitura\" \/>\n\t<meta name=\"twitter:data2\" content=\"3 minutos\" \/>\n<script type=\"application\/ld+json\" class=\"yoast-schema-graph\">{\"@context\":\"https:\/\/schema.org\",\"@graph\":[{\"@type\":\"NewsArticle\",\"@id\":\"https:\/\/www.gaveanews.com\/index.php\/2022\/12\/26\/time-do-flamengo-tem-quatro-desfalques-na-reapresentacao-do-elenco-veja-nomes\/#article\",\"isPartOf\":{\"@id\":\"https:\/\/www.gaveanews.com\/index.php\/2022\/12\/26\/time-do-flamengo-tem-quatro-desfalques-na-reapresentacao-do-elenco-veja-nomes\/\"},\"author\":{\"name\":\"Equipe G\u00e1vea News\",\"@id\":\"https:\/\/www.gaveanews.com\/#\/schema\/person\/2ec14f73fb96be2caf28f91afb14749d\"},\"headline\":\"Time do Flamengo tem quatro desfalques na reapresenta\u00e7\u00e3o do elenco; veja nomes\",\"datePublished\":\"2022-12-26T21:37:07+00:00\",\"dateModified\":\"2022-12-26T21:37:09+00:00\",\"mainEntityOfPage\":{\"@id\":\"https:\/\/www.gaveanews.com\/index.php\/2022\/12\/26\/time-do-flamengo-tem-quatro-desfalques-na-reapresentacao-do-elenco-veja-nomes\/\"},\"wordCount\":466,\"commentCount\":0,\"image\":{\"@id\":\"https:\/\/www.gaveanews.com\/index.php\/2022\/12\/26\/time-do-flamengo-tem-quatro-desfalques-na-reapresentacao-do-elenco-veja-nomes\/#primaryimage\"},\"thumbnailUrl\":\"https:\/\/www.gaveanews.com\/wp-content\/uploads\/Jogadores-do-Flamengo-participam-de-atividade-no-Ninho-do-Urubu.webp\",\"articleSection\":[\"Flamengo\"],\"inLanguage\":\"pt-BR\",\"potentialAction\":[{\"@type\":\"CommentAction\",\"name\":\"Comment\",\"target\":[\"https:\/\/www.gaveanews.com\/index.php\/2022\/12\/26\/time-do-flamengo-tem-quatro-desfalques-na-reapresentacao-do-elenco-veja-nomes\/#respond\"]}],\"copyrightYear\":\"2022\",\"copyrightHolder\":{\"@id\":\"https:\/\/www.gaveanews.com\/#organization\"}},{\"@type\":\"WebPage\",\"@id\":\"https:\/\/www.gaveanews.com\/index.php\/2022\/12\/26\/time-do-flamengo-tem-quatro-desfalques-na-reapresentacao-do-elenco-veja-nomes\/\",\"url\":\"https:\/\/www.gaveanews.com\/index.php\/2022\/12\/26\/time-do-flamengo-tem-quatro-desfalques-na-reapresentacao-do-elenco-veja-nomes\/\",\"name\":\"Time do Flamengo tem quatro desfalques na reapresenta\u00e7\u00e3o do elenco; veja nomes\",\"isPartOf\":{\"@id\":\"https:\/\/www.gaveanews.com\/#website\"},\"primaryImageOfPage\":{\"@id\":\"https:\/\/www.gaveanews.com\/index.php\/2022\/12\/26\/time-do-flamengo-tem-quatro-desfalques-na-reapresentacao-do-elenco-veja-nomes\/#primaryimage\"},\"image\":{\"@id\":\"https:\/\/www.gaveanews.com\/index.php\/2022\/12\/26\/time-do-flamengo-tem-quatro-desfalques-na-reapresentacao-do-elenco-veja-nomes\/#primaryimage\"},\"thumbnailUrl\":\"https:\/\/www.gaveanews.com\/wp-content\/uploads\/Jogadores-do-Flamengo-participam-de-atividade-no-Ninho-do-Urubu.webp\",\"datePublished\":\"2022-12-26T21:37:07+00:00\",\"dateModified\":\"2022-12-26T21:37:09+00:00\",\"author\":{\"@id\":\"https:\/\/www.gaveanews.com\/#\/schema\/person\/2ec14f73fb96be2caf28f91afb14749d\"},\"breadcrumb\":{\"@id\":\"https:\/\/www.gaveanews.com\/index.php\/2022\/12\/26\/time-do-flamengo-tem-quatro-desfalques-na-reapresentacao-do-elenco-veja-nomes\/#breadcrumb\"},\"inLanguage\":\"pt-BR\",\"potentialAction\":[{\"@type\":\"ReadAction\",\"target\":[\"https:\/\/www.gaveanews.com\/index.php\/2022\/12\/26\/time-do-flamengo-tem-quatro-desfalques-na-reapresentacao-do-elenco-veja-nomes\/\"]}]},{\"@type\":\"ImageObject\",\"inLanguage\":\"pt-BR\",\"@id\":\"https:\/\/www.gaveanews.com\/index.php\/2022\/12\/26\/time-do-flamengo-tem-quatro-desfalques-na-reapresentacao-do-elenco-veja-nomes\/#primaryimage\",\"url\":\"https:\/\/www.gaveanews.com\/wp-content\/uploads\/Jogadores-do-Flamengo-participam-de-atividade-no-Ninho-do-Urubu.webp\",\"contentUrl\":\"https:\/\/www.gaveanews.com\/wp-content\/uploads\/Jogadores-do-Flamengo-participam-de-atividade-no-Ninho-do-Urubu.webp\",\"width\":2048,\"height\":1365,\"caption\":\"Jogadores do Flamengo participam de atividade no Ninho do Urubu (Foto: Gilvan de Souza\/Flamengo)\"},{\"@type\":\"BreadcrumbList\",\"@id\":\"https:\/\/www.gaveanews.com\/index.php\/2022\/12\/26\/time-do-flamengo-tem-quatro-desfalques-na-reapresentacao-do-elenco-veja-nomes\/#breadcrumb\",\"itemListElement\":[{\"@type\":\"ListItem\",\"position\":1,\"name\":\"Home\",\"item\":\"https:\/\/www.gaveanews.com\/\"},{\"@type\":\"ListItem\",\"position\":2,\"name\":\"Time do Flamengo tem quatro desfalques na reapresenta\u00e7\u00e3o do elenco; veja nomes\"}]},{\"@type\":\"WebSite\",\"@id\":\"https:\/\/www.gaveanews.com\/#website\",\"url\":\"https:\/\/www.gaveanews.com\/\",\"name\":\"G\u00e1vea News\",\"description\":\"Veja todas as not\u00edcias sobre o Flamengo: Contrata\u00e7\u00f5es, categorias de base, resultados das partidas, tabela de classifica\u00e7\u00e3o, pr\u00f3ximos jogos!\",\"potentialAction\":[{\"@type\":\"SearchAction\",\"target\":{\"@type\":\"EntryPoint\",\"urlTemplate\":\"https:\/\/www.gaveanews.com\/?s={search_term_string}\"},\"query-input\":{\"@type\":\"PropertyValueSpecification\",\"valueRequired\":true,\"valueName\":\"search_term_string\"}}],\"inLanguage\":\"pt-BR\"},{\"@type\":\"Person\",\"@id\":\"https:\/\/www.gaveanews.com\/#\/schema\/person\/2ec14f73fb96be2caf28f91afb14749d\",\"name\":\"Equipe G\u00e1vea News\",\"image\":{\"@type\":\"ImageObject\",\"inLanguage\":\"pt-BR\",\"@id\":\"https:\/\/www.gaveanews.com\/#\/schema\/person\/image\/\",\"url\":\"https:\/\/secure.gravatar.com\/avatar\/1e1956f1facbffd3f8fa53a326721950116b3b9dc9bd44939c01180fd4a745a9?s=96&d=mm&r=g\",\"contentUrl\":\"https:\/\/secure.gravatar.com\/avatar\/1e1956f1facbffd3f8fa53a326721950116b3b9dc9bd44939c01180fd4a745a9?s=96&d=mm&r=g\",\"caption\":\"Equipe G\u00e1vea News\"}}]}<\/script>\n<!-- \/ Yoast SEO Premium plugin. -->","yoast_head_json":{"title":"Time do Flamengo tem quatro desfalques na reapresenta\u00e7\u00e3o do elenco; veja nomes","robots":{"index":"index","follow":"follow","max-snippet":"max-snippet:-1","max-image-preview":"max-image-preview:large","max-video-preview":"max-video-preview:-1"},"canonical":"https:\/\/www.gaveanews.com\/index.php\/2022\/12\/26\/time-do-flamengo-tem-quatro-desfalques-na-reapresentacao-do-elenco-veja-nomes\/","og_locale":"pt_BR","og_type":"article","og_title":"Time do Flamengo tem quatro desfalques na reapresenta\u00e7\u00e3o do elenco; veja nomes","og_description":"Acabou a moleza! O elenco do Flamengo, ou grande parte dele, se reapresenta nesta segunda-feira(26) visando a temporada 2023. Depois de conquistar dois t\u00edtulos importantes no segundo semestre deste ano, os jogadores tiveram o merecido descanso para recarregar as baterias. Passadas as f\u00e9rias, o foco agora \u00e9 uma prepara\u00e7\u00e3o adequada para superar os novos desafios. [&hellip;]","og_url":"https:\/\/www.gaveanews.com\/index.php\/2022\/12\/26\/time-do-flamengo-tem-quatro-desfalques-na-reapresentacao-do-elenco-veja-nomes\/","og_site_name":"G\u00e1vea News","article_publisher":"https:\/\/facebook.com\/gaveaNews\/","article_published_time":"2022-12-26T21:37:07+00:00","article_modified_time":"2022-12-26T21:37:09+00:00","og_image":[{"width":2048,"height":1365,"url":"https:\/\/www.gaveanews.com\/wp-content\/uploads\/Jogadores-do-Flamengo-participam-de-atividade-no-Ninho-do-Urubu.webp","type":"image\/jpeg"}],"author":"Equipe G\u00e1vea News","twitter_card":"summary_large_image","twitter_misc":{"Escrito por":"Equipe G\u00e1vea News","Est. tempo de leitura":"3 minutos"},"schema":{"@context":"https:\/\/schema.org","@graph":[{"@type":"NewsArticle","@id":"https:\/\/www.gaveanews.com\/index.php\/2022\/12\/26\/time-do-flamengo-tem-quatro-desfalques-na-reapresentacao-do-elenco-veja-nomes\/#article","isPartOf":{"@id":"https:\/\/www.gaveanews.com\/index.php\/2022\/12\/26\/time-do-flamengo-tem-quatro-desfalques-na-reapresentacao-do-elenco-veja-nomes\/"},"author":{"name":"Equipe G\u00e1vea News","@id":"https:\/\/www.gaveanews.com\/#\/schema\/person\/2ec14f73fb96be2caf28f91afb14749d"},"headline":"Time do Flamengo tem quatro desfalques na reapresenta\u00e7\u00e3o do elenco; veja nomes","datePublished":"2022-12-26T21:37:07+00:00","dateModified":"2022-12-26T21:37:09+00:00","mainEntityOfPage":{"@id":"https:\/\/www.gaveanews.com\/index.php\/2022\/12\/26\/time-do-flamengo-tem-quatro-desfalques-na-reapresentacao-do-elenco-veja-nomes\/"},"wordCount":466,"commentCount":0,"image":{"@id":"https:\/\/www.gaveanews.com\/index.php\/2022\/12\/26\/time-do-flamengo-tem-quatro-desfalques-na-reapresentacao-do-elenco-veja-nomes\/#primaryimage"},"thumbnailUrl":"https:\/\/www.gaveanews.com\/wp-content\/uploads\/Jogadores-do-Flamengo-participam-de-atividade-no-Ninho-do-Urubu.webp","articleSection":["Flamengo"],"inLanguage":"pt-BR","potentialAction":[{"@type":"CommentAction","name":"Comment","target":["https:\/\/www.gaveanews.com\/index.php\/2022\/12\/26\/time-do-flamengo-tem-quatro-desfalques-na-reapresentacao-do-elenco-veja-nomes\/#respond"]}],"copyrightYear":"2022","copyrightHolder":{"@id":"https:\/\/www.gaveanews.com\/#organization"}},{"@type":"WebPage","@id":"https:\/\/www.gaveanews.com\/index.php\/2022\/12\/26\/time-do-flamengo-tem-quatro-desfalques-na-reapresentacao-do-elenco-veja-nomes\/","url":"https:\/\/www.gaveanews.com\/index.php\/2022\/12\/26\/time-do-flamengo-tem-quatro-desfalques-na-reapresentacao-do-elenco-veja-nomes\/","name":"Time do Flamengo tem quatro desfalques na reapresenta\u00e7\u00e3o do elenco; veja nomes","isPartOf":{"@id":"https:\/\/www.gaveanews.com\/#website"},"primaryImageOfPage":{"@id":"https:\/\/www.gaveanews.com\/index.php\/2022\/12\/26\/time-do-flamengo-tem-quatro-desfalques-na-reapresentacao-do-elenco-veja-nomes\/#primaryimage"},"image":{"@id":"https:\/\/www.gaveanews.com\/index.php\/2022\/12\/26\/time-do-flamengo-tem-quatro-desfalques-na-reapresentacao-do-elenco-veja-nomes\/#primaryimage"},"thumbnailUrl":"https:\/\/www.gaveanews.com\/wp-content\/uploads\/Jogadores-do-Flamengo-participam-de-atividade-no-Ninho-do-Urubu.webp","datePublished":"2022-12-26T21:37:07+00:00","dateModified":"2022-12-26T21:37:09+00:00","author":{"@id":"https:\/\/www.gaveanews.com\/#\/schema\/person\/2ec14f73fb96be2caf28f91afb14749d"},"breadcrumb":{"@id":"https:\/\/www.gaveanews.com\/index.php\/2022\/12\/26\/time-do-flamengo-tem-quatro-desfalques-na-reapresentacao-do-elenco-veja-nomes\/#breadcrumb"},"inLanguage":"pt-BR","potentialAction":[{"@type":"ReadAction","target":["https:\/\/www.gaveanews.com\/index.php\/2022\/12\/26\/time-do-flamengo-tem-quatro-desfalques-na-reapresentacao-do-elenco-veja-nomes\/"]}]},{"@type":"ImageObject","inLanguage":"pt-BR","@id":"https:\/\/www.gaveanews.com\/index.php\/2022\/12\/26\/time-do-flamengo-tem-quatro-desfalques-na-reapresentacao-do-elenco-veja-nomes\/#primaryimage","url":"https:\/\/www.gaveanews.com\/wp-content\/uploads\/Jogadores-do-Flamengo-participam-de-atividade-no-Ninho-do-Urubu.webp","contentUrl":"https:\/\/www.gaveanews.com\/wp-content\/uploads\/Jogadores-do-Flamengo-participam-de-atividade-no-Ninho-do-Urubu.webp","width":2048,"height":1365,"caption":"Jogadores do Flamengo participam de atividade no Ninho do Urubu (Foto: Gilvan de Souza\/Flamengo)"},{"@type":"BreadcrumbList","@id":"https:\/\/www.gaveanews.com\/index.php\/2022\/12\/26\/time-do-flamengo-tem-quatro-desfalques-na-reapresentacao-do-elenco-veja-nomes\/#breadcrumb","itemListElement":[{"@type":"ListItem","position":1,"name":"Home","item":"https:\/\/www.gaveanews.com\/"},{"@type":"ListItem","position":2,"name":"Time do Flamengo tem quatro desfalques na reapresenta\u00e7\u00e3o do elenco; veja nomes"}]},{"@type":"WebSite","@id":"https:\/\/www.gaveanews.com\/#website","url":"https:\/\/www.gaveanews.com\/","name":"G\u00e1vea News","description":"Veja todas as not\u00edcias sobre o Flamengo: Contrata\u00e7\u00f5es, categorias de base, resultados das partidas, tabela de classifica\u00e7\u00e3o, pr\u00f3ximos jogos!","potentialAction":[{"@type":"SearchAction","target":{"@type":"EntryPoint","urlTemplate":"https:\/\/www.gaveanews.com\/?s={search_term_string}"},"query-input":{"@type":"PropertyValueSpecification","valueRequired":true,"valueName":"search_term_string"}}],"inLanguage":"pt-BR"},{"@type":"Person","@id":"https:\/\/www.gaveanews.com\/#\/schema\/person\/2ec14f73fb96be2caf28f91afb14749d","name":"Equipe G\u00e1vea News","image":{"@type":"ImageObject","inLanguage":"pt-BR","@id":"https:\/\/www.gaveanews.com\/#\/schema\/person\/image\/","url":"https:\/\/secure.gravatar.com\/avatar\/1e1956f1facbffd3f8fa53a326721950116b3b9dc9bd44939c01180fd4a745a9?s=96&d=mm&r=g","contentUrl":"https:\/\/secure.gravatar.com\/avatar\/1e1956f1facbffd3f8fa53a326721950116b3b9dc9bd44939c01180fd4a745a9?s=96&d=mm&r=g","caption":"Equipe G\u00e1vea News"}}]}},"_links":{"self":[{"href":"https:\/\/www.gaveanews.com\/index.php\/wp-json\/wp\/v2\/posts\/92506","targetHints":{"allow":["GET"]}}],"collection":[{"href":"https:\/\/www.gaveanews.com\/index.php\/wp-json\/wp\/v2\/posts"}],"about":[{"href":"https:\/\/www.gaveanews.com\/index.php\/wp-json\/wp\/v2\/types\/post"}],"author":[{"embeddable":true,"href":"https:\/\/www.gaveanews.com\/index.php\/wp-json\/wp\/v2\/users\/1"}],"replies":[{"embeddable":true,"href":"https:\/\/www.gaveanews.com\/index.php\/wp-json\/wp\/v2\/comments?post=92506"}],"version-history":[{"count":0,"href":"https:\/\/www.gaveanews.com\/index.php\/wp-json\/wp\/v2\/posts\/92506\/revisions"}],"wp:featuredmedia":[{"embeddable":true,"href":"https:\/\/www.gaveanews.com\/index.php\/wp-json\/wp\/v2\/media\/76075"}],"wp:attachment":[{"href":"https:\/\/www.gaveanews.com\/index.php\/wp-json\/wp\/v2\/media?parent=92506"}],"wp:term":[{"taxonomy":"category","embeddable":true,"href":"https:\/\/www.gaveanews.com\/index.php\/wp-json\/wp\/v2\/categories?post=92506"},{"taxonomy":"post_tag","embeddable":true,"href":"https:\/\/www.gaveanews.com\/index.php\/wp-json\/wp\/v2\/tags?post=92506"}],"curies":[{"name":"wp","href":"https:\/\/api.w.org\/{rel}","templated":true}]}}