{"id":92530,"date":"2022-12-27T09:56:03","date_gmt":"2022-12-27T12:56:03","guid":{"rendered":"https:\/\/www.gaveanews.com\/?p=92530"},"modified":"2022-12-27T09:56:07","modified_gmt":"2022-12-27T12:56:07","slug":"quem-e-o-xodo-de-jorge-jesus-que-e-unanimidade-no-flamengo-e-recusou-ate-europa-para-voltar-ao-clube","status":"publish","type":"post","link":"https:\/\/www.gaveanews.com\/index.php\/2022\/12\/27\/quem-e-o-xodo-de-jorge-jesus-que-e-unanimidade-no-flamengo-e-recusou-ate-europa-para-voltar-ao-clube\/","title":{"rendered":"Quem \u00e9 o xod\u00f3 de Jorge Jesus que \u00e9 unanimidade no Flamengo e recusou at\u00e9 Europa para voltar ao clube"},"content":{"rendered":"\n<p>O Flamengo retornou \u00e0s atividades na \u00faltima segunda-feira (26). Ainda sem V\u00edtor Pereira, que tem contrato ao Corinthians e chega apenas no dia 2 de janeiro, o Rubro-Negro teve dois nomes \u00e0 frente do comando da equipe, sendo que um deles est\u00e1 de volta ao Ninho do Urubu.<\/p>\n\n\n\n<p>Trata-se de M\u00e1rio Monteiro, preparador f\u00edsico dos tempos de Jorge Jesus. Ele chegou a se emocionar neste retorno ao Flamengo e teve a volta sendo muito festejada internamente, muito pelo trabalho realizado nos tempos do Mister.<\/p>\n\n\n\n<figure class=\"wp-block-image size-full\"><img loading=\"lazy\" decoding=\"async\" width=\"984\" height=\"656\" src=\"https:\/\/www.gaveanews.com\/wp-content\/uploads\/mario-monteiro-flamengo.webp\" alt=\"\" class=\"wp-image-91934\" srcset=\"https:\/\/www.gaveanews.com\/wp-content\/uploads\/mario-monteiro-flamengo.webp 984w, https:\/\/www.gaveanews.com\/wp-content\/uploads\/mario-monteiro-flamengo-300x200.webp 300w, https:\/\/www.gaveanews.com\/wp-content\/uploads\/mario-monteiro-flamengo-768x512.webp 768w, https:\/\/www.gaveanews.com\/wp-content\/uploads\/mario-monteiro-flamengo-630x420.webp 630w, https:\/\/www.gaveanews.com\/wp-content\/uploads\/mario-monteiro-flamengo-640x427.webp 640w, https:\/\/www.gaveanews.com\/wp-content\/uploads\/mario-monteiro-flamengo-681x454.webp 681w, https:\/\/www.gaveanews.com\/wp-content\/uploads\/mario-monteiro-flamengo-100x67.webp 100w\" sizes=\"auto, (max-width: 984px) 100vw, 984px\" \/><figcaption class=\"wp-element-caption\">M\u00e1rio Monteiro foi campe\u00e3o pelo Flamengo em 2019 (Foto: Reprodu\u00e7\u00e3o\/Instagram)<\/figcaption><\/figure>\n\n\n\n<p>Por onde Jesus passou, M\u00e1rio Monteiro estava por l\u00e1 para ser o bra\u00e7o direito do portugu\u00eas que entrou para a hist\u00f3ria do Flamengo. Considerado o mais querido entre os portugueses, ele teve identifica\u00e7\u00e3o imediata l\u00e1 em 2019. N\u00e3o havia uma pessoa no CT que n\u00e3o gostasse da alegria e do profissionalismo de Mario, considerado, com sobras, o mais brasileiro da turma.<\/p>\n\n\n\n<p>No \u00faltimo dia 14, M\u00e1rio Monteiro fez um longo texto de homenagem para Jorge Jesus. Exaltava toda a parceria de anos, destacava as dificuldades e soltava uma frase que martelou no per\u00edodo p\u00f3s-Mister: &#8221;J\u00e1 est\u00e1vamos mal habituados com tantas gl\u00f3rias&#8221;. O torcedor, acostumado com as vit\u00f3rias, queria que cada t\u00e9cnico fosse parecido com JJ. Nessa, Dome, Rog\u00e9rio Ceni, Renato Ga\u00facho e Paulo Sousa sofreram.<\/p>\n\n\n\n<p>Ao GE, o profissional deixou claro que sair do Flamengo em julho de 2020 foi um erro. E afirmou que nem proposta de qualquer clube da Europa o faria voltar. Algo diferente se fosse o convite do Rubro-Negro.<\/p>\n\n\n\n<p>&#8220;Apenas duas situa\u00e7\u00f5es me fariam voltar a trabalhar: retornar ao Flamengo, clube de onde nunca devia ter sa\u00eddo, ou uma sele\u00e7\u00e3o de Portugal ou do Brasil&#8221;, disse Mario, que recusou uma oferta de Jorge Jesus para ir \u00e0 Turquia.<\/p>\n\n\n\n<p>&#8220;A expectativa \u00e9 muito grande. J\u00e1 tinha dito ao Jorge Jesus que na Europa eu n\u00e3o trabalharia mais, j\u00e1 tinha dado por encerrada minha carreira. Gostaria de ter terminado no Benfica de uma maneira melhor e optei por ficar um ano sem trabalhar. Em clubes, s\u00f3 o Flamengo, que tinha me oferecido a perman\u00eancia em 2020, mas fui leal ao meu treinador. Estou muito feliz! Volto para uma casa que gosto muito e sempre fui muito bem tratado. Tenho um carinho especial. As expectativas s\u00e3o elevadas&#8221;, concluiu.<\/p>\n\n\n\n<p>Agora, M\u00e1rio Monteiro ser\u00e1 um dos nomes de confian\u00e7a de V\u00edtor Pereira. A expectativa do torcedor \u00e9 de que o profissional tenha o mesmo sucesso dos tempos de Jorge Jesus, quando faturou os seguintes t\u00edtulos: Conmebol Libertadores, Brasileir\u00e3o, Campeonato Carioca, Recopa Sul-Americana e Supercopa do Brasil.<\/p>\n\n\n\n<p>Retirado de: ESPN<\/p>\n","protected":false},"excerpt":{"rendered":"<p>O Flamengo retornou \u00e0s atividades na \u00faltima segunda-feira (26). Ainda sem V\u00edtor Pereira, que tem contrato ao Corinthians e chega apenas no dia 2 de janeiro, o Rubro-Negro teve dois nomes \u00e0 frente do comando da equipe, sendo que um deles est\u00e1 de volta ao Ninho do Urubu. Trata-se de M\u00e1rio Monteiro, preparador f\u00edsico dos [&hellip;]<\/p>\n","protected":false},"author":1,"featured_media":28886,"comment_status":"open","ping_status":"closed","sticky":false,"template":"","format":"standard","meta":{"footnotes":""},"categories":[1],"tags":[],"class_list":["post-92530","post","type-post","status-publish","format-standard","has-post-thumbnail","hentry","category-flamengo"],"yoast_head":"<!-- This site is optimized with the Yoast SEO Premium plugin v24.2 (Yoast SEO v26.9) - https:\/\/yoast.com\/product\/yoast-seo-premium-wordpress\/ -->\n<title>Quem \u00e9 o xod\u00f3 de Jorge Jesus que \u00e9 unanimidade no Flamengo e recusou at\u00e9 Europa para voltar ao clube<\/title>\n<meta name=\"robots\" content=\"index, follow, max-snippet:-1, max-image-preview:large, max-video-preview:-1\" \/>\n<link rel=\"canonical\" href=\"https:\/\/www.gaveanews.com\/index.php\/2022\/12\/27\/quem-e-o-xodo-de-jorge-jesus-que-e-unanimidade-no-flamengo-e-recusou-ate-europa-para-voltar-ao-clube\/\" \/>\n<meta property=\"og:locale\" content=\"pt_BR\" \/>\n<meta property=\"og:type\" content=\"article\" \/>\n<meta property=\"og:title\" content=\"Quem \u00e9 o xod\u00f3 de Jorge Jesus que \u00e9 unanimidade no Flamengo e recusou at\u00e9 Europa para voltar ao clube\" \/>\n<meta property=\"og:description\" content=\"O Flamengo retornou \u00e0s atividades na \u00faltima segunda-feira (26). Ainda sem V\u00edtor Pereira, que tem contrato ao Corinthians e chega apenas no dia 2 de janeiro, o Rubro-Negro teve dois nomes \u00e0 frente do comando da equipe, sendo que um deles est\u00e1 de volta ao Ninho do Urubu. Trata-se de M\u00e1rio Monteiro, preparador f\u00edsico dos [&hellip;]\" \/>\n<meta property=\"og:url\" content=\"https:\/\/www.gaveanews.com\/index.php\/2022\/12\/27\/quem-e-o-xodo-de-jorge-jesus-que-e-unanimidade-no-flamengo-e-recusou-ate-europa-para-voltar-ao-clube\/\" \/>\n<meta property=\"og:site_name\" content=\"G\u00e1vea News\" \/>\n<meta property=\"article:publisher\" content=\"https:\/\/facebook.com\/gaveaNews\/\" \/>\n<meta property=\"article:published_time\" content=\"2022-12-27T12:56:03+00:00\" \/>\n<meta property=\"article:modified_time\" content=\"2022-12-27T12:56:07+00:00\" \/>\n<meta property=\"og:image\" content=\"https:\/\/www.gaveanews.com\/wp-content\/uploads\/Jorge-Jesus-durante-uma-partida-do-Flamengo.webp\" \/>\n\t<meta property=\"og:image:width\" content=\"900\" \/>\n\t<meta property=\"og:image:height\" content=\"600\" \/>\n\t<meta property=\"og:image:type\" content=\"image\/jpeg\" \/>\n<meta name=\"author\" content=\"Equipe G\u00e1vea News\" \/>\n<meta name=\"twitter:card\" content=\"summary_large_image\" \/>\n<meta name=\"twitter:label1\" content=\"Escrito por\" \/>\n\t<meta name=\"twitter:data1\" content=\"Equipe G\u00e1vea News\" \/>\n\t<meta name=\"twitter:label2\" content=\"Est. tempo de leitura\" \/>\n\t<meta name=\"twitter:data2\" content=\"3 minutos\" \/>\n<script type=\"application\/ld+json\" class=\"yoast-schema-graph\">{\"@context\":\"https:\/\/schema.org\",\"@graph\":[{\"@type\":\"NewsArticle\",\"@id\":\"https:\/\/www.gaveanews.com\/index.php\/2022\/12\/27\/quem-e-o-xodo-de-jorge-jesus-que-e-unanimidade-no-flamengo-e-recusou-ate-europa-para-voltar-ao-clube\/#article\",\"isPartOf\":{\"@id\":\"https:\/\/www.gaveanews.com\/index.php\/2022\/12\/27\/quem-e-o-xodo-de-jorge-jesus-que-e-unanimidade-no-flamengo-e-recusou-ate-europa-para-voltar-ao-clube\/\"},\"author\":{\"name\":\"Equipe G\u00e1vea News\",\"@id\":\"https:\/\/www.gaveanews.com\/#\/schema\/person\/2ec14f73fb96be2caf28f91afb14749d\"},\"headline\":\"Quem \u00e9 o xod\u00f3 de Jorge Jesus que \u00e9 unanimidade no Flamengo e recusou at\u00e9 Europa para voltar ao clube\",\"datePublished\":\"2022-12-27T12:56:03+00:00\",\"dateModified\":\"2022-12-27T12:56:07+00:00\",\"mainEntityOfPage\":{\"@id\":\"https:\/\/www.gaveanews.com\/index.php\/2022\/12\/27\/quem-e-o-xodo-de-jorge-jesus-que-e-unanimidade-no-flamengo-e-recusou-ate-europa-para-voltar-ao-clube\/\"},\"wordCount\":473,\"commentCount\":0,\"image\":{\"@id\":\"https:\/\/www.gaveanews.com\/index.php\/2022\/12\/27\/quem-e-o-xodo-de-jorge-jesus-que-e-unanimidade-no-flamengo-e-recusou-ate-europa-para-voltar-ao-clube\/#primaryimage\"},\"thumbnailUrl\":\"https:\/\/www.gaveanews.com\/wp-content\/uploads\/Jorge-Jesus-durante-uma-partida-do-Flamengo.webp\",\"articleSection\":[\"Flamengo\"],\"inLanguage\":\"pt-BR\",\"potentialAction\":[{\"@type\":\"CommentAction\",\"name\":\"Comment\",\"target\":[\"https:\/\/www.gaveanews.com\/index.php\/2022\/12\/27\/quem-e-o-xodo-de-jorge-jesus-que-e-unanimidade-no-flamengo-e-recusou-ate-europa-para-voltar-ao-clube\/#respond\"]}],\"copyrightYear\":\"2022\",\"copyrightHolder\":{\"@id\":\"https:\/\/www.gaveanews.com\/#organization\"}},{\"@type\":\"WebPage\",\"@id\":\"https:\/\/www.gaveanews.com\/index.php\/2022\/12\/27\/quem-e-o-xodo-de-jorge-jesus-que-e-unanimidade-no-flamengo-e-recusou-ate-europa-para-voltar-ao-clube\/\",\"url\":\"https:\/\/www.gaveanews.com\/index.php\/2022\/12\/27\/quem-e-o-xodo-de-jorge-jesus-que-e-unanimidade-no-flamengo-e-recusou-ate-europa-para-voltar-ao-clube\/\",\"name\":\"Quem \u00e9 o xod\u00f3 de Jorge Jesus que \u00e9 unanimidade no Flamengo e recusou at\u00e9 Europa para voltar ao clube\",\"isPartOf\":{\"@id\":\"https:\/\/www.gaveanews.com\/#website\"},\"primaryImageOfPage\":{\"@id\":\"https:\/\/www.gaveanews.com\/index.php\/2022\/12\/27\/quem-e-o-xodo-de-jorge-jesus-que-e-unanimidade-no-flamengo-e-recusou-ate-europa-para-voltar-ao-clube\/#primaryimage\"},\"image\":{\"@id\":\"https:\/\/www.gaveanews.com\/index.php\/2022\/12\/27\/quem-e-o-xodo-de-jorge-jesus-que-e-unanimidade-no-flamengo-e-recusou-ate-europa-para-voltar-ao-clube\/#primaryimage\"},\"thumbnailUrl\":\"https:\/\/www.gaveanews.com\/wp-content\/uploads\/Jorge-Jesus-durante-uma-partida-do-Flamengo.webp\",\"datePublished\":\"2022-12-27T12:56:03+00:00\",\"dateModified\":\"2022-12-27T12:56:07+00:00\",\"author\":{\"@id\":\"https:\/\/www.gaveanews.com\/#\/schema\/person\/2ec14f73fb96be2caf28f91afb14749d\"},\"breadcrumb\":{\"@id\":\"https:\/\/www.gaveanews.com\/index.php\/2022\/12\/27\/quem-e-o-xodo-de-jorge-jesus-que-e-unanimidade-no-flamengo-e-recusou-ate-europa-para-voltar-ao-clube\/#breadcrumb\"},\"inLanguage\":\"pt-BR\",\"potentialAction\":[{\"@type\":\"ReadAction\",\"target\":[\"https:\/\/www.gaveanews.com\/index.php\/2022\/12\/27\/quem-e-o-xodo-de-jorge-jesus-que-e-unanimidade-no-flamengo-e-recusou-ate-europa-para-voltar-ao-clube\/\"]}]},{\"@type\":\"ImageObject\",\"inLanguage\":\"pt-BR\",\"@id\":\"https:\/\/www.gaveanews.com\/index.php\/2022\/12\/27\/quem-e-o-xodo-de-jorge-jesus-que-e-unanimidade-no-flamengo-e-recusou-ate-europa-para-voltar-ao-clube\/#primaryimage\",\"url\":\"https:\/\/www.gaveanews.com\/wp-content\/uploads\/Jorge-Jesus-durante-uma-partida-do-Flamengo.webp\",\"contentUrl\":\"https:\/\/www.gaveanews.com\/wp-content\/uploads\/Jorge-Jesus-durante-uma-partida-do-Flamengo.webp\",\"width\":900,\"height\":600,\"caption\":\"Jorge Jesus durante uma partida do Flamengo (Foto: Alexandre Vidal\/Flamengo)\"},{\"@type\":\"BreadcrumbList\",\"@id\":\"https:\/\/www.gaveanews.com\/index.php\/2022\/12\/27\/quem-e-o-xodo-de-jorge-jesus-que-e-unanimidade-no-flamengo-e-recusou-ate-europa-para-voltar-ao-clube\/#breadcrumb\",\"itemListElement\":[{\"@type\":\"ListItem\",\"position\":1,\"name\":\"Home\",\"item\":\"https:\/\/www.gaveanews.com\/\"},{\"@type\":\"ListItem\",\"position\":2,\"name\":\"Quem \u00e9 o xod\u00f3 de Jorge Jesus que \u00e9 unanimidade no Flamengo e recusou at\u00e9 Europa para voltar ao clube\"}]},{\"@type\":\"WebSite\",\"@id\":\"https:\/\/www.gaveanews.com\/#website\",\"url\":\"https:\/\/www.gaveanews.com\/\",\"name\":\"G\u00e1vea News\",\"description\":\"Veja todas as not\u00edcias sobre o Flamengo: Contrata\u00e7\u00f5es, categorias de base, resultados das partidas, tabela de classifica\u00e7\u00e3o, pr\u00f3ximos jogos!\",\"potentialAction\":[{\"@type\":\"SearchAction\",\"target\":{\"@type\":\"EntryPoint\",\"urlTemplate\":\"https:\/\/www.gaveanews.com\/?s={search_term_string}\"},\"query-input\":{\"@type\":\"PropertyValueSpecification\",\"valueRequired\":true,\"valueName\":\"search_term_string\"}}],\"inLanguage\":\"pt-BR\"},{\"@type\":\"Person\",\"@id\":\"https:\/\/www.gaveanews.com\/#\/schema\/person\/2ec14f73fb96be2caf28f91afb14749d\",\"name\":\"Equipe G\u00e1vea News\",\"image\":{\"@type\":\"ImageObject\",\"inLanguage\":\"pt-BR\",\"@id\":\"https:\/\/www.gaveanews.com\/#\/schema\/person\/image\/\",\"url\":\"https:\/\/secure.gravatar.com\/avatar\/1e1956f1facbffd3f8fa53a326721950116b3b9dc9bd44939c01180fd4a745a9?s=96&d=mm&r=g\",\"contentUrl\":\"https:\/\/secure.gravatar.com\/avatar\/1e1956f1facbffd3f8fa53a326721950116b3b9dc9bd44939c01180fd4a745a9?s=96&d=mm&r=g\",\"caption\":\"Equipe G\u00e1vea News\"}}]}<\/script>\n<!-- \/ Yoast SEO Premium plugin. -->","yoast_head_json":{"title":"Quem \u00e9 o xod\u00f3 de Jorge Jesus que \u00e9 unanimidade no Flamengo e recusou at\u00e9 Europa para voltar ao clube","robots":{"index":"index","follow":"follow","max-snippet":"max-snippet:-1","max-image-preview":"max-image-preview:large","max-video-preview":"max-video-preview:-1"},"canonical":"https:\/\/www.gaveanews.com\/index.php\/2022\/12\/27\/quem-e-o-xodo-de-jorge-jesus-que-e-unanimidade-no-flamengo-e-recusou-ate-europa-para-voltar-ao-clube\/","og_locale":"pt_BR","og_type":"article","og_title":"Quem \u00e9 o xod\u00f3 de Jorge Jesus que \u00e9 unanimidade no Flamengo e recusou at\u00e9 Europa para voltar ao clube","og_description":"O Flamengo retornou \u00e0s atividades na \u00faltima segunda-feira (26). Ainda sem V\u00edtor Pereira, que tem contrato ao Corinthians e chega apenas no dia 2 de janeiro, o Rubro-Negro teve dois nomes \u00e0 frente do comando da equipe, sendo que um deles est\u00e1 de volta ao Ninho do Urubu. Trata-se de M\u00e1rio Monteiro, preparador f\u00edsico dos [&hellip;]","og_url":"https:\/\/www.gaveanews.com\/index.php\/2022\/12\/27\/quem-e-o-xodo-de-jorge-jesus-que-e-unanimidade-no-flamengo-e-recusou-ate-europa-para-voltar-ao-clube\/","og_site_name":"G\u00e1vea News","article_publisher":"https:\/\/facebook.com\/gaveaNews\/","article_published_time":"2022-12-27T12:56:03+00:00","article_modified_time":"2022-12-27T12:56:07+00:00","og_image":[{"width":900,"height":600,"url":"https:\/\/www.gaveanews.com\/wp-content\/uploads\/Jorge-Jesus-durante-uma-partida-do-Flamengo.webp","type":"image\/jpeg"}],"author":"Equipe G\u00e1vea News","twitter_card":"summary_large_image","twitter_misc":{"Escrito por":"Equipe G\u00e1vea News","Est. tempo de leitura":"3 minutos"},"schema":{"@context":"https:\/\/schema.org","@graph":[{"@type":"NewsArticle","@id":"https:\/\/www.gaveanews.com\/index.php\/2022\/12\/27\/quem-e-o-xodo-de-jorge-jesus-que-e-unanimidade-no-flamengo-e-recusou-ate-europa-para-voltar-ao-clube\/#article","isPartOf":{"@id":"https:\/\/www.gaveanews.com\/index.php\/2022\/12\/27\/quem-e-o-xodo-de-jorge-jesus-que-e-unanimidade-no-flamengo-e-recusou-ate-europa-para-voltar-ao-clube\/"},"author":{"name":"Equipe G\u00e1vea News","@id":"https:\/\/www.gaveanews.com\/#\/schema\/person\/2ec14f73fb96be2caf28f91afb14749d"},"headline":"Quem \u00e9 o xod\u00f3 de Jorge Jesus que \u00e9 unanimidade no Flamengo e recusou at\u00e9 Europa para voltar ao clube","datePublished":"2022-12-27T12:56:03+00:00","dateModified":"2022-12-27T12:56:07+00:00","mainEntityOfPage":{"@id":"https:\/\/www.gaveanews.com\/index.php\/2022\/12\/27\/quem-e-o-xodo-de-jorge-jesus-que-e-unanimidade-no-flamengo-e-recusou-ate-europa-para-voltar-ao-clube\/"},"wordCount":473,"commentCount":0,"image":{"@id":"https:\/\/www.gaveanews.com\/index.php\/2022\/12\/27\/quem-e-o-xodo-de-jorge-jesus-que-e-unanimidade-no-flamengo-e-recusou-ate-europa-para-voltar-ao-clube\/#primaryimage"},"thumbnailUrl":"https:\/\/www.gaveanews.com\/wp-content\/uploads\/Jorge-Jesus-durante-uma-partida-do-Flamengo.webp","articleSection":["Flamengo"],"inLanguage":"pt-BR","potentialAction":[{"@type":"CommentAction","name":"Comment","target":["https:\/\/www.gaveanews.com\/index.php\/2022\/12\/27\/quem-e-o-xodo-de-jorge-jesus-que-e-unanimidade-no-flamengo-e-recusou-ate-europa-para-voltar-ao-clube\/#respond"]}],"copyrightYear":"2022","copyrightHolder":{"@id":"https:\/\/www.gaveanews.com\/#organization"}},{"@type":"WebPage","@id":"https:\/\/www.gaveanews.com\/index.php\/2022\/12\/27\/quem-e-o-xodo-de-jorge-jesus-que-e-unanimidade-no-flamengo-e-recusou-ate-europa-para-voltar-ao-clube\/","url":"https:\/\/www.gaveanews.com\/index.php\/2022\/12\/27\/quem-e-o-xodo-de-jorge-jesus-que-e-unanimidade-no-flamengo-e-recusou-ate-europa-para-voltar-ao-clube\/","name":"Quem \u00e9 o xod\u00f3 de Jorge Jesus que \u00e9 unanimidade no Flamengo e recusou at\u00e9 Europa para voltar ao clube","isPartOf":{"@id":"https:\/\/www.gaveanews.com\/#website"},"primaryImageOfPage":{"@id":"https:\/\/www.gaveanews.com\/index.php\/2022\/12\/27\/quem-e-o-xodo-de-jorge-jesus-que-e-unanimidade-no-flamengo-e-recusou-ate-europa-para-voltar-ao-clube\/#primaryimage"},"image":{"@id":"https:\/\/www.gaveanews.com\/index.php\/2022\/12\/27\/quem-e-o-xodo-de-jorge-jesus-que-e-unanimidade-no-flamengo-e-recusou-ate-europa-para-voltar-ao-clube\/#primaryimage"},"thumbnailUrl":"https:\/\/www.gaveanews.com\/wp-content\/uploads\/Jorge-Jesus-durante-uma-partida-do-Flamengo.webp","datePublished":"2022-12-27T12:56:03+00:00","dateModified":"2022-12-27T12:56:07+00:00","author":{"@id":"https:\/\/www.gaveanews.com\/#\/schema\/person\/2ec14f73fb96be2caf28f91afb14749d"},"breadcrumb":{"@id":"https:\/\/www.gaveanews.com\/index.php\/2022\/12\/27\/quem-e-o-xodo-de-jorge-jesus-que-e-unanimidade-no-flamengo-e-recusou-ate-europa-para-voltar-ao-clube\/#breadcrumb"},"inLanguage":"pt-BR","potentialAction":[{"@type":"ReadAction","target":["https:\/\/www.gaveanews.com\/index.php\/2022\/12\/27\/quem-e-o-xodo-de-jorge-jesus-que-e-unanimidade-no-flamengo-e-recusou-ate-europa-para-voltar-ao-clube\/"]}]},{"@type":"ImageObject","inLanguage":"pt-BR","@id":"https:\/\/www.gaveanews.com\/index.php\/2022\/12\/27\/quem-e-o-xodo-de-jorge-jesus-que-e-unanimidade-no-flamengo-e-recusou-ate-europa-para-voltar-ao-clube\/#primaryimage","url":"https:\/\/www.gaveanews.com\/wp-content\/uploads\/Jorge-Jesus-durante-uma-partida-do-Flamengo.webp","contentUrl":"https:\/\/www.gaveanews.com\/wp-content\/uploads\/Jorge-Jesus-durante-uma-partida-do-Flamengo.webp","width":900,"height":600,"caption":"Jorge Jesus durante uma partida do Flamengo (Foto: Alexandre Vidal\/Flamengo)"},{"@type":"BreadcrumbList","@id":"https:\/\/www.gaveanews.com\/index.php\/2022\/12\/27\/quem-e-o-xodo-de-jorge-jesus-que-e-unanimidade-no-flamengo-e-recusou-ate-europa-para-voltar-ao-clube\/#breadcrumb","itemListElement":[{"@type":"ListItem","position":1,"name":"Home","item":"https:\/\/www.gaveanews.com\/"},{"@type":"ListItem","position":2,"name":"Quem \u00e9 o xod\u00f3 de Jorge Jesus que \u00e9 unanimidade no Flamengo e recusou at\u00e9 Europa para voltar ao clube"}]},{"@type":"WebSite","@id":"https:\/\/www.gaveanews.com\/#website","url":"https:\/\/www.gaveanews.com\/","name":"G\u00e1vea News","description":"Veja todas as not\u00edcias sobre o Flamengo: Contrata\u00e7\u00f5es, categorias de base, resultados das partidas, tabela de classifica\u00e7\u00e3o, pr\u00f3ximos jogos!","potentialAction":[{"@type":"SearchAction","target":{"@type":"EntryPoint","urlTemplate":"https:\/\/www.gaveanews.com\/?s={search_term_string}"},"query-input":{"@type":"PropertyValueSpecification","valueRequired":true,"valueName":"search_term_string"}}],"inLanguage":"pt-BR"},{"@type":"Person","@id":"https:\/\/www.gaveanews.com\/#\/schema\/person\/2ec14f73fb96be2caf28f91afb14749d","name":"Equipe G\u00e1vea News","image":{"@type":"ImageObject","inLanguage":"pt-BR","@id":"https:\/\/www.gaveanews.com\/#\/schema\/person\/image\/","url":"https:\/\/secure.gravatar.com\/avatar\/1e1956f1facbffd3f8fa53a326721950116b3b9dc9bd44939c01180fd4a745a9?s=96&d=mm&r=g","contentUrl":"https:\/\/secure.gravatar.com\/avatar\/1e1956f1facbffd3f8fa53a326721950116b3b9dc9bd44939c01180fd4a745a9?s=96&d=mm&r=g","caption":"Equipe G\u00e1vea News"}}]}},"_links":{"self":[{"href":"https:\/\/www.gaveanews.com\/index.php\/wp-json\/wp\/v2\/posts\/92530","targetHints":{"allow":["GET"]}}],"collection":[{"href":"https:\/\/www.gaveanews.com\/index.php\/wp-json\/wp\/v2\/posts"}],"about":[{"href":"https:\/\/www.gaveanews.com\/index.php\/wp-json\/wp\/v2\/types\/post"}],"author":[{"embeddable":true,"href":"https:\/\/www.gaveanews.com\/index.php\/wp-json\/wp\/v2\/users\/1"}],"replies":[{"embeddable":true,"href":"https:\/\/www.gaveanews.com\/index.php\/wp-json\/wp\/v2\/comments?post=92530"}],"version-history":[{"count":0,"href":"https:\/\/www.gaveanews.com\/index.php\/wp-json\/wp\/v2\/posts\/92530\/revisions"}],"wp:featuredmedia":[{"embeddable":true,"href":"https:\/\/www.gaveanews.com\/index.php\/wp-json\/wp\/v2\/media\/28886"}],"wp:attachment":[{"href":"https:\/\/www.gaveanews.com\/index.php\/wp-json\/wp\/v2\/media?parent=92530"}],"wp:term":[{"taxonomy":"category","embeddable":true,"href":"https:\/\/www.gaveanews.com\/index.php\/wp-json\/wp\/v2\/categories?post=92530"},{"taxonomy":"post_tag","embeddable":true,"href":"https:\/\/www.gaveanews.com\/index.php\/wp-json\/wp\/v2\/tags?post=92530"}],"curies":[{"name":"wp","href":"https:\/\/api.w.org\/{rel}","templated":true}]}}