{"id":92536,"date":"2022-12-27T14:24:28","date_gmt":"2022-12-27T17:24:28","guid":{"rendered":"https:\/\/www.gaveanews.com\/?p=92536"},"modified":"2022-12-27T14:24:31","modified_gmt":"2022-12-27T17:24:31","slug":"marcos-braz-do-flamengo-se-defende-por-provocacao-ao-real-madrid","status":"publish","type":"post","link":"https:\/\/www.gaveanews.com\/index.php\/2022\/12\/27\/marcos-braz-do-flamengo-se-defende-por-provocacao-ao-real-madrid\/","title":{"rendered":"Marcos Braz, do Flamengo, se defende por provoca\u00e7\u00e3o ao Real Madrid"},"content":{"rendered":"\n<p>Ap\u00f3s a conquista da Libertadores de 2022, sobre o Athletico-PR, o vice de futebol do Flamengo, Marcos Braz, viralizou na internet ao aparecer em um v\u00eddeo no vesti\u00e1rio puxando o coro &#8220;Real Madrid, pode esperar, a sua hora vai chegar&#8221;. Era uma refer\u00eancia a uma eventual decis\u00e3o do Mundial de Clubes contra os espanh\u00f3is, A pouco mais de um m\u00eas desse poss\u00edvel confronto, o dirigente rubro-negro se defendeu e explicou o motivo da provoca\u00e7\u00e3o.<\/p>\n\n\n\n<p><em>\u2014 Eu estou sempre confiante. A gente est\u00e1 confiante. Evidentemente que houve aquelas brincadeiras, provoca\u00e7\u00f5es. Aquilo tudo foi dentro de um contexto, dentro de um vesti\u00e1rio, de uma comemora\u00e7\u00e3o de uma Libertadores e, depois, da comemora\u00e7\u00e3o do t\u00edtulo da Copa do Brasil<\/em>, disse Braz em entrevista \u00e0 FlaTV.<\/p>\n\n\n\n<p>Com quatro competi\u00e7\u00f5es no primeiro trimestre de 2023, o Flamengo tem um grande foco, que \u00e9 o Mundial de Clubes, de 1 a 11 de fevereiro. Para isso, ter\u00e1 de enfrentar possivelmente o Real Madrid em uma eventual final, caso passe pela semifinal, ainda sem advers\u00e1rio definido.<\/p>\n\n\n\n<p><em>\u2014 A gente n\u00e3o \u00e9 nenhuma crian\u00e7a, sabe do tamanho da dificuldade e n\u00e3o estamos aqui para enganar ningu\u00e9m. A gente confia no grupo que tem. Um grupo de alt\u00edssimo n\u00edvel e por ser um campeonato curto, acho que aumenta a chance do Flamengo<\/em>, completou o dirigente.<\/p>\n\n\n\n<p>Campe\u00e3o do Mundo em 1981, o Flamengo disputar\u00e1 a segunda final de Mundial de Clubes nas \u00faltimas quatro edi\u00e7\u00f5es do torneio. Em 2019, o Rubro-Negro fez jogo duro com o Liverpool e s\u00f3 perdeu com um gol na prorroga\u00e7\u00e3o.<\/p>\n\n\n\n<p>Al\u00e9m do Mundial de Clubes, o Flamengo disputar\u00e1 os trof\u00e9us da Supercopa do Brasil e da Recopa Sul-americana, al\u00e9m de disputar o Campeonato Carioca com uma equipe reserva.<\/p>\n\n\n\n<p>Retirado de: O Dia<\/p>\n","protected":false},"excerpt":{"rendered":"<p>Ap\u00f3s a conquista da Libertadores de 2022, sobre o Athletico-PR, o vice de futebol do Flamengo, Marcos Braz, viralizou na internet ao aparecer em um v\u00eddeo no vesti\u00e1rio puxando o coro &#8220;Real Madrid, pode esperar, a sua hora vai chegar&#8221;. Era uma refer\u00eancia a uma eventual decis\u00e3o do Mundial de Clubes contra os espanh\u00f3is, A [&hellip;]<\/p>\n","protected":false},"author":1,"featured_media":85562,"comment_status":"open","ping_status":"closed","sticky":false,"template":"","format":"standard","meta":{"footnotes":""},"categories":[1],"tags":[],"class_list":["post-92536","post","type-post","status-publish","format-standard","has-post-thumbnail","hentry","category-flamengo"],"yoast_head":"<!-- This site is optimized with the Yoast SEO Premium plugin v24.2 (Yoast SEO v26.9) - https:\/\/yoast.com\/product\/yoast-seo-premium-wordpress\/ -->\n<title>Marcos Braz, do Flamengo, se defende por provoca\u00e7\u00e3o ao Real Madrid<\/title>\n<meta name=\"robots\" content=\"index, follow, max-snippet:-1, max-image-preview:large, max-video-preview:-1\" \/>\n<link rel=\"canonical\" href=\"https:\/\/www.gaveanews.com\/index.php\/2022\/12\/27\/marcos-braz-do-flamengo-se-defende-por-provocacao-ao-real-madrid\/\" \/>\n<meta property=\"og:locale\" content=\"pt_BR\" \/>\n<meta property=\"og:type\" content=\"article\" \/>\n<meta property=\"og:title\" content=\"Marcos Braz, do Flamengo, se defende por provoca\u00e7\u00e3o ao Real Madrid\" \/>\n<meta property=\"og:description\" content=\"Ap\u00f3s a conquista da Libertadores de 2022, sobre o Athletico-PR, o vice de futebol do Flamengo, Marcos Braz, viralizou na internet ao aparecer em um v\u00eddeo no vesti\u00e1rio puxando o coro &#8220;Real Madrid, pode esperar, a sua hora vai chegar&#8221;. Era uma refer\u00eancia a uma eventual decis\u00e3o do Mundial de Clubes contra os espanh\u00f3is, A [&hellip;]\" \/>\n<meta property=\"og:url\" content=\"https:\/\/www.gaveanews.com\/index.php\/2022\/12\/27\/marcos-braz-do-flamengo-se-defende-por-provocacao-ao-real-madrid\/\" \/>\n<meta property=\"og:site_name\" content=\"G\u00e1vea News\" \/>\n<meta property=\"article:publisher\" content=\"https:\/\/facebook.com\/gaveaNews\/\" \/>\n<meta property=\"article:published_time\" content=\"2022-12-27T17:24:28+00:00\" \/>\n<meta property=\"article:modified_time\" content=\"2022-12-27T17:24:31+00:00\" \/>\n<meta property=\"og:image\" content=\"https:\/\/www.gaveanews.com\/wp-content\/uploads\/Marcos-Braz-em-entrevista-no-CT-do-Flamengo-1.webp\" \/>\n\t<meta property=\"og:image:width\" content=\"799\" \/>\n\t<meta property=\"og:image:height\" content=\"533\" \/>\n\t<meta property=\"og:image:type\" content=\"image\/jpeg\" \/>\n<meta name=\"author\" content=\"Equipe G\u00e1vea News\" \/>\n<meta name=\"twitter:card\" content=\"summary_large_image\" \/>\n<meta name=\"twitter:label1\" content=\"Escrito por\" \/>\n\t<meta name=\"twitter:data1\" content=\"Equipe G\u00e1vea News\" \/>\n\t<meta name=\"twitter:label2\" content=\"Est. tempo de leitura\" \/>\n\t<meta name=\"twitter:data2\" content=\"2 minutos\" \/>\n<script type=\"application\/ld+json\" class=\"yoast-schema-graph\">{\"@context\":\"https:\/\/schema.org\",\"@graph\":[{\"@type\":\"NewsArticle\",\"@id\":\"https:\/\/www.gaveanews.com\/index.php\/2022\/12\/27\/marcos-braz-do-flamengo-se-defende-por-provocacao-ao-real-madrid\/#article\",\"isPartOf\":{\"@id\":\"https:\/\/www.gaveanews.com\/index.php\/2022\/12\/27\/marcos-braz-do-flamengo-se-defende-por-provocacao-ao-real-madrid\/\"},\"author\":{\"name\":\"Equipe G\u00e1vea News\",\"@id\":\"https:\/\/www.gaveanews.com\/#\/schema\/person\/2ec14f73fb96be2caf28f91afb14749d\"},\"headline\":\"Marcos Braz, do Flamengo, se defende por provoca\u00e7\u00e3o ao Real Madrid\",\"datePublished\":\"2022-12-27T17:24:28+00:00\",\"dateModified\":\"2022-12-27T17:24:31+00:00\",\"mainEntityOfPage\":{\"@id\":\"https:\/\/www.gaveanews.com\/index.php\/2022\/12\/27\/marcos-braz-do-flamengo-se-defende-por-provocacao-ao-real-madrid\/\"},\"wordCount\":316,\"commentCount\":0,\"image\":{\"@id\":\"https:\/\/www.gaveanews.com\/index.php\/2022\/12\/27\/marcos-braz-do-flamengo-se-defende-por-provocacao-ao-real-madrid\/#primaryimage\"},\"thumbnailUrl\":\"https:\/\/www.gaveanews.com\/wp-content\/uploads\/Marcos-Braz-em-entrevista-no-CT-do-Flamengo-1.webp\",\"articleSection\":[\"Flamengo\"],\"inLanguage\":\"pt-BR\",\"potentialAction\":[{\"@type\":\"CommentAction\",\"name\":\"Comment\",\"target\":[\"https:\/\/www.gaveanews.com\/index.php\/2022\/12\/27\/marcos-braz-do-flamengo-se-defende-por-provocacao-ao-real-madrid\/#respond\"]}],\"copyrightYear\":\"2022\",\"copyrightHolder\":{\"@id\":\"https:\/\/www.gaveanews.com\/#organization\"}},{\"@type\":\"WebPage\",\"@id\":\"https:\/\/www.gaveanews.com\/index.php\/2022\/12\/27\/marcos-braz-do-flamengo-se-defende-por-provocacao-ao-real-madrid\/\",\"url\":\"https:\/\/www.gaveanews.com\/index.php\/2022\/12\/27\/marcos-braz-do-flamengo-se-defende-por-provocacao-ao-real-madrid\/\",\"name\":\"Marcos Braz, do Flamengo, se defende por provoca\u00e7\u00e3o ao Real Madrid\",\"isPartOf\":{\"@id\":\"https:\/\/www.gaveanews.com\/#website\"},\"primaryImageOfPage\":{\"@id\":\"https:\/\/www.gaveanews.com\/index.php\/2022\/12\/27\/marcos-braz-do-flamengo-se-defende-por-provocacao-ao-real-madrid\/#primaryimage\"},\"image\":{\"@id\":\"https:\/\/www.gaveanews.com\/index.php\/2022\/12\/27\/marcos-braz-do-flamengo-se-defende-por-provocacao-ao-real-madrid\/#primaryimage\"},\"thumbnailUrl\":\"https:\/\/www.gaveanews.com\/wp-content\/uploads\/Marcos-Braz-em-entrevista-no-CT-do-Flamengo-1.webp\",\"datePublished\":\"2022-12-27T17:24:28+00:00\",\"dateModified\":\"2022-12-27T17:24:31+00:00\",\"author\":{\"@id\":\"https:\/\/www.gaveanews.com\/#\/schema\/person\/2ec14f73fb96be2caf28f91afb14749d\"},\"breadcrumb\":{\"@id\":\"https:\/\/www.gaveanews.com\/index.php\/2022\/12\/27\/marcos-braz-do-flamengo-se-defende-por-provocacao-ao-real-madrid\/#breadcrumb\"},\"inLanguage\":\"pt-BR\",\"potentialAction\":[{\"@type\":\"ReadAction\",\"target\":[\"https:\/\/www.gaveanews.com\/index.php\/2022\/12\/27\/marcos-braz-do-flamengo-se-defende-por-provocacao-ao-real-madrid\/\"]}]},{\"@type\":\"ImageObject\",\"inLanguage\":\"pt-BR\",\"@id\":\"https:\/\/www.gaveanews.com\/index.php\/2022\/12\/27\/marcos-braz-do-flamengo-se-defende-por-provocacao-ao-real-madrid\/#primaryimage\",\"url\":\"https:\/\/www.gaveanews.com\/wp-content\/uploads\/Marcos-Braz-em-entrevista-no-CT-do-Flamengo-1.webp\",\"contentUrl\":\"https:\/\/www.gaveanews.com\/wp-content\/uploads\/Marcos-Braz-em-entrevista-no-CT-do-Flamengo-1.webp\",\"width\":799,\"height\":533,\"caption\":\"Marcos Braz em entrevista no CT do Flamengo (Foto: Gilvan de Souza\/Flamengo)\"},{\"@type\":\"BreadcrumbList\",\"@id\":\"https:\/\/www.gaveanews.com\/index.php\/2022\/12\/27\/marcos-braz-do-flamengo-se-defende-por-provocacao-ao-real-madrid\/#breadcrumb\",\"itemListElement\":[{\"@type\":\"ListItem\",\"position\":1,\"name\":\"Home\",\"item\":\"https:\/\/www.gaveanews.com\/\"},{\"@type\":\"ListItem\",\"position\":2,\"name\":\"Marcos Braz, do Flamengo, se defende por provoca\u00e7\u00e3o ao Real Madrid\"}]},{\"@type\":\"WebSite\",\"@id\":\"https:\/\/www.gaveanews.com\/#website\",\"url\":\"https:\/\/www.gaveanews.com\/\",\"name\":\"G\u00e1vea News\",\"description\":\"Veja todas as not\u00edcias sobre o Flamengo: Contrata\u00e7\u00f5es, categorias de base, resultados das partidas, tabela de classifica\u00e7\u00e3o, pr\u00f3ximos jogos!\",\"potentialAction\":[{\"@type\":\"SearchAction\",\"target\":{\"@type\":\"EntryPoint\",\"urlTemplate\":\"https:\/\/www.gaveanews.com\/?s={search_term_string}\"},\"query-input\":{\"@type\":\"PropertyValueSpecification\",\"valueRequired\":true,\"valueName\":\"search_term_string\"}}],\"inLanguage\":\"pt-BR\"},{\"@type\":\"Person\",\"@id\":\"https:\/\/www.gaveanews.com\/#\/schema\/person\/2ec14f73fb96be2caf28f91afb14749d\",\"name\":\"Equipe G\u00e1vea News\",\"image\":{\"@type\":\"ImageObject\",\"inLanguage\":\"pt-BR\",\"@id\":\"https:\/\/www.gaveanews.com\/#\/schema\/person\/image\/\",\"url\":\"https:\/\/secure.gravatar.com\/avatar\/1e1956f1facbffd3f8fa53a326721950116b3b9dc9bd44939c01180fd4a745a9?s=96&d=mm&r=g\",\"contentUrl\":\"https:\/\/secure.gravatar.com\/avatar\/1e1956f1facbffd3f8fa53a326721950116b3b9dc9bd44939c01180fd4a745a9?s=96&d=mm&r=g\",\"caption\":\"Equipe G\u00e1vea News\"}}]}<\/script>\n<!-- \/ Yoast SEO Premium plugin. -->","yoast_head_json":{"title":"Marcos Braz, do Flamengo, se defende por provoca\u00e7\u00e3o ao Real Madrid","robots":{"index":"index","follow":"follow","max-snippet":"max-snippet:-1","max-image-preview":"max-image-preview:large","max-video-preview":"max-video-preview:-1"},"canonical":"https:\/\/www.gaveanews.com\/index.php\/2022\/12\/27\/marcos-braz-do-flamengo-se-defende-por-provocacao-ao-real-madrid\/","og_locale":"pt_BR","og_type":"article","og_title":"Marcos Braz, do Flamengo, se defende por provoca\u00e7\u00e3o ao Real Madrid","og_description":"Ap\u00f3s a conquista da Libertadores de 2022, sobre o Athletico-PR, o vice de futebol do Flamengo, Marcos Braz, viralizou na internet ao aparecer em um v\u00eddeo no vesti\u00e1rio puxando o coro &#8220;Real Madrid, pode esperar, a sua hora vai chegar&#8221;. Era uma refer\u00eancia a uma eventual decis\u00e3o do Mundial de Clubes contra os espanh\u00f3is, A [&hellip;]","og_url":"https:\/\/www.gaveanews.com\/index.php\/2022\/12\/27\/marcos-braz-do-flamengo-se-defende-por-provocacao-ao-real-madrid\/","og_site_name":"G\u00e1vea News","article_publisher":"https:\/\/facebook.com\/gaveaNews\/","article_published_time":"2022-12-27T17:24:28+00:00","article_modified_time":"2022-12-27T17:24:31+00:00","og_image":[{"width":799,"height":533,"url":"https:\/\/www.gaveanews.com\/wp-content\/uploads\/Marcos-Braz-em-entrevista-no-CT-do-Flamengo-1.webp","type":"image\/jpeg"}],"author":"Equipe G\u00e1vea News","twitter_card":"summary_large_image","twitter_misc":{"Escrito por":"Equipe G\u00e1vea News","Est. tempo de leitura":"2 minutos"},"schema":{"@context":"https:\/\/schema.org","@graph":[{"@type":"NewsArticle","@id":"https:\/\/www.gaveanews.com\/index.php\/2022\/12\/27\/marcos-braz-do-flamengo-se-defende-por-provocacao-ao-real-madrid\/#article","isPartOf":{"@id":"https:\/\/www.gaveanews.com\/index.php\/2022\/12\/27\/marcos-braz-do-flamengo-se-defende-por-provocacao-ao-real-madrid\/"},"author":{"name":"Equipe G\u00e1vea News","@id":"https:\/\/www.gaveanews.com\/#\/schema\/person\/2ec14f73fb96be2caf28f91afb14749d"},"headline":"Marcos Braz, do Flamengo, se defende por provoca\u00e7\u00e3o ao Real Madrid","datePublished":"2022-12-27T17:24:28+00:00","dateModified":"2022-12-27T17:24:31+00:00","mainEntityOfPage":{"@id":"https:\/\/www.gaveanews.com\/index.php\/2022\/12\/27\/marcos-braz-do-flamengo-se-defende-por-provocacao-ao-real-madrid\/"},"wordCount":316,"commentCount":0,"image":{"@id":"https:\/\/www.gaveanews.com\/index.php\/2022\/12\/27\/marcos-braz-do-flamengo-se-defende-por-provocacao-ao-real-madrid\/#primaryimage"},"thumbnailUrl":"https:\/\/www.gaveanews.com\/wp-content\/uploads\/Marcos-Braz-em-entrevista-no-CT-do-Flamengo-1.webp","articleSection":["Flamengo"],"inLanguage":"pt-BR","potentialAction":[{"@type":"CommentAction","name":"Comment","target":["https:\/\/www.gaveanews.com\/index.php\/2022\/12\/27\/marcos-braz-do-flamengo-se-defende-por-provocacao-ao-real-madrid\/#respond"]}],"copyrightYear":"2022","copyrightHolder":{"@id":"https:\/\/www.gaveanews.com\/#organization"}},{"@type":"WebPage","@id":"https:\/\/www.gaveanews.com\/index.php\/2022\/12\/27\/marcos-braz-do-flamengo-se-defende-por-provocacao-ao-real-madrid\/","url":"https:\/\/www.gaveanews.com\/index.php\/2022\/12\/27\/marcos-braz-do-flamengo-se-defende-por-provocacao-ao-real-madrid\/","name":"Marcos Braz, do Flamengo, se defende por provoca\u00e7\u00e3o ao Real Madrid","isPartOf":{"@id":"https:\/\/www.gaveanews.com\/#website"},"primaryImageOfPage":{"@id":"https:\/\/www.gaveanews.com\/index.php\/2022\/12\/27\/marcos-braz-do-flamengo-se-defende-por-provocacao-ao-real-madrid\/#primaryimage"},"image":{"@id":"https:\/\/www.gaveanews.com\/index.php\/2022\/12\/27\/marcos-braz-do-flamengo-se-defende-por-provocacao-ao-real-madrid\/#primaryimage"},"thumbnailUrl":"https:\/\/www.gaveanews.com\/wp-content\/uploads\/Marcos-Braz-em-entrevista-no-CT-do-Flamengo-1.webp","datePublished":"2022-12-27T17:24:28+00:00","dateModified":"2022-12-27T17:24:31+00:00","author":{"@id":"https:\/\/www.gaveanews.com\/#\/schema\/person\/2ec14f73fb96be2caf28f91afb14749d"},"breadcrumb":{"@id":"https:\/\/www.gaveanews.com\/index.php\/2022\/12\/27\/marcos-braz-do-flamengo-se-defende-por-provocacao-ao-real-madrid\/#breadcrumb"},"inLanguage":"pt-BR","potentialAction":[{"@type":"ReadAction","target":["https:\/\/www.gaveanews.com\/index.php\/2022\/12\/27\/marcos-braz-do-flamengo-se-defende-por-provocacao-ao-real-madrid\/"]}]},{"@type":"ImageObject","inLanguage":"pt-BR","@id":"https:\/\/www.gaveanews.com\/index.php\/2022\/12\/27\/marcos-braz-do-flamengo-se-defende-por-provocacao-ao-real-madrid\/#primaryimage","url":"https:\/\/www.gaveanews.com\/wp-content\/uploads\/Marcos-Braz-em-entrevista-no-CT-do-Flamengo-1.webp","contentUrl":"https:\/\/www.gaveanews.com\/wp-content\/uploads\/Marcos-Braz-em-entrevista-no-CT-do-Flamengo-1.webp","width":799,"height":533,"caption":"Marcos Braz em entrevista no CT do Flamengo (Foto: Gilvan de Souza\/Flamengo)"},{"@type":"BreadcrumbList","@id":"https:\/\/www.gaveanews.com\/index.php\/2022\/12\/27\/marcos-braz-do-flamengo-se-defende-por-provocacao-ao-real-madrid\/#breadcrumb","itemListElement":[{"@type":"ListItem","position":1,"name":"Home","item":"https:\/\/www.gaveanews.com\/"},{"@type":"ListItem","position":2,"name":"Marcos Braz, do Flamengo, se defende por provoca\u00e7\u00e3o ao Real Madrid"}]},{"@type":"WebSite","@id":"https:\/\/www.gaveanews.com\/#website","url":"https:\/\/www.gaveanews.com\/","name":"G\u00e1vea News","description":"Veja todas as not\u00edcias sobre o Flamengo: Contrata\u00e7\u00f5es, categorias de base, resultados das partidas, tabela de classifica\u00e7\u00e3o, pr\u00f3ximos jogos!","potentialAction":[{"@type":"SearchAction","target":{"@type":"EntryPoint","urlTemplate":"https:\/\/www.gaveanews.com\/?s={search_term_string}"},"query-input":{"@type":"PropertyValueSpecification","valueRequired":true,"valueName":"search_term_string"}}],"inLanguage":"pt-BR"},{"@type":"Person","@id":"https:\/\/www.gaveanews.com\/#\/schema\/person\/2ec14f73fb96be2caf28f91afb14749d","name":"Equipe G\u00e1vea News","image":{"@type":"ImageObject","inLanguage":"pt-BR","@id":"https:\/\/www.gaveanews.com\/#\/schema\/person\/image\/","url":"https:\/\/secure.gravatar.com\/avatar\/1e1956f1facbffd3f8fa53a326721950116b3b9dc9bd44939c01180fd4a745a9?s=96&d=mm&r=g","contentUrl":"https:\/\/secure.gravatar.com\/avatar\/1e1956f1facbffd3f8fa53a326721950116b3b9dc9bd44939c01180fd4a745a9?s=96&d=mm&r=g","caption":"Equipe G\u00e1vea News"}}]}},"_links":{"self":[{"href":"https:\/\/www.gaveanews.com\/index.php\/wp-json\/wp\/v2\/posts\/92536","targetHints":{"allow":["GET"]}}],"collection":[{"href":"https:\/\/www.gaveanews.com\/index.php\/wp-json\/wp\/v2\/posts"}],"about":[{"href":"https:\/\/www.gaveanews.com\/index.php\/wp-json\/wp\/v2\/types\/post"}],"author":[{"embeddable":true,"href":"https:\/\/www.gaveanews.com\/index.php\/wp-json\/wp\/v2\/users\/1"}],"replies":[{"embeddable":true,"href":"https:\/\/www.gaveanews.com\/index.php\/wp-json\/wp\/v2\/comments?post=92536"}],"version-history":[{"count":0,"href":"https:\/\/www.gaveanews.com\/index.php\/wp-json\/wp\/v2\/posts\/92536\/revisions"}],"wp:featuredmedia":[{"embeddable":true,"href":"https:\/\/www.gaveanews.com\/index.php\/wp-json\/wp\/v2\/media\/85562"}],"wp:attachment":[{"href":"https:\/\/www.gaveanews.com\/index.php\/wp-json\/wp\/v2\/media?parent=92536"}],"wp:term":[{"taxonomy":"category","embeddable":true,"href":"https:\/\/www.gaveanews.com\/index.php\/wp-json\/wp\/v2\/categories?post=92536"},{"taxonomy":"post_tag","embeddable":true,"href":"https:\/\/www.gaveanews.com\/index.php\/wp-json\/wp\/v2\/tags?post=92536"}],"curies":[{"name":"wp","href":"https:\/\/api.w.org\/{rel}","templated":true}]}}