{"id":92538,"date":"2022-12-27T14:27:27","date_gmt":"2022-12-27T17:27:27","guid":{"rendered":"https:\/\/www.gaveanews.com\/?p=92538"},"modified":"2022-12-27T14:27:29","modified_gmt":"2022-12-27T17:27:29","slug":"crias-do-flamengo-revelam-treinos-nas-ferias-para-chegarem-voando-na-reapresentacao","status":"publish","type":"post","link":"https:\/\/www.gaveanews.com\/index.php\/2022\/12\/27\/crias-do-flamengo-revelam-treinos-nas-ferias-para-chegarem-voando-na-reapresentacao\/","title":{"rendered":"Crias do Flamengo revelam treinos nas f\u00e9rias para chegarem \u2018voando\u2019 na reapresenta\u00e7\u00e3o"},"content":{"rendered":"\n<p>Na \u00faltima segunda-feira (26), os jogadores do Flamengo se representaram no Ninho do Urubu. Os atletas fizeram uma bateria de exames para iniciar os treinamentos de prepara\u00e7\u00e3o para a temporada 2023.<\/p>\n\n\n\n<p>Com as aus\u00eancias de Varela, Arrascaeta, Everton Ribeiro e Pedro que s\u00f3 v\u00e3o se reapresentar ap\u00f3s a virada do ano, todos os principais jogadores do Flamengo iniciaram os trabalhos. V\u00edtor Pereira \u00e9 outro que s\u00f3 via iniciar os trabalhos em janeiro, por conta do contrato em vigor com o Corinthians.<\/p>\n\n\n\n<p>Em entrevista \u00e0 \u2018FLA TV\u2019, Matheuzinho falou sobre as f\u00e9rias. O lateral do Flamengo afirmou que descansou, mas nos \u00faltimos 15 dias de f\u00e9rias come\u00e7ou a treinar por conta pr\u00f3pria visando a temporada 2023.<\/p>\n\n\n\n<p><em>\u2014<\/em> <em>Foram f\u00e9rias maravilhosas, curti bastante ao lado da minha fam\u00edlia deu para descansar bastante. Agora \u00e9 focar nesse ano de 2023 que vai ser muito importante para gente e se Deus quiser teremos muitos t\u00edtulos, voltei a treinar por conta pr\u00f3pria antes do fim das f\u00e9rias. As expectativas para o pr\u00f3ximo ano s\u00e3o as melhores, temos muitos campeonatos para disputar, vamos em busca desse Mundial e estou muito focado para ajudar o Flamengo no ano<\/em>, disse Matheuzinho.<\/p>\n\n\n\n<p>Victor Hugo tamb\u00e9m falou com a \u2018FLA TV\u2019, ressaltando a import\u00e2ncia do descanso. A cria do Flamengo afirmou que est\u00e1 focado para a temporada, e que quer colaborar muito para as conquistas dos t\u00edtulos em 2023.<\/p>\n\n\n\n<p><em>\u2014 Deu para curtir um pouco as f\u00e9rias, descansar bastante a fam\u00edlia. Mas nos 15 dias finais pegamos para treinar e chegar bem na reapresenta\u00e7\u00e3o, j\u00e1 que em 2023 vamos ter muitos jogos e \u00e9 sempre bom estar bem para aproveitar as oportunidades e ajudar o Flamengo.<\/em><\/p>\n\n\n\n<p>Retirado de: Di\u00e1rio do Fla<\/p>\n","protected":false},"excerpt":{"rendered":"<p>Na \u00faltima segunda-feira (26), os jogadores do Flamengo se representaram no Ninho do Urubu. Os atletas fizeram uma bateria de exames para iniciar os treinamentos de prepara\u00e7\u00e3o para a temporada 2023. Com as aus\u00eancias de Varela, Arrascaeta, Everton Ribeiro e Pedro que s\u00f3 v\u00e3o se reapresentar ap\u00f3s a virada do ano, todos os principais jogadores [&hellip;]<\/p>\n","protected":false},"author":1,"featured_media":72627,"comment_status":"open","ping_status":"closed","sticky":false,"template":"","format":"standard","meta":{"footnotes":""},"categories":[1],"tags":[],"class_list":["post-92538","post","type-post","status-publish","format-standard","has-post-thumbnail","hentry","category-flamengo"],"yoast_head":"<!-- This site is optimized with the Yoast SEO Premium plugin v24.2 (Yoast SEO v26.9) - https:\/\/yoast.com\/product\/yoast-seo-premium-wordpress\/ -->\n<title>Crias do Flamengo revelam treinos nas f\u00e9rias para chegarem \u2018voando\u2019 na reapresenta\u00e7\u00e3o<\/title>\n<meta name=\"robots\" content=\"index, follow, max-snippet:-1, max-image-preview:large, max-video-preview:-1\" \/>\n<link rel=\"canonical\" href=\"https:\/\/www.gaveanews.com\/index.php\/2022\/12\/27\/crias-do-flamengo-revelam-treinos-nas-ferias-para-chegarem-voando-na-reapresentacao\/\" \/>\n<meta property=\"og:locale\" content=\"pt_BR\" \/>\n<meta property=\"og:type\" content=\"article\" \/>\n<meta property=\"og:title\" content=\"Crias do Flamengo revelam treinos nas f\u00e9rias para chegarem \u2018voando\u2019 na reapresenta\u00e7\u00e3o\" \/>\n<meta property=\"og:description\" content=\"Na \u00faltima segunda-feira (26), os jogadores do Flamengo se representaram no Ninho do Urubu. Os atletas fizeram uma bateria de exames para iniciar os treinamentos de prepara\u00e7\u00e3o para a temporada 2023. Com as aus\u00eancias de Varela, Arrascaeta, Everton Ribeiro e Pedro que s\u00f3 v\u00e3o se reapresentar ap\u00f3s a virada do ano, todos os principais jogadores [&hellip;]\" \/>\n<meta property=\"og:url\" content=\"https:\/\/www.gaveanews.com\/index.php\/2022\/12\/27\/crias-do-flamengo-revelam-treinos-nas-ferias-para-chegarem-voando-na-reapresentacao\/\" \/>\n<meta property=\"og:site_name\" content=\"G\u00e1vea News\" \/>\n<meta property=\"article:publisher\" content=\"https:\/\/facebook.com\/gaveaNews\/\" \/>\n<meta property=\"article:published_time\" content=\"2022-12-27T17:27:27+00:00\" \/>\n<meta property=\"article:modified_time\" content=\"2022-12-27T17:27:29+00:00\" \/>\n<meta property=\"og:image\" content=\"https:\/\/www.gaveanews.com\/wp-content\/uploads\/Matheuzinho-em-acao-pelo-Flamengo-contra-o-Ceara-pelo-Campeonato-Brasileiro-2021.webp\" \/>\n\t<meta property=\"og:image:width\" content=\"800\" \/>\n\t<meta property=\"og:image:height\" content=\"534\" \/>\n\t<meta property=\"og:image:type\" content=\"image\/jpeg\" \/>\n<meta name=\"author\" content=\"Equipe G\u00e1vea News\" \/>\n<meta name=\"twitter:card\" content=\"summary_large_image\" \/>\n<meta name=\"twitter:label1\" content=\"Escrito por\" \/>\n\t<meta name=\"twitter:data1\" content=\"Equipe G\u00e1vea News\" \/>\n\t<meta name=\"twitter:label2\" content=\"Est. tempo de leitura\" \/>\n\t<meta name=\"twitter:data2\" content=\"2 minutos\" \/>\n<script type=\"application\/ld+json\" class=\"yoast-schema-graph\">{\"@context\":\"https:\/\/schema.org\",\"@graph\":[{\"@type\":\"NewsArticle\",\"@id\":\"https:\/\/www.gaveanews.com\/index.php\/2022\/12\/27\/crias-do-flamengo-revelam-treinos-nas-ferias-para-chegarem-voando-na-reapresentacao\/#article\",\"isPartOf\":{\"@id\":\"https:\/\/www.gaveanews.com\/index.php\/2022\/12\/27\/crias-do-flamengo-revelam-treinos-nas-ferias-para-chegarem-voando-na-reapresentacao\/\"},\"author\":{\"name\":\"Equipe G\u00e1vea News\",\"@id\":\"https:\/\/www.gaveanews.com\/#\/schema\/person\/2ec14f73fb96be2caf28f91afb14749d\"},\"headline\":\"Crias do Flamengo revelam treinos nas f\u00e9rias para chegarem \u2018voando\u2019 na reapresenta\u00e7\u00e3o\",\"datePublished\":\"2022-12-27T17:27:27+00:00\",\"dateModified\":\"2022-12-27T17:27:29+00:00\",\"mainEntityOfPage\":{\"@id\":\"https:\/\/www.gaveanews.com\/index.php\/2022\/12\/27\/crias-do-flamengo-revelam-treinos-nas-ferias-para-chegarem-voando-na-reapresentacao\/\"},\"wordCount\":304,\"commentCount\":0,\"image\":{\"@id\":\"https:\/\/www.gaveanews.com\/index.php\/2022\/12\/27\/crias-do-flamengo-revelam-treinos-nas-ferias-para-chegarem-voando-na-reapresentacao\/#primaryimage\"},\"thumbnailUrl\":\"https:\/\/www.gaveanews.com\/wp-content\/uploads\/Matheuzinho-em-acao-pelo-Flamengo-contra-o-Ceara-pelo-Campeonato-Brasileiro-2021.webp\",\"articleSection\":[\"Flamengo\"],\"inLanguage\":\"pt-BR\",\"potentialAction\":[{\"@type\":\"CommentAction\",\"name\":\"Comment\",\"target\":[\"https:\/\/www.gaveanews.com\/index.php\/2022\/12\/27\/crias-do-flamengo-revelam-treinos-nas-ferias-para-chegarem-voando-na-reapresentacao\/#respond\"]}],\"copyrightYear\":\"2022\",\"copyrightHolder\":{\"@id\":\"https:\/\/www.gaveanews.com\/#organization\"}},{\"@type\":\"WebPage\",\"@id\":\"https:\/\/www.gaveanews.com\/index.php\/2022\/12\/27\/crias-do-flamengo-revelam-treinos-nas-ferias-para-chegarem-voando-na-reapresentacao\/\",\"url\":\"https:\/\/www.gaveanews.com\/index.php\/2022\/12\/27\/crias-do-flamengo-revelam-treinos-nas-ferias-para-chegarem-voando-na-reapresentacao\/\",\"name\":\"Crias do Flamengo revelam treinos nas f\u00e9rias para chegarem \u2018voando\u2019 na reapresenta\u00e7\u00e3o\",\"isPartOf\":{\"@id\":\"https:\/\/www.gaveanews.com\/#website\"},\"primaryImageOfPage\":{\"@id\":\"https:\/\/www.gaveanews.com\/index.php\/2022\/12\/27\/crias-do-flamengo-revelam-treinos-nas-ferias-para-chegarem-voando-na-reapresentacao\/#primaryimage\"},\"image\":{\"@id\":\"https:\/\/www.gaveanews.com\/index.php\/2022\/12\/27\/crias-do-flamengo-revelam-treinos-nas-ferias-para-chegarem-voando-na-reapresentacao\/#primaryimage\"},\"thumbnailUrl\":\"https:\/\/www.gaveanews.com\/wp-content\/uploads\/Matheuzinho-em-acao-pelo-Flamengo-contra-o-Ceara-pelo-Campeonato-Brasileiro-2021.webp\",\"datePublished\":\"2022-12-27T17:27:27+00:00\",\"dateModified\":\"2022-12-27T17:27:29+00:00\",\"author\":{\"@id\":\"https:\/\/www.gaveanews.com\/#\/schema\/person\/2ec14f73fb96be2caf28f91afb14749d\"},\"breadcrumb\":{\"@id\":\"https:\/\/www.gaveanews.com\/index.php\/2022\/12\/27\/crias-do-flamengo-revelam-treinos-nas-ferias-para-chegarem-voando-na-reapresentacao\/#breadcrumb\"},\"inLanguage\":\"pt-BR\",\"potentialAction\":[{\"@type\":\"ReadAction\",\"target\":[\"https:\/\/www.gaveanews.com\/index.php\/2022\/12\/27\/crias-do-flamengo-revelam-treinos-nas-ferias-para-chegarem-voando-na-reapresentacao\/\"]}]},{\"@type\":\"ImageObject\",\"inLanguage\":\"pt-BR\",\"@id\":\"https:\/\/www.gaveanews.com\/index.php\/2022\/12\/27\/crias-do-flamengo-revelam-treinos-nas-ferias-para-chegarem-voando-na-reapresentacao\/#primaryimage\",\"url\":\"https:\/\/www.gaveanews.com\/wp-content\/uploads\/Matheuzinho-em-acao-pelo-Flamengo-contra-o-Ceara-pelo-Campeonato-Brasileiro-2021.webp\",\"contentUrl\":\"https:\/\/www.gaveanews.com\/wp-content\/uploads\/Matheuzinho-em-acao-pelo-Flamengo-contra-o-Ceara-pelo-Campeonato-Brasileiro-2021.webp\",\"width\":800,\"height\":534,\"caption\":\"Matheuzinho em a\u00e7\u00e3o pelo Flamengo contra o Cear\u00e1 pelo Campeonato Brasileiro 2021 (Foto: Marcelo Cortes\/Flamengo)\"},{\"@type\":\"BreadcrumbList\",\"@id\":\"https:\/\/www.gaveanews.com\/index.php\/2022\/12\/27\/crias-do-flamengo-revelam-treinos-nas-ferias-para-chegarem-voando-na-reapresentacao\/#breadcrumb\",\"itemListElement\":[{\"@type\":\"ListItem\",\"position\":1,\"name\":\"Home\",\"item\":\"https:\/\/www.gaveanews.com\/\"},{\"@type\":\"ListItem\",\"position\":2,\"name\":\"Crias do Flamengo revelam treinos nas f\u00e9rias para chegarem \u2018voando\u2019 na reapresenta\u00e7\u00e3o\"}]},{\"@type\":\"WebSite\",\"@id\":\"https:\/\/www.gaveanews.com\/#website\",\"url\":\"https:\/\/www.gaveanews.com\/\",\"name\":\"G\u00e1vea News\",\"description\":\"Veja todas as not\u00edcias sobre o Flamengo: Contrata\u00e7\u00f5es, categorias de base, resultados das partidas, tabela de classifica\u00e7\u00e3o, pr\u00f3ximos jogos!\",\"potentialAction\":[{\"@type\":\"SearchAction\",\"target\":{\"@type\":\"EntryPoint\",\"urlTemplate\":\"https:\/\/www.gaveanews.com\/?s={search_term_string}\"},\"query-input\":{\"@type\":\"PropertyValueSpecification\",\"valueRequired\":true,\"valueName\":\"search_term_string\"}}],\"inLanguage\":\"pt-BR\"},{\"@type\":\"Person\",\"@id\":\"https:\/\/www.gaveanews.com\/#\/schema\/person\/2ec14f73fb96be2caf28f91afb14749d\",\"name\":\"Equipe G\u00e1vea News\",\"image\":{\"@type\":\"ImageObject\",\"inLanguage\":\"pt-BR\",\"@id\":\"https:\/\/www.gaveanews.com\/#\/schema\/person\/image\/\",\"url\":\"https:\/\/secure.gravatar.com\/avatar\/1e1956f1facbffd3f8fa53a326721950116b3b9dc9bd44939c01180fd4a745a9?s=96&d=mm&r=g\",\"contentUrl\":\"https:\/\/secure.gravatar.com\/avatar\/1e1956f1facbffd3f8fa53a326721950116b3b9dc9bd44939c01180fd4a745a9?s=96&d=mm&r=g\",\"caption\":\"Equipe G\u00e1vea News\"}}]}<\/script>\n<!-- \/ Yoast SEO Premium plugin. -->","yoast_head_json":{"title":"Crias do Flamengo revelam treinos nas f\u00e9rias para chegarem \u2018voando\u2019 na reapresenta\u00e7\u00e3o","robots":{"index":"index","follow":"follow","max-snippet":"max-snippet:-1","max-image-preview":"max-image-preview:large","max-video-preview":"max-video-preview:-1"},"canonical":"https:\/\/www.gaveanews.com\/index.php\/2022\/12\/27\/crias-do-flamengo-revelam-treinos-nas-ferias-para-chegarem-voando-na-reapresentacao\/","og_locale":"pt_BR","og_type":"article","og_title":"Crias do Flamengo revelam treinos nas f\u00e9rias para chegarem \u2018voando\u2019 na reapresenta\u00e7\u00e3o","og_description":"Na \u00faltima segunda-feira (26), os jogadores do Flamengo se representaram no Ninho do Urubu. Os atletas fizeram uma bateria de exames para iniciar os treinamentos de prepara\u00e7\u00e3o para a temporada 2023. Com as aus\u00eancias de Varela, Arrascaeta, Everton Ribeiro e Pedro que s\u00f3 v\u00e3o se reapresentar ap\u00f3s a virada do ano, todos os principais jogadores [&hellip;]","og_url":"https:\/\/www.gaveanews.com\/index.php\/2022\/12\/27\/crias-do-flamengo-revelam-treinos-nas-ferias-para-chegarem-voando-na-reapresentacao\/","og_site_name":"G\u00e1vea News","article_publisher":"https:\/\/facebook.com\/gaveaNews\/","article_published_time":"2022-12-27T17:27:27+00:00","article_modified_time":"2022-12-27T17:27:29+00:00","og_image":[{"width":800,"height":534,"url":"https:\/\/www.gaveanews.com\/wp-content\/uploads\/Matheuzinho-em-acao-pelo-Flamengo-contra-o-Ceara-pelo-Campeonato-Brasileiro-2021.webp","type":"image\/jpeg"}],"author":"Equipe G\u00e1vea News","twitter_card":"summary_large_image","twitter_misc":{"Escrito por":"Equipe G\u00e1vea News","Est. tempo de leitura":"2 minutos"},"schema":{"@context":"https:\/\/schema.org","@graph":[{"@type":"NewsArticle","@id":"https:\/\/www.gaveanews.com\/index.php\/2022\/12\/27\/crias-do-flamengo-revelam-treinos-nas-ferias-para-chegarem-voando-na-reapresentacao\/#article","isPartOf":{"@id":"https:\/\/www.gaveanews.com\/index.php\/2022\/12\/27\/crias-do-flamengo-revelam-treinos-nas-ferias-para-chegarem-voando-na-reapresentacao\/"},"author":{"name":"Equipe G\u00e1vea News","@id":"https:\/\/www.gaveanews.com\/#\/schema\/person\/2ec14f73fb96be2caf28f91afb14749d"},"headline":"Crias do Flamengo revelam treinos nas f\u00e9rias para chegarem \u2018voando\u2019 na reapresenta\u00e7\u00e3o","datePublished":"2022-12-27T17:27:27+00:00","dateModified":"2022-12-27T17:27:29+00:00","mainEntityOfPage":{"@id":"https:\/\/www.gaveanews.com\/index.php\/2022\/12\/27\/crias-do-flamengo-revelam-treinos-nas-ferias-para-chegarem-voando-na-reapresentacao\/"},"wordCount":304,"commentCount":0,"image":{"@id":"https:\/\/www.gaveanews.com\/index.php\/2022\/12\/27\/crias-do-flamengo-revelam-treinos-nas-ferias-para-chegarem-voando-na-reapresentacao\/#primaryimage"},"thumbnailUrl":"https:\/\/www.gaveanews.com\/wp-content\/uploads\/Matheuzinho-em-acao-pelo-Flamengo-contra-o-Ceara-pelo-Campeonato-Brasileiro-2021.webp","articleSection":["Flamengo"],"inLanguage":"pt-BR","potentialAction":[{"@type":"CommentAction","name":"Comment","target":["https:\/\/www.gaveanews.com\/index.php\/2022\/12\/27\/crias-do-flamengo-revelam-treinos-nas-ferias-para-chegarem-voando-na-reapresentacao\/#respond"]}],"copyrightYear":"2022","copyrightHolder":{"@id":"https:\/\/www.gaveanews.com\/#organization"}},{"@type":"WebPage","@id":"https:\/\/www.gaveanews.com\/index.php\/2022\/12\/27\/crias-do-flamengo-revelam-treinos-nas-ferias-para-chegarem-voando-na-reapresentacao\/","url":"https:\/\/www.gaveanews.com\/index.php\/2022\/12\/27\/crias-do-flamengo-revelam-treinos-nas-ferias-para-chegarem-voando-na-reapresentacao\/","name":"Crias do Flamengo revelam treinos nas f\u00e9rias para chegarem \u2018voando\u2019 na reapresenta\u00e7\u00e3o","isPartOf":{"@id":"https:\/\/www.gaveanews.com\/#website"},"primaryImageOfPage":{"@id":"https:\/\/www.gaveanews.com\/index.php\/2022\/12\/27\/crias-do-flamengo-revelam-treinos-nas-ferias-para-chegarem-voando-na-reapresentacao\/#primaryimage"},"image":{"@id":"https:\/\/www.gaveanews.com\/index.php\/2022\/12\/27\/crias-do-flamengo-revelam-treinos-nas-ferias-para-chegarem-voando-na-reapresentacao\/#primaryimage"},"thumbnailUrl":"https:\/\/www.gaveanews.com\/wp-content\/uploads\/Matheuzinho-em-acao-pelo-Flamengo-contra-o-Ceara-pelo-Campeonato-Brasileiro-2021.webp","datePublished":"2022-12-27T17:27:27+00:00","dateModified":"2022-12-27T17:27:29+00:00","author":{"@id":"https:\/\/www.gaveanews.com\/#\/schema\/person\/2ec14f73fb96be2caf28f91afb14749d"},"breadcrumb":{"@id":"https:\/\/www.gaveanews.com\/index.php\/2022\/12\/27\/crias-do-flamengo-revelam-treinos-nas-ferias-para-chegarem-voando-na-reapresentacao\/#breadcrumb"},"inLanguage":"pt-BR","potentialAction":[{"@type":"ReadAction","target":["https:\/\/www.gaveanews.com\/index.php\/2022\/12\/27\/crias-do-flamengo-revelam-treinos-nas-ferias-para-chegarem-voando-na-reapresentacao\/"]}]},{"@type":"ImageObject","inLanguage":"pt-BR","@id":"https:\/\/www.gaveanews.com\/index.php\/2022\/12\/27\/crias-do-flamengo-revelam-treinos-nas-ferias-para-chegarem-voando-na-reapresentacao\/#primaryimage","url":"https:\/\/www.gaveanews.com\/wp-content\/uploads\/Matheuzinho-em-acao-pelo-Flamengo-contra-o-Ceara-pelo-Campeonato-Brasileiro-2021.webp","contentUrl":"https:\/\/www.gaveanews.com\/wp-content\/uploads\/Matheuzinho-em-acao-pelo-Flamengo-contra-o-Ceara-pelo-Campeonato-Brasileiro-2021.webp","width":800,"height":534,"caption":"Matheuzinho em a\u00e7\u00e3o pelo Flamengo contra o Cear\u00e1 pelo Campeonato Brasileiro 2021 (Foto: Marcelo Cortes\/Flamengo)"},{"@type":"BreadcrumbList","@id":"https:\/\/www.gaveanews.com\/index.php\/2022\/12\/27\/crias-do-flamengo-revelam-treinos-nas-ferias-para-chegarem-voando-na-reapresentacao\/#breadcrumb","itemListElement":[{"@type":"ListItem","position":1,"name":"Home","item":"https:\/\/www.gaveanews.com\/"},{"@type":"ListItem","position":2,"name":"Crias do Flamengo revelam treinos nas f\u00e9rias para chegarem \u2018voando\u2019 na reapresenta\u00e7\u00e3o"}]},{"@type":"WebSite","@id":"https:\/\/www.gaveanews.com\/#website","url":"https:\/\/www.gaveanews.com\/","name":"G\u00e1vea News","description":"Veja todas as not\u00edcias sobre o Flamengo: Contrata\u00e7\u00f5es, categorias de base, resultados das partidas, tabela de classifica\u00e7\u00e3o, pr\u00f3ximos jogos!","potentialAction":[{"@type":"SearchAction","target":{"@type":"EntryPoint","urlTemplate":"https:\/\/www.gaveanews.com\/?s={search_term_string}"},"query-input":{"@type":"PropertyValueSpecification","valueRequired":true,"valueName":"search_term_string"}}],"inLanguage":"pt-BR"},{"@type":"Person","@id":"https:\/\/www.gaveanews.com\/#\/schema\/person\/2ec14f73fb96be2caf28f91afb14749d","name":"Equipe G\u00e1vea News","image":{"@type":"ImageObject","inLanguage":"pt-BR","@id":"https:\/\/www.gaveanews.com\/#\/schema\/person\/image\/","url":"https:\/\/secure.gravatar.com\/avatar\/1e1956f1facbffd3f8fa53a326721950116b3b9dc9bd44939c01180fd4a745a9?s=96&d=mm&r=g","contentUrl":"https:\/\/secure.gravatar.com\/avatar\/1e1956f1facbffd3f8fa53a326721950116b3b9dc9bd44939c01180fd4a745a9?s=96&d=mm&r=g","caption":"Equipe G\u00e1vea News"}}]}},"_links":{"self":[{"href":"https:\/\/www.gaveanews.com\/index.php\/wp-json\/wp\/v2\/posts\/92538","targetHints":{"allow":["GET"]}}],"collection":[{"href":"https:\/\/www.gaveanews.com\/index.php\/wp-json\/wp\/v2\/posts"}],"about":[{"href":"https:\/\/www.gaveanews.com\/index.php\/wp-json\/wp\/v2\/types\/post"}],"author":[{"embeddable":true,"href":"https:\/\/www.gaveanews.com\/index.php\/wp-json\/wp\/v2\/users\/1"}],"replies":[{"embeddable":true,"href":"https:\/\/www.gaveanews.com\/index.php\/wp-json\/wp\/v2\/comments?post=92538"}],"version-history":[{"count":0,"href":"https:\/\/www.gaveanews.com\/index.php\/wp-json\/wp\/v2\/posts\/92538\/revisions"}],"wp:featuredmedia":[{"embeddable":true,"href":"https:\/\/www.gaveanews.com\/index.php\/wp-json\/wp\/v2\/media\/72627"}],"wp:attachment":[{"href":"https:\/\/www.gaveanews.com\/index.php\/wp-json\/wp\/v2\/media?parent=92538"}],"wp:term":[{"taxonomy":"category","embeddable":true,"href":"https:\/\/www.gaveanews.com\/index.php\/wp-json\/wp\/v2\/categories?post=92538"},{"taxonomy":"post_tag","embeddable":true,"href":"https:\/\/www.gaveanews.com\/index.php\/wp-json\/wp\/v2\/tags?post=92538"}],"curies":[{"name":"wp","href":"https:\/\/api.w.org\/{rel}","templated":true}]}}