{"id":92557,"date":"2022-12-27T23:00:35","date_gmt":"2022-12-28T02:00:35","guid":{"rendered":"https:\/\/www.gaveanews.com\/?p=92557"},"modified":"2022-12-27T23:00:38","modified_gmt":"2022-12-28T02:00:38","slug":"ex-jogador-do-flamengo-falece-nesta-terca-feira","status":"publish","type":"post","link":"https:\/\/www.gaveanews.com\/index.php\/2022\/12\/27\/ex-jogador-do-flamengo-falece-nesta-terca-feira\/","title":{"rendered":"Ex-jogador do Flamengo falece nesta ter\u00e7a-feira"},"content":{"rendered":"\n<p>Morreu h\u00e1 pouco, na tarde desta ter\u00e7a-feira, dia 27, Jair Bala, um dos maiores \u00eddolos da hist\u00f3ria do Am\u00e9rica-MG. Al\u00e9m do Coelho, o ex-jogador teve passagens por equipes como Palmeiras, Flamengo, Santos e Botafogo.<\/p>\n\n\n\n<p>Aos 79 anos de idade, o ex-jogador sofreu um AVC. Conforme foi informado pelo clube mineiro, o \u00eddolo esteve em coma nesse \u00faltimo m\u00eas por conta do problema de sa\u00fade, e n\u00e3o resistiu.<\/p>\n\n\n\n<p>Natural de Cachoeiro do Itapemirim, no Esp\u00edrito Santos, Jair Bala foi campe\u00e3o mineiro invicto pelo Am\u00e9rica-MG em 1971.<\/p>\n\n\n\n<p>Pelo clube mineiro, ele fez 78 gols em 91 jogos com a camisa alviverde vestida por ele entre 1964 e 1965 e, depois, entre 1970 e 1972. Jair Bala \u00e9 o 6\u00ba maior artilheiro de todos os tempos do Coelho.<\/p>\n\n\n\n<figure class=\"wp-block-image size-large\"><img decoding=\"async\" src=\"https:\/\/static-wp-tor15-prd.torcedores.com\/wp-content\/uploads\/2022\/12\/jair.webp\" alt=\"\"\/><figcaption class=\"wp-element-caption\">Jair Bala (Foto: Reprodu\u00e7\u00e3o)<\/figcaption><\/figure>\n\n\n\n<p>Antes do treino do Am\u00e9rica-MG, nesta ter\u00e7a-feira, dia 27, no CT Lanna Drumond, os jogadores rezaram um \u201cPai Nosso\u201d em respeito ao falecimento de Jair Bala.<\/p>\n\n\n\n<p>Quando jogava no Santos, Jair Bala fez parceria de ataque com Pel\u00e9. Foi ele quem substituiu o Rei do Futebol em seu mil\u00e9simo gol, no jogo contra o Vasco, em novembro de 1969. Pelo Peixe, Jair Bala marcou seu \u00fanico gol contra o Bahia, na partida anterior ao gol 1.000 de Pel\u00e9.<\/p>\n\n\n\n<p>Ap\u00f3s pendurar as chuteiras em 1973, Jair Bala virou treinador. Como t\u00e9cnico comandou v\u00e1rias equipes mineiras, mas teve seu \u00e1pice em 1980, sendo campe\u00e3o brasileiro da Segunda Divis\u00e3o (a Ta\u00e7a de Prata), como treinador do Londrina.<\/p>\n\n\n\n<p>Retirado de: Torcedores<\/p>\n","protected":false},"excerpt":{"rendered":"<p>Morreu h\u00e1 pouco, na tarde desta ter\u00e7a-feira, dia 27, Jair Bala, um dos maiores \u00eddolos da hist\u00f3ria do Am\u00e9rica-MG. Al\u00e9m do Coelho, o ex-jogador teve passagens por equipes como Palmeiras, Flamengo, Santos e Botafogo. Aos 79 anos de idade, o ex-jogador sofreu um AVC. Conforme foi informado pelo clube mineiro, o \u00eddolo esteve em coma [&hellip;]<\/p>\n","protected":false},"author":1,"featured_media":31951,"comment_status":"open","ping_status":"closed","sticky":false,"template":"","format":"standard","meta":{"footnotes":""},"categories":[1],"tags":[],"class_list":["post-92557","post","type-post","status-publish","format-standard","has-post-thumbnail","hentry","category-flamengo"],"yoast_head":"<!-- This site is optimized with the Yoast SEO Premium plugin v24.2 (Yoast SEO v26.9) - https:\/\/yoast.com\/product\/yoast-seo-premium-wordpress\/ -->\n<title>Ex-jogador do Flamengo falece nesta ter\u00e7a-feira<\/title>\n<meta name=\"description\" content=\"Antes das atividades desta ter\u00e7a-feira, todos os jogadores rezaram um Pai Nosso em respeito ao falecimento.\" \/>\n<meta name=\"robots\" content=\"index, follow, max-snippet:-1, max-image-preview:large, max-video-preview:-1\" \/>\n<link rel=\"canonical\" href=\"https:\/\/www.gaveanews.com\/index.php\/2022\/12\/27\/ex-jogador-do-flamengo-falece-nesta-terca-feira\/\" \/>\n<meta property=\"og:locale\" content=\"pt_BR\" \/>\n<meta property=\"og:type\" content=\"article\" \/>\n<meta property=\"og:title\" content=\"Ex-jogador do Flamengo falece nesta ter\u00e7a-feira\" \/>\n<meta property=\"og:description\" content=\"Antes das atividades desta ter\u00e7a-feira, todos os jogadores rezaram um Pai Nosso em respeito ao falecimento.\" \/>\n<meta property=\"og:url\" content=\"https:\/\/www.gaveanews.com\/index.php\/2022\/12\/27\/ex-jogador-do-flamengo-falece-nesta-terca-feira\/\" \/>\n<meta property=\"og:site_name\" content=\"G\u00e1vea News\" \/>\n<meta property=\"article:publisher\" content=\"https:\/\/facebook.com\/gaveaNews\/\" \/>\n<meta property=\"article:published_time\" content=\"2022-12-28T02:00:35+00:00\" \/>\n<meta property=\"article:modified_time\" content=\"2022-12-28T02:00:38+00:00\" \/>\n<meta property=\"og:image\" content=\"https:\/\/www.gaveanews.com\/wp-content\/uploads\/luto-o-que-e.webp\" \/>\n\t<meta property=\"og:image:width\" content=\"640\" \/>\n\t<meta property=\"og:image:height\" content=\"424\" \/>\n\t<meta property=\"og:image:type\" content=\"image\/jpeg\" \/>\n<meta name=\"author\" content=\"Equipe G\u00e1vea News\" \/>\n<meta name=\"twitter:card\" content=\"summary_large_image\" \/>\n<meta name=\"twitter:label1\" content=\"Escrito por\" \/>\n\t<meta name=\"twitter:data1\" content=\"Equipe G\u00e1vea News\" \/>\n\t<meta name=\"twitter:label2\" content=\"Est. tempo de leitura\" \/>\n\t<meta name=\"twitter:data2\" content=\"2 minutos\" \/>\n<script type=\"application\/ld+json\" class=\"yoast-schema-graph\">{\"@context\":\"https:\/\/schema.org\",\"@graph\":[{\"@type\":\"NewsArticle\",\"@id\":\"https:\/\/www.gaveanews.com\/index.php\/2022\/12\/27\/ex-jogador-do-flamengo-falece-nesta-terca-feira\/#article\",\"isPartOf\":{\"@id\":\"https:\/\/www.gaveanews.com\/index.php\/2022\/12\/27\/ex-jogador-do-flamengo-falece-nesta-terca-feira\/\"},\"author\":{\"name\":\"Equipe G\u00e1vea News\",\"@id\":\"https:\/\/www.gaveanews.com\/#\/schema\/person\/2ec14f73fb96be2caf28f91afb14749d\"},\"headline\":\"Ex-jogador do Flamengo falece nesta ter\u00e7a-feira\",\"datePublished\":\"2022-12-28T02:00:35+00:00\",\"dateModified\":\"2022-12-28T02:00:38+00:00\",\"mainEntityOfPage\":{\"@id\":\"https:\/\/www.gaveanews.com\/index.php\/2022\/12\/27\/ex-jogador-do-flamengo-falece-nesta-terca-feira\/\"},\"wordCount\":257,\"commentCount\":0,\"image\":{\"@id\":\"https:\/\/www.gaveanews.com\/index.php\/2022\/12\/27\/ex-jogador-do-flamengo-falece-nesta-terca-feira\/#primaryimage\"},\"thumbnailUrl\":\"https:\/\/www.gaveanews.com\/wp-content\/uploads\/luto-o-que-e.webp\",\"articleSection\":[\"Flamengo\"],\"inLanguage\":\"pt-BR\",\"potentialAction\":[{\"@type\":\"CommentAction\",\"name\":\"Comment\",\"target\":[\"https:\/\/www.gaveanews.com\/index.php\/2022\/12\/27\/ex-jogador-do-flamengo-falece-nesta-terca-feira\/#respond\"]}],\"copyrightYear\":\"2022\",\"copyrightHolder\":{\"@id\":\"https:\/\/www.gaveanews.com\/#organization\"}},{\"@type\":\"WebPage\",\"@id\":\"https:\/\/www.gaveanews.com\/index.php\/2022\/12\/27\/ex-jogador-do-flamengo-falece-nesta-terca-feira\/\",\"url\":\"https:\/\/www.gaveanews.com\/index.php\/2022\/12\/27\/ex-jogador-do-flamengo-falece-nesta-terca-feira\/\",\"name\":\"Ex-jogador do Flamengo falece nesta ter\u00e7a-feira\",\"isPartOf\":{\"@id\":\"https:\/\/www.gaveanews.com\/#website\"},\"primaryImageOfPage\":{\"@id\":\"https:\/\/www.gaveanews.com\/index.php\/2022\/12\/27\/ex-jogador-do-flamengo-falece-nesta-terca-feira\/#primaryimage\"},\"image\":{\"@id\":\"https:\/\/www.gaveanews.com\/index.php\/2022\/12\/27\/ex-jogador-do-flamengo-falece-nesta-terca-feira\/#primaryimage\"},\"thumbnailUrl\":\"https:\/\/www.gaveanews.com\/wp-content\/uploads\/luto-o-que-e.webp\",\"datePublished\":\"2022-12-28T02:00:35+00:00\",\"dateModified\":\"2022-12-28T02:00:38+00:00\",\"author\":{\"@id\":\"https:\/\/www.gaveanews.com\/#\/schema\/person\/2ec14f73fb96be2caf28f91afb14749d\"},\"description\":\"Antes das atividades desta ter\u00e7a-feira, todos os jogadores rezaram um Pai Nosso em respeito ao falecimento.\",\"breadcrumb\":{\"@id\":\"https:\/\/www.gaveanews.com\/index.php\/2022\/12\/27\/ex-jogador-do-flamengo-falece-nesta-terca-feira\/#breadcrumb\"},\"inLanguage\":\"pt-BR\",\"potentialAction\":[{\"@type\":\"ReadAction\",\"target\":[\"https:\/\/www.gaveanews.com\/index.php\/2022\/12\/27\/ex-jogador-do-flamengo-falece-nesta-terca-feira\/\"]}]},{\"@type\":\"ImageObject\",\"inLanguage\":\"pt-BR\",\"@id\":\"https:\/\/www.gaveanews.com\/index.php\/2022\/12\/27\/ex-jogador-do-flamengo-falece-nesta-terca-feira\/#primaryimage\",\"url\":\"https:\/\/www.gaveanews.com\/wp-content\/uploads\/luto-o-que-e.webp\",\"contentUrl\":\"https:\/\/www.gaveanews.com\/wp-content\/uploads\/luto-o-que-e.webp\",\"width\":640,\"height\":424},{\"@type\":\"BreadcrumbList\",\"@id\":\"https:\/\/www.gaveanews.com\/index.php\/2022\/12\/27\/ex-jogador-do-flamengo-falece-nesta-terca-feira\/#breadcrumb\",\"itemListElement\":[{\"@type\":\"ListItem\",\"position\":1,\"name\":\"Home\",\"item\":\"https:\/\/www.gaveanews.com\/\"},{\"@type\":\"ListItem\",\"position\":2,\"name\":\"Ex-jogador do Flamengo falece nesta ter\u00e7a-feira\"}]},{\"@type\":\"WebSite\",\"@id\":\"https:\/\/www.gaveanews.com\/#website\",\"url\":\"https:\/\/www.gaveanews.com\/\",\"name\":\"G\u00e1vea News\",\"description\":\"Veja todas as not\u00edcias sobre o Flamengo: Contrata\u00e7\u00f5es, categorias de base, resultados das partidas, tabela de classifica\u00e7\u00e3o, pr\u00f3ximos jogos!\",\"potentialAction\":[{\"@type\":\"SearchAction\",\"target\":{\"@type\":\"EntryPoint\",\"urlTemplate\":\"https:\/\/www.gaveanews.com\/?s={search_term_string}\"},\"query-input\":{\"@type\":\"PropertyValueSpecification\",\"valueRequired\":true,\"valueName\":\"search_term_string\"}}],\"inLanguage\":\"pt-BR\"},{\"@type\":\"Person\",\"@id\":\"https:\/\/www.gaveanews.com\/#\/schema\/person\/2ec14f73fb96be2caf28f91afb14749d\",\"name\":\"Equipe G\u00e1vea News\",\"image\":{\"@type\":\"ImageObject\",\"inLanguage\":\"pt-BR\",\"@id\":\"https:\/\/www.gaveanews.com\/#\/schema\/person\/image\/\",\"url\":\"https:\/\/secure.gravatar.com\/avatar\/1e1956f1facbffd3f8fa53a326721950116b3b9dc9bd44939c01180fd4a745a9?s=96&d=mm&r=g\",\"contentUrl\":\"https:\/\/secure.gravatar.com\/avatar\/1e1956f1facbffd3f8fa53a326721950116b3b9dc9bd44939c01180fd4a745a9?s=96&d=mm&r=g\",\"caption\":\"Equipe G\u00e1vea News\"}}]}<\/script>\n<!-- \/ Yoast SEO Premium plugin. -->","yoast_head_json":{"title":"Ex-jogador do Flamengo falece nesta ter\u00e7a-feira","description":"Antes das atividades desta ter\u00e7a-feira, todos os jogadores rezaram um Pai Nosso em respeito ao falecimento.","robots":{"index":"index","follow":"follow","max-snippet":"max-snippet:-1","max-image-preview":"max-image-preview:large","max-video-preview":"max-video-preview:-1"},"canonical":"https:\/\/www.gaveanews.com\/index.php\/2022\/12\/27\/ex-jogador-do-flamengo-falece-nesta-terca-feira\/","og_locale":"pt_BR","og_type":"article","og_title":"Ex-jogador do Flamengo falece nesta ter\u00e7a-feira","og_description":"Antes das atividades desta ter\u00e7a-feira, todos os jogadores rezaram um Pai Nosso em respeito ao falecimento.","og_url":"https:\/\/www.gaveanews.com\/index.php\/2022\/12\/27\/ex-jogador-do-flamengo-falece-nesta-terca-feira\/","og_site_name":"G\u00e1vea News","article_publisher":"https:\/\/facebook.com\/gaveaNews\/","article_published_time":"2022-12-28T02:00:35+00:00","article_modified_time":"2022-12-28T02:00:38+00:00","og_image":[{"width":640,"height":424,"url":"https:\/\/www.gaveanews.com\/wp-content\/uploads\/luto-o-que-e.webp","type":"image\/jpeg"}],"author":"Equipe G\u00e1vea News","twitter_card":"summary_large_image","twitter_misc":{"Escrito por":"Equipe G\u00e1vea News","Est. tempo de leitura":"2 minutos"},"schema":{"@context":"https:\/\/schema.org","@graph":[{"@type":"NewsArticle","@id":"https:\/\/www.gaveanews.com\/index.php\/2022\/12\/27\/ex-jogador-do-flamengo-falece-nesta-terca-feira\/#article","isPartOf":{"@id":"https:\/\/www.gaveanews.com\/index.php\/2022\/12\/27\/ex-jogador-do-flamengo-falece-nesta-terca-feira\/"},"author":{"name":"Equipe G\u00e1vea News","@id":"https:\/\/www.gaveanews.com\/#\/schema\/person\/2ec14f73fb96be2caf28f91afb14749d"},"headline":"Ex-jogador do Flamengo falece nesta ter\u00e7a-feira","datePublished":"2022-12-28T02:00:35+00:00","dateModified":"2022-12-28T02:00:38+00:00","mainEntityOfPage":{"@id":"https:\/\/www.gaveanews.com\/index.php\/2022\/12\/27\/ex-jogador-do-flamengo-falece-nesta-terca-feira\/"},"wordCount":257,"commentCount":0,"image":{"@id":"https:\/\/www.gaveanews.com\/index.php\/2022\/12\/27\/ex-jogador-do-flamengo-falece-nesta-terca-feira\/#primaryimage"},"thumbnailUrl":"https:\/\/www.gaveanews.com\/wp-content\/uploads\/luto-o-que-e.webp","articleSection":["Flamengo"],"inLanguage":"pt-BR","potentialAction":[{"@type":"CommentAction","name":"Comment","target":["https:\/\/www.gaveanews.com\/index.php\/2022\/12\/27\/ex-jogador-do-flamengo-falece-nesta-terca-feira\/#respond"]}],"copyrightYear":"2022","copyrightHolder":{"@id":"https:\/\/www.gaveanews.com\/#organization"}},{"@type":"WebPage","@id":"https:\/\/www.gaveanews.com\/index.php\/2022\/12\/27\/ex-jogador-do-flamengo-falece-nesta-terca-feira\/","url":"https:\/\/www.gaveanews.com\/index.php\/2022\/12\/27\/ex-jogador-do-flamengo-falece-nesta-terca-feira\/","name":"Ex-jogador do Flamengo falece nesta ter\u00e7a-feira","isPartOf":{"@id":"https:\/\/www.gaveanews.com\/#website"},"primaryImageOfPage":{"@id":"https:\/\/www.gaveanews.com\/index.php\/2022\/12\/27\/ex-jogador-do-flamengo-falece-nesta-terca-feira\/#primaryimage"},"image":{"@id":"https:\/\/www.gaveanews.com\/index.php\/2022\/12\/27\/ex-jogador-do-flamengo-falece-nesta-terca-feira\/#primaryimage"},"thumbnailUrl":"https:\/\/www.gaveanews.com\/wp-content\/uploads\/luto-o-que-e.webp","datePublished":"2022-12-28T02:00:35+00:00","dateModified":"2022-12-28T02:00:38+00:00","author":{"@id":"https:\/\/www.gaveanews.com\/#\/schema\/person\/2ec14f73fb96be2caf28f91afb14749d"},"description":"Antes das atividades desta ter\u00e7a-feira, todos os jogadores rezaram um Pai Nosso em respeito ao falecimento.","breadcrumb":{"@id":"https:\/\/www.gaveanews.com\/index.php\/2022\/12\/27\/ex-jogador-do-flamengo-falece-nesta-terca-feira\/#breadcrumb"},"inLanguage":"pt-BR","potentialAction":[{"@type":"ReadAction","target":["https:\/\/www.gaveanews.com\/index.php\/2022\/12\/27\/ex-jogador-do-flamengo-falece-nesta-terca-feira\/"]}]},{"@type":"ImageObject","inLanguage":"pt-BR","@id":"https:\/\/www.gaveanews.com\/index.php\/2022\/12\/27\/ex-jogador-do-flamengo-falece-nesta-terca-feira\/#primaryimage","url":"https:\/\/www.gaveanews.com\/wp-content\/uploads\/luto-o-que-e.webp","contentUrl":"https:\/\/www.gaveanews.com\/wp-content\/uploads\/luto-o-que-e.webp","width":640,"height":424},{"@type":"BreadcrumbList","@id":"https:\/\/www.gaveanews.com\/index.php\/2022\/12\/27\/ex-jogador-do-flamengo-falece-nesta-terca-feira\/#breadcrumb","itemListElement":[{"@type":"ListItem","position":1,"name":"Home","item":"https:\/\/www.gaveanews.com\/"},{"@type":"ListItem","position":2,"name":"Ex-jogador do Flamengo falece nesta ter\u00e7a-feira"}]},{"@type":"WebSite","@id":"https:\/\/www.gaveanews.com\/#website","url":"https:\/\/www.gaveanews.com\/","name":"G\u00e1vea News","description":"Veja todas as not\u00edcias sobre o Flamengo: Contrata\u00e7\u00f5es, categorias de base, resultados das partidas, tabela de classifica\u00e7\u00e3o, pr\u00f3ximos jogos!","potentialAction":[{"@type":"SearchAction","target":{"@type":"EntryPoint","urlTemplate":"https:\/\/www.gaveanews.com\/?s={search_term_string}"},"query-input":{"@type":"PropertyValueSpecification","valueRequired":true,"valueName":"search_term_string"}}],"inLanguage":"pt-BR"},{"@type":"Person","@id":"https:\/\/www.gaveanews.com\/#\/schema\/person\/2ec14f73fb96be2caf28f91afb14749d","name":"Equipe G\u00e1vea News","image":{"@type":"ImageObject","inLanguage":"pt-BR","@id":"https:\/\/www.gaveanews.com\/#\/schema\/person\/image\/","url":"https:\/\/secure.gravatar.com\/avatar\/1e1956f1facbffd3f8fa53a326721950116b3b9dc9bd44939c01180fd4a745a9?s=96&d=mm&r=g","contentUrl":"https:\/\/secure.gravatar.com\/avatar\/1e1956f1facbffd3f8fa53a326721950116b3b9dc9bd44939c01180fd4a745a9?s=96&d=mm&r=g","caption":"Equipe G\u00e1vea News"}}]}},"_links":{"self":[{"href":"https:\/\/www.gaveanews.com\/index.php\/wp-json\/wp\/v2\/posts\/92557","targetHints":{"allow":["GET"]}}],"collection":[{"href":"https:\/\/www.gaveanews.com\/index.php\/wp-json\/wp\/v2\/posts"}],"about":[{"href":"https:\/\/www.gaveanews.com\/index.php\/wp-json\/wp\/v2\/types\/post"}],"author":[{"embeddable":true,"href":"https:\/\/www.gaveanews.com\/index.php\/wp-json\/wp\/v2\/users\/1"}],"replies":[{"embeddable":true,"href":"https:\/\/www.gaveanews.com\/index.php\/wp-json\/wp\/v2\/comments?post=92557"}],"version-history":[{"count":0,"href":"https:\/\/www.gaveanews.com\/index.php\/wp-json\/wp\/v2\/posts\/92557\/revisions"}],"wp:featuredmedia":[{"embeddable":true,"href":"https:\/\/www.gaveanews.com\/index.php\/wp-json\/wp\/v2\/media\/31951"}],"wp:attachment":[{"href":"https:\/\/www.gaveanews.com\/index.php\/wp-json\/wp\/v2\/media?parent=92557"}],"wp:term":[{"taxonomy":"category","embeddable":true,"href":"https:\/\/www.gaveanews.com\/index.php\/wp-json\/wp\/v2\/categories?post=92557"},{"taxonomy":"post_tag","embeddable":true,"href":"https:\/\/www.gaveanews.com\/index.php\/wp-json\/wp\/v2\/tags?post=92557"}],"curies":[{"name":"wp","href":"https:\/\/api.w.org\/{rel}","templated":true}]}}