{"id":92562,"date":"2022-12-28T00:06:47","date_gmt":"2022-12-28T03:06:47","guid":{"rendered":"https:\/\/www.gaveanews.com\/?p=92562"},"modified":"2022-12-28T00:06:49","modified_gmt":"2022-12-28T03:06:49","slug":"flamengo-define-plano-b-caso-nao-acerte-com-gerson","status":"publish","type":"post","link":"https:\/\/www.gaveanews.com\/index.php\/2022\/12\/28\/flamengo-define-plano-b-caso-nao-acerte-com-gerson\/","title":{"rendered":"Flamengo define \u201cplano B\u201d caso n\u00e3o acerte com Gerson"},"content":{"rendered":"\n<p>O Flamengo permanece bastante interessado na contrata\u00e7\u00e3o de Gerson. Contudo, a negocia\u00e7\u00e3o se arrasta h\u00e1 algumas semanas e n\u00e3o h\u00e1 previs\u00e3o de um desfecho da novela. Com isso, dirigentes dentro do clube s\u00e3o favor\u00e1veis a um plano B, justamente para n\u00e3o perder muito tempo.<\/p>\n\n\n\n<p>Segundo informa\u00e7\u00f5es de Vitor Beloti, do site Coluna do Fla, Carlos Alcaraz, do Racing, pode se tornar o plano B do Flamengo. Uma ala da diretoria rubro-negra defende o in\u00edcio das conversas pelo jovem meio-campista argentino.<\/p>\n\n\n\n<p><em>\u2014 A diretoria ir\u00e1 definir os detalhes em janeiro, ap\u00f3s mais uma reuni\u00e3o com o Olympique. Caso o Flamengo n\u00e3o consiga contratar Gerson, o clube ir\u00e1 iniciar negocia\u00e7\u00e3o com o Racing<\/em>, publicou Vitor em suas redes sociais.<\/p>\n\n\n\n<p>Marcos Braz, vice-presidente de futebol do Flamengo, entende ser necess\u00e1rio esperar por Gerson at\u00e9 o \u00faltimo instante. O \u2018Coringa\u2019 tem bastante prest\u00edgio com o dirigente que segue decidido a conseguir uma solu\u00e7\u00e3o.<\/p>\n\n\n\n<p>A princ\u00edpio, o Olympique pede o pagamento de 20 milh\u00f5es de euros (cerca de R$ 111,3 milh\u00f5es na cota\u00e7\u00e3o atual), mas o Flamengo j\u00e1 descartou pagar esta quantia, pois inviabilizaria o investimento em outros refor\u00e7os.<\/p>\n\n\n\n<h2 class=\"wp-block-heading\" id=\"h-marcos-braz-fala-sobre-gerson\">Marcos Braz fala sobre Gerson<\/h2>\n\n\n\n<p>Em entrevista \u00e0 FlaTV, Marcos Braz refor\u00e7ou o qu\u00e3o ser\u00e1 dif\u00edcil efetivar o retorno de Gerson, mas que seguir\u00e1 tentando conversar com os franceses.<\/p>\n\n\n\n<p><em>\u2014<\/em> <em>A gente tenta fazer esta contrata\u00e7\u00e3o que \u00e9 muito dif\u00edcil. Sempre deixamos isso claro, embora outras pessoas, a imprensa, n\u00e3o apresentem o tema desta maneira. \u00c9 muito dif\u00edcil essa contrata\u00e7\u00e3o, mas temos que tentar at\u00e9 o final. \u00c9 um jogador que merece, tem a grandeza hoje\u2026e quer voltar. Ele deixa isso claro para qualquer um, estamos tentando fazer os esfor\u00e7os<\/em>, disse o vice-presidente de futebol.<\/p>\n\n\n\n<p>Alheio a isso, o Flamengo tem conversas com um outro atleta que espera poder anunciar nos primeiros dias de 2023. Braz n\u00e3o fala em nomes, mas h\u00e1 uma grande possibilidade de ser Agust\u00edn Rossi, goleiro do Boca Juniors. O jogador j\u00e1 disse \u201csim\u201d ao rubro-negro, que tentar\u00e1 na semana seguinte um acordo com o clube argentino.<\/p>\n\n\n\n<p><em>\u2014 N\u00f3s acreditamos que \u00e9 poss\u00edvel fazer uma outra contrata\u00e7\u00e3o logo na primeira semana. H\u00e1 algumas coisas que podem acontecer, mas com calma e muita tranquilidade<\/em>, concluiu o dirigente.<\/p>\n\n\n\n<p>Retirado de: Torcedores<\/p>\n","protected":false},"excerpt":{"rendered":"<p>O Flamengo permanece bastante interessado na contrata\u00e7\u00e3o de Gerson. Contudo, a negocia\u00e7\u00e3o se arrasta h\u00e1 algumas semanas e n\u00e3o h\u00e1 previs\u00e3o de um desfecho da novela. Com isso, dirigentes dentro do clube s\u00e3o favor\u00e1veis a um plano B, justamente para n\u00e3o perder muito tempo. Segundo informa\u00e7\u00f5es de Vitor Beloti, do site Coluna do Fla, Carlos [&hellip;]<\/p>\n","protected":false},"author":1,"featured_media":28939,"comment_status":"open","ping_status":"closed","sticky":false,"template":"","format":"standard","meta":{"footnotes":""},"categories":[48],"tags":[],"class_list":["post-92562","post","type-post","status-publish","format-standard","has-post-thumbnail","hentry","category-negociacoes"],"yoast_head":"<!-- This site is optimized with the Yoast SEO Premium plugin v24.2 (Yoast SEO v26.9) - https:\/\/yoast.com\/product\/yoast-seo-premium-wordpress\/ -->\n<title>Flamengo define \u201cplano B\u201d caso n\u00e3o acerte com Gerson<\/title>\n<meta name=\"robots\" content=\"index, follow, max-snippet:-1, max-image-preview:large, max-video-preview:-1\" \/>\n<link rel=\"canonical\" href=\"https:\/\/www.gaveanews.com\/index.php\/2022\/12\/28\/flamengo-define-plano-b-caso-nao-acerte-com-gerson\/\" \/>\n<meta property=\"og:locale\" content=\"pt_BR\" \/>\n<meta property=\"og:type\" content=\"article\" \/>\n<meta property=\"og:title\" content=\"Flamengo define \u201cplano B\u201d caso n\u00e3o acerte com Gerson\" \/>\n<meta property=\"og:description\" content=\"O Flamengo permanece bastante interessado na contrata\u00e7\u00e3o de Gerson. Contudo, a negocia\u00e7\u00e3o se arrasta h\u00e1 algumas semanas e n\u00e3o h\u00e1 previs\u00e3o de um desfecho da novela. Com isso, dirigentes dentro do clube s\u00e3o favor\u00e1veis a um plano B, justamente para n\u00e3o perder muito tempo. Segundo informa\u00e7\u00f5es de Vitor Beloti, do site Coluna do Fla, Carlos [&hellip;]\" \/>\n<meta property=\"og:url\" content=\"https:\/\/www.gaveanews.com\/index.php\/2022\/12\/28\/flamengo-define-plano-b-caso-nao-acerte-com-gerson\/\" \/>\n<meta property=\"og:site_name\" content=\"G\u00e1vea News\" \/>\n<meta property=\"article:publisher\" content=\"https:\/\/facebook.com\/gaveaNews\/\" \/>\n<meta property=\"article:published_time\" content=\"2022-12-28T03:06:47+00:00\" \/>\n<meta property=\"article:modified_time\" content=\"2022-12-28T03:06:49+00:00\" \/>\n<meta property=\"og:image\" content=\"https:\/\/www.gaveanews.com\/wp-content\/uploads\/Meio-campista-Gerson-em-acao-pelo-Flamengo.webp\" \/>\n\t<meta property=\"og:image:width\" content=\"1\" \/>\n\t<meta property=\"og:image:height\" content=\"1\" \/>\n\t<meta property=\"og:image:type\" content=\"image\/jpeg\" \/>\n<meta name=\"author\" content=\"Equipe G\u00e1vea News\" \/>\n<meta name=\"twitter:card\" content=\"summary_large_image\" \/>\n<meta name=\"twitter:label1\" content=\"Escrito por\" \/>\n\t<meta name=\"twitter:data1\" content=\"Equipe G\u00e1vea News\" \/>\n\t<meta name=\"twitter:label2\" content=\"Est. tempo de leitura\" \/>\n\t<meta name=\"twitter:data2\" content=\"3 minutos\" \/>\n<script type=\"application\/ld+json\" class=\"yoast-schema-graph\">{\"@context\":\"https:\/\/schema.org\",\"@graph\":[{\"@type\":\"NewsArticle\",\"@id\":\"https:\/\/www.gaveanews.com\/index.php\/2022\/12\/28\/flamengo-define-plano-b-caso-nao-acerte-com-gerson\/#article\",\"isPartOf\":{\"@id\":\"https:\/\/www.gaveanews.com\/index.php\/2022\/12\/28\/flamengo-define-plano-b-caso-nao-acerte-com-gerson\/\"},\"author\":{\"name\":\"Equipe G\u00e1vea News\",\"@id\":\"https:\/\/www.gaveanews.com\/#\/schema\/person\/2ec14f73fb96be2caf28f91afb14749d\"},\"headline\":\"Flamengo define \u201cplano B\u201d caso n\u00e3o acerte com Gerson\",\"datePublished\":\"2022-12-28T03:06:47+00:00\",\"dateModified\":\"2022-12-28T03:06:49+00:00\",\"mainEntityOfPage\":{\"@id\":\"https:\/\/www.gaveanews.com\/index.php\/2022\/12\/28\/flamengo-define-plano-b-caso-nao-acerte-com-gerson\/\"},\"wordCount\":402,\"commentCount\":0,\"image\":{\"@id\":\"https:\/\/www.gaveanews.com\/index.php\/2022\/12\/28\/flamengo-define-plano-b-caso-nao-acerte-com-gerson\/#primaryimage\"},\"thumbnailUrl\":\"https:\/\/www.gaveanews.com\/wp-content\/uploads\/Meio-campista-Gerson-em-acao-pelo-Flamengo.webp\",\"articleSection\":[\"Negocia\u00e7\u00f5es\"],\"inLanguage\":\"pt-BR\",\"potentialAction\":[{\"@type\":\"CommentAction\",\"name\":\"Comment\",\"target\":[\"https:\/\/www.gaveanews.com\/index.php\/2022\/12\/28\/flamengo-define-plano-b-caso-nao-acerte-com-gerson\/#respond\"]}],\"copyrightYear\":\"2022\",\"copyrightHolder\":{\"@id\":\"https:\/\/www.gaveanews.com\/#organization\"}},{\"@type\":\"WebPage\",\"@id\":\"https:\/\/www.gaveanews.com\/index.php\/2022\/12\/28\/flamengo-define-plano-b-caso-nao-acerte-com-gerson\/\",\"url\":\"https:\/\/www.gaveanews.com\/index.php\/2022\/12\/28\/flamengo-define-plano-b-caso-nao-acerte-com-gerson\/\",\"name\":\"Flamengo define \u201cplano B\u201d caso n\u00e3o acerte com Gerson\",\"isPartOf\":{\"@id\":\"https:\/\/www.gaveanews.com\/#website\"},\"primaryImageOfPage\":{\"@id\":\"https:\/\/www.gaveanews.com\/index.php\/2022\/12\/28\/flamengo-define-plano-b-caso-nao-acerte-com-gerson\/#primaryimage\"},\"image\":{\"@id\":\"https:\/\/www.gaveanews.com\/index.php\/2022\/12\/28\/flamengo-define-plano-b-caso-nao-acerte-com-gerson\/#primaryimage\"},\"thumbnailUrl\":\"https:\/\/www.gaveanews.com\/wp-content\/uploads\/Meio-campista-Gerson-em-acao-pelo-Flamengo.webp\",\"datePublished\":\"2022-12-28T03:06:47+00:00\",\"dateModified\":\"2022-12-28T03:06:49+00:00\",\"author\":{\"@id\":\"https:\/\/www.gaveanews.com\/#\/schema\/person\/2ec14f73fb96be2caf28f91afb14749d\"},\"breadcrumb\":{\"@id\":\"https:\/\/www.gaveanews.com\/index.php\/2022\/12\/28\/flamengo-define-plano-b-caso-nao-acerte-com-gerson\/#breadcrumb\"},\"inLanguage\":\"pt-BR\",\"potentialAction\":[{\"@type\":\"ReadAction\",\"target\":[\"https:\/\/www.gaveanews.com\/index.php\/2022\/12\/28\/flamengo-define-plano-b-caso-nao-acerte-com-gerson\/\"]}]},{\"@type\":\"ImageObject\",\"inLanguage\":\"pt-BR\",\"@id\":\"https:\/\/www.gaveanews.com\/index.php\/2022\/12\/28\/flamengo-define-plano-b-caso-nao-acerte-com-gerson\/#primaryimage\",\"url\":\"https:\/\/www.gaveanews.com\/wp-content\/uploads\/Meio-campista-Gerson-em-acao-pelo-Flamengo.webp\",\"contentUrl\":\"https:\/\/www.gaveanews.com\/wp-content\/uploads\/Meio-campista-Gerson-em-acao-pelo-Flamengo.webp\",\"caption\":\"Meio-campista Gerson em a\u00e7\u00e3o pelo Flamengo (Foto: Alexandre Vidal\/Flamengo)\"},{\"@type\":\"BreadcrumbList\",\"@id\":\"https:\/\/www.gaveanews.com\/index.php\/2022\/12\/28\/flamengo-define-plano-b-caso-nao-acerte-com-gerson\/#breadcrumb\",\"itemListElement\":[{\"@type\":\"ListItem\",\"position\":1,\"name\":\"Home\",\"item\":\"https:\/\/www.gaveanews.com\/\"},{\"@type\":\"ListItem\",\"position\":2,\"name\":\"Flamengo define \u201cplano B\u201d caso n\u00e3o acerte com Gerson\"}]},{\"@type\":\"WebSite\",\"@id\":\"https:\/\/www.gaveanews.com\/#website\",\"url\":\"https:\/\/www.gaveanews.com\/\",\"name\":\"G\u00e1vea News\",\"description\":\"Veja todas as not\u00edcias sobre o Flamengo: Contrata\u00e7\u00f5es, categorias de base, resultados das partidas, tabela de classifica\u00e7\u00e3o, pr\u00f3ximos jogos!\",\"potentialAction\":[{\"@type\":\"SearchAction\",\"target\":{\"@type\":\"EntryPoint\",\"urlTemplate\":\"https:\/\/www.gaveanews.com\/?s={search_term_string}\"},\"query-input\":{\"@type\":\"PropertyValueSpecification\",\"valueRequired\":true,\"valueName\":\"search_term_string\"}}],\"inLanguage\":\"pt-BR\"},{\"@type\":\"Person\",\"@id\":\"https:\/\/www.gaveanews.com\/#\/schema\/person\/2ec14f73fb96be2caf28f91afb14749d\",\"name\":\"Equipe G\u00e1vea News\",\"image\":{\"@type\":\"ImageObject\",\"inLanguage\":\"pt-BR\",\"@id\":\"https:\/\/www.gaveanews.com\/#\/schema\/person\/image\/\",\"url\":\"https:\/\/secure.gravatar.com\/avatar\/1e1956f1facbffd3f8fa53a326721950116b3b9dc9bd44939c01180fd4a745a9?s=96&d=mm&r=g\",\"contentUrl\":\"https:\/\/secure.gravatar.com\/avatar\/1e1956f1facbffd3f8fa53a326721950116b3b9dc9bd44939c01180fd4a745a9?s=96&d=mm&r=g\",\"caption\":\"Equipe G\u00e1vea News\"}}]}<\/script>\n<!-- \/ Yoast SEO Premium plugin. -->","yoast_head_json":{"title":"Flamengo define \u201cplano B\u201d caso n\u00e3o acerte com Gerson","robots":{"index":"index","follow":"follow","max-snippet":"max-snippet:-1","max-image-preview":"max-image-preview:large","max-video-preview":"max-video-preview:-1"},"canonical":"https:\/\/www.gaveanews.com\/index.php\/2022\/12\/28\/flamengo-define-plano-b-caso-nao-acerte-com-gerson\/","og_locale":"pt_BR","og_type":"article","og_title":"Flamengo define \u201cplano B\u201d caso n\u00e3o acerte com Gerson","og_description":"O Flamengo permanece bastante interessado na contrata\u00e7\u00e3o de Gerson. Contudo, a negocia\u00e7\u00e3o se arrasta h\u00e1 algumas semanas e n\u00e3o h\u00e1 previs\u00e3o de um desfecho da novela. Com isso, dirigentes dentro do clube s\u00e3o favor\u00e1veis a um plano B, justamente para n\u00e3o perder muito tempo. Segundo informa\u00e7\u00f5es de Vitor Beloti, do site Coluna do Fla, Carlos [&hellip;]","og_url":"https:\/\/www.gaveanews.com\/index.php\/2022\/12\/28\/flamengo-define-plano-b-caso-nao-acerte-com-gerson\/","og_site_name":"G\u00e1vea News","article_publisher":"https:\/\/facebook.com\/gaveaNews\/","article_published_time":"2022-12-28T03:06:47+00:00","article_modified_time":"2022-12-28T03:06:49+00:00","og_image":[{"url":"https:\/\/www.gaveanews.com\/wp-content\/uploads\/Meio-campista-Gerson-em-acao-pelo-Flamengo.webp","width":1,"height":1,"type":"image\/jpeg"}],"author":"Equipe G\u00e1vea News","twitter_card":"summary_large_image","twitter_misc":{"Escrito por":"Equipe G\u00e1vea News","Est. tempo de leitura":"3 minutos"},"schema":{"@context":"https:\/\/schema.org","@graph":[{"@type":"NewsArticle","@id":"https:\/\/www.gaveanews.com\/index.php\/2022\/12\/28\/flamengo-define-plano-b-caso-nao-acerte-com-gerson\/#article","isPartOf":{"@id":"https:\/\/www.gaveanews.com\/index.php\/2022\/12\/28\/flamengo-define-plano-b-caso-nao-acerte-com-gerson\/"},"author":{"name":"Equipe G\u00e1vea News","@id":"https:\/\/www.gaveanews.com\/#\/schema\/person\/2ec14f73fb96be2caf28f91afb14749d"},"headline":"Flamengo define \u201cplano B\u201d caso n\u00e3o acerte com Gerson","datePublished":"2022-12-28T03:06:47+00:00","dateModified":"2022-12-28T03:06:49+00:00","mainEntityOfPage":{"@id":"https:\/\/www.gaveanews.com\/index.php\/2022\/12\/28\/flamengo-define-plano-b-caso-nao-acerte-com-gerson\/"},"wordCount":402,"commentCount":0,"image":{"@id":"https:\/\/www.gaveanews.com\/index.php\/2022\/12\/28\/flamengo-define-plano-b-caso-nao-acerte-com-gerson\/#primaryimage"},"thumbnailUrl":"https:\/\/www.gaveanews.com\/wp-content\/uploads\/Meio-campista-Gerson-em-acao-pelo-Flamengo.webp","articleSection":["Negocia\u00e7\u00f5es"],"inLanguage":"pt-BR","potentialAction":[{"@type":"CommentAction","name":"Comment","target":["https:\/\/www.gaveanews.com\/index.php\/2022\/12\/28\/flamengo-define-plano-b-caso-nao-acerte-com-gerson\/#respond"]}],"copyrightYear":"2022","copyrightHolder":{"@id":"https:\/\/www.gaveanews.com\/#organization"}},{"@type":"WebPage","@id":"https:\/\/www.gaveanews.com\/index.php\/2022\/12\/28\/flamengo-define-plano-b-caso-nao-acerte-com-gerson\/","url":"https:\/\/www.gaveanews.com\/index.php\/2022\/12\/28\/flamengo-define-plano-b-caso-nao-acerte-com-gerson\/","name":"Flamengo define \u201cplano B\u201d caso n\u00e3o acerte com Gerson","isPartOf":{"@id":"https:\/\/www.gaveanews.com\/#website"},"primaryImageOfPage":{"@id":"https:\/\/www.gaveanews.com\/index.php\/2022\/12\/28\/flamengo-define-plano-b-caso-nao-acerte-com-gerson\/#primaryimage"},"image":{"@id":"https:\/\/www.gaveanews.com\/index.php\/2022\/12\/28\/flamengo-define-plano-b-caso-nao-acerte-com-gerson\/#primaryimage"},"thumbnailUrl":"https:\/\/www.gaveanews.com\/wp-content\/uploads\/Meio-campista-Gerson-em-acao-pelo-Flamengo.webp","datePublished":"2022-12-28T03:06:47+00:00","dateModified":"2022-12-28T03:06:49+00:00","author":{"@id":"https:\/\/www.gaveanews.com\/#\/schema\/person\/2ec14f73fb96be2caf28f91afb14749d"},"breadcrumb":{"@id":"https:\/\/www.gaveanews.com\/index.php\/2022\/12\/28\/flamengo-define-plano-b-caso-nao-acerte-com-gerson\/#breadcrumb"},"inLanguage":"pt-BR","potentialAction":[{"@type":"ReadAction","target":["https:\/\/www.gaveanews.com\/index.php\/2022\/12\/28\/flamengo-define-plano-b-caso-nao-acerte-com-gerson\/"]}]},{"@type":"ImageObject","inLanguage":"pt-BR","@id":"https:\/\/www.gaveanews.com\/index.php\/2022\/12\/28\/flamengo-define-plano-b-caso-nao-acerte-com-gerson\/#primaryimage","url":"https:\/\/www.gaveanews.com\/wp-content\/uploads\/Meio-campista-Gerson-em-acao-pelo-Flamengo.webp","contentUrl":"https:\/\/www.gaveanews.com\/wp-content\/uploads\/Meio-campista-Gerson-em-acao-pelo-Flamengo.webp","caption":"Meio-campista Gerson em a\u00e7\u00e3o pelo Flamengo (Foto: Alexandre Vidal\/Flamengo)"},{"@type":"BreadcrumbList","@id":"https:\/\/www.gaveanews.com\/index.php\/2022\/12\/28\/flamengo-define-plano-b-caso-nao-acerte-com-gerson\/#breadcrumb","itemListElement":[{"@type":"ListItem","position":1,"name":"Home","item":"https:\/\/www.gaveanews.com\/"},{"@type":"ListItem","position":2,"name":"Flamengo define \u201cplano B\u201d caso n\u00e3o acerte com Gerson"}]},{"@type":"WebSite","@id":"https:\/\/www.gaveanews.com\/#website","url":"https:\/\/www.gaveanews.com\/","name":"G\u00e1vea News","description":"Veja todas as not\u00edcias sobre o Flamengo: Contrata\u00e7\u00f5es, categorias de base, resultados das partidas, tabela de classifica\u00e7\u00e3o, pr\u00f3ximos jogos!","potentialAction":[{"@type":"SearchAction","target":{"@type":"EntryPoint","urlTemplate":"https:\/\/www.gaveanews.com\/?s={search_term_string}"},"query-input":{"@type":"PropertyValueSpecification","valueRequired":true,"valueName":"search_term_string"}}],"inLanguage":"pt-BR"},{"@type":"Person","@id":"https:\/\/www.gaveanews.com\/#\/schema\/person\/2ec14f73fb96be2caf28f91afb14749d","name":"Equipe G\u00e1vea News","image":{"@type":"ImageObject","inLanguage":"pt-BR","@id":"https:\/\/www.gaveanews.com\/#\/schema\/person\/image\/","url":"https:\/\/secure.gravatar.com\/avatar\/1e1956f1facbffd3f8fa53a326721950116b3b9dc9bd44939c01180fd4a745a9?s=96&d=mm&r=g","contentUrl":"https:\/\/secure.gravatar.com\/avatar\/1e1956f1facbffd3f8fa53a326721950116b3b9dc9bd44939c01180fd4a745a9?s=96&d=mm&r=g","caption":"Equipe G\u00e1vea News"}}]}},"_links":{"self":[{"href":"https:\/\/www.gaveanews.com\/index.php\/wp-json\/wp\/v2\/posts\/92562","targetHints":{"allow":["GET"]}}],"collection":[{"href":"https:\/\/www.gaveanews.com\/index.php\/wp-json\/wp\/v2\/posts"}],"about":[{"href":"https:\/\/www.gaveanews.com\/index.php\/wp-json\/wp\/v2\/types\/post"}],"author":[{"embeddable":true,"href":"https:\/\/www.gaveanews.com\/index.php\/wp-json\/wp\/v2\/users\/1"}],"replies":[{"embeddable":true,"href":"https:\/\/www.gaveanews.com\/index.php\/wp-json\/wp\/v2\/comments?post=92562"}],"version-history":[{"count":0,"href":"https:\/\/www.gaveanews.com\/index.php\/wp-json\/wp\/v2\/posts\/92562\/revisions"}],"wp:featuredmedia":[{"embeddable":true,"href":"https:\/\/www.gaveanews.com\/index.php\/wp-json\/wp\/v2\/media\/28939"}],"wp:attachment":[{"href":"https:\/\/www.gaveanews.com\/index.php\/wp-json\/wp\/v2\/media?parent=92562"}],"wp:term":[{"taxonomy":"category","embeddable":true,"href":"https:\/\/www.gaveanews.com\/index.php\/wp-json\/wp\/v2\/categories?post=92562"},{"taxonomy":"post_tag","embeddable":true,"href":"https:\/\/www.gaveanews.com\/index.php\/wp-json\/wp\/v2\/tags?post=92562"}],"curies":[{"name":"wp","href":"https:\/\/api.w.org\/{rel}","templated":true}]}}