{"id":92566,"date":"2022-12-28T01:09:39","date_gmt":"2022-12-28T04:09:39","guid":{"rendered":"https:\/\/www.gaveanews.com\/?p=92566"},"modified":"2022-12-28T01:09:42","modified_gmt":"2022-12-28T04:09:42","slug":"sao-paulo-e-flamengo-tem-interesse-em-atacante-da-premier-league","status":"publish","type":"post","link":"https:\/\/www.gaveanews.com\/index.php\/2022\/12\/28\/sao-paulo-e-flamengo-tem-interesse-em-atacante-da-premier-league\/","title":{"rendered":"S\u00e3o Paulo e Flamengo t\u00eam interesse em atacante da Premier League"},"content":{"rendered":"\n<p>Diferentemente de como tem sido nos \u00faltimos anos, o Flamengo, assim como o Palmeiras, vem fazendo poucas movimenta\u00e7\u00f5es nessa janela de transfer\u00eancias.<\/p>\n\n\n\n<p>Mesmo precisando de quatro novas pe\u00e7as, o Rubro-Negro age com cautela por achar que tem um time tecnicamente muito bom e que assim como anos anteriores pode vencer todos os campeonatos que disputar.<\/p>\n\n\n\n<p>A ideia do presidente Rodolfo Landim junto a Marcos Braz e o t\u00e9cnico portugu\u00eas Vitor Pereira \u00e9 trazer um goleiro, volante, um meia armador \u00e9 um atacante que atue pelos lados de campo.<\/p>\n\n\n\n<p>O volante Gerson, do Olympique de Marselha, da Fran\u00e7a, e o arqueiro argentino Agust\u00edn Rossi, do Boca Juniors. s\u00e3o as prioridades no atual momento do Time da G\u00e1vea.<\/p>\n\n\n\n<p>O prov\u00e1vel substituto de Arrascaeta ainda est\u00e1 em an\u00e1lise pelo departamento do clube carioca, enquanto o atacante que atua pelas beiradas pode vir tanto do mercado nacional, Sul-Americano ou da Europa.<\/p>\n\n\n\n<h2 class=\"wp-block-heading\" id=\"h-flamengo-vs-sao-paulo\">Flamengo vs S\u00e3o Paulo<\/h2>\n\n\n\n<p>Ainda na posi\u00e7\u00e3o de ataque, o Fla estuda um nome que tenha experi\u00eancia e rodagem na Europa. Lucas Moura \u00e9 um atleta que interessa ao Meng\u00e3o.<\/p>\n\n\n\n<p>O jogador, inclusive, j\u00e1 demonstrou interesse em voltar ao futebol brasileiro depois que seu contrato com o Tottenham terminar.<\/p>\n\n\n\n<p>No entanto, a uma poss\u00edvel negocia\u00e7\u00e3o com atleta pode melar para o Flamengo. Isso porque um rival brasileiro tamb\u00e9m entrou muito forte na briga pelo atacante e j\u00e1 vem conversando com o profissional desde o final do ano.<\/p>\n\n\n\n<p>O rival nacional quer chapelar o atual campe\u00e3o da Libertadores da Am\u00e9rica e da Copa do Brasil \u00e9 o S\u00e3o Paulo. De acordo com informa\u00e7\u00f5es vindas do jornalista Andr\u00e9 Hern\u00e1n, as duas partes j\u00e1 se falaram durante o natal.<\/p>\n\n\n\n<p>Em seu canal oficial do YouTube no in\u00edcio da tarde desta ter\u00e7a-feira, dia 27, o jornalista afirmou:<\/p>\n\n\n\n<p><em>\u2014 O S\u00e3o Paulo mant\u00e9m conversas com Lucas Moura. Clube est\u00e1 \u201cpronto\u201d pra t\u00ea-lo caso decida voltar ao Brasil ap\u00f3s fim de contrato na Inglaterra.<\/em><\/p>\n\n\n\n<p>Retirado de: Torcedores<\/p>\n","protected":false},"excerpt":{"rendered":"<p>Diferentemente de como tem sido nos \u00faltimos anos, o Flamengo, assim como o Palmeiras, vem fazendo poucas movimenta\u00e7\u00f5es nessa janela de transfer\u00eancias. Mesmo precisando de quatro novas pe\u00e7as, o Rubro-Negro age com cautela por achar que tem um time tecnicamente muito bom e que assim como anos anteriores pode vencer todos os campeonatos que disputar. [&hellip;]<\/p>\n","protected":false},"author":1,"featured_media":78521,"comment_status":"open","ping_status":"closed","sticky":false,"template":"","format":"standard","meta":{"footnotes":""},"categories":[48],"tags":[],"class_list":["post-92566","post","type-post","status-publish","format-standard","has-post-thumbnail","hentry","category-negociacoes"],"yoast_head":"<!-- This site is optimized with the Yoast SEO Premium plugin v24.2 (Yoast SEO v26.9) - https:\/\/yoast.com\/product\/yoast-seo-premium-wordpress\/ -->\n<title>S\u00e3o Paulo e Flamengo t\u00eam interesse em atacante da Premier League<\/title>\n<meta name=\"robots\" content=\"index, follow, max-snippet:-1, max-image-preview:large, max-video-preview:-1\" \/>\n<link rel=\"canonical\" href=\"https:\/\/www.gaveanews.com\/index.php\/2022\/12\/28\/sao-paulo-e-flamengo-tem-interesse-em-atacante-da-premier-league\/\" \/>\n<meta property=\"og:locale\" content=\"pt_BR\" \/>\n<meta property=\"og:type\" content=\"article\" \/>\n<meta property=\"og:title\" content=\"S\u00e3o Paulo e Flamengo t\u00eam interesse em atacante da Premier League\" \/>\n<meta property=\"og:description\" content=\"Diferentemente de como tem sido nos \u00faltimos anos, o Flamengo, assim como o Palmeiras, vem fazendo poucas movimenta\u00e7\u00f5es nessa janela de transfer\u00eancias. Mesmo precisando de quatro novas pe\u00e7as, o Rubro-Negro age com cautela por achar que tem um time tecnicamente muito bom e que assim como anos anteriores pode vencer todos os campeonatos que disputar. [&hellip;]\" \/>\n<meta property=\"og:url\" content=\"https:\/\/www.gaveanews.com\/index.php\/2022\/12\/28\/sao-paulo-e-flamengo-tem-interesse-em-atacante-da-premier-league\/\" \/>\n<meta property=\"og:site_name\" content=\"G\u00e1vea News\" \/>\n<meta property=\"article:publisher\" content=\"https:\/\/facebook.com\/gaveaNews\/\" \/>\n<meta property=\"article:published_time\" content=\"2022-12-28T04:09:39+00:00\" \/>\n<meta property=\"article:modified_time\" content=\"2022-12-28T04:09:42+00:00\" \/>\n<meta property=\"og:image\" content=\"https:\/\/www.gaveanews.com\/wp-content\/uploads\/Marcos-Braz-em-entrevista-coletiva-do-Flamengo-no-Ninho-do-Urubu.webp\" \/>\n\t<meta property=\"og:image:width\" content=\"799\" \/>\n\t<meta property=\"og:image:height\" content=\"533\" \/>\n\t<meta property=\"og:image:type\" content=\"image\/jpeg\" \/>\n<meta name=\"author\" content=\"Equipe G\u00e1vea News\" \/>\n<meta name=\"twitter:card\" content=\"summary_large_image\" \/>\n<meta name=\"twitter:label1\" content=\"Escrito por\" \/>\n\t<meta name=\"twitter:data1\" content=\"Equipe G\u00e1vea News\" \/>\n\t<meta name=\"twitter:label2\" content=\"Est. tempo de leitura\" \/>\n\t<meta name=\"twitter:data2\" content=\"2 minutos\" \/>\n<script type=\"application\/ld+json\" class=\"yoast-schema-graph\">{\"@context\":\"https:\/\/schema.org\",\"@graph\":[{\"@type\":\"NewsArticle\",\"@id\":\"https:\/\/www.gaveanews.com\/index.php\/2022\/12\/28\/sao-paulo-e-flamengo-tem-interesse-em-atacante-da-premier-league\/#article\",\"isPartOf\":{\"@id\":\"https:\/\/www.gaveanews.com\/index.php\/2022\/12\/28\/sao-paulo-e-flamengo-tem-interesse-em-atacante-da-premier-league\/\"},\"author\":{\"name\":\"Equipe G\u00e1vea News\",\"@id\":\"https:\/\/www.gaveanews.com\/#\/schema\/person\/2ec14f73fb96be2caf28f91afb14749d\"},\"headline\":\"S\u00e3o Paulo e Flamengo t\u00eam interesse em atacante da Premier League\",\"datePublished\":\"2022-12-28T04:09:39+00:00\",\"dateModified\":\"2022-12-28T04:09:42+00:00\",\"mainEntityOfPage\":{\"@id\":\"https:\/\/www.gaveanews.com\/index.php\/2022\/12\/28\/sao-paulo-e-flamengo-tem-interesse-em-atacante-da-premier-league\/\"},\"wordCount\":354,\"commentCount\":0,\"image\":{\"@id\":\"https:\/\/www.gaveanews.com\/index.php\/2022\/12\/28\/sao-paulo-e-flamengo-tem-interesse-em-atacante-da-premier-league\/#primaryimage\"},\"thumbnailUrl\":\"https:\/\/www.gaveanews.com\/wp-content\/uploads\/Marcos-Braz-em-entrevista-coletiva-do-Flamengo-no-Ninho-do-Urubu.webp\",\"articleSection\":[\"Negocia\u00e7\u00f5es\"],\"inLanguage\":\"pt-BR\",\"potentialAction\":[{\"@type\":\"CommentAction\",\"name\":\"Comment\",\"target\":[\"https:\/\/www.gaveanews.com\/index.php\/2022\/12\/28\/sao-paulo-e-flamengo-tem-interesse-em-atacante-da-premier-league\/#respond\"]}],\"copyrightYear\":\"2022\",\"copyrightHolder\":{\"@id\":\"https:\/\/www.gaveanews.com\/#organization\"}},{\"@type\":\"WebPage\",\"@id\":\"https:\/\/www.gaveanews.com\/index.php\/2022\/12\/28\/sao-paulo-e-flamengo-tem-interesse-em-atacante-da-premier-league\/\",\"url\":\"https:\/\/www.gaveanews.com\/index.php\/2022\/12\/28\/sao-paulo-e-flamengo-tem-interesse-em-atacante-da-premier-league\/\",\"name\":\"S\u00e3o Paulo e Flamengo t\u00eam interesse em atacante da Premier League\",\"isPartOf\":{\"@id\":\"https:\/\/www.gaveanews.com\/#website\"},\"primaryImageOfPage\":{\"@id\":\"https:\/\/www.gaveanews.com\/index.php\/2022\/12\/28\/sao-paulo-e-flamengo-tem-interesse-em-atacante-da-premier-league\/#primaryimage\"},\"image\":{\"@id\":\"https:\/\/www.gaveanews.com\/index.php\/2022\/12\/28\/sao-paulo-e-flamengo-tem-interesse-em-atacante-da-premier-league\/#primaryimage\"},\"thumbnailUrl\":\"https:\/\/www.gaveanews.com\/wp-content\/uploads\/Marcos-Braz-em-entrevista-coletiva-do-Flamengo-no-Ninho-do-Urubu.webp\",\"datePublished\":\"2022-12-28T04:09:39+00:00\",\"dateModified\":\"2022-12-28T04:09:42+00:00\",\"author\":{\"@id\":\"https:\/\/www.gaveanews.com\/#\/schema\/person\/2ec14f73fb96be2caf28f91afb14749d\"},\"breadcrumb\":{\"@id\":\"https:\/\/www.gaveanews.com\/index.php\/2022\/12\/28\/sao-paulo-e-flamengo-tem-interesse-em-atacante-da-premier-league\/#breadcrumb\"},\"inLanguage\":\"pt-BR\",\"potentialAction\":[{\"@type\":\"ReadAction\",\"target\":[\"https:\/\/www.gaveanews.com\/index.php\/2022\/12\/28\/sao-paulo-e-flamengo-tem-interesse-em-atacante-da-premier-league\/\"]}]},{\"@type\":\"ImageObject\",\"inLanguage\":\"pt-BR\",\"@id\":\"https:\/\/www.gaveanews.com\/index.php\/2022\/12\/28\/sao-paulo-e-flamengo-tem-interesse-em-atacante-da-premier-league\/#primaryimage\",\"url\":\"https:\/\/www.gaveanews.com\/wp-content\/uploads\/Marcos-Braz-em-entrevista-coletiva-do-Flamengo-no-Ninho-do-Urubu.webp\",\"contentUrl\":\"https:\/\/www.gaveanews.com\/wp-content\/uploads\/Marcos-Braz-em-entrevista-coletiva-do-Flamengo-no-Ninho-do-Urubu.webp\",\"width\":799,\"height\":533,\"caption\":\"Marcos Braz em entrevista coletiva do Flamengo no Ninho do Urubu (Foto: Gilvan de Souza\/Flamengo)\"},{\"@type\":\"BreadcrumbList\",\"@id\":\"https:\/\/www.gaveanews.com\/index.php\/2022\/12\/28\/sao-paulo-e-flamengo-tem-interesse-em-atacante-da-premier-league\/#breadcrumb\",\"itemListElement\":[{\"@type\":\"ListItem\",\"position\":1,\"name\":\"Home\",\"item\":\"https:\/\/www.gaveanews.com\/\"},{\"@type\":\"ListItem\",\"position\":2,\"name\":\"S\u00e3o Paulo e Flamengo t\u00eam interesse em atacante da Premier League\"}]},{\"@type\":\"WebSite\",\"@id\":\"https:\/\/www.gaveanews.com\/#website\",\"url\":\"https:\/\/www.gaveanews.com\/\",\"name\":\"G\u00e1vea News\",\"description\":\"Veja todas as not\u00edcias sobre o Flamengo: Contrata\u00e7\u00f5es, categorias de base, resultados das partidas, tabela de classifica\u00e7\u00e3o, pr\u00f3ximos jogos!\",\"potentialAction\":[{\"@type\":\"SearchAction\",\"target\":{\"@type\":\"EntryPoint\",\"urlTemplate\":\"https:\/\/www.gaveanews.com\/?s={search_term_string}\"},\"query-input\":{\"@type\":\"PropertyValueSpecification\",\"valueRequired\":true,\"valueName\":\"search_term_string\"}}],\"inLanguage\":\"pt-BR\"},{\"@type\":\"Person\",\"@id\":\"https:\/\/www.gaveanews.com\/#\/schema\/person\/2ec14f73fb96be2caf28f91afb14749d\",\"name\":\"Equipe G\u00e1vea News\",\"image\":{\"@type\":\"ImageObject\",\"inLanguage\":\"pt-BR\",\"@id\":\"https:\/\/www.gaveanews.com\/#\/schema\/person\/image\/\",\"url\":\"https:\/\/secure.gravatar.com\/avatar\/1e1956f1facbffd3f8fa53a326721950116b3b9dc9bd44939c01180fd4a745a9?s=96&d=mm&r=g\",\"contentUrl\":\"https:\/\/secure.gravatar.com\/avatar\/1e1956f1facbffd3f8fa53a326721950116b3b9dc9bd44939c01180fd4a745a9?s=96&d=mm&r=g\",\"caption\":\"Equipe G\u00e1vea News\"}}]}<\/script>\n<!-- \/ Yoast SEO Premium plugin. -->","yoast_head_json":{"title":"S\u00e3o Paulo e Flamengo t\u00eam interesse em atacante da Premier League","robots":{"index":"index","follow":"follow","max-snippet":"max-snippet:-1","max-image-preview":"max-image-preview:large","max-video-preview":"max-video-preview:-1"},"canonical":"https:\/\/www.gaveanews.com\/index.php\/2022\/12\/28\/sao-paulo-e-flamengo-tem-interesse-em-atacante-da-premier-league\/","og_locale":"pt_BR","og_type":"article","og_title":"S\u00e3o Paulo e Flamengo t\u00eam interesse em atacante da Premier League","og_description":"Diferentemente de como tem sido nos \u00faltimos anos, o Flamengo, assim como o Palmeiras, vem fazendo poucas movimenta\u00e7\u00f5es nessa janela de transfer\u00eancias. Mesmo precisando de quatro novas pe\u00e7as, o Rubro-Negro age com cautela por achar que tem um time tecnicamente muito bom e que assim como anos anteriores pode vencer todos os campeonatos que disputar. [&hellip;]","og_url":"https:\/\/www.gaveanews.com\/index.php\/2022\/12\/28\/sao-paulo-e-flamengo-tem-interesse-em-atacante-da-premier-league\/","og_site_name":"G\u00e1vea News","article_publisher":"https:\/\/facebook.com\/gaveaNews\/","article_published_time":"2022-12-28T04:09:39+00:00","article_modified_time":"2022-12-28T04:09:42+00:00","og_image":[{"width":799,"height":533,"url":"https:\/\/www.gaveanews.com\/wp-content\/uploads\/Marcos-Braz-em-entrevista-coletiva-do-Flamengo-no-Ninho-do-Urubu.webp","type":"image\/jpeg"}],"author":"Equipe G\u00e1vea News","twitter_card":"summary_large_image","twitter_misc":{"Escrito por":"Equipe G\u00e1vea News","Est. tempo de leitura":"2 minutos"},"schema":{"@context":"https:\/\/schema.org","@graph":[{"@type":"NewsArticle","@id":"https:\/\/www.gaveanews.com\/index.php\/2022\/12\/28\/sao-paulo-e-flamengo-tem-interesse-em-atacante-da-premier-league\/#article","isPartOf":{"@id":"https:\/\/www.gaveanews.com\/index.php\/2022\/12\/28\/sao-paulo-e-flamengo-tem-interesse-em-atacante-da-premier-league\/"},"author":{"name":"Equipe G\u00e1vea News","@id":"https:\/\/www.gaveanews.com\/#\/schema\/person\/2ec14f73fb96be2caf28f91afb14749d"},"headline":"S\u00e3o Paulo e Flamengo t\u00eam interesse em atacante da Premier League","datePublished":"2022-12-28T04:09:39+00:00","dateModified":"2022-12-28T04:09:42+00:00","mainEntityOfPage":{"@id":"https:\/\/www.gaveanews.com\/index.php\/2022\/12\/28\/sao-paulo-e-flamengo-tem-interesse-em-atacante-da-premier-league\/"},"wordCount":354,"commentCount":0,"image":{"@id":"https:\/\/www.gaveanews.com\/index.php\/2022\/12\/28\/sao-paulo-e-flamengo-tem-interesse-em-atacante-da-premier-league\/#primaryimage"},"thumbnailUrl":"https:\/\/www.gaveanews.com\/wp-content\/uploads\/Marcos-Braz-em-entrevista-coletiva-do-Flamengo-no-Ninho-do-Urubu.webp","articleSection":["Negocia\u00e7\u00f5es"],"inLanguage":"pt-BR","potentialAction":[{"@type":"CommentAction","name":"Comment","target":["https:\/\/www.gaveanews.com\/index.php\/2022\/12\/28\/sao-paulo-e-flamengo-tem-interesse-em-atacante-da-premier-league\/#respond"]}],"copyrightYear":"2022","copyrightHolder":{"@id":"https:\/\/www.gaveanews.com\/#organization"}},{"@type":"WebPage","@id":"https:\/\/www.gaveanews.com\/index.php\/2022\/12\/28\/sao-paulo-e-flamengo-tem-interesse-em-atacante-da-premier-league\/","url":"https:\/\/www.gaveanews.com\/index.php\/2022\/12\/28\/sao-paulo-e-flamengo-tem-interesse-em-atacante-da-premier-league\/","name":"S\u00e3o Paulo e Flamengo t\u00eam interesse em atacante da Premier League","isPartOf":{"@id":"https:\/\/www.gaveanews.com\/#website"},"primaryImageOfPage":{"@id":"https:\/\/www.gaveanews.com\/index.php\/2022\/12\/28\/sao-paulo-e-flamengo-tem-interesse-em-atacante-da-premier-league\/#primaryimage"},"image":{"@id":"https:\/\/www.gaveanews.com\/index.php\/2022\/12\/28\/sao-paulo-e-flamengo-tem-interesse-em-atacante-da-premier-league\/#primaryimage"},"thumbnailUrl":"https:\/\/www.gaveanews.com\/wp-content\/uploads\/Marcos-Braz-em-entrevista-coletiva-do-Flamengo-no-Ninho-do-Urubu.webp","datePublished":"2022-12-28T04:09:39+00:00","dateModified":"2022-12-28T04:09:42+00:00","author":{"@id":"https:\/\/www.gaveanews.com\/#\/schema\/person\/2ec14f73fb96be2caf28f91afb14749d"},"breadcrumb":{"@id":"https:\/\/www.gaveanews.com\/index.php\/2022\/12\/28\/sao-paulo-e-flamengo-tem-interesse-em-atacante-da-premier-league\/#breadcrumb"},"inLanguage":"pt-BR","potentialAction":[{"@type":"ReadAction","target":["https:\/\/www.gaveanews.com\/index.php\/2022\/12\/28\/sao-paulo-e-flamengo-tem-interesse-em-atacante-da-premier-league\/"]}]},{"@type":"ImageObject","inLanguage":"pt-BR","@id":"https:\/\/www.gaveanews.com\/index.php\/2022\/12\/28\/sao-paulo-e-flamengo-tem-interesse-em-atacante-da-premier-league\/#primaryimage","url":"https:\/\/www.gaveanews.com\/wp-content\/uploads\/Marcos-Braz-em-entrevista-coletiva-do-Flamengo-no-Ninho-do-Urubu.webp","contentUrl":"https:\/\/www.gaveanews.com\/wp-content\/uploads\/Marcos-Braz-em-entrevista-coletiva-do-Flamengo-no-Ninho-do-Urubu.webp","width":799,"height":533,"caption":"Marcos Braz em entrevista coletiva do Flamengo no Ninho do Urubu (Foto: Gilvan de Souza\/Flamengo)"},{"@type":"BreadcrumbList","@id":"https:\/\/www.gaveanews.com\/index.php\/2022\/12\/28\/sao-paulo-e-flamengo-tem-interesse-em-atacante-da-premier-league\/#breadcrumb","itemListElement":[{"@type":"ListItem","position":1,"name":"Home","item":"https:\/\/www.gaveanews.com\/"},{"@type":"ListItem","position":2,"name":"S\u00e3o Paulo e Flamengo t\u00eam interesse em atacante da Premier League"}]},{"@type":"WebSite","@id":"https:\/\/www.gaveanews.com\/#website","url":"https:\/\/www.gaveanews.com\/","name":"G\u00e1vea News","description":"Veja todas as not\u00edcias sobre o Flamengo: Contrata\u00e7\u00f5es, categorias de base, resultados das partidas, tabela de classifica\u00e7\u00e3o, pr\u00f3ximos jogos!","potentialAction":[{"@type":"SearchAction","target":{"@type":"EntryPoint","urlTemplate":"https:\/\/www.gaveanews.com\/?s={search_term_string}"},"query-input":{"@type":"PropertyValueSpecification","valueRequired":true,"valueName":"search_term_string"}}],"inLanguage":"pt-BR"},{"@type":"Person","@id":"https:\/\/www.gaveanews.com\/#\/schema\/person\/2ec14f73fb96be2caf28f91afb14749d","name":"Equipe G\u00e1vea News","image":{"@type":"ImageObject","inLanguage":"pt-BR","@id":"https:\/\/www.gaveanews.com\/#\/schema\/person\/image\/","url":"https:\/\/secure.gravatar.com\/avatar\/1e1956f1facbffd3f8fa53a326721950116b3b9dc9bd44939c01180fd4a745a9?s=96&d=mm&r=g","contentUrl":"https:\/\/secure.gravatar.com\/avatar\/1e1956f1facbffd3f8fa53a326721950116b3b9dc9bd44939c01180fd4a745a9?s=96&d=mm&r=g","caption":"Equipe G\u00e1vea News"}}]}},"_links":{"self":[{"href":"https:\/\/www.gaveanews.com\/index.php\/wp-json\/wp\/v2\/posts\/92566","targetHints":{"allow":["GET"]}}],"collection":[{"href":"https:\/\/www.gaveanews.com\/index.php\/wp-json\/wp\/v2\/posts"}],"about":[{"href":"https:\/\/www.gaveanews.com\/index.php\/wp-json\/wp\/v2\/types\/post"}],"author":[{"embeddable":true,"href":"https:\/\/www.gaveanews.com\/index.php\/wp-json\/wp\/v2\/users\/1"}],"replies":[{"embeddable":true,"href":"https:\/\/www.gaveanews.com\/index.php\/wp-json\/wp\/v2\/comments?post=92566"}],"version-history":[{"count":0,"href":"https:\/\/www.gaveanews.com\/index.php\/wp-json\/wp\/v2\/posts\/92566\/revisions"}],"wp:featuredmedia":[{"embeddable":true,"href":"https:\/\/www.gaveanews.com\/index.php\/wp-json\/wp\/v2\/media\/78521"}],"wp:attachment":[{"href":"https:\/\/www.gaveanews.com\/index.php\/wp-json\/wp\/v2\/media?parent=92566"}],"wp:term":[{"taxonomy":"category","embeddable":true,"href":"https:\/\/www.gaveanews.com\/index.php\/wp-json\/wp\/v2\/categories?post=92566"},{"taxonomy":"post_tag","embeddable":true,"href":"https:\/\/www.gaveanews.com\/index.php\/wp-json\/wp\/v2\/tags?post=92566"}],"curies":[{"name":"wp","href":"https:\/\/api.w.org\/{rel}","templated":true}]}}