{"id":92601,"date":"2022-12-28T22:49:24","date_gmt":"2022-12-29T01:49:24","guid":{"rendered":"https:\/\/www.gaveanews.com\/?p=92601"},"modified":"2022-12-28T22:49:27","modified_gmt":"2022-12-29T01:49:27","slug":"vitor-pereira-autoriza-e-flamengo-pode-avancar-por-mais-um-reforco","status":"publish","type":"post","link":"https:\/\/www.gaveanews.com\/index.php\/2022\/12\/28\/vitor-pereira-autoriza-e-flamengo-pode-avancar-por-mais-um-reforco\/","title":{"rendered":"V\u00edtor Pereira autoriza e Flamengo pode avan\u00e7ar por mais um refor\u00e7o"},"content":{"rendered":"\n<p>O Flamengo continua na busca por refor\u00e7os visando a pr\u00f3xima temporada. Sendo assim, diversos jogadores vem sendo oferecidos para o atual campe\u00e3o da Libertadores. Na maioria das vezes, a equipe carioca descarta o neg\u00f3cio. Por\u00e9m, neste ano, Juan Quintero chegou at\u00e9 a mesa do clube que deixou nas m\u00e3os de Vitor Pereira.<\/p>\n\n\n\n<p>O colombiano est\u00e1 de sa\u00edda do River Plate, onde n\u00e3o est\u00e1 nos planos da comiss\u00e3o t\u00e9cnica do clube argentino e foi oferecido para alguns times do futebol brasileiro. Por\u00e9m, segundo o jornalista Jorge Nicola, o Flamengo se interessou pelo contrata\u00e7\u00e3o do meio-campista e enviou uma oferta, que foi a melhor at\u00e9 o momento. Entretanto, antes de sinalizar uma negocia\u00e7\u00e3o, a diretoria do Rubro-Negro consultou Vitor Pereira, novo treinador do Meng\u00e3o, para analisar a situa\u00e7\u00e3o e se seria interessante contar com o jogador em 2023.<\/p>\n\n\n\n<p>O comandante portugu\u00eas aprovou a chegada do jogador, que est\u00e1 em fim de contrato com o River Plate. O t\u00e9cnico \u00e9 um grande admirador do futebol do colombiano. Inclusive, o nome de Quintero chegou a ser pedido por Vitor Pereira quando o mesmo estava comandando o Fenerbah\u00e7e, da Turquia, no ano de 2016. Por\u00e9m, n\u00e3o foi poss\u00edvel concluir as negocia\u00e7\u00f5es. Para a comiss\u00e3o t\u00e9cnica, o jogador ser\u00e1 uma esp\u00e9cie de reserva de \u2018luxo\u2019 para Arrascaeta no Flamengo nas pr\u00f3ximas temporadas, algo que j\u00e1 vinha sendo procurado.<\/p>\n\n\n\n<p>Juan Quintero n\u00e3o aceitou a proposta de renova\u00e7\u00e3o contratual com o River Plate e n\u00e3o tem mais v\u00ednculo com o clube argentino. Agora, h\u00e1 grandes chances do camisa 10 chegar ao Rubro-Negro a custo zero. Mas, ainda falta a equipe carioca e o atleta se acertarem em quest\u00f5es sal\u00e1rio, direito de imagens e luvas, como em toda negocia\u00e7\u00e3o.<\/p>\n\n\n\n<p>Retirado de: Mercado do Futebol<\/p>\n","protected":false},"excerpt":{"rendered":"<p>O Flamengo continua na busca por refor\u00e7os visando a pr\u00f3xima temporada. Sendo assim, diversos jogadores vem sendo oferecidos para o atual campe\u00e3o da Libertadores. Na maioria das vezes, a equipe carioca descarta o neg\u00f3cio. Por\u00e9m, neste ano, Juan Quintero chegou at\u00e9 a mesa do clube que deixou nas m\u00e3os de Vitor Pereira. O colombiano est\u00e1 [&hellip;]<\/p>\n","protected":false},"author":1,"featured_media":73728,"comment_status":"open","ping_status":"closed","sticky":false,"template":"","format":"standard","meta":{"footnotes":""},"categories":[48],"tags":[],"class_list":["post-92601","post","type-post","status-publish","format-standard","has-post-thumbnail","hentry","category-negociacoes"],"yoast_head":"<!-- This site is optimized with the Yoast SEO Premium plugin v24.2 (Yoast SEO v26.9) - https:\/\/yoast.com\/product\/yoast-seo-premium-wordpress\/ -->\n<title>V\u00edtor Pereira autoriza e Flamengo pode avan\u00e7ar por mais um refor\u00e7o<\/title>\n<meta name=\"robots\" content=\"index, follow, max-snippet:-1, max-image-preview:large, max-video-preview:-1\" \/>\n<link rel=\"canonical\" href=\"https:\/\/www.gaveanews.com\/index.php\/2022\/12\/28\/vitor-pereira-autoriza-e-flamengo-pode-avancar-por-mais-um-reforco\/\" \/>\n<meta property=\"og:locale\" content=\"pt_BR\" \/>\n<meta property=\"og:type\" content=\"article\" \/>\n<meta property=\"og:title\" content=\"V\u00edtor Pereira autoriza e Flamengo pode avan\u00e7ar por mais um refor\u00e7o\" \/>\n<meta property=\"og:description\" content=\"O Flamengo continua na busca por refor\u00e7os visando a pr\u00f3xima temporada. Sendo assim, diversos jogadores vem sendo oferecidos para o atual campe\u00e3o da Libertadores. Na maioria das vezes, a equipe carioca descarta o neg\u00f3cio. Por\u00e9m, neste ano, Juan Quintero chegou at\u00e9 a mesa do clube que deixou nas m\u00e3os de Vitor Pereira. O colombiano est\u00e1 [&hellip;]\" \/>\n<meta property=\"og:url\" content=\"https:\/\/www.gaveanews.com\/index.php\/2022\/12\/28\/vitor-pereira-autoriza-e-flamengo-pode-avancar-por-mais-um-reforco\/\" \/>\n<meta property=\"og:site_name\" content=\"G\u00e1vea News\" \/>\n<meta property=\"article:publisher\" content=\"https:\/\/facebook.com\/gaveaNews\/\" \/>\n<meta property=\"article:published_time\" content=\"2022-12-29T01:49:24+00:00\" \/>\n<meta property=\"article:modified_time\" content=\"2022-12-29T01:49:27+00:00\" \/>\n<meta property=\"og:image\" content=\"https:\/\/www.gaveanews.com\/wp-content\/uploads\/Vitor-Pereira-ex-tecnico-do-Fenerbahce.webp\" \/>\n\t<meta property=\"og:image:width\" content=\"1008\" \/>\n\t<meta property=\"og:image:height\" content=\"734\" \/>\n\t<meta property=\"og:image:type\" content=\"image\/jpeg\" \/>\n<meta name=\"author\" content=\"Equipe G\u00e1vea News\" \/>\n<meta name=\"twitter:card\" content=\"summary_large_image\" \/>\n<meta name=\"twitter:label1\" content=\"Escrito por\" \/>\n\t<meta name=\"twitter:data1\" content=\"Equipe G\u00e1vea News\" \/>\n\t<meta name=\"twitter:label2\" content=\"Est. tempo de leitura\" \/>\n\t<meta name=\"twitter:data2\" content=\"2 minutos\" \/>\n<script type=\"application\/ld+json\" class=\"yoast-schema-graph\">{\"@context\":\"https:\/\/schema.org\",\"@graph\":[{\"@type\":\"NewsArticle\",\"@id\":\"https:\/\/www.gaveanews.com\/index.php\/2022\/12\/28\/vitor-pereira-autoriza-e-flamengo-pode-avancar-por-mais-um-reforco\/#article\",\"isPartOf\":{\"@id\":\"https:\/\/www.gaveanews.com\/index.php\/2022\/12\/28\/vitor-pereira-autoriza-e-flamengo-pode-avancar-por-mais-um-reforco\/\"},\"author\":{\"name\":\"Equipe G\u00e1vea News\",\"@id\":\"https:\/\/www.gaveanews.com\/#\/schema\/person\/2ec14f73fb96be2caf28f91afb14749d\"},\"headline\":\"V\u00edtor Pereira autoriza e Flamengo pode avan\u00e7ar por mais um refor\u00e7o\",\"datePublished\":\"2022-12-29T01:49:24+00:00\",\"dateModified\":\"2022-12-29T01:49:27+00:00\",\"mainEntityOfPage\":{\"@id\":\"https:\/\/www.gaveanews.com\/index.php\/2022\/12\/28\/vitor-pereira-autoriza-e-flamengo-pode-avancar-por-mais-um-reforco\/\"},\"wordCount\":328,\"commentCount\":0,\"image\":{\"@id\":\"https:\/\/www.gaveanews.com\/index.php\/2022\/12\/28\/vitor-pereira-autoriza-e-flamengo-pode-avancar-por-mais-um-reforco\/#primaryimage\"},\"thumbnailUrl\":\"https:\/\/www.gaveanews.com\/wp-content\/uploads\/Vitor-Pereira-ex-tecnico-do-Fenerbahce.webp\",\"articleSection\":[\"Negocia\u00e7\u00f5es\"],\"inLanguage\":\"pt-BR\",\"potentialAction\":[{\"@type\":\"CommentAction\",\"name\":\"Comment\",\"target\":[\"https:\/\/www.gaveanews.com\/index.php\/2022\/12\/28\/vitor-pereira-autoriza-e-flamengo-pode-avancar-por-mais-um-reforco\/#respond\"]}],\"copyrightYear\":\"2022\",\"copyrightHolder\":{\"@id\":\"https:\/\/www.gaveanews.com\/#organization\"}},{\"@type\":\"WebPage\",\"@id\":\"https:\/\/www.gaveanews.com\/index.php\/2022\/12\/28\/vitor-pereira-autoriza-e-flamengo-pode-avancar-por-mais-um-reforco\/\",\"url\":\"https:\/\/www.gaveanews.com\/index.php\/2022\/12\/28\/vitor-pereira-autoriza-e-flamengo-pode-avancar-por-mais-um-reforco\/\",\"name\":\"V\u00edtor Pereira autoriza e Flamengo pode avan\u00e7ar por mais um refor\u00e7o\",\"isPartOf\":{\"@id\":\"https:\/\/www.gaveanews.com\/#website\"},\"primaryImageOfPage\":{\"@id\":\"https:\/\/www.gaveanews.com\/index.php\/2022\/12\/28\/vitor-pereira-autoriza-e-flamengo-pode-avancar-por-mais-um-reforco\/#primaryimage\"},\"image\":{\"@id\":\"https:\/\/www.gaveanews.com\/index.php\/2022\/12\/28\/vitor-pereira-autoriza-e-flamengo-pode-avancar-por-mais-um-reforco\/#primaryimage\"},\"thumbnailUrl\":\"https:\/\/www.gaveanews.com\/wp-content\/uploads\/Vitor-Pereira-ex-tecnico-do-Fenerbahce.webp\",\"datePublished\":\"2022-12-29T01:49:24+00:00\",\"dateModified\":\"2022-12-29T01:49:27+00:00\",\"author\":{\"@id\":\"https:\/\/www.gaveanews.com\/#\/schema\/person\/2ec14f73fb96be2caf28f91afb14749d\"},\"breadcrumb\":{\"@id\":\"https:\/\/www.gaveanews.com\/index.php\/2022\/12\/28\/vitor-pereira-autoriza-e-flamengo-pode-avancar-por-mais-um-reforco\/#breadcrumb\"},\"inLanguage\":\"pt-BR\",\"potentialAction\":[{\"@type\":\"ReadAction\",\"target\":[\"https:\/\/www.gaveanews.com\/index.php\/2022\/12\/28\/vitor-pereira-autoriza-e-flamengo-pode-avancar-por-mais-um-reforco\/\"]}]},{\"@type\":\"ImageObject\",\"inLanguage\":\"pt-BR\",\"@id\":\"https:\/\/www.gaveanews.com\/index.php\/2022\/12\/28\/vitor-pereira-autoriza-e-flamengo-pode-avancar-por-mais-um-reforco\/#primaryimage\",\"url\":\"https:\/\/www.gaveanews.com\/wp-content\/uploads\/Vitor-Pereira-ex-tecnico-do-Fenerbahce.webp\",\"contentUrl\":\"https:\/\/www.gaveanews.com\/wp-content\/uploads\/Vitor-Pereira-ex-tecnico-do-Fenerbahce.webp\",\"width\":1008,\"height\":734,\"caption\":\"Vitor Pereira, ex-t\u00e9cnico do Fenerbah\u00e7e (Foto: Reuters)\"},{\"@type\":\"BreadcrumbList\",\"@id\":\"https:\/\/www.gaveanews.com\/index.php\/2022\/12\/28\/vitor-pereira-autoriza-e-flamengo-pode-avancar-por-mais-um-reforco\/#breadcrumb\",\"itemListElement\":[{\"@type\":\"ListItem\",\"position\":1,\"name\":\"Home\",\"item\":\"https:\/\/www.gaveanews.com\/\"},{\"@type\":\"ListItem\",\"position\":2,\"name\":\"V\u00edtor Pereira autoriza e Flamengo pode avan\u00e7ar por mais um refor\u00e7o\"}]},{\"@type\":\"WebSite\",\"@id\":\"https:\/\/www.gaveanews.com\/#website\",\"url\":\"https:\/\/www.gaveanews.com\/\",\"name\":\"G\u00e1vea News\",\"description\":\"Veja todas as not\u00edcias sobre o Flamengo: Contrata\u00e7\u00f5es, categorias de base, resultados das partidas, tabela de classifica\u00e7\u00e3o, pr\u00f3ximos jogos!\",\"potentialAction\":[{\"@type\":\"SearchAction\",\"target\":{\"@type\":\"EntryPoint\",\"urlTemplate\":\"https:\/\/www.gaveanews.com\/?s={search_term_string}\"},\"query-input\":{\"@type\":\"PropertyValueSpecification\",\"valueRequired\":true,\"valueName\":\"search_term_string\"}}],\"inLanguage\":\"pt-BR\"},{\"@type\":\"Person\",\"@id\":\"https:\/\/www.gaveanews.com\/#\/schema\/person\/2ec14f73fb96be2caf28f91afb14749d\",\"name\":\"Equipe G\u00e1vea News\",\"image\":{\"@type\":\"ImageObject\",\"inLanguage\":\"pt-BR\",\"@id\":\"https:\/\/www.gaveanews.com\/#\/schema\/person\/image\/\",\"url\":\"https:\/\/secure.gravatar.com\/avatar\/1e1956f1facbffd3f8fa53a326721950116b3b9dc9bd44939c01180fd4a745a9?s=96&d=mm&r=g\",\"contentUrl\":\"https:\/\/secure.gravatar.com\/avatar\/1e1956f1facbffd3f8fa53a326721950116b3b9dc9bd44939c01180fd4a745a9?s=96&d=mm&r=g\",\"caption\":\"Equipe G\u00e1vea News\"}}]}<\/script>\n<!-- \/ Yoast SEO Premium plugin. -->","yoast_head_json":{"title":"V\u00edtor Pereira autoriza e Flamengo pode avan\u00e7ar por mais um refor\u00e7o","robots":{"index":"index","follow":"follow","max-snippet":"max-snippet:-1","max-image-preview":"max-image-preview:large","max-video-preview":"max-video-preview:-1"},"canonical":"https:\/\/www.gaveanews.com\/index.php\/2022\/12\/28\/vitor-pereira-autoriza-e-flamengo-pode-avancar-por-mais-um-reforco\/","og_locale":"pt_BR","og_type":"article","og_title":"V\u00edtor Pereira autoriza e Flamengo pode avan\u00e7ar por mais um refor\u00e7o","og_description":"O Flamengo continua na busca por refor\u00e7os visando a pr\u00f3xima temporada. Sendo assim, diversos jogadores vem sendo oferecidos para o atual campe\u00e3o da Libertadores. Na maioria das vezes, a equipe carioca descarta o neg\u00f3cio. Por\u00e9m, neste ano, Juan Quintero chegou at\u00e9 a mesa do clube que deixou nas m\u00e3os de Vitor Pereira. O colombiano est\u00e1 [&hellip;]","og_url":"https:\/\/www.gaveanews.com\/index.php\/2022\/12\/28\/vitor-pereira-autoriza-e-flamengo-pode-avancar-por-mais-um-reforco\/","og_site_name":"G\u00e1vea News","article_publisher":"https:\/\/facebook.com\/gaveaNews\/","article_published_time":"2022-12-29T01:49:24+00:00","article_modified_time":"2022-12-29T01:49:27+00:00","og_image":[{"width":1008,"height":734,"url":"https:\/\/www.gaveanews.com\/wp-content\/uploads\/Vitor-Pereira-ex-tecnico-do-Fenerbahce.webp","type":"image\/jpeg"}],"author":"Equipe G\u00e1vea News","twitter_card":"summary_large_image","twitter_misc":{"Escrito por":"Equipe G\u00e1vea News","Est. tempo de leitura":"2 minutos"},"schema":{"@context":"https:\/\/schema.org","@graph":[{"@type":"NewsArticle","@id":"https:\/\/www.gaveanews.com\/index.php\/2022\/12\/28\/vitor-pereira-autoriza-e-flamengo-pode-avancar-por-mais-um-reforco\/#article","isPartOf":{"@id":"https:\/\/www.gaveanews.com\/index.php\/2022\/12\/28\/vitor-pereira-autoriza-e-flamengo-pode-avancar-por-mais-um-reforco\/"},"author":{"name":"Equipe G\u00e1vea News","@id":"https:\/\/www.gaveanews.com\/#\/schema\/person\/2ec14f73fb96be2caf28f91afb14749d"},"headline":"V\u00edtor Pereira autoriza e Flamengo pode avan\u00e7ar por mais um refor\u00e7o","datePublished":"2022-12-29T01:49:24+00:00","dateModified":"2022-12-29T01:49:27+00:00","mainEntityOfPage":{"@id":"https:\/\/www.gaveanews.com\/index.php\/2022\/12\/28\/vitor-pereira-autoriza-e-flamengo-pode-avancar-por-mais-um-reforco\/"},"wordCount":328,"commentCount":0,"image":{"@id":"https:\/\/www.gaveanews.com\/index.php\/2022\/12\/28\/vitor-pereira-autoriza-e-flamengo-pode-avancar-por-mais-um-reforco\/#primaryimage"},"thumbnailUrl":"https:\/\/www.gaveanews.com\/wp-content\/uploads\/Vitor-Pereira-ex-tecnico-do-Fenerbahce.webp","articleSection":["Negocia\u00e7\u00f5es"],"inLanguage":"pt-BR","potentialAction":[{"@type":"CommentAction","name":"Comment","target":["https:\/\/www.gaveanews.com\/index.php\/2022\/12\/28\/vitor-pereira-autoriza-e-flamengo-pode-avancar-por-mais-um-reforco\/#respond"]}],"copyrightYear":"2022","copyrightHolder":{"@id":"https:\/\/www.gaveanews.com\/#organization"}},{"@type":"WebPage","@id":"https:\/\/www.gaveanews.com\/index.php\/2022\/12\/28\/vitor-pereira-autoriza-e-flamengo-pode-avancar-por-mais-um-reforco\/","url":"https:\/\/www.gaveanews.com\/index.php\/2022\/12\/28\/vitor-pereira-autoriza-e-flamengo-pode-avancar-por-mais-um-reforco\/","name":"V\u00edtor Pereira autoriza e Flamengo pode avan\u00e7ar por mais um refor\u00e7o","isPartOf":{"@id":"https:\/\/www.gaveanews.com\/#website"},"primaryImageOfPage":{"@id":"https:\/\/www.gaveanews.com\/index.php\/2022\/12\/28\/vitor-pereira-autoriza-e-flamengo-pode-avancar-por-mais-um-reforco\/#primaryimage"},"image":{"@id":"https:\/\/www.gaveanews.com\/index.php\/2022\/12\/28\/vitor-pereira-autoriza-e-flamengo-pode-avancar-por-mais-um-reforco\/#primaryimage"},"thumbnailUrl":"https:\/\/www.gaveanews.com\/wp-content\/uploads\/Vitor-Pereira-ex-tecnico-do-Fenerbahce.webp","datePublished":"2022-12-29T01:49:24+00:00","dateModified":"2022-12-29T01:49:27+00:00","author":{"@id":"https:\/\/www.gaveanews.com\/#\/schema\/person\/2ec14f73fb96be2caf28f91afb14749d"},"breadcrumb":{"@id":"https:\/\/www.gaveanews.com\/index.php\/2022\/12\/28\/vitor-pereira-autoriza-e-flamengo-pode-avancar-por-mais-um-reforco\/#breadcrumb"},"inLanguage":"pt-BR","potentialAction":[{"@type":"ReadAction","target":["https:\/\/www.gaveanews.com\/index.php\/2022\/12\/28\/vitor-pereira-autoriza-e-flamengo-pode-avancar-por-mais-um-reforco\/"]}]},{"@type":"ImageObject","inLanguage":"pt-BR","@id":"https:\/\/www.gaveanews.com\/index.php\/2022\/12\/28\/vitor-pereira-autoriza-e-flamengo-pode-avancar-por-mais-um-reforco\/#primaryimage","url":"https:\/\/www.gaveanews.com\/wp-content\/uploads\/Vitor-Pereira-ex-tecnico-do-Fenerbahce.webp","contentUrl":"https:\/\/www.gaveanews.com\/wp-content\/uploads\/Vitor-Pereira-ex-tecnico-do-Fenerbahce.webp","width":1008,"height":734,"caption":"Vitor Pereira, ex-t\u00e9cnico do Fenerbah\u00e7e (Foto: Reuters)"},{"@type":"BreadcrumbList","@id":"https:\/\/www.gaveanews.com\/index.php\/2022\/12\/28\/vitor-pereira-autoriza-e-flamengo-pode-avancar-por-mais-um-reforco\/#breadcrumb","itemListElement":[{"@type":"ListItem","position":1,"name":"Home","item":"https:\/\/www.gaveanews.com\/"},{"@type":"ListItem","position":2,"name":"V\u00edtor Pereira autoriza e Flamengo pode avan\u00e7ar por mais um refor\u00e7o"}]},{"@type":"WebSite","@id":"https:\/\/www.gaveanews.com\/#website","url":"https:\/\/www.gaveanews.com\/","name":"G\u00e1vea News","description":"Veja todas as not\u00edcias sobre o Flamengo: Contrata\u00e7\u00f5es, categorias de base, resultados das partidas, tabela de classifica\u00e7\u00e3o, pr\u00f3ximos jogos!","potentialAction":[{"@type":"SearchAction","target":{"@type":"EntryPoint","urlTemplate":"https:\/\/www.gaveanews.com\/?s={search_term_string}"},"query-input":{"@type":"PropertyValueSpecification","valueRequired":true,"valueName":"search_term_string"}}],"inLanguage":"pt-BR"},{"@type":"Person","@id":"https:\/\/www.gaveanews.com\/#\/schema\/person\/2ec14f73fb96be2caf28f91afb14749d","name":"Equipe G\u00e1vea News","image":{"@type":"ImageObject","inLanguage":"pt-BR","@id":"https:\/\/www.gaveanews.com\/#\/schema\/person\/image\/","url":"https:\/\/secure.gravatar.com\/avatar\/1e1956f1facbffd3f8fa53a326721950116b3b9dc9bd44939c01180fd4a745a9?s=96&d=mm&r=g","contentUrl":"https:\/\/secure.gravatar.com\/avatar\/1e1956f1facbffd3f8fa53a326721950116b3b9dc9bd44939c01180fd4a745a9?s=96&d=mm&r=g","caption":"Equipe G\u00e1vea News"}}]}},"_links":{"self":[{"href":"https:\/\/www.gaveanews.com\/index.php\/wp-json\/wp\/v2\/posts\/92601","targetHints":{"allow":["GET"]}}],"collection":[{"href":"https:\/\/www.gaveanews.com\/index.php\/wp-json\/wp\/v2\/posts"}],"about":[{"href":"https:\/\/www.gaveanews.com\/index.php\/wp-json\/wp\/v2\/types\/post"}],"author":[{"embeddable":true,"href":"https:\/\/www.gaveanews.com\/index.php\/wp-json\/wp\/v2\/users\/1"}],"replies":[{"embeddable":true,"href":"https:\/\/www.gaveanews.com\/index.php\/wp-json\/wp\/v2\/comments?post=92601"}],"version-history":[{"count":0,"href":"https:\/\/www.gaveanews.com\/index.php\/wp-json\/wp\/v2\/posts\/92601\/revisions"}],"wp:featuredmedia":[{"embeddable":true,"href":"https:\/\/www.gaveanews.com\/index.php\/wp-json\/wp\/v2\/media\/73728"}],"wp:attachment":[{"href":"https:\/\/www.gaveanews.com\/index.php\/wp-json\/wp\/v2\/media?parent=92601"}],"wp:term":[{"taxonomy":"category","embeddable":true,"href":"https:\/\/www.gaveanews.com\/index.php\/wp-json\/wp\/v2\/categories?post=92601"},{"taxonomy":"post_tag","embeddable":true,"href":"https:\/\/www.gaveanews.com\/index.php\/wp-json\/wp\/v2\/tags?post=92601"}],"curies":[{"name":"wp","href":"https:\/\/api.w.org\/{rel}","templated":true}]}}