{"id":92610,"date":"2022-12-29T07:30:14","date_gmt":"2022-12-29T10:30:14","guid":{"rendered":"https:\/\/www.gaveanews.com\/?p=92610"},"modified":"2022-12-29T07:30:16","modified_gmt":"2022-12-29T10:30:16","slug":"arrascaeta-do-flamengo-fala-sobre-a-sua-condicao-fisica","status":"publish","type":"post","link":"https:\/\/www.gaveanews.com\/index.php\/2022\/12\/29\/arrascaeta-do-flamengo-fala-sobre-a-sua-condicao-fisica\/","title":{"rendered":"Arrascaeta, do Flamengo, fala sobre a sua condi\u00e7\u00e3o f\u00edsica"},"content":{"rendered":"\n<p>Na noite desta quarta-feira, foi realizado mais uma edi\u00e7\u00e3o do Jogo das Estrelas. A tradicional partida beneficente organizada por Zico, voltou ao Maracan\u00e3, palco que \u00e9 a casa do evento.<\/p>\n\n\n\n<p>\u00cddolos do passado e do presente do Flamengo estiveram em campo, desfilando toda a suas categoria. Fazendo os torcedores rubro-negros matarem as saudades dos jogadores que fizeram hist\u00f3ria com o Manto Sagrado.<\/p>\n\n\n\n<p>Ap\u00f3s a partida, Arrascaeta falou com a imprensa. O craque rubro-negro, falou sobre as expectativas para a temporada 2023, o uruguaio afirmou que esse descanso foi \u00f3timo para a sua recupera\u00e7\u00e3o.<\/p>\n\n\n\n<p><em>\u2014 Espero chegar bem na reapresenta\u00e7\u00e3o, para estar 100% nesse in\u00edcio de temporada. Esse descanso foi bom para mim, tomara que seja um grande ano para a gente. Ainda n\u00e3o conhe\u00e7o como \u00e9 o trabalho do treinador, mas na temporada passada ele fez um grande trabalho no Corinthians. Ent\u00e3o precisamos estar focados como sempre, para chegarmos da melhor forma poss\u00edvel<\/em>, disse Arrascaeta.<\/p>\n\n\n\n<p>Retirado de: Di\u00e1rio do Fla<\/p>\n","protected":false},"excerpt":{"rendered":"<p>Na noite desta quarta-feira, foi realizado mais uma edi\u00e7\u00e3o do Jogo das Estrelas. A tradicional partida beneficente organizada por Zico, voltou ao Maracan\u00e3, palco que \u00e9 a casa do evento. \u00cddolos do passado e do presente do Flamengo estiveram em campo, desfilando toda a suas categoria. Fazendo os torcedores rubro-negros matarem as saudades dos jogadores [&hellip;]<\/p>\n","protected":false},"author":1,"featured_media":88442,"comment_status":"open","ping_status":"closed","sticky":false,"template":"","format":"standard","meta":{"footnotes":""},"categories":[1],"tags":[],"class_list":["post-92610","post","type-post","status-publish","format-standard","has-post-thumbnail","hentry","category-flamengo"],"yoast_head":"<!-- This site is optimized with the Yoast SEO Premium plugin v24.2 (Yoast SEO v26.9) - https:\/\/yoast.com\/product\/yoast-seo-premium-wordpress\/ -->\n<title>Arrascaeta, do Flamengo, fala sobre a sua condi\u00e7\u00e3o f\u00edsica<\/title>\n<meta name=\"robots\" content=\"index, follow, max-snippet:-1, max-image-preview:large, max-video-preview:-1\" \/>\n<link rel=\"canonical\" href=\"https:\/\/www.gaveanews.com\/index.php\/2022\/12\/29\/arrascaeta-do-flamengo-fala-sobre-a-sua-condicao-fisica\/\" \/>\n<meta property=\"og:locale\" content=\"pt_BR\" \/>\n<meta property=\"og:type\" content=\"article\" \/>\n<meta property=\"og:title\" content=\"Arrascaeta, do Flamengo, fala sobre a sua condi\u00e7\u00e3o f\u00edsica\" \/>\n<meta property=\"og:description\" content=\"Na noite desta quarta-feira, foi realizado mais uma edi\u00e7\u00e3o do Jogo das Estrelas. A tradicional partida beneficente organizada por Zico, voltou ao Maracan\u00e3, palco que \u00e9 a casa do evento. \u00cddolos do passado e do presente do Flamengo estiveram em campo, desfilando toda a suas categoria. Fazendo os torcedores rubro-negros matarem as saudades dos jogadores [&hellip;]\" \/>\n<meta property=\"og:url\" content=\"https:\/\/www.gaveanews.com\/index.php\/2022\/12\/29\/arrascaeta-do-flamengo-fala-sobre-a-sua-condicao-fisica\/\" \/>\n<meta property=\"og:site_name\" content=\"G\u00e1vea News\" \/>\n<meta property=\"article:publisher\" content=\"https:\/\/facebook.com\/gaveaNews\/\" \/>\n<meta property=\"article:published_time\" content=\"2022-12-29T10:30:14+00:00\" \/>\n<meta property=\"article:modified_time\" content=\"2022-12-29T10:30:16+00:00\" \/>\n<meta property=\"og:image\" content=\"https:\/\/www.gaveanews.com\/wp-content\/uploads\/Arrascaeta-em-acao-pelo-Flamengo-durante-o-jogo-contra-o-Bragantino-pelo-Brasileirao-de-2022-no-estadio-do-Maracana.webp\" \/>\n\t<meta property=\"og:image:width\" content=\"800\" \/>\n\t<meta property=\"og:image:height\" content=\"533\" \/>\n\t<meta property=\"og:image:type\" content=\"image\/jpeg\" \/>\n<meta name=\"author\" content=\"Equipe G\u00e1vea News\" \/>\n<meta name=\"twitter:card\" content=\"summary_large_image\" \/>\n<meta name=\"twitter:label1\" content=\"Escrito por\" \/>\n\t<meta name=\"twitter:data1\" content=\"Equipe G\u00e1vea News\" \/>\n\t<meta name=\"twitter:label2\" content=\"Est. tempo de leitura\" \/>\n\t<meta name=\"twitter:data2\" content=\"1 minuto\" \/>\n<script type=\"application\/ld+json\" class=\"yoast-schema-graph\">{\"@context\":\"https:\/\/schema.org\",\"@graph\":[{\"@type\":\"NewsArticle\",\"@id\":\"https:\/\/www.gaveanews.com\/index.php\/2022\/12\/29\/arrascaeta-do-flamengo-fala-sobre-a-sua-condicao-fisica\/#article\",\"isPartOf\":{\"@id\":\"https:\/\/www.gaveanews.com\/index.php\/2022\/12\/29\/arrascaeta-do-flamengo-fala-sobre-a-sua-condicao-fisica\/\"},\"author\":{\"name\":\"Equipe G\u00e1vea News\",\"@id\":\"https:\/\/www.gaveanews.com\/#\/schema\/person\/2ec14f73fb96be2caf28f91afb14749d\"},\"headline\":\"Arrascaeta, do Flamengo, fala sobre a sua condi\u00e7\u00e3o f\u00edsica\",\"datePublished\":\"2022-12-29T10:30:14+00:00\",\"dateModified\":\"2022-12-29T10:30:16+00:00\",\"mainEntityOfPage\":{\"@id\":\"https:\/\/www.gaveanews.com\/index.php\/2022\/12\/29\/arrascaeta-do-flamengo-fala-sobre-a-sua-condicao-fisica\/\"},\"wordCount\":177,\"commentCount\":0,\"image\":{\"@id\":\"https:\/\/www.gaveanews.com\/index.php\/2022\/12\/29\/arrascaeta-do-flamengo-fala-sobre-a-sua-condicao-fisica\/#primaryimage\"},\"thumbnailUrl\":\"https:\/\/www.gaveanews.com\/wp-content\/uploads\/Arrascaeta-em-acao-pelo-Flamengo-durante-o-jogo-contra-o-Bragantino-pelo-Brasileirao-de-2022-no-estadio-do-Maracana.webp\",\"articleSection\":[\"Flamengo\"],\"inLanguage\":\"pt-BR\",\"potentialAction\":[{\"@type\":\"CommentAction\",\"name\":\"Comment\",\"target\":[\"https:\/\/www.gaveanews.com\/index.php\/2022\/12\/29\/arrascaeta-do-flamengo-fala-sobre-a-sua-condicao-fisica\/#respond\"]}],\"copyrightYear\":\"2022\",\"copyrightHolder\":{\"@id\":\"https:\/\/www.gaveanews.com\/#organization\"}},{\"@type\":\"WebPage\",\"@id\":\"https:\/\/www.gaveanews.com\/index.php\/2022\/12\/29\/arrascaeta-do-flamengo-fala-sobre-a-sua-condicao-fisica\/\",\"url\":\"https:\/\/www.gaveanews.com\/index.php\/2022\/12\/29\/arrascaeta-do-flamengo-fala-sobre-a-sua-condicao-fisica\/\",\"name\":\"Arrascaeta, do Flamengo, fala sobre a sua condi\u00e7\u00e3o f\u00edsica\",\"isPartOf\":{\"@id\":\"https:\/\/www.gaveanews.com\/#website\"},\"primaryImageOfPage\":{\"@id\":\"https:\/\/www.gaveanews.com\/index.php\/2022\/12\/29\/arrascaeta-do-flamengo-fala-sobre-a-sua-condicao-fisica\/#primaryimage\"},\"image\":{\"@id\":\"https:\/\/www.gaveanews.com\/index.php\/2022\/12\/29\/arrascaeta-do-flamengo-fala-sobre-a-sua-condicao-fisica\/#primaryimage\"},\"thumbnailUrl\":\"https:\/\/www.gaveanews.com\/wp-content\/uploads\/Arrascaeta-em-acao-pelo-Flamengo-durante-o-jogo-contra-o-Bragantino-pelo-Brasileirao-de-2022-no-estadio-do-Maracana.webp\",\"datePublished\":\"2022-12-29T10:30:14+00:00\",\"dateModified\":\"2022-12-29T10:30:16+00:00\",\"author\":{\"@id\":\"https:\/\/www.gaveanews.com\/#\/schema\/person\/2ec14f73fb96be2caf28f91afb14749d\"},\"breadcrumb\":{\"@id\":\"https:\/\/www.gaveanews.com\/index.php\/2022\/12\/29\/arrascaeta-do-flamengo-fala-sobre-a-sua-condicao-fisica\/#breadcrumb\"},\"inLanguage\":\"pt-BR\",\"potentialAction\":[{\"@type\":\"ReadAction\",\"target\":[\"https:\/\/www.gaveanews.com\/index.php\/2022\/12\/29\/arrascaeta-do-flamengo-fala-sobre-a-sua-condicao-fisica\/\"]}]},{\"@type\":\"ImageObject\",\"inLanguage\":\"pt-BR\",\"@id\":\"https:\/\/www.gaveanews.com\/index.php\/2022\/12\/29\/arrascaeta-do-flamengo-fala-sobre-a-sua-condicao-fisica\/#primaryimage\",\"url\":\"https:\/\/www.gaveanews.com\/wp-content\/uploads\/Arrascaeta-em-acao-pelo-Flamengo-durante-o-jogo-contra-o-Bragantino-pelo-Brasileirao-de-2022-no-estadio-do-Maracana.webp\",\"contentUrl\":\"https:\/\/www.gaveanews.com\/wp-content\/uploads\/Arrascaeta-em-acao-pelo-Flamengo-durante-o-jogo-contra-o-Bragantino-pelo-Brasileirao-de-2022-no-estadio-do-Maracana.webp\",\"width\":800,\"height\":533,\"caption\":\"Arrascaeta em a\u00e7\u00e3o pelo Flamengo durante o jogo contra o Bragantino pelo Brasileir\u00e3o de 2022 no est\u00e1dio do Maracan\u00e3 (Foto: Reprodu\u00e7\u00e3o\/Flamengo)\"},{\"@type\":\"BreadcrumbList\",\"@id\":\"https:\/\/www.gaveanews.com\/index.php\/2022\/12\/29\/arrascaeta-do-flamengo-fala-sobre-a-sua-condicao-fisica\/#breadcrumb\",\"itemListElement\":[{\"@type\":\"ListItem\",\"position\":1,\"name\":\"Home\",\"item\":\"https:\/\/www.gaveanews.com\/\"},{\"@type\":\"ListItem\",\"position\":2,\"name\":\"Arrascaeta, do Flamengo, fala sobre a sua condi\u00e7\u00e3o f\u00edsica\"}]},{\"@type\":\"WebSite\",\"@id\":\"https:\/\/www.gaveanews.com\/#website\",\"url\":\"https:\/\/www.gaveanews.com\/\",\"name\":\"G\u00e1vea News\",\"description\":\"Veja todas as not\u00edcias sobre o Flamengo: Contrata\u00e7\u00f5es, categorias de base, resultados das partidas, tabela de classifica\u00e7\u00e3o, pr\u00f3ximos jogos!\",\"potentialAction\":[{\"@type\":\"SearchAction\",\"target\":{\"@type\":\"EntryPoint\",\"urlTemplate\":\"https:\/\/www.gaveanews.com\/?s={search_term_string}\"},\"query-input\":{\"@type\":\"PropertyValueSpecification\",\"valueRequired\":true,\"valueName\":\"search_term_string\"}}],\"inLanguage\":\"pt-BR\"},{\"@type\":\"Person\",\"@id\":\"https:\/\/www.gaveanews.com\/#\/schema\/person\/2ec14f73fb96be2caf28f91afb14749d\",\"name\":\"Equipe G\u00e1vea News\",\"image\":{\"@type\":\"ImageObject\",\"inLanguage\":\"pt-BR\",\"@id\":\"https:\/\/www.gaveanews.com\/#\/schema\/person\/image\/\",\"url\":\"https:\/\/secure.gravatar.com\/avatar\/1e1956f1facbffd3f8fa53a326721950116b3b9dc9bd44939c01180fd4a745a9?s=96&d=mm&r=g\",\"contentUrl\":\"https:\/\/secure.gravatar.com\/avatar\/1e1956f1facbffd3f8fa53a326721950116b3b9dc9bd44939c01180fd4a745a9?s=96&d=mm&r=g\",\"caption\":\"Equipe G\u00e1vea News\"}}]}<\/script>\n<!-- \/ Yoast SEO Premium plugin. -->","yoast_head_json":{"title":"Arrascaeta, do Flamengo, fala sobre a sua condi\u00e7\u00e3o f\u00edsica","robots":{"index":"index","follow":"follow","max-snippet":"max-snippet:-1","max-image-preview":"max-image-preview:large","max-video-preview":"max-video-preview:-1"},"canonical":"https:\/\/www.gaveanews.com\/index.php\/2022\/12\/29\/arrascaeta-do-flamengo-fala-sobre-a-sua-condicao-fisica\/","og_locale":"pt_BR","og_type":"article","og_title":"Arrascaeta, do Flamengo, fala sobre a sua condi\u00e7\u00e3o f\u00edsica","og_description":"Na noite desta quarta-feira, foi realizado mais uma edi\u00e7\u00e3o do Jogo das Estrelas. A tradicional partida beneficente organizada por Zico, voltou ao Maracan\u00e3, palco que \u00e9 a casa do evento. \u00cddolos do passado e do presente do Flamengo estiveram em campo, desfilando toda a suas categoria. Fazendo os torcedores rubro-negros matarem as saudades dos jogadores [&hellip;]","og_url":"https:\/\/www.gaveanews.com\/index.php\/2022\/12\/29\/arrascaeta-do-flamengo-fala-sobre-a-sua-condicao-fisica\/","og_site_name":"G\u00e1vea News","article_publisher":"https:\/\/facebook.com\/gaveaNews\/","article_published_time":"2022-12-29T10:30:14+00:00","article_modified_time":"2022-12-29T10:30:16+00:00","og_image":[{"width":800,"height":533,"url":"https:\/\/www.gaveanews.com\/wp-content\/uploads\/Arrascaeta-em-acao-pelo-Flamengo-durante-o-jogo-contra-o-Bragantino-pelo-Brasileirao-de-2022-no-estadio-do-Maracana.webp","type":"image\/jpeg"}],"author":"Equipe G\u00e1vea News","twitter_card":"summary_large_image","twitter_misc":{"Escrito por":"Equipe G\u00e1vea News","Est. tempo de leitura":"1 minuto"},"schema":{"@context":"https:\/\/schema.org","@graph":[{"@type":"NewsArticle","@id":"https:\/\/www.gaveanews.com\/index.php\/2022\/12\/29\/arrascaeta-do-flamengo-fala-sobre-a-sua-condicao-fisica\/#article","isPartOf":{"@id":"https:\/\/www.gaveanews.com\/index.php\/2022\/12\/29\/arrascaeta-do-flamengo-fala-sobre-a-sua-condicao-fisica\/"},"author":{"name":"Equipe G\u00e1vea News","@id":"https:\/\/www.gaveanews.com\/#\/schema\/person\/2ec14f73fb96be2caf28f91afb14749d"},"headline":"Arrascaeta, do Flamengo, fala sobre a sua condi\u00e7\u00e3o f\u00edsica","datePublished":"2022-12-29T10:30:14+00:00","dateModified":"2022-12-29T10:30:16+00:00","mainEntityOfPage":{"@id":"https:\/\/www.gaveanews.com\/index.php\/2022\/12\/29\/arrascaeta-do-flamengo-fala-sobre-a-sua-condicao-fisica\/"},"wordCount":177,"commentCount":0,"image":{"@id":"https:\/\/www.gaveanews.com\/index.php\/2022\/12\/29\/arrascaeta-do-flamengo-fala-sobre-a-sua-condicao-fisica\/#primaryimage"},"thumbnailUrl":"https:\/\/www.gaveanews.com\/wp-content\/uploads\/Arrascaeta-em-acao-pelo-Flamengo-durante-o-jogo-contra-o-Bragantino-pelo-Brasileirao-de-2022-no-estadio-do-Maracana.webp","articleSection":["Flamengo"],"inLanguage":"pt-BR","potentialAction":[{"@type":"CommentAction","name":"Comment","target":["https:\/\/www.gaveanews.com\/index.php\/2022\/12\/29\/arrascaeta-do-flamengo-fala-sobre-a-sua-condicao-fisica\/#respond"]}],"copyrightYear":"2022","copyrightHolder":{"@id":"https:\/\/www.gaveanews.com\/#organization"}},{"@type":"WebPage","@id":"https:\/\/www.gaveanews.com\/index.php\/2022\/12\/29\/arrascaeta-do-flamengo-fala-sobre-a-sua-condicao-fisica\/","url":"https:\/\/www.gaveanews.com\/index.php\/2022\/12\/29\/arrascaeta-do-flamengo-fala-sobre-a-sua-condicao-fisica\/","name":"Arrascaeta, do Flamengo, fala sobre a sua condi\u00e7\u00e3o f\u00edsica","isPartOf":{"@id":"https:\/\/www.gaveanews.com\/#website"},"primaryImageOfPage":{"@id":"https:\/\/www.gaveanews.com\/index.php\/2022\/12\/29\/arrascaeta-do-flamengo-fala-sobre-a-sua-condicao-fisica\/#primaryimage"},"image":{"@id":"https:\/\/www.gaveanews.com\/index.php\/2022\/12\/29\/arrascaeta-do-flamengo-fala-sobre-a-sua-condicao-fisica\/#primaryimage"},"thumbnailUrl":"https:\/\/www.gaveanews.com\/wp-content\/uploads\/Arrascaeta-em-acao-pelo-Flamengo-durante-o-jogo-contra-o-Bragantino-pelo-Brasileirao-de-2022-no-estadio-do-Maracana.webp","datePublished":"2022-12-29T10:30:14+00:00","dateModified":"2022-12-29T10:30:16+00:00","author":{"@id":"https:\/\/www.gaveanews.com\/#\/schema\/person\/2ec14f73fb96be2caf28f91afb14749d"},"breadcrumb":{"@id":"https:\/\/www.gaveanews.com\/index.php\/2022\/12\/29\/arrascaeta-do-flamengo-fala-sobre-a-sua-condicao-fisica\/#breadcrumb"},"inLanguage":"pt-BR","potentialAction":[{"@type":"ReadAction","target":["https:\/\/www.gaveanews.com\/index.php\/2022\/12\/29\/arrascaeta-do-flamengo-fala-sobre-a-sua-condicao-fisica\/"]}]},{"@type":"ImageObject","inLanguage":"pt-BR","@id":"https:\/\/www.gaveanews.com\/index.php\/2022\/12\/29\/arrascaeta-do-flamengo-fala-sobre-a-sua-condicao-fisica\/#primaryimage","url":"https:\/\/www.gaveanews.com\/wp-content\/uploads\/Arrascaeta-em-acao-pelo-Flamengo-durante-o-jogo-contra-o-Bragantino-pelo-Brasileirao-de-2022-no-estadio-do-Maracana.webp","contentUrl":"https:\/\/www.gaveanews.com\/wp-content\/uploads\/Arrascaeta-em-acao-pelo-Flamengo-durante-o-jogo-contra-o-Bragantino-pelo-Brasileirao-de-2022-no-estadio-do-Maracana.webp","width":800,"height":533,"caption":"Arrascaeta em a\u00e7\u00e3o pelo Flamengo durante o jogo contra o Bragantino pelo Brasileir\u00e3o de 2022 no est\u00e1dio do Maracan\u00e3 (Foto: Reprodu\u00e7\u00e3o\/Flamengo)"},{"@type":"BreadcrumbList","@id":"https:\/\/www.gaveanews.com\/index.php\/2022\/12\/29\/arrascaeta-do-flamengo-fala-sobre-a-sua-condicao-fisica\/#breadcrumb","itemListElement":[{"@type":"ListItem","position":1,"name":"Home","item":"https:\/\/www.gaveanews.com\/"},{"@type":"ListItem","position":2,"name":"Arrascaeta, do Flamengo, fala sobre a sua condi\u00e7\u00e3o f\u00edsica"}]},{"@type":"WebSite","@id":"https:\/\/www.gaveanews.com\/#website","url":"https:\/\/www.gaveanews.com\/","name":"G\u00e1vea News","description":"Veja todas as not\u00edcias sobre o Flamengo: Contrata\u00e7\u00f5es, categorias de base, resultados das partidas, tabela de classifica\u00e7\u00e3o, pr\u00f3ximos jogos!","potentialAction":[{"@type":"SearchAction","target":{"@type":"EntryPoint","urlTemplate":"https:\/\/www.gaveanews.com\/?s={search_term_string}"},"query-input":{"@type":"PropertyValueSpecification","valueRequired":true,"valueName":"search_term_string"}}],"inLanguage":"pt-BR"},{"@type":"Person","@id":"https:\/\/www.gaveanews.com\/#\/schema\/person\/2ec14f73fb96be2caf28f91afb14749d","name":"Equipe G\u00e1vea News","image":{"@type":"ImageObject","inLanguage":"pt-BR","@id":"https:\/\/www.gaveanews.com\/#\/schema\/person\/image\/","url":"https:\/\/secure.gravatar.com\/avatar\/1e1956f1facbffd3f8fa53a326721950116b3b9dc9bd44939c01180fd4a745a9?s=96&d=mm&r=g","contentUrl":"https:\/\/secure.gravatar.com\/avatar\/1e1956f1facbffd3f8fa53a326721950116b3b9dc9bd44939c01180fd4a745a9?s=96&d=mm&r=g","caption":"Equipe G\u00e1vea News"}}]}},"_links":{"self":[{"href":"https:\/\/www.gaveanews.com\/index.php\/wp-json\/wp\/v2\/posts\/92610","targetHints":{"allow":["GET"]}}],"collection":[{"href":"https:\/\/www.gaveanews.com\/index.php\/wp-json\/wp\/v2\/posts"}],"about":[{"href":"https:\/\/www.gaveanews.com\/index.php\/wp-json\/wp\/v2\/types\/post"}],"author":[{"embeddable":true,"href":"https:\/\/www.gaveanews.com\/index.php\/wp-json\/wp\/v2\/users\/1"}],"replies":[{"embeddable":true,"href":"https:\/\/www.gaveanews.com\/index.php\/wp-json\/wp\/v2\/comments?post=92610"}],"version-history":[{"count":0,"href":"https:\/\/www.gaveanews.com\/index.php\/wp-json\/wp\/v2\/posts\/92610\/revisions"}],"wp:featuredmedia":[{"embeddable":true,"href":"https:\/\/www.gaveanews.com\/index.php\/wp-json\/wp\/v2\/media\/88442"}],"wp:attachment":[{"href":"https:\/\/www.gaveanews.com\/index.php\/wp-json\/wp\/v2\/media?parent=92610"}],"wp:term":[{"taxonomy":"category","embeddable":true,"href":"https:\/\/www.gaveanews.com\/index.php\/wp-json\/wp\/v2\/categories?post=92610"},{"taxonomy":"post_tag","embeddable":true,"href":"https:\/\/www.gaveanews.com\/index.php\/wp-json\/wp\/v2\/tags?post=92610"}],"curies":[{"name":"wp","href":"https:\/\/api.w.org\/{rel}","templated":true}]}}