{"id":92612,"date":"2022-12-29T07:32:59","date_gmt":"2022-12-29T10:32:59","guid":{"rendered":"https:\/\/www.gaveanews.com\/?p=92612"},"modified":"2022-12-29T07:33:02","modified_gmt":"2022-12-29T10:33:02","slug":"meia-do-flamengo-everton-ribeiro-fala-sobre-o-seu-futuro","status":"publish","type":"post","link":"https:\/\/www.gaveanews.com\/index.php\/2022\/12\/29\/meia-do-flamengo-everton-ribeiro-fala-sobre-o-seu-futuro\/","title":{"rendered":"Meia do Flamengo, Everton Ribeiro fala sobre o seu futuro"},"content":{"rendered":"\n<p>Na noite desta quarta-feira, foi realizado o Jogo das Estrelas. A tradicional partida beneficente organizada por Zico, retornou ao Maracan\u00e3, palco que \u00e9 considerado a casa desse evento.<\/p>\n\n\n\n<p>Os torcedores do Flamengo tiveram a oportunidade de ver \u00eddolos do passado e do presente do clube, mantando as saudades de grandes nomes que marcaram na hist\u00f3ria do clube durante os anos.<\/p>\n\n\n\n<p>Ap\u00f3s a partida, Everton Ribeiro falou com a imprensa. O capit\u00e3o rubro-negro falou sobre as expectativas para a temporada 2023, ano que o Mais Querido vai disputar sete competi\u00e7\u00f5es ao todo.<\/p>\n\n\n\n<p><em>\u2014 A expectativa para a temporada \u00e9 muito boa, estamos conscientes que temos sete competi\u00e7\u00f5es e que vamos precisar estar ainda mais preparados, pois os outros clubes v\u00e3o estar ainda mais fortes<\/em>, disse Everton Ribeiro.<\/p>\n\n\n\n<p>O camisa 7 do Flamengo tamb\u00e9m revelou conversas com os jogadores do Real Madrid durante a disputa da Copa do Mundo, Everton afirmou que o Mundial \u00e9 um objetivo, mas todos sabem da dificuldade.<\/p>\n\n\n\n<p><em>\u2014<\/em> <em>Durante a Copa do Mundo cheguei a brincar com o Vini, Rodrygo e Milit\u00e3o, que poder\u00edamos nos enfrentar na final do Mundial. Mas sabemos que ser\u00e1 uma competi\u00e7\u00e3o dif\u00edcil, nossa equipe pensa muito no Mundial que seria um marco pra gente. Vamos passo a passo para estar forte em todas as competi\u00e7\u00f5es.<\/em><\/p>\n\n\n\n<p>O craque do Flamengo finalizou falando sobre renova\u00e7\u00e3o de contrato, Everton tem o seu v\u00ednculo se encerrando no fim de 2023 e garantiu que n\u00e3o foi procurado pela diretoria. O meia afirmou que o bom relacionamento o deixa tranquilo quanto a isso.<\/p>\n\n\n\n<p><em>\u2014 Ainda n\u00e3o tive nenhuma conversa com a diretoria sobre renova\u00e7\u00e3o, ainda falta um ano, nossa rela\u00e7\u00e3o \u00e9 muito boa. Tenho certeza que n\u00e3o teremos dificuldades nas conversas, meu pensamento \u00e9 voltar bem e continuar conquistando t\u00edtulos pelo Flamengo.<\/em><\/p>\n\n\n\n<p>Retirado de: Di\u00e1rio do Fla<\/p>\n","protected":false},"excerpt":{"rendered":"<p>Na noite desta quarta-feira, foi realizado o Jogo das Estrelas. A tradicional partida beneficente organizada por Zico, retornou ao Maracan\u00e3, palco que \u00e9 considerado a casa desse evento. Os torcedores do Flamengo tiveram a oportunidade de ver \u00eddolos do passado e do presente do clube, mantando as saudades de grandes nomes que marcaram na hist\u00f3ria [&hellip;]<\/p>\n","protected":false},"author":1,"featured_media":89648,"comment_status":"open","ping_status":"closed","sticky":false,"template":"","format":"standard","meta":{"footnotes":""},"categories":[48],"tags":[],"class_list":["post-92612","post","type-post","status-publish","format-standard","has-post-thumbnail","hentry","category-negociacoes"],"yoast_head":"<!-- This site is optimized with the Yoast SEO Premium plugin v24.2 (Yoast SEO v26.9) - https:\/\/yoast.com\/product\/yoast-seo-premium-wordpress\/ -->\n<title>Meia do Flamengo, Everton Ribeiro fala sobre o seu futuro<\/title>\n<meta name=\"robots\" content=\"index, follow, max-snippet:-1, max-image-preview:large, max-video-preview:-1\" \/>\n<link rel=\"canonical\" href=\"https:\/\/www.gaveanews.com\/index.php\/2022\/12\/29\/meia-do-flamengo-everton-ribeiro-fala-sobre-o-seu-futuro\/\" \/>\n<meta property=\"og:locale\" content=\"pt_BR\" \/>\n<meta property=\"og:type\" content=\"article\" \/>\n<meta property=\"og:title\" content=\"Meia do Flamengo, Everton Ribeiro fala sobre o seu futuro\" \/>\n<meta property=\"og:description\" content=\"Na noite desta quarta-feira, foi realizado o Jogo das Estrelas. A tradicional partida beneficente organizada por Zico, retornou ao Maracan\u00e3, palco que \u00e9 considerado a casa desse evento. Os torcedores do Flamengo tiveram a oportunidade de ver \u00eddolos do passado e do presente do clube, mantando as saudades de grandes nomes que marcaram na hist\u00f3ria [&hellip;]\" \/>\n<meta property=\"og:url\" content=\"https:\/\/www.gaveanews.com\/index.php\/2022\/12\/29\/meia-do-flamengo-everton-ribeiro-fala-sobre-o-seu-futuro\/\" \/>\n<meta property=\"og:site_name\" content=\"G\u00e1vea News\" \/>\n<meta property=\"article:publisher\" content=\"https:\/\/facebook.com\/gaveaNews\/\" \/>\n<meta property=\"article:published_time\" content=\"2022-12-29T10:32:59+00:00\" \/>\n<meta property=\"article:modified_time\" content=\"2022-12-29T10:33:02+00:00\" \/>\n<meta property=\"og:image\" content=\"https:\/\/www.gaveanews.com\/wp-content\/uploads\/Everton-Ribeiro-pelo-Flamengo-contra-o-Santos.webp\" \/>\n\t<meta property=\"og:image:width\" content=\"799\" \/>\n\t<meta property=\"og:image:height\" content=\"533\" \/>\n\t<meta property=\"og:image:type\" content=\"image\/jpeg\" \/>\n<meta name=\"author\" content=\"Equipe G\u00e1vea News\" \/>\n<meta name=\"twitter:card\" content=\"summary_large_image\" \/>\n<meta name=\"twitter:label1\" content=\"Escrito por\" \/>\n\t<meta name=\"twitter:data1\" content=\"Equipe G\u00e1vea News\" \/>\n\t<meta name=\"twitter:label2\" content=\"Est. tempo de leitura\" \/>\n\t<meta name=\"twitter:data2\" content=\"2 minutos\" \/>\n<script type=\"application\/ld+json\" class=\"yoast-schema-graph\">{\"@context\":\"https:\/\/schema.org\",\"@graph\":[{\"@type\":\"NewsArticle\",\"@id\":\"https:\/\/www.gaveanews.com\/index.php\/2022\/12\/29\/meia-do-flamengo-everton-ribeiro-fala-sobre-o-seu-futuro\/#article\",\"isPartOf\":{\"@id\":\"https:\/\/www.gaveanews.com\/index.php\/2022\/12\/29\/meia-do-flamengo-everton-ribeiro-fala-sobre-o-seu-futuro\/\"},\"author\":{\"name\":\"Equipe G\u00e1vea News\",\"@id\":\"https:\/\/www.gaveanews.com\/#\/schema\/person\/2ec14f73fb96be2caf28f91afb14749d\"},\"headline\":\"Meia do Flamengo, Everton Ribeiro fala sobre o seu futuro\",\"datePublished\":\"2022-12-29T10:32:59+00:00\",\"dateModified\":\"2022-12-29T10:33:02+00:00\",\"mainEntityOfPage\":{\"@id\":\"https:\/\/www.gaveanews.com\/index.php\/2022\/12\/29\/meia-do-flamengo-everton-ribeiro-fala-sobre-o-seu-futuro\/\"},\"wordCount\":319,\"commentCount\":0,\"image\":{\"@id\":\"https:\/\/www.gaveanews.com\/index.php\/2022\/12\/29\/meia-do-flamengo-everton-ribeiro-fala-sobre-o-seu-futuro\/#primaryimage\"},\"thumbnailUrl\":\"https:\/\/www.gaveanews.com\/wp-content\/uploads\/Everton-Ribeiro-pelo-Flamengo-contra-o-Santos.webp\",\"articleSection\":[\"Negocia\u00e7\u00f5es\"],\"inLanguage\":\"pt-BR\",\"potentialAction\":[{\"@type\":\"CommentAction\",\"name\":\"Comment\",\"target\":[\"https:\/\/www.gaveanews.com\/index.php\/2022\/12\/29\/meia-do-flamengo-everton-ribeiro-fala-sobre-o-seu-futuro\/#respond\"]}],\"copyrightYear\":\"2022\",\"copyrightHolder\":{\"@id\":\"https:\/\/www.gaveanews.com\/#organization\"}},{\"@type\":\"WebPage\",\"@id\":\"https:\/\/www.gaveanews.com\/index.php\/2022\/12\/29\/meia-do-flamengo-everton-ribeiro-fala-sobre-o-seu-futuro\/\",\"url\":\"https:\/\/www.gaveanews.com\/index.php\/2022\/12\/29\/meia-do-flamengo-everton-ribeiro-fala-sobre-o-seu-futuro\/\",\"name\":\"Meia do Flamengo, Everton Ribeiro fala sobre o seu futuro\",\"isPartOf\":{\"@id\":\"https:\/\/www.gaveanews.com\/#website\"},\"primaryImageOfPage\":{\"@id\":\"https:\/\/www.gaveanews.com\/index.php\/2022\/12\/29\/meia-do-flamengo-everton-ribeiro-fala-sobre-o-seu-futuro\/#primaryimage\"},\"image\":{\"@id\":\"https:\/\/www.gaveanews.com\/index.php\/2022\/12\/29\/meia-do-flamengo-everton-ribeiro-fala-sobre-o-seu-futuro\/#primaryimage\"},\"thumbnailUrl\":\"https:\/\/www.gaveanews.com\/wp-content\/uploads\/Everton-Ribeiro-pelo-Flamengo-contra-o-Santos.webp\",\"datePublished\":\"2022-12-29T10:32:59+00:00\",\"dateModified\":\"2022-12-29T10:33:02+00:00\",\"author\":{\"@id\":\"https:\/\/www.gaveanews.com\/#\/schema\/person\/2ec14f73fb96be2caf28f91afb14749d\"},\"breadcrumb\":{\"@id\":\"https:\/\/www.gaveanews.com\/index.php\/2022\/12\/29\/meia-do-flamengo-everton-ribeiro-fala-sobre-o-seu-futuro\/#breadcrumb\"},\"inLanguage\":\"pt-BR\",\"potentialAction\":[{\"@type\":\"ReadAction\",\"target\":[\"https:\/\/www.gaveanews.com\/index.php\/2022\/12\/29\/meia-do-flamengo-everton-ribeiro-fala-sobre-o-seu-futuro\/\"]}]},{\"@type\":\"ImageObject\",\"inLanguage\":\"pt-BR\",\"@id\":\"https:\/\/www.gaveanews.com\/index.php\/2022\/12\/29\/meia-do-flamengo-everton-ribeiro-fala-sobre-o-seu-futuro\/#primaryimage\",\"url\":\"https:\/\/www.gaveanews.com\/wp-content\/uploads\/Everton-Ribeiro-pelo-Flamengo-contra-o-Santos.webp\",\"contentUrl\":\"https:\/\/www.gaveanews.com\/wp-content\/uploads\/Everton-Ribeiro-pelo-Flamengo-contra-o-Santos.webp\",\"width\":799,\"height\":533,\"caption\":\"Everton Ribeiro pelo Flamengo contra o Santos (Foto: Gilvan de Souza\/Flamengo)\"},{\"@type\":\"BreadcrumbList\",\"@id\":\"https:\/\/www.gaveanews.com\/index.php\/2022\/12\/29\/meia-do-flamengo-everton-ribeiro-fala-sobre-o-seu-futuro\/#breadcrumb\",\"itemListElement\":[{\"@type\":\"ListItem\",\"position\":1,\"name\":\"Home\",\"item\":\"https:\/\/www.gaveanews.com\/\"},{\"@type\":\"ListItem\",\"position\":2,\"name\":\"Meia do Flamengo, Everton Ribeiro fala sobre o seu futuro\"}]},{\"@type\":\"WebSite\",\"@id\":\"https:\/\/www.gaveanews.com\/#website\",\"url\":\"https:\/\/www.gaveanews.com\/\",\"name\":\"G\u00e1vea News\",\"description\":\"Veja todas as not\u00edcias sobre o Flamengo: Contrata\u00e7\u00f5es, categorias de base, resultados das partidas, tabela de classifica\u00e7\u00e3o, pr\u00f3ximos jogos!\",\"potentialAction\":[{\"@type\":\"SearchAction\",\"target\":{\"@type\":\"EntryPoint\",\"urlTemplate\":\"https:\/\/www.gaveanews.com\/?s={search_term_string}\"},\"query-input\":{\"@type\":\"PropertyValueSpecification\",\"valueRequired\":true,\"valueName\":\"search_term_string\"}}],\"inLanguage\":\"pt-BR\"},{\"@type\":\"Person\",\"@id\":\"https:\/\/www.gaveanews.com\/#\/schema\/person\/2ec14f73fb96be2caf28f91afb14749d\",\"name\":\"Equipe G\u00e1vea News\",\"image\":{\"@type\":\"ImageObject\",\"inLanguage\":\"pt-BR\",\"@id\":\"https:\/\/www.gaveanews.com\/#\/schema\/person\/image\/\",\"url\":\"https:\/\/secure.gravatar.com\/avatar\/1e1956f1facbffd3f8fa53a326721950116b3b9dc9bd44939c01180fd4a745a9?s=96&d=mm&r=g\",\"contentUrl\":\"https:\/\/secure.gravatar.com\/avatar\/1e1956f1facbffd3f8fa53a326721950116b3b9dc9bd44939c01180fd4a745a9?s=96&d=mm&r=g\",\"caption\":\"Equipe G\u00e1vea News\"}}]}<\/script>\n<!-- \/ Yoast SEO Premium plugin. -->","yoast_head_json":{"title":"Meia do Flamengo, Everton Ribeiro fala sobre o seu futuro","robots":{"index":"index","follow":"follow","max-snippet":"max-snippet:-1","max-image-preview":"max-image-preview:large","max-video-preview":"max-video-preview:-1"},"canonical":"https:\/\/www.gaveanews.com\/index.php\/2022\/12\/29\/meia-do-flamengo-everton-ribeiro-fala-sobre-o-seu-futuro\/","og_locale":"pt_BR","og_type":"article","og_title":"Meia do Flamengo, Everton Ribeiro fala sobre o seu futuro","og_description":"Na noite desta quarta-feira, foi realizado o Jogo das Estrelas. A tradicional partida beneficente organizada por Zico, retornou ao Maracan\u00e3, palco que \u00e9 considerado a casa desse evento. Os torcedores do Flamengo tiveram a oportunidade de ver \u00eddolos do passado e do presente do clube, mantando as saudades de grandes nomes que marcaram na hist\u00f3ria [&hellip;]","og_url":"https:\/\/www.gaveanews.com\/index.php\/2022\/12\/29\/meia-do-flamengo-everton-ribeiro-fala-sobre-o-seu-futuro\/","og_site_name":"G\u00e1vea News","article_publisher":"https:\/\/facebook.com\/gaveaNews\/","article_published_time":"2022-12-29T10:32:59+00:00","article_modified_time":"2022-12-29T10:33:02+00:00","og_image":[{"width":799,"height":533,"url":"https:\/\/www.gaveanews.com\/wp-content\/uploads\/Everton-Ribeiro-pelo-Flamengo-contra-o-Santos.webp","type":"image\/jpeg"}],"author":"Equipe G\u00e1vea News","twitter_card":"summary_large_image","twitter_misc":{"Escrito por":"Equipe G\u00e1vea News","Est. tempo de leitura":"2 minutos"},"schema":{"@context":"https:\/\/schema.org","@graph":[{"@type":"NewsArticle","@id":"https:\/\/www.gaveanews.com\/index.php\/2022\/12\/29\/meia-do-flamengo-everton-ribeiro-fala-sobre-o-seu-futuro\/#article","isPartOf":{"@id":"https:\/\/www.gaveanews.com\/index.php\/2022\/12\/29\/meia-do-flamengo-everton-ribeiro-fala-sobre-o-seu-futuro\/"},"author":{"name":"Equipe G\u00e1vea News","@id":"https:\/\/www.gaveanews.com\/#\/schema\/person\/2ec14f73fb96be2caf28f91afb14749d"},"headline":"Meia do Flamengo, Everton Ribeiro fala sobre o seu futuro","datePublished":"2022-12-29T10:32:59+00:00","dateModified":"2022-12-29T10:33:02+00:00","mainEntityOfPage":{"@id":"https:\/\/www.gaveanews.com\/index.php\/2022\/12\/29\/meia-do-flamengo-everton-ribeiro-fala-sobre-o-seu-futuro\/"},"wordCount":319,"commentCount":0,"image":{"@id":"https:\/\/www.gaveanews.com\/index.php\/2022\/12\/29\/meia-do-flamengo-everton-ribeiro-fala-sobre-o-seu-futuro\/#primaryimage"},"thumbnailUrl":"https:\/\/www.gaveanews.com\/wp-content\/uploads\/Everton-Ribeiro-pelo-Flamengo-contra-o-Santos.webp","articleSection":["Negocia\u00e7\u00f5es"],"inLanguage":"pt-BR","potentialAction":[{"@type":"CommentAction","name":"Comment","target":["https:\/\/www.gaveanews.com\/index.php\/2022\/12\/29\/meia-do-flamengo-everton-ribeiro-fala-sobre-o-seu-futuro\/#respond"]}],"copyrightYear":"2022","copyrightHolder":{"@id":"https:\/\/www.gaveanews.com\/#organization"}},{"@type":"WebPage","@id":"https:\/\/www.gaveanews.com\/index.php\/2022\/12\/29\/meia-do-flamengo-everton-ribeiro-fala-sobre-o-seu-futuro\/","url":"https:\/\/www.gaveanews.com\/index.php\/2022\/12\/29\/meia-do-flamengo-everton-ribeiro-fala-sobre-o-seu-futuro\/","name":"Meia do Flamengo, Everton Ribeiro fala sobre o seu futuro","isPartOf":{"@id":"https:\/\/www.gaveanews.com\/#website"},"primaryImageOfPage":{"@id":"https:\/\/www.gaveanews.com\/index.php\/2022\/12\/29\/meia-do-flamengo-everton-ribeiro-fala-sobre-o-seu-futuro\/#primaryimage"},"image":{"@id":"https:\/\/www.gaveanews.com\/index.php\/2022\/12\/29\/meia-do-flamengo-everton-ribeiro-fala-sobre-o-seu-futuro\/#primaryimage"},"thumbnailUrl":"https:\/\/www.gaveanews.com\/wp-content\/uploads\/Everton-Ribeiro-pelo-Flamengo-contra-o-Santos.webp","datePublished":"2022-12-29T10:32:59+00:00","dateModified":"2022-12-29T10:33:02+00:00","author":{"@id":"https:\/\/www.gaveanews.com\/#\/schema\/person\/2ec14f73fb96be2caf28f91afb14749d"},"breadcrumb":{"@id":"https:\/\/www.gaveanews.com\/index.php\/2022\/12\/29\/meia-do-flamengo-everton-ribeiro-fala-sobre-o-seu-futuro\/#breadcrumb"},"inLanguage":"pt-BR","potentialAction":[{"@type":"ReadAction","target":["https:\/\/www.gaveanews.com\/index.php\/2022\/12\/29\/meia-do-flamengo-everton-ribeiro-fala-sobre-o-seu-futuro\/"]}]},{"@type":"ImageObject","inLanguage":"pt-BR","@id":"https:\/\/www.gaveanews.com\/index.php\/2022\/12\/29\/meia-do-flamengo-everton-ribeiro-fala-sobre-o-seu-futuro\/#primaryimage","url":"https:\/\/www.gaveanews.com\/wp-content\/uploads\/Everton-Ribeiro-pelo-Flamengo-contra-o-Santos.webp","contentUrl":"https:\/\/www.gaveanews.com\/wp-content\/uploads\/Everton-Ribeiro-pelo-Flamengo-contra-o-Santos.webp","width":799,"height":533,"caption":"Everton Ribeiro pelo Flamengo contra o Santos (Foto: Gilvan de Souza\/Flamengo)"},{"@type":"BreadcrumbList","@id":"https:\/\/www.gaveanews.com\/index.php\/2022\/12\/29\/meia-do-flamengo-everton-ribeiro-fala-sobre-o-seu-futuro\/#breadcrumb","itemListElement":[{"@type":"ListItem","position":1,"name":"Home","item":"https:\/\/www.gaveanews.com\/"},{"@type":"ListItem","position":2,"name":"Meia do Flamengo, Everton Ribeiro fala sobre o seu futuro"}]},{"@type":"WebSite","@id":"https:\/\/www.gaveanews.com\/#website","url":"https:\/\/www.gaveanews.com\/","name":"G\u00e1vea News","description":"Veja todas as not\u00edcias sobre o Flamengo: Contrata\u00e7\u00f5es, categorias de base, resultados das partidas, tabela de classifica\u00e7\u00e3o, pr\u00f3ximos jogos!","potentialAction":[{"@type":"SearchAction","target":{"@type":"EntryPoint","urlTemplate":"https:\/\/www.gaveanews.com\/?s={search_term_string}"},"query-input":{"@type":"PropertyValueSpecification","valueRequired":true,"valueName":"search_term_string"}}],"inLanguage":"pt-BR"},{"@type":"Person","@id":"https:\/\/www.gaveanews.com\/#\/schema\/person\/2ec14f73fb96be2caf28f91afb14749d","name":"Equipe G\u00e1vea News","image":{"@type":"ImageObject","inLanguage":"pt-BR","@id":"https:\/\/www.gaveanews.com\/#\/schema\/person\/image\/","url":"https:\/\/secure.gravatar.com\/avatar\/1e1956f1facbffd3f8fa53a326721950116b3b9dc9bd44939c01180fd4a745a9?s=96&d=mm&r=g","contentUrl":"https:\/\/secure.gravatar.com\/avatar\/1e1956f1facbffd3f8fa53a326721950116b3b9dc9bd44939c01180fd4a745a9?s=96&d=mm&r=g","caption":"Equipe G\u00e1vea News"}}]}},"_links":{"self":[{"href":"https:\/\/www.gaveanews.com\/index.php\/wp-json\/wp\/v2\/posts\/92612","targetHints":{"allow":["GET"]}}],"collection":[{"href":"https:\/\/www.gaveanews.com\/index.php\/wp-json\/wp\/v2\/posts"}],"about":[{"href":"https:\/\/www.gaveanews.com\/index.php\/wp-json\/wp\/v2\/types\/post"}],"author":[{"embeddable":true,"href":"https:\/\/www.gaveanews.com\/index.php\/wp-json\/wp\/v2\/users\/1"}],"replies":[{"embeddable":true,"href":"https:\/\/www.gaveanews.com\/index.php\/wp-json\/wp\/v2\/comments?post=92612"}],"version-history":[{"count":0,"href":"https:\/\/www.gaveanews.com\/index.php\/wp-json\/wp\/v2\/posts\/92612\/revisions"}],"wp:featuredmedia":[{"embeddable":true,"href":"https:\/\/www.gaveanews.com\/index.php\/wp-json\/wp\/v2\/media\/89648"}],"wp:attachment":[{"href":"https:\/\/www.gaveanews.com\/index.php\/wp-json\/wp\/v2\/media?parent=92612"}],"wp:term":[{"taxonomy":"category","embeddable":true,"href":"https:\/\/www.gaveanews.com\/index.php\/wp-json\/wp\/v2\/categories?post=92612"},{"taxonomy":"post_tag","embeddable":true,"href":"https:\/\/www.gaveanews.com\/index.php\/wp-json\/wp\/v2\/tags?post=92612"}],"curies":[{"name":"wp","href":"https:\/\/api.w.org\/{rel}","templated":true}]}}