{"id":92614,"date":"2022-12-29T10:37:33","date_gmt":"2022-12-29T13:37:33","guid":{"rendered":"https:\/\/www.gaveanews.com\/?p=92614"},"modified":"2022-12-29T10:37:36","modified_gmt":"2022-12-29T13:37:36","slug":"david-luiz-revela-atitude-apos-flamengo-fechar-com-vitor-pereira","status":"publish","type":"post","link":"https:\/\/www.gaveanews.com\/index.php\/2022\/12\/29\/david-luiz-revela-atitude-apos-flamengo-fechar-com-vitor-pereira\/","title":{"rendered":"David Luiz revela atitude ap\u00f3s Flamengo fechar com V\u00edtor Pereira"},"content":{"rendered":"\n<p>Convidado para o Jogo das Estrelas, organizado por Zico, David Luiz admitiu que falou com alguns jogadores do Corinthians depois que V\u00edtor Pereira foi anunciado como t\u00e9cnico do Flamengo. O zagueiro preferiu n\u00e3o dizer com quem do Tim\u00e3o conversou, mas fez elogios ao portugu\u00eas.<\/p>\n\n\n\n<p>\u201cConversei [com jogadores do Corinthians sobre V\u00edtor Pereira], mas n\u00e3o te conto (risos).\u201d, inicia David Luiz antes de abordar problemas que VP teve em sua passagem pelo Corinthians.<\/p>\n\n\n\n<p>\u201cNo futebol, quando voc\u00ea n\u00e3o ganha, voc\u00ea tem problemas. Quando ganha \u00e9 o melhor de todos. Futebol \u00e9 julgado dessa forma. Acho que um treinador que veio para o Brasil, trouxe Corinthians para a final da Copa do Brasil, terminou em terceiro [no Brasileir\u00e3o], \u00e9 um trabalho de sucesso mesmo n\u00e3o ganhando. Para mim \u00e9 um treinador de grande qualidade, que j\u00e1 enfrentei muitas vezes na carreira e espero ter muito sucesso\u201c, disse o defensor.<\/p>\n\n\n\n<p>Nestes primeiros dias de pr\u00e9-temporada, o auxiliar de V\u00edtor Pereira, Rui Quinta \u00e9 quem comanda as atividades no Ninho do Urubu. Seu compatriota assume os trabalhos ap\u00f3s os festejos do R\u00e9veillon.<\/p>\n\n\n\n<h2 class=\"wp-block-heading\" id=\"h-david-luiz-animado\">David Luiz animado<\/h2>\n\n\n\n<p>David Luiz prefere n\u00e3o fazer progn\u00f3sticos, mas admite estar animado com a contrata\u00e7\u00e3o do portugu\u00eas. Segundo ele, VP sabe lidar com v\u00e1rias caracter\u00edsticas de jogo.<\/p>\n\n\n\n<p>\u201cEu estaria sendo muito petulante de querer adivinhar aquilo que o V\u00edtor vai almejar para n\u00f3s. Para chegar ao n\u00edvel que chegou como treinador, o V\u00edtor sem d\u00favida nenhuma sabe jogar de todas as maneiras. Sabe jogar sufocando, sabe jogar esperando e sabe jogar \u00e0 espera de uma bola. Essa \u00e9 a evolu\u00e7\u00e3o do futebol, e o V\u00edtor \u00e9 capacitado para montar o time em todos os momentos\u201d, elogia David Luiz, ao ge.com.<\/p>\n\n\n\n<p>\u201cA \u00fanica coisa que posso dizer \u00e9 que tenho total confian\u00e7a naquilo que j\u00e1 vi do V\u00edtor ao longo da minha vida. E que estamos \u00e0 espera de come\u00e7ar um lindo trabalho. Conhe\u00e7o o V\u00edtor h\u00e1 alguns anos, ainda n\u00e3o conversamos. V\u00edtor \u00e9 um treinador tremendo, de muita qualidade, um expert taticamente tamb\u00e9m. A gente sofreu com isso no ano passado (risos) quando jogamos contra ele. Ent\u00e3o espero que ele seja muito feliz aqui conosco\u201d, concluiu.<\/p>\n\n\n\n<p>Retirado de: Torcedores<\/p>\n","protected":false},"excerpt":{"rendered":"<p>Convidado para o Jogo das Estrelas, organizado por Zico, David Luiz admitiu que falou com alguns jogadores do Corinthians depois que V\u00edtor Pereira foi anunciado como t\u00e9cnico do Flamengo. O zagueiro preferiu n\u00e3o dizer com quem do Tim\u00e3o conversou, mas fez elogios ao portugu\u00eas. \u201cConversei [com jogadores do Corinthians sobre V\u00edtor Pereira], mas n\u00e3o te [&hellip;]<\/p>\n","protected":false},"author":1,"featured_media":89332,"comment_status":"open","ping_status":"closed","sticky":false,"template":"","format":"standard","meta":{"footnotes":""},"categories":[1],"tags":[],"class_list":["post-92614","post","type-post","status-publish","format-standard","has-post-thumbnail","hentry","category-flamengo"],"yoast_head":"<!-- This site is optimized with the Yoast SEO Premium plugin v24.2 (Yoast SEO v26.9) - https:\/\/yoast.com\/product\/yoast-seo-premium-wordpress\/ -->\n<title>David Luiz revela atitude ap\u00f3s Flamengo fechar com V\u00edtor Pereira<\/title>\n<meta name=\"robots\" content=\"index, follow, max-snippet:-1, max-image-preview:large, max-video-preview:-1\" \/>\n<link rel=\"canonical\" href=\"https:\/\/www.gaveanews.com\/index.php\/2022\/12\/29\/david-luiz-revela-atitude-apos-flamengo-fechar-com-vitor-pereira\/\" \/>\n<meta property=\"og:locale\" content=\"pt_BR\" \/>\n<meta property=\"og:type\" content=\"article\" \/>\n<meta property=\"og:title\" content=\"David Luiz revela atitude ap\u00f3s Flamengo fechar com V\u00edtor Pereira\" \/>\n<meta property=\"og:description\" content=\"Convidado para o Jogo das Estrelas, organizado por Zico, David Luiz admitiu que falou com alguns jogadores do Corinthians depois que V\u00edtor Pereira foi anunciado como t\u00e9cnico do Flamengo. O zagueiro preferiu n\u00e3o dizer com quem do Tim\u00e3o conversou, mas fez elogios ao portugu\u00eas. \u201cConversei [com jogadores do Corinthians sobre V\u00edtor Pereira], mas n\u00e3o te [&hellip;]\" \/>\n<meta property=\"og:url\" content=\"https:\/\/www.gaveanews.com\/index.php\/2022\/12\/29\/david-luiz-revela-atitude-apos-flamengo-fechar-com-vitor-pereira\/\" \/>\n<meta property=\"og:site_name\" content=\"G\u00e1vea News\" \/>\n<meta property=\"article:publisher\" content=\"https:\/\/facebook.com\/gaveaNews\/\" \/>\n<meta property=\"article:published_time\" content=\"2022-12-29T13:37:33+00:00\" \/>\n<meta property=\"article:modified_time\" content=\"2022-12-29T13:37:36+00:00\" \/>\n<meta property=\"og:image\" content=\"https:\/\/www.gaveanews.com\/wp-content\/uploads\/David-Luiz-1.webp\" \/>\n\t<meta property=\"og:image:width\" content=\"799\" \/>\n\t<meta property=\"og:image:height\" content=\"533\" \/>\n\t<meta property=\"og:image:type\" content=\"image\/jpeg\" \/>\n<meta name=\"author\" content=\"Equipe G\u00e1vea News\" \/>\n<meta name=\"twitter:card\" content=\"summary_large_image\" \/>\n<meta name=\"twitter:label1\" content=\"Escrito por\" \/>\n\t<meta name=\"twitter:data1\" content=\"Equipe G\u00e1vea News\" \/>\n\t<meta name=\"twitter:label2\" content=\"Est. tempo de leitura\" \/>\n\t<meta name=\"twitter:data2\" content=\"2 minutos\" \/>\n<script type=\"application\/ld+json\" class=\"yoast-schema-graph\">{\"@context\":\"https:\/\/schema.org\",\"@graph\":[{\"@type\":\"NewsArticle\",\"@id\":\"https:\/\/www.gaveanews.com\/index.php\/2022\/12\/29\/david-luiz-revela-atitude-apos-flamengo-fechar-com-vitor-pereira\/#article\",\"isPartOf\":{\"@id\":\"https:\/\/www.gaveanews.com\/index.php\/2022\/12\/29\/david-luiz-revela-atitude-apos-flamengo-fechar-com-vitor-pereira\/\"},\"author\":{\"name\":\"Equipe G\u00e1vea News\",\"@id\":\"https:\/\/www.gaveanews.com\/#\/schema\/person\/2ec14f73fb96be2caf28f91afb14749d\"},\"headline\":\"David Luiz revela atitude ap\u00f3s Flamengo fechar com V\u00edtor Pereira\",\"datePublished\":\"2022-12-29T13:37:33+00:00\",\"dateModified\":\"2022-12-29T13:37:36+00:00\",\"mainEntityOfPage\":{\"@id\":\"https:\/\/www.gaveanews.com\/index.php\/2022\/12\/29\/david-luiz-revela-atitude-apos-flamengo-fechar-com-vitor-pereira\/\"},\"wordCount\":396,\"commentCount\":0,\"image\":{\"@id\":\"https:\/\/www.gaveanews.com\/index.php\/2022\/12\/29\/david-luiz-revela-atitude-apos-flamengo-fechar-com-vitor-pereira\/#primaryimage\"},\"thumbnailUrl\":\"https:\/\/www.gaveanews.com\/wp-content\/uploads\/David-Luiz-1.webp\",\"articleSection\":[\"Flamengo\"],\"inLanguage\":\"pt-BR\",\"potentialAction\":[{\"@type\":\"CommentAction\",\"name\":\"Comment\",\"target\":[\"https:\/\/www.gaveanews.com\/index.php\/2022\/12\/29\/david-luiz-revela-atitude-apos-flamengo-fechar-com-vitor-pereira\/#respond\"]}],\"copyrightYear\":\"2022\",\"copyrightHolder\":{\"@id\":\"https:\/\/www.gaveanews.com\/#organization\"}},{\"@type\":\"WebPage\",\"@id\":\"https:\/\/www.gaveanews.com\/index.php\/2022\/12\/29\/david-luiz-revela-atitude-apos-flamengo-fechar-com-vitor-pereira\/\",\"url\":\"https:\/\/www.gaveanews.com\/index.php\/2022\/12\/29\/david-luiz-revela-atitude-apos-flamengo-fechar-com-vitor-pereira\/\",\"name\":\"David Luiz revela atitude ap\u00f3s Flamengo fechar com V\u00edtor Pereira\",\"isPartOf\":{\"@id\":\"https:\/\/www.gaveanews.com\/#website\"},\"primaryImageOfPage\":{\"@id\":\"https:\/\/www.gaveanews.com\/index.php\/2022\/12\/29\/david-luiz-revela-atitude-apos-flamengo-fechar-com-vitor-pereira\/#primaryimage\"},\"image\":{\"@id\":\"https:\/\/www.gaveanews.com\/index.php\/2022\/12\/29\/david-luiz-revela-atitude-apos-flamengo-fechar-com-vitor-pereira\/#primaryimage\"},\"thumbnailUrl\":\"https:\/\/www.gaveanews.com\/wp-content\/uploads\/David-Luiz-1.webp\",\"datePublished\":\"2022-12-29T13:37:33+00:00\",\"dateModified\":\"2022-12-29T13:37:36+00:00\",\"author\":{\"@id\":\"https:\/\/www.gaveanews.com\/#\/schema\/person\/2ec14f73fb96be2caf28f91afb14749d\"},\"breadcrumb\":{\"@id\":\"https:\/\/www.gaveanews.com\/index.php\/2022\/12\/29\/david-luiz-revela-atitude-apos-flamengo-fechar-com-vitor-pereira\/#breadcrumb\"},\"inLanguage\":\"pt-BR\",\"potentialAction\":[{\"@type\":\"ReadAction\",\"target\":[\"https:\/\/www.gaveanews.com\/index.php\/2022\/12\/29\/david-luiz-revela-atitude-apos-flamengo-fechar-com-vitor-pereira\/\"]}]},{\"@type\":\"ImageObject\",\"inLanguage\":\"pt-BR\",\"@id\":\"https:\/\/www.gaveanews.com\/index.php\/2022\/12\/29\/david-luiz-revela-atitude-apos-flamengo-fechar-com-vitor-pereira\/#primaryimage\",\"url\":\"https:\/\/www.gaveanews.com\/wp-content\/uploads\/David-Luiz-1.webp\",\"contentUrl\":\"https:\/\/www.gaveanews.com\/wp-content\/uploads\/David-Luiz-1.webp\",\"width\":799,\"height\":533,\"caption\":\"David Luiz no jogo do Flamengo contra o Corinthians pela final da Copa do Brasil (Foto: Gilvan de Souza\/Flamengo)\"},{\"@type\":\"BreadcrumbList\",\"@id\":\"https:\/\/www.gaveanews.com\/index.php\/2022\/12\/29\/david-luiz-revela-atitude-apos-flamengo-fechar-com-vitor-pereira\/#breadcrumb\",\"itemListElement\":[{\"@type\":\"ListItem\",\"position\":1,\"name\":\"Home\",\"item\":\"https:\/\/www.gaveanews.com\/\"},{\"@type\":\"ListItem\",\"position\":2,\"name\":\"David Luiz revela atitude ap\u00f3s Flamengo fechar com V\u00edtor Pereira\"}]},{\"@type\":\"WebSite\",\"@id\":\"https:\/\/www.gaveanews.com\/#website\",\"url\":\"https:\/\/www.gaveanews.com\/\",\"name\":\"G\u00e1vea News\",\"description\":\"Veja todas as not\u00edcias sobre o Flamengo: Contrata\u00e7\u00f5es, categorias de base, resultados das partidas, tabela de classifica\u00e7\u00e3o, pr\u00f3ximos jogos!\",\"potentialAction\":[{\"@type\":\"SearchAction\",\"target\":{\"@type\":\"EntryPoint\",\"urlTemplate\":\"https:\/\/www.gaveanews.com\/?s={search_term_string}\"},\"query-input\":{\"@type\":\"PropertyValueSpecification\",\"valueRequired\":true,\"valueName\":\"search_term_string\"}}],\"inLanguage\":\"pt-BR\"},{\"@type\":\"Person\",\"@id\":\"https:\/\/www.gaveanews.com\/#\/schema\/person\/2ec14f73fb96be2caf28f91afb14749d\",\"name\":\"Equipe G\u00e1vea News\",\"image\":{\"@type\":\"ImageObject\",\"inLanguage\":\"pt-BR\",\"@id\":\"https:\/\/www.gaveanews.com\/#\/schema\/person\/image\/\",\"url\":\"https:\/\/secure.gravatar.com\/avatar\/1e1956f1facbffd3f8fa53a326721950116b3b9dc9bd44939c01180fd4a745a9?s=96&d=mm&r=g\",\"contentUrl\":\"https:\/\/secure.gravatar.com\/avatar\/1e1956f1facbffd3f8fa53a326721950116b3b9dc9bd44939c01180fd4a745a9?s=96&d=mm&r=g\",\"caption\":\"Equipe G\u00e1vea News\"}}]}<\/script>\n<!-- \/ Yoast SEO Premium plugin. -->","yoast_head_json":{"title":"David Luiz revela atitude ap\u00f3s Flamengo fechar com V\u00edtor Pereira","robots":{"index":"index","follow":"follow","max-snippet":"max-snippet:-1","max-image-preview":"max-image-preview:large","max-video-preview":"max-video-preview:-1"},"canonical":"https:\/\/www.gaveanews.com\/index.php\/2022\/12\/29\/david-luiz-revela-atitude-apos-flamengo-fechar-com-vitor-pereira\/","og_locale":"pt_BR","og_type":"article","og_title":"David Luiz revela atitude ap\u00f3s Flamengo fechar com V\u00edtor Pereira","og_description":"Convidado para o Jogo das Estrelas, organizado por Zico, David Luiz admitiu que falou com alguns jogadores do Corinthians depois que V\u00edtor Pereira foi anunciado como t\u00e9cnico do Flamengo. O zagueiro preferiu n\u00e3o dizer com quem do Tim\u00e3o conversou, mas fez elogios ao portugu\u00eas. \u201cConversei [com jogadores do Corinthians sobre V\u00edtor Pereira], mas n\u00e3o te [&hellip;]","og_url":"https:\/\/www.gaveanews.com\/index.php\/2022\/12\/29\/david-luiz-revela-atitude-apos-flamengo-fechar-com-vitor-pereira\/","og_site_name":"G\u00e1vea News","article_publisher":"https:\/\/facebook.com\/gaveaNews\/","article_published_time":"2022-12-29T13:37:33+00:00","article_modified_time":"2022-12-29T13:37:36+00:00","og_image":[{"width":799,"height":533,"url":"https:\/\/www.gaveanews.com\/wp-content\/uploads\/David-Luiz-1.webp","type":"image\/jpeg"}],"author":"Equipe G\u00e1vea News","twitter_card":"summary_large_image","twitter_misc":{"Escrito por":"Equipe G\u00e1vea News","Est. tempo de leitura":"2 minutos"},"schema":{"@context":"https:\/\/schema.org","@graph":[{"@type":"NewsArticle","@id":"https:\/\/www.gaveanews.com\/index.php\/2022\/12\/29\/david-luiz-revela-atitude-apos-flamengo-fechar-com-vitor-pereira\/#article","isPartOf":{"@id":"https:\/\/www.gaveanews.com\/index.php\/2022\/12\/29\/david-luiz-revela-atitude-apos-flamengo-fechar-com-vitor-pereira\/"},"author":{"name":"Equipe G\u00e1vea News","@id":"https:\/\/www.gaveanews.com\/#\/schema\/person\/2ec14f73fb96be2caf28f91afb14749d"},"headline":"David Luiz revela atitude ap\u00f3s Flamengo fechar com V\u00edtor Pereira","datePublished":"2022-12-29T13:37:33+00:00","dateModified":"2022-12-29T13:37:36+00:00","mainEntityOfPage":{"@id":"https:\/\/www.gaveanews.com\/index.php\/2022\/12\/29\/david-luiz-revela-atitude-apos-flamengo-fechar-com-vitor-pereira\/"},"wordCount":396,"commentCount":0,"image":{"@id":"https:\/\/www.gaveanews.com\/index.php\/2022\/12\/29\/david-luiz-revela-atitude-apos-flamengo-fechar-com-vitor-pereira\/#primaryimage"},"thumbnailUrl":"https:\/\/www.gaveanews.com\/wp-content\/uploads\/David-Luiz-1.webp","articleSection":["Flamengo"],"inLanguage":"pt-BR","potentialAction":[{"@type":"CommentAction","name":"Comment","target":["https:\/\/www.gaveanews.com\/index.php\/2022\/12\/29\/david-luiz-revela-atitude-apos-flamengo-fechar-com-vitor-pereira\/#respond"]}],"copyrightYear":"2022","copyrightHolder":{"@id":"https:\/\/www.gaveanews.com\/#organization"}},{"@type":"WebPage","@id":"https:\/\/www.gaveanews.com\/index.php\/2022\/12\/29\/david-luiz-revela-atitude-apos-flamengo-fechar-com-vitor-pereira\/","url":"https:\/\/www.gaveanews.com\/index.php\/2022\/12\/29\/david-luiz-revela-atitude-apos-flamengo-fechar-com-vitor-pereira\/","name":"David Luiz revela atitude ap\u00f3s Flamengo fechar com V\u00edtor Pereira","isPartOf":{"@id":"https:\/\/www.gaveanews.com\/#website"},"primaryImageOfPage":{"@id":"https:\/\/www.gaveanews.com\/index.php\/2022\/12\/29\/david-luiz-revela-atitude-apos-flamengo-fechar-com-vitor-pereira\/#primaryimage"},"image":{"@id":"https:\/\/www.gaveanews.com\/index.php\/2022\/12\/29\/david-luiz-revela-atitude-apos-flamengo-fechar-com-vitor-pereira\/#primaryimage"},"thumbnailUrl":"https:\/\/www.gaveanews.com\/wp-content\/uploads\/David-Luiz-1.webp","datePublished":"2022-12-29T13:37:33+00:00","dateModified":"2022-12-29T13:37:36+00:00","author":{"@id":"https:\/\/www.gaveanews.com\/#\/schema\/person\/2ec14f73fb96be2caf28f91afb14749d"},"breadcrumb":{"@id":"https:\/\/www.gaveanews.com\/index.php\/2022\/12\/29\/david-luiz-revela-atitude-apos-flamengo-fechar-com-vitor-pereira\/#breadcrumb"},"inLanguage":"pt-BR","potentialAction":[{"@type":"ReadAction","target":["https:\/\/www.gaveanews.com\/index.php\/2022\/12\/29\/david-luiz-revela-atitude-apos-flamengo-fechar-com-vitor-pereira\/"]}]},{"@type":"ImageObject","inLanguage":"pt-BR","@id":"https:\/\/www.gaveanews.com\/index.php\/2022\/12\/29\/david-luiz-revela-atitude-apos-flamengo-fechar-com-vitor-pereira\/#primaryimage","url":"https:\/\/www.gaveanews.com\/wp-content\/uploads\/David-Luiz-1.webp","contentUrl":"https:\/\/www.gaveanews.com\/wp-content\/uploads\/David-Luiz-1.webp","width":799,"height":533,"caption":"David Luiz no jogo do Flamengo contra o Corinthians pela final da Copa do Brasil (Foto: Gilvan de Souza\/Flamengo)"},{"@type":"BreadcrumbList","@id":"https:\/\/www.gaveanews.com\/index.php\/2022\/12\/29\/david-luiz-revela-atitude-apos-flamengo-fechar-com-vitor-pereira\/#breadcrumb","itemListElement":[{"@type":"ListItem","position":1,"name":"Home","item":"https:\/\/www.gaveanews.com\/"},{"@type":"ListItem","position":2,"name":"David Luiz revela atitude ap\u00f3s Flamengo fechar com V\u00edtor Pereira"}]},{"@type":"WebSite","@id":"https:\/\/www.gaveanews.com\/#website","url":"https:\/\/www.gaveanews.com\/","name":"G\u00e1vea News","description":"Veja todas as not\u00edcias sobre o Flamengo: Contrata\u00e7\u00f5es, categorias de base, resultados das partidas, tabela de classifica\u00e7\u00e3o, pr\u00f3ximos jogos!","potentialAction":[{"@type":"SearchAction","target":{"@type":"EntryPoint","urlTemplate":"https:\/\/www.gaveanews.com\/?s={search_term_string}"},"query-input":{"@type":"PropertyValueSpecification","valueRequired":true,"valueName":"search_term_string"}}],"inLanguage":"pt-BR"},{"@type":"Person","@id":"https:\/\/www.gaveanews.com\/#\/schema\/person\/2ec14f73fb96be2caf28f91afb14749d","name":"Equipe G\u00e1vea News","image":{"@type":"ImageObject","inLanguage":"pt-BR","@id":"https:\/\/www.gaveanews.com\/#\/schema\/person\/image\/","url":"https:\/\/secure.gravatar.com\/avatar\/1e1956f1facbffd3f8fa53a326721950116b3b9dc9bd44939c01180fd4a745a9?s=96&d=mm&r=g","contentUrl":"https:\/\/secure.gravatar.com\/avatar\/1e1956f1facbffd3f8fa53a326721950116b3b9dc9bd44939c01180fd4a745a9?s=96&d=mm&r=g","caption":"Equipe G\u00e1vea News"}}]}},"_links":{"self":[{"href":"https:\/\/www.gaveanews.com\/index.php\/wp-json\/wp\/v2\/posts\/92614","targetHints":{"allow":["GET"]}}],"collection":[{"href":"https:\/\/www.gaveanews.com\/index.php\/wp-json\/wp\/v2\/posts"}],"about":[{"href":"https:\/\/www.gaveanews.com\/index.php\/wp-json\/wp\/v2\/types\/post"}],"author":[{"embeddable":true,"href":"https:\/\/www.gaveanews.com\/index.php\/wp-json\/wp\/v2\/users\/1"}],"replies":[{"embeddable":true,"href":"https:\/\/www.gaveanews.com\/index.php\/wp-json\/wp\/v2\/comments?post=92614"}],"version-history":[{"count":0,"href":"https:\/\/www.gaveanews.com\/index.php\/wp-json\/wp\/v2\/posts\/92614\/revisions"}],"wp:featuredmedia":[{"embeddable":true,"href":"https:\/\/www.gaveanews.com\/index.php\/wp-json\/wp\/v2\/media\/89332"}],"wp:attachment":[{"href":"https:\/\/www.gaveanews.com\/index.php\/wp-json\/wp\/v2\/media?parent=92614"}],"wp:term":[{"taxonomy":"category","embeddable":true,"href":"https:\/\/www.gaveanews.com\/index.php\/wp-json\/wp\/v2\/categories?post=92614"},{"taxonomy":"post_tag","embeddable":true,"href":"https:\/\/www.gaveanews.com\/index.php\/wp-json\/wp\/v2\/tags?post=92614"}],"curies":[{"name":"wp","href":"https:\/\/api.w.org\/{rel}","templated":true}]}}