{"id":92616,"date":"2022-12-29T10:38:58","date_gmt":"2022-12-29T13:38:58","guid":{"rendered":"https:\/\/www.gaveanews.com\/?p=92616"},"modified":"2022-12-29T10:39:00","modified_gmt":"2022-12-29T13:39:00","slug":"libertadores-tera-novidade-para-equipes-brasileiras","status":"publish","type":"post","link":"https:\/\/www.gaveanews.com\/index.php\/2022\/12\/29\/libertadores-tera-novidade-para-equipes-brasileiras\/","title":{"rendered":"Libertadores ter\u00e1 novidade para equipes brasileiras"},"content":{"rendered":"\n<p>Segundo informa\u00e7\u00f5es do jornalista Marcel Rizzo, colunista do UOL Esporte, a Conmebol definiu as datas finais para que os clubes possam enviar suas respectivas listas de inscritos na Libertadores 2023. E as equipes brasileiras foram contempladas com uma boa not\u00edcia. Isto porque, os jogadores contratados na janela de transfer\u00eancias do meio do pr\u00f3ximo ano poder\u00e3o jogar as oitavas de final, diferente do que ocorreu em 2022.<\/p>\n\n\n\n<p>Na temporada 2022, a primeira janela de seu entre 19 de janeiro e 12 de abril, enquanto a segunda foi de 18 de julho at\u00e9 15 de agosto. Com os jogos das oitavas da Libertadores sendo disputados entre o final de junho e in\u00edcio de julho, os times brasileiros n\u00e3o puderam utilizar seus refor\u00e7os. Arturo Vidal e Cebolinha (Flamengo), Merentiel e Flaco Lopez (Palmeiras), e Yuri Alberto (Corinthians) n\u00e3o ficaram aptos para inscri\u00e7\u00e3o.<\/p>\n\n\n\n<p>Para 2023, a Conmebol flexibilizou permitindo que a troca de cinco jogadores para as oitavas de final da Libertadores possa ser realizada at\u00e9 o dia 29 de julho, permitindo assim com clubes como Flamengo, Palmeiras, Corinthians, Fluminense, Inter e Athletico Paranaense possam inscrever seus jogadores. Fortaleza e Atl\u00e9tico-MG, que est\u00e3o na fase preliminar tamb\u00e9m poder\u00e3o ser contemplados em caso de avan\u00e7o para a fase de grupos e classifica\u00e7\u00e3o ao mata-mata.<\/p>\n\n\n\n<p>Estes dois clubes em espec\u00edfico t\u00eam at\u00e9 o dia 18 de fevereiro para enviar a lista de 45 jogadores inscritos para a Libertadores, podendo assim contar com os jogadores eventualmente contratados nesta primeira janela de 2023, que vai do dia 10 de janeiro at\u00e9 3 de abril.<\/p>\n\n\n\n<p>Retirado de: Torcedores<\/p>\n","protected":false},"excerpt":{"rendered":"<p>Segundo informa\u00e7\u00f5es do jornalista Marcel Rizzo, colunista do UOL Esporte, a Conmebol definiu as datas finais para que os clubes possam enviar suas respectivas listas de inscritos na Libertadores 2023. E as equipes brasileiras foram contempladas com uma boa not\u00edcia. Isto porque, os jogadores contratados na janela de transfer\u00eancias do meio do pr\u00f3ximo ano poder\u00e3o [&hellip;]<\/p>\n","protected":false},"author":1,"featured_media":90054,"comment_status":"open","ping_status":"closed","sticky":false,"template":"","format":"standard","meta":{"footnotes":""},"categories":[1],"tags":[],"class_list":["post-92616","post","type-post","status-publish","format-standard","has-post-thumbnail","hentry","category-flamengo"],"yoast_head":"<!-- This site is optimized with the Yoast SEO Premium plugin v24.2 (Yoast SEO v26.9) - https:\/\/yoast.com\/product\/yoast-seo-premium-wordpress\/ -->\n<title>Libertadores ter\u00e1 novidade para equipes brasileiras<\/title>\n<meta name=\"robots\" content=\"index, follow, max-snippet:-1, max-image-preview:large, max-video-preview:-1\" \/>\n<link rel=\"canonical\" href=\"https:\/\/www.gaveanews.com\/index.php\/2022\/12\/29\/libertadores-tera-novidade-para-equipes-brasileiras\/\" \/>\n<meta property=\"og:locale\" content=\"pt_BR\" \/>\n<meta property=\"og:type\" content=\"article\" \/>\n<meta property=\"og:title\" content=\"Libertadores ter\u00e1 novidade para equipes brasileiras\" \/>\n<meta property=\"og:description\" content=\"Segundo informa\u00e7\u00f5es do jornalista Marcel Rizzo, colunista do UOL Esporte, a Conmebol definiu as datas finais para que os clubes possam enviar suas respectivas listas de inscritos na Libertadores 2023. E as equipes brasileiras foram contempladas com uma boa not\u00edcia. Isto porque, os jogadores contratados na janela de transfer\u00eancias do meio do pr\u00f3ximo ano poder\u00e3o [&hellip;]\" \/>\n<meta property=\"og:url\" content=\"https:\/\/www.gaveanews.com\/index.php\/2022\/12\/29\/libertadores-tera-novidade-para-equipes-brasileiras\/\" \/>\n<meta property=\"og:site_name\" content=\"G\u00e1vea News\" \/>\n<meta property=\"article:publisher\" content=\"https:\/\/facebook.com\/gaveaNews\/\" \/>\n<meta property=\"article:published_time\" content=\"2022-12-29T13:38:58+00:00\" \/>\n<meta property=\"article:modified_time\" content=\"2022-12-29T13:39:00+00:00\" \/>\n<meta property=\"og:image\" content=\"https:\/\/www.gaveanews.com\/wp-content\/uploads\/Taca-Libertadores-da-America.webp\" \/>\n\t<meta property=\"og:image:width\" content=\"799\" \/>\n\t<meta property=\"og:image:height\" content=\"533\" \/>\n\t<meta property=\"og:image:type\" content=\"image\/jpeg\" \/>\n<meta name=\"author\" content=\"Equipe G\u00e1vea News\" \/>\n<meta name=\"twitter:card\" content=\"summary_large_image\" \/>\n<meta name=\"twitter:label1\" content=\"Escrito por\" \/>\n\t<meta name=\"twitter:data1\" content=\"Equipe G\u00e1vea News\" \/>\n\t<meta name=\"twitter:label2\" content=\"Est. tempo de leitura\" \/>\n\t<meta name=\"twitter:data2\" content=\"2 minutos\" \/>\n<script type=\"application\/ld+json\" class=\"yoast-schema-graph\">{\"@context\":\"https:\/\/schema.org\",\"@graph\":[{\"@type\":\"NewsArticle\",\"@id\":\"https:\/\/www.gaveanews.com\/index.php\/2022\/12\/29\/libertadores-tera-novidade-para-equipes-brasileiras\/#article\",\"isPartOf\":{\"@id\":\"https:\/\/www.gaveanews.com\/index.php\/2022\/12\/29\/libertadores-tera-novidade-para-equipes-brasileiras\/\"},\"author\":{\"name\":\"Equipe G\u00e1vea News\",\"@id\":\"https:\/\/www.gaveanews.com\/#\/schema\/person\/2ec14f73fb96be2caf28f91afb14749d\"},\"headline\":\"Libertadores ter\u00e1 novidade para equipes brasileiras\",\"datePublished\":\"2022-12-29T13:38:58+00:00\",\"dateModified\":\"2022-12-29T13:39:00+00:00\",\"mainEntityOfPage\":{\"@id\":\"https:\/\/www.gaveanews.com\/index.php\/2022\/12\/29\/libertadores-tera-novidade-para-equipes-brasileiras\/\"},\"wordCount\":269,\"commentCount\":0,\"image\":{\"@id\":\"https:\/\/www.gaveanews.com\/index.php\/2022\/12\/29\/libertadores-tera-novidade-para-equipes-brasileiras\/#primaryimage\"},\"thumbnailUrl\":\"https:\/\/www.gaveanews.com\/wp-content\/uploads\/Taca-Libertadores-da-America.webp\",\"articleSection\":[\"Flamengo\"],\"inLanguage\":\"pt-BR\",\"potentialAction\":[{\"@type\":\"CommentAction\",\"name\":\"Comment\",\"target\":[\"https:\/\/www.gaveanews.com\/index.php\/2022\/12\/29\/libertadores-tera-novidade-para-equipes-brasileiras\/#respond\"]}],\"copyrightYear\":\"2022\",\"copyrightHolder\":{\"@id\":\"https:\/\/www.gaveanews.com\/#organization\"}},{\"@type\":\"WebPage\",\"@id\":\"https:\/\/www.gaveanews.com\/index.php\/2022\/12\/29\/libertadores-tera-novidade-para-equipes-brasileiras\/\",\"url\":\"https:\/\/www.gaveanews.com\/index.php\/2022\/12\/29\/libertadores-tera-novidade-para-equipes-brasileiras\/\",\"name\":\"Libertadores ter\u00e1 novidade para equipes brasileiras\",\"isPartOf\":{\"@id\":\"https:\/\/www.gaveanews.com\/#website\"},\"primaryImageOfPage\":{\"@id\":\"https:\/\/www.gaveanews.com\/index.php\/2022\/12\/29\/libertadores-tera-novidade-para-equipes-brasileiras\/#primaryimage\"},\"image\":{\"@id\":\"https:\/\/www.gaveanews.com\/index.php\/2022\/12\/29\/libertadores-tera-novidade-para-equipes-brasileiras\/#primaryimage\"},\"thumbnailUrl\":\"https:\/\/www.gaveanews.com\/wp-content\/uploads\/Taca-Libertadores-da-America.webp\",\"datePublished\":\"2022-12-29T13:38:58+00:00\",\"dateModified\":\"2022-12-29T13:39:00+00:00\",\"author\":{\"@id\":\"https:\/\/www.gaveanews.com\/#\/schema\/person\/2ec14f73fb96be2caf28f91afb14749d\"},\"breadcrumb\":{\"@id\":\"https:\/\/www.gaveanews.com\/index.php\/2022\/12\/29\/libertadores-tera-novidade-para-equipes-brasileiras\/#breadcrumb\"},\"inLanguage\":\"pt-BR\",\"potentialAction\":[{\"@type\":\"ReadAction\",\"target\":[\"https:\/\/www.gaveanews.com\/index.php\/2022\/12\/29\/libertadores-tera-novidade-para-equipes-brasileiras\/\"]}]},{\"@type\":\"ImageObject\",\"inLanguage\":\"pt-BR\",\"@id\":\"https:\/\/www.gaveanews.com\/index.php\/2022\/12\/29\/libertadores-tera-novidade-para-equipes-brasileiras\/#primaryimage\",\"url\":\"https:\/\/www.gaveanews.com\/wp-content\/uploads\/Taca-Libertadores-da-America.webp\",\"contentUrl\":\"https:\/\/www.gaveanews.com\/wp-content\/uploads\/Taca-Libertadores-da-America.webp\",\"width\":799,\"height\":533,\"caption\":\"Ta\u00e7a da Copa Libertadores da Am\u00e9rica (Foto: Gilvan de Souza\/Flamengo)\"},{\"@type\":\"BreadcrumbList\",\"@id\":\"https:\/\/www.gaveanews.com\/index.php\/2022\/12\/29\/libertadores-tera-novidade-para-equipes-brasileiras\/#breadcrumb\",\"itemListElement\":[{\"@type\":\"ListItem\",\"position\":1,\"name\":\"Home\",\"item\":\"https:\/\/www.gaveanews.com\/\"},{\"@type\":\"ListItem\",\"position\":2,\"name\":\"Libertadores ter\u00e1 novidade para equipes brasileiras\"}]},{\"@type\":\"WebSite\",\"@id\":\"https:\/\/www.gaveanews.com\/#website\",\"url\":\"https:\/\/www.gaveanews.com\/\",\"name\":\"G\u00e1vea News\",\"description\":\"Veja todas as not\u00edcias sobre o Flamengo: Contrata\u00e7\u00f5es, categorias de base, resultados das partidas, tabela de classifica\u00e7\u00e3o, pr\u00f3ximos jogos!\",\"potentialAction\":[{\"@type\":\"SearchAction\",\"target\":{\"@type\":\"EntryPoint\",\"urlTemplate\":\"https:\/\/www.gaveanews.com\/?s={search_term_string}\"},\"query-input\":{\"@type\":\"PropertyValueSpecification\",\"valueRequired\":true,\"valueName\":\"search_term_string\"}}],\"inLanguage\":\"pt-BR\"},{\"@type\":\"Person\",\"@id\":\"https:\/\/www.gaveanews.com\/#\/schema\/person\/2ec14f73fb96be2caf28f91afb14749d\",\"name\":\"Equipe G\u00e1vea News\",\"image\":{\"@type\":\"ImageObject\",\"inLanguage\":\"pt-BR\",\"@id\":\"https:\/\/www.gaveanews.com\/#\/schema\/person\/image\/\",\"url\":\"https:\/\/secure.gravatar.com\/avatar\/1e1956f1facbffd3f8fa53a326721950116b3b9dc9bd44939c01180fd4a745a9?s=96&d=mm&r=g\",\"contentUrl\":\"https:\/\/secure.gravatar.com\/avatar\/1e1956f1facbffd3f8fa53a326721950116b3b9dc9bd44939c01180fd4a745a9?s=96&d=mm&r=g\",\"caption\":\"Equipe G\u00e1vea News\"}}]}<\/script>\n<!-- \/ Yoast SEO Premium plugin. -->","yoast_head_json":{"title":"Libertadores ter\u00e1 novidade para equipes brasileiras","robots":{"index":"index","follow":"follow","max-snippet":"max-snippet:-1","max-image-preview":"max-image-preview:large","max-video-preview":"max-video-preview:-1"},"canonical":"https:\/\/www.gaveanews.com\/index.php\/2022\/12\/29\/libertadores-tera-novidade-para-equipes-brasileiras\/","og_locale":"pt_BR","og_type":"article","og_title":"Libertadores ter\u00e1 novidade para equipes brasileiras","og_description":"Segundo informa\u00e7\u00f5es do jornalista Marcel Rizzo, colunista do UOL Esporte, a Conmebol definiu as datas finais para que os clubes possam enviar suas respectivas listas de inscritos na Libertadores 2023. E as equipes brasileiras foram contempladas com uma boa not\u00edcia. Isto porque, os jogadores contratados na janela de transfer\u00eancias do meio do pr\u00f3ximo ano poder\u00e3o [&hellip;]","og_url":"https:\/\/www.gaveanews.com\/index.php\/2022\/12\/29\/libertadores-tera-novidade-para-equipes-brasileiras\/","og_site_name":"G\u00e1vea News","article_publisher":"https:\/\/facebook.com\/gaveaNews\/","article_published_time":"2022-12-29T13:38:58+00:00","article_modified_time":"2022-12-29T13:39:00+00:00","og_image":[{"width":799,"height":533,"url":"https:\/\/www.gaveanews.com\/wp-content\/uploads\/Taca-Libertadores-da-America.webp","type":"image\/jpeg"}],"author":"Equipe G\u00e1vea News","twitter_card":"summary_large_image","twitter_misc":{"Escrito por":"Equipe G\u00e1vea News","Est. tempo de leitura":"2 minutos"},"schema":{"@context":"https:\/\/schema.org","@graph":[{"@type":"NewsArticle","@id":"https:\/\/www.gaveanews.com\/index.php\/2022\/12\/29\/libertadores-tera-novidade-para-equipes-brasileiras\/#article","isPartOf":{"@id":"https:\/\/www.gaveanews.com\/index.php\/2022\/12\/29\/libertadores-tera-novidade-para-equipes-brasileiras\/"},"author":{"name":"Equipe G\u00e1vea News","@id":"https:\/\/www.gaveanews.com\/#\/schema\/person\/2ec14f73fb96be2caf28f91afb14749d"},"headline":"Libertadores ter\u00e1 novidade para equipes brasileiras","datePublished":"2022-12-29T13:38:58+00:00","dateModified":"2022-12-29T13:39:00+00:00","mainEntityOfPage":{"@id":"https:\/\/www.gaveanews.com\/index.php\/2022\/12\/29\/libertadores-tera-novidade-para-equipes-brasileiras\/"},"wordCount":269,"commentCount":0,"image":{"@id":"https:\/\/www.gaveanews.com\/index.php\/2022\/12\/29\/libertadores-tera-novidade-para-equipes-brasileiras\/#primaryimage"},"thumbnailUrl":"https:\/\/www.gaveanews.com\/wp-content\/uploads\/Taca-Libertadores-da-America.webp","articleSection":["Flamengo"],"inLanguage":"pt-BR","potentialAction":[{"@type":"CommentAction","name":"Comment","target":["https:\/\/www.gaveanews.com\/index.php\/2022\/12\/29\/libertadores-tera-novidade-para-equipes-brasileiras\/#respond"]}],"copyrightYear":"2022","copyrightHolder":{"@id":"https:\/\/www.gaveanews.com\/#organization"}},{"@type":"WebPage","@id":"https:\/\/www.gaveanews.com\/index.php\/2022\/12\/29\/libertadores-tera-novidade-para-equipes-brasileiras\/","url":"https:\/\/www.gaveanews.com\/index.php\/2022\/12\/29\/libertadores-tera-novidade-para-equipes-brasileiras\/","name":"Libertadores ter\u00e1 novidade para equipes brasileiras","isPartOf":{"@id":"https:\/\/www.gaveanews.com\/#website"},"primaryImageOfPage":{"@id":"https:\/\/www.gaveanews.com\/index.php\/2022\/12\/29\/libertadores-tera-novidade-para-equipes-brasileiras\/#primaryimage"},"image":{"@id":"https:\/\/www.gaveanews.com\/index.php\/2022\/12\/29\/libertadores-tera-novidade-para-equipes-brasileiras\/#primaryimage"},"thumbnailUrl":"https:\/\/www.gaveanews.com\/wp-content\/uploads\/Taca-Libertadores-da-America.webp","datePublished":"2022-12-29T13:38:58+00:00","dateModified":"2022-12-29T13:39:00+00:00","author":{"@id":"https:\/\/www.gaveanews.com\/#\/schema\/person\/2ec14f73fb96be2caf28f91afb14749d"},"breadcrumb":{"@id":"https:\/\/www.gaveanews.com\/index.php\/2022\/12\/29\/libertadores-tera-novidade-para-equipes-brasileiras\/#breadcrumb"},"inLanguage":"pt-BR","potentialAction":[{"@type":"ReadAction","target":["https:\/\/www.gaveanews.com\/index.php\/2022\/12\/29\/libertadores-tera-novidade-para-equipes-brasileiras\/"]}]},{"@type":"ImageObject","inLanguage":"pt-BR","@id":"https:\/\/www.gaveanews.com\/index.php\/2022\/12\/29\/libertadores-tera-novidade-para-equipes-brasileiras\/#primaryimage","url":"https:\/\/www.gaveanews.com\/wp-content\/uploads\/Taca-Libertadores-da-America.webp","contentUrl":"https:\/\/www.gaveanews.com\/wp-content\/uploads\/Taca-Libertadores-da-America.webp","width":799,"height":533,"caption":"Ta\u00e7a da Copa Libertadores da Am\u00e9rica (Foto: Gilvan de Souza\/Flamengo)"},{"@type":"BreadcrumbList","@id":"https:\/\/www.gaveanews.com\/index.php\/2022\/12\/29\/libertadores-tera-novidade-para-equipes-brasileiras\/#breadcrumb","itemListElement":[{"@type":"ListItem","position":1,"name":"Home","item":"https:\/\/www.gaveanews.com\/"},{"@type":"ListItem","position":2,"name":"Libertadores ter\u00e1 novidade para equipes brasileiras"}]},{"@type":"WebSite","@id":"https:\/\/www.gaveanews.com\/#website","url":"https:\/\/www.gaveanews.com\/","name":"G\u00e1vea News","description":"Veja todas as not\u00edcias sobre o Flamengo: Contrata\u00e7\u00f5es, categorias de base, resultados das partidas, tabela de classifica\u00e7\u00e3o, pr\u00f3ximos jogos!","potentialAction":[{"@type":"SearchAction","target":{"@type":"EntryPoint","urlTemplate":"https:\/\/www.gaveanews.com\/?s={search_term_string}"},"query-input":{"@type":"PropertyValueSpecification","valueRequired":true,"valueName":"search_term_string"}}],"inLanguage":"pt-BR"},{"@type":"Person","@id":"https:\/\/www.gaveanews.com\/#\/schema\/person\/2ec14f73fb96be2caf28f91afb14749d","name":"Equipe G\u00e1vea News","image":{"@type":"ImageObject","inLanguage":"pt-BR","@id":"https:\/\/www.gaveanews.com\/#\/schema\/person\/image\/","url":"https:\/\/secure.gravatar.com\/avatar\/1e1956f1facbffd3f8fa53a326721950116b3b9dc9bd44939c01180fd4a745a9?s=96&d=mm&r=g","contentUrl":"https:\/\/secure.gravatar.com\/avatar\/1e1956f1facbffd3f8fa53a326721950116b3b9dc9bd44939c01180fd4a745a9?s=96&d=mm&r=g","caption":"Equipe G\u00e1vea News"}}]}},"_links":{"self":[{"href":"https:\/\/www.gaveanews.com\/index.php\/wp-json\/wp\/v2\/posts\/92616","targetHints":{"allow":["GET"]}}],"collection":[{"href":"https:\/\/www.gaveanews.com\/index.php\/wp-json\/wp\/v2\/posts"}],"about":[{"href":"https:\/\/www.gaveanews.com\/index.php\/wp-json\/wp\/v2\/types\/post"}],"author":[{"embeddable":true,"href":"https:\/\/www.gaveanews.com\/index.php\/wp-json\/wp\/v2\/users\/1"}],"replies":[{"embeddable":true,"href":"https:\/\/www.gaveanews.com\/index.php\/wp-json\/wp\/v2\/comments?post=92616"}],"version-history":[{"count":0,"href":"https:\/\/www.gaveanews.com\/index.php\/wp-json\/wp\/v2\/posts\/92616\/revisions"}],"wp:featuredmedia":[{"embeddable":true,"href":"https:\/\/www.gaveanews.com\/index.php\/wp-json\/wp\/v2\/media\/90054"}],"wp:attachment":[{"href":"https:\/\/www.gaveanews.com\/index.php\/wp-json\/wp\/v2\/media?parent=92616"}],"wp:term":[{"taxonomy":"category","embeddable":true,"href":"https:\/\/www.gaveanews.com\/index.php\/wp-json\/wp\/v2\/categories?post=92616"},{"taxonomy":"post_tag","embeddable":true,"href":"https:\/\/www.gaveanews.com\/index.php\/wp-json\/wp\/v2\/tags?post=92616"}],"curies":[{"name":"wp","href":"https:\/\/api.w.org\/{rel}","templated":true}]}}