{"id":92626,"date":"2022-12-29T16:20:41","date_gmt":"2022-12-29T19:20:41","guid":{"rendered":"https:\/\/www.gaveanews.com\/?p=92626"},"modified":"2022-12-29T16:35:24","modified_gmt":"2022-12-29T19:35:24","slug":"luto-rei-pele-morre-aos-82-anos","status":"publish","type":"post","link":"https:\/\/www.gaveanews.com\/index.php\/2022\/12\/29\/luto-rei-pele-morre-aos-82-anos\/","title":{"rendered":"Luto: Rei Pel\u00e9 morre aos 82 anos"},"content":{"rendered":"\n<p>O futebol perdeu seu Rei. Nesta quinta-feira, morreu Pel\u00e9, o maior jogador da hist\u00f3ria, aos 82 anos.<\/p>\n\n\n\n<p>A fam\u00edlia ainda n\u00e3o divulgou detalhes sobre o vel\u00f3rio, mas uma estrutura foi montada na Vila Belmiro nos \u00faltimos dias para receber a vig\u00edlia. O sepultamento ocorrer\u00e1 em Santos.<\/p>\n\n\n\n<p>O Atleta do S\u00e9culo estava internado no hospital Albert Einstein, em S\u00e3o Paulo, desde 29 de novembro. A interna\u00e7\u00e3o aconteceu em virtude de uma infec\u00e7\u00e3o respirat\u00f3ria ap\u00f3s ele contrair Covid-19 e para a reavalia\u00e7\u00e3o do tratamento de um c\u00e2ncer no c\u00f3lon.<\/p>\n\n\n\n<figure class=\"wp-block-image size-large\"><img decoding=\"async\" src=\"https:\/\/s2.glbimg.com\/hSUM3mOsgfy1cwHToagESA_d2Yc=\/0x0:4731x3031\/1000x0\/smart\/filters:strip_icc()\/i.s3.glbimg.com\/v1\/AUTH_bc8228b6673f488aa253bbcb03c80ec5\/internal_photos\/bs\/2022\/4\/H\/QmiJiORUq6MVT7FEoOCA\/gettyimages-536762052.webp\" alt=\"\"\/><figcaption class=\"wp-element-caption\">Pel\u00e9 durante evento em Londres em 2016 (Foto: Neil Hall\/Getty Images)<\/figcaption><\/figure>\n\n\n\n<p>Pel\u00e9 passou por uma cirurgia no local em setembro de 2021 e desde ent\u00e3o vinha sendo submetido a repetidas sess\u00f5es de quimioterapia. No in\u00edcio de 2022, foram detectadas met\u00e1stases no intestino, no pulm\u00e3o e no f\u00edgado.<\/p>\n\n\n\n<p>Em 21 de dezembro, o corpo cl\u00ednico do hospital divulgou um boletim m\u00e9dico dizendo que Pel\u00e9 apresentou uma &#8220;progress\u00e3o da doen\u00e7a oncol\u00f3gica&#8221; e que necessitava de maiores cuidados relacionados \u00e0s disfun\u00e7\u00f5es renal e card\u00edaca. Por isso, o ex-jogador n\u00e3o teve autoriza\u00e7\u00e3o para passar o Natal em casa, como queria a fam\u00edlia.<\/p>\n\n\n\n<figure class=\"wp-block-image size-large\"><img decoding=\"async\" src=\"https:\/\/s2.glbimg.com\/Awwj_Ap3WiTVMUV9VCVVsSmw1X0=\/0x0:3000x1926\/1000x0\/smart\/filters:strip_icc()\/i.s3.glbimg.com\/v1\/AUTH_bc8228b6673f488aa253bbcb03c80ec5\/internal_photos\/bs\/2020\/s\/i\/0TU7jaSqGlCR0OKNnnbw\/gettyimages-1227541383.webp\" alt=\"\"\/><figcaption class=\"wp-element-caption\">Pel\u00e9 \u00e9 carregado nos bra\u00e7os durante a comemora\u00e7\u00e3o do Tri em 1970 (Foto: Alessandro Sabattini\/Getty Images)<\/figcaption><\/figure>\n\n\n\n<p>Kely e Edinho Nascimento, filhos do Rei, publicaram fotos nas \u00faltimos dias com o pai no quarto em que ele estava internado. Outros filhos e netos tamb\u00e9m estiveram no local para a passagem do Natal.<\/p>\n\n\n\n<p>Apesar do quadro complicado, Pel\u00e9 passou alguns dias est\u00e1vel e com uma leve melhora. Nos \u00faltimos dias, por\u00e9m, a sa\u00fade do Rei voltou a piorar.<\/p>\n\n\n\n<p>Em virtude da idade avan\u00e7ada e do tratamento, as apari\u00e7\u00f5es p\u00fablicas do Rei do Futebol se tornaram cada vez menos frequentes nos \u00faltimos anos. Em redes sociais, ele manifestava otimismo com a recupera\u00e7\u00e3o.<\/p>\n\n\n\n<figure class=\"wp-block-image size-large\"><img decoding=\"async\" src=\"https:\/\/s2.glbimg.com\/VeqZTNkAHIsn4zNZBNe65F4hdrA=\/0x0:1280x714\/1000x0\/smart\/filters:strip_icc()\/i.s3.glbimg.com\/v1\/AUTH_bc8228b6673f488aa253bbcb03c80ec5\/internal_photos\/bs\/2022\/T\/P\/2LU984RFCqg2kwtb9UDw\/whatsapp-image-2022-12-05-at-18.02.23.webp\" alt=\"\"\/><figcaption class=\"wp-element-caption\">Homenagem dos jogadores da sele\u00e7\u00e3o brasileira a Pel\u00e9 na Copa do Mundo (Foto: Reuters)<\/figcaption><\/figure>\n\n\n\n<p>Pel\u00e9 recebeu diversas homenagens durante a Copa do Mundo de 2022, disputada enquanto ele estava internado na capital paulista. Jogadores como Neymar, Richarlison e Mbapp\u00e9 desejaram melhoras ao g\u00eanio em meio ao torneio. Torcedores tamb\u00e9m exibiram faixas nos est\u00e1dios.<\/p>\n\n\n\n<p>Pel\u00e9 teve sete filhos e estava casado desde 2016 com M\u00e1rcia Aoki. Do primeiro casamento, com Rosemeri Cholbi, nasceram Kelly Cristina, Edinho e Jennifer. O ex-jogador tamb\u00e9m \u00e9 pai dos g\u00eameos Joshua e Celeste, de seu relacionamento com a psic\u00f3loga Ass\u00edria Lemos. Al\u00e9m desses, Pel\u00e9 teve duas filhas fora do casamento: Sandra Regina, que s\u00f3 obteve o reconhecimento da paternidade pela Justi\u00e7a e morreu em 2006, e Fl\u00e1via.<\/p>\n\n\n\n<p>O maior jogador de futebol de todos os tempos estreou na Sele\u00e7\u00e3o em 1957, numa partida da Copa Roca contra a Argentina, quando tamb\u00e9m fez seu primeiro gol com a camisa amarelinha. Pela equipe brasileira, com apenas 17 anos, venceu a Copa do Mundo na Su\u00e9cia, em 1958.<\/p>\n\n\n\n<p>Quatro anos depois, se machucaria na segunda rodada do Mundial do Chile, tamb\u00e9m vencido pelo Brasil. Ap\u00f3s ser ca\u00e7ado em campo com duras faltas na Copa do Mundo de 1966, na Inglaterra, ele comandou o lend\u00e1rio time brasileiro ao tricampeonato mundial em 1970, no M\u00e9xico \u2013 \u00e9 o \u00fanico jogador a vencer tr\u00eas Copas.<\/p>\n\n\n\n<figure class=\"wp-block-image size-large\"><img decoding=\"async\" src=\"https:\/\/s2.glbimg.com\/GuCzEbVxsixREAGS4_LKtz3jdGk=\/0x0:3753x2859\/1000x0\/smart\/filters:strip_icc()\/i.s3.glbimg.com\/v1\/AUTH_bc8228b6673f488aa253bbcb03c80ec5\/internal_photos\/bs\/2022\/9\/p\/WE5UazQ6qabPmgpHgwpA\/gettyimages-541027075.webp\" alt=\"\"\/><figcaption class=\"wp-element-caption\">Pel\u00e9 com a ta\u00e7a de campe\u00e3o do mundo em 1970 (Foto: Horstm\u00fcller\/Getty Images)<\/figcaption><\/figure>\n\n\n\n<p>Pelo Santos, Pel\u00e9 \u00e9 dono de marcas impressionantes: venceu dez vezes o Campeonato Paulista, torneio do qual foi o artilheiro por nove temporadas seguidas. Ainda foi bicampe\u00e3o da Libertadores e do Mundial de clubes, em 1962 e 1963. Foi tamb\u00e9m com a camisa branca do Peixe que marcou seu mil\u00e9simo gol, contra o Vasco, no Maracan\u00e3, no dia 19 de novembro de 1969.<\/p>\n\n\n\n<p>Segundo n\u00fameros do Santos, Pel\u00e9 marcou pelo clube 1.091 gols em 1.116 jogos.<\/p>\n\n\n\n<p>Com a camisa canarinho, Pel\u00e9 disputou 113 jogos e marcou 95 gols, de acordo com n\u00fameros da CBF. Nas contas da Fifa, que considera apenas jogos entre sele\u00e7\u00f5es, s\u00e3o 77 gols em 91 partidas.<\/p>\n\n\n\n<p>Em toda a carreira, Pel\u00e9 fez 1.282 gols em 1.364 partidas na contabiliza\u00e7\u00e3o feita pelo Santos. Nas redes sociais, o Rei dizia ter feito um a mais, 1.283.<\/p>\n\n\n\n<h2 class=\"wp-block-heading\" id=\"h-vida-e-obra\">Vida e obra<\/h2>\n\n\n\n<p>O garoto Edson ainda n\u00e3o tinha completado 10 anos quando viu o pai, Dondinho, chorando ao lado do r\u00e1dio. A sele\u00e7\u00e3o brasileira havia acabado de ser batida pelo Uruguai na dolorosa derrota do Maracan\u00e3, na final da Copa de 1950, enterrando o sonho de toda a na\u00e7\u00e3o de ser campe\u00e3 do mundo. Aquelas l\u00e1grimas levaram Dico, como era chamado na casa dos Arantes do Nascimento, em Bauru, a uma promessa: ganharia um Mundial para o pai se ele parasse de chorar.<\/p>\n\n\n\n<p>Dico pouco depois se transformaria em Pel\u00e9 e cumpriria aquele juramento: venceria n\u00e3o s\u00f3 uma, mas tr\u00eas Copas. Com sobras, ainda se tornaria o maior jogador de futebol de todos os tempos, \u00edcone m\u00e1ximo de um esporte que, para muitos, \u00e9 religi\u00e3o. Virou Rei, conquistou o mundo, e hoje seus s\u00faditos choram a sua morte, aos 82 anos.<\/p>\n\n\n\n<figure class=\"wp-block-image size-large\"><img decoding=\"async\" src=\"https:\/\/s2.glbimg.com\/myDPWgiqeeMhwKFJ5ooCbvMNDjQ=\/0x0:690x708\/1000x0\/smart\/filters:strip_icc()\/i.s3.glbimg.com\/v1\/AUTH_bc8228b6673f488aa253bbcb03c80ec5\/internal_photos\/bs\/2022\/8\/l\/4GurbgSpKvkh5kmjLKXw\/numeros-rei-1-1-.webp\" alt=\"\"\/><figcaption class=\"wp-element-caption\">N\u00fameros da carreira de Pel\u00e9 (Foto: InfoEsporte)<\/figcaption><\/figure>\n\n\n\n<p>Levar\u00e1 consigo marcas que talvez nunca sejam superadas. \u00c9 o \u00fanico tricampe\u00e3o do mundo \u2013 a primeira ta\u00e7a vencida ainda como adolescente, aos 17 anos, na Su\u00e9cia \u2013, contou 1.281 gols, 95 deles pela Sele\u00e7\u00e3o, numa carreira de 21 anos que come\u00e7ou no Santos, em 1956, e terminou no Cosmos, de Nova York, em 1977.<\/p>\n\n\n\n<p>Sem as chuteiras, tornou-se um astro internacional, foi astro de cinema, gravou discos e emprestou sua imagem para vender uma infinidade de produtos, o maior garoto-propaganda tupiniquim. Teve uma vida atribulada, com pol\u00eamicas que vez ou outra o fizeram de vidra\u00e7a. Ganhou fama de p\u00e9-frio, com seus palpites de pontaria que n\u00e3o poderia ser comparada, nem de longe, \u00e0 de seus chutes.<\/p>\n\n\n\n<p>Nos \u00faltimos anos, a casca dura de her\u00f3i imbat\u00edvel foi afinando com os seguidos problemas de sa\u00fade que mostravam a todos que Pel\u00e9 era um ser humano \u2013 pois \u00e9, acredite. Em 2012, passou por uma cirurgia para corrigir um desgaste no quadril que lhe tirou parte do f\u00eamur, afetado pelas impar\u00e1veis arrancadas nos anos de gramado. Em 2014, outro susto: foi internado para uma cirurgia de retirada de c\u00e1lculos renais e, duas semanas depois, voltou ao hospital para tratar uma infec\u00e7\u00e3o urin\u00e1ria. Um ano depois, passou por uma cirurgia na coluna. Em 2019, voltou a sofrer com problemas urin\u00e1rios e foi internado \u2013 primeiro em Paris, depois em S\u00e3o Paulo.<\/p>\n\n\n\n<figure class=\"wp-block-image size-large\"><img decoding=\"async\" src=\"https:\/\/s2.glbimg.com\/wnJ8VUDtlTD-AnjYjQkUlYZlQFo=\/0x0:950x1323\/1000x0\/smart\/filters:strip_icc()\/s.glbimg.com\/es\/ge\/f\/original\/2014\/11\/25\/1960_pele_ae_domiciopinheiro.webp\" alt=\"\"\/><figcaption class=\"wp-element-caption\">Pel\u00e9 em 1960: camisa 10 ganhou tr\u00eas Copas do Mundo (Foto: Domicio Pinheiro\/Ag. Estado)<\/figcaption><\/figure>\n\n\n\n<h2 class=\"wp-block-heading\">Os primeiros toques na bola<\/h2>\n\n\n\n<p>\u2013 Voltei para casa, era quase meio-dia, sentei para almo\u00e7ar. Falei para Celeste: \u201cN\u00e3o \u00e9 que a vizinhan\u00e7a tem raz\u00e3o? O menino tem jeito para a coisa\u201d. Ela continuou disfar\u00e7ando. Eu insisti: \u201cSe continuar assim, acho que o Pel\u00e9 vai longe\u201d. A\u00ed ela se virou depressa: \u201cQue Pel\u00e9?\u201d. Eu emendei: \u201cQuero dizer, o Dico. Imaginem que l\u00e1 no campo todos chamam o Dico de Pel\u00e9\u201d. A Celeste n\u00e3o se aguentou: \u201cV\u00ea se n\u00e3o troca o apelido do menino\u201d.<\/p>\n\n\n\n<p>Foi assim que Dondinho contou sobre a primeira vez que viu o filho jogar, no Bauru Atl\u00e9tico Clube (BAC), em relato publicado pela Folha de S.Paulo em 20 de novembro de 1969, dia seguinte ao do hist\u00f3rico gol de p\u00eanalti sobre o Vasco, no Maracan\u00e3, o mil\u00e9simo de Pel\u00e9.<\/p>\n\n\n\n<p>Ex\u00edmio cabeceador, Dondinho rodou pelo interior do pa\u00eds atr\u00e1s de uma bola. Em Tr\u00eas Cora\u00e7\u00f5es (MG), serviu ao ex\u00e9rcito e fez seus gols pelo Atl\u00e9tico da cidade. Ali conheceu Maria Celeste e o casal teve seus tr\u00eas filhos, Edson, Jair e Maria L\u00facia. Em 1940, mesmo ano em que Pel\u00e9 nasceu, chamou a aten\u00e7\u00e3o do Atl\u00e9tico-MG, foi a Belo Horizonte e fez uma \u00fanica partida: sofreu uma grave les\u00e3o contra o S\u00e3o Crist\u00f3v\u00e3o, do Rio, que enterrou sua chance numa equipe grande.<\/p>\n\n\n\n<p>Foi para Bauru na metade daquela d\u00e9cada para atuar pelo Baquinho, como era chamada a equipe do interior paulista. Foi bem, venceu o torneio do interior de 1946. Mas Dondinho n\u00e3o imaginava a contribui\u00e7\u00e3o que daria ao futebol ao permitir que o filho treinasse pelo quadro juvenil do clube.<\/p>\n\n\n\n<p>Ali Dico virou Pel\u00e9: uma confus\u00e3o com o nome que o garoto gostava de usar ao fazer defesas \u2013 sim, ele atuava no gol \u2013, uma homenagem a Bil\u00e9, goleiro do Vasco de S\u00e3o Louren\u00e7o (MG), onde o pai jogou antes de chegar ao BAC. A alcunha irritava o menino, tanto quanto a Dona Celeste, mas pegou.<\/p>\n\n\n\n<figure class=\"wp-block-image size-large\"><img decoding=\"async\" src=\"https:\/\/s2.glbimg.com\/7s4Bs_RMTCVNZ97TeY6uiz9I5fk=\/0x0:1400x1252\/1000x0\/smart\/filters:strip_icc()\/i.s3.glbimg.com\/v1\/AUTH_bc8228b6673f488aa253bbcb03c80ec5\/internal_photos\/bs\/2022\/V\/5\/As5QIBSfyIRp8FjuJoLw\/pele.webp\" alt=\"\"\/><figcaption class=\"wp-element-caption\">Pel\u00e9 com o pai Dondinho e a m\u00e3e Celeste (Foto: Fifa)<\/figcaption><\/figure>\n\n\n\n<p>No come\u00e7o dos anos 1950, o ex-jogador Waldemar de Brito foi contratado pelo clube bauruense para cumprir papel de observador-t\u00e9cnico. Impressionado com Pel\u00e9, com s\u00f3 15 anos, convenceu a fam\u00edlia a deix\u00e1-lo partir para Santos, onde aquele menino ergueria seu reino.<\/p>\n\n\n\n<p>\u2013 Durante a viagem, os olhos de meu filho brilhavam. Ele n\u00e3o parecia nada triste com a separa\u00e7\u00e3o. Olhava tudo pela janela, acho que logo se esqueceu das l\u00e1grimas da m\u00e3e. Eu estava s\u00f3 acompanhando os riscos do destino. [\u2026] Finalmente, chegou o dia: Pel\u00e9 foi para a esta\u00e7\u00e3o, n\u00e3o vender past\u00e9is, como antes, mas com uma maleta \u2013 escreveu Dondinho.<\/p>\n\n\n\n<h2 class=\"wp-block-heading\">A chegada a Santos<\/h2>\n\n\n\n<p>Pel\u00e9 desembarcou no litoral paulista em 8 de agosto de 1956. Estrearia com a camisa alvinegra quase um m\u00eas depois, no Dia da Independ\u00eancia do pa\u00eds, num amistoso contra o Corinthians de Santo Andr\u00e9 \u2013 entrou em campo no segundo tempo, no lugar do artilheiro Del Vecchio, e marcou o sexto gol santista. A partir dali, nem o clube nem Pel\u00e9 seriam os mesmos.<\/p>\n\n\n\n<figure class=\"wp-block-image size-large\"><img decoding=\"async\" src=\"https:\/\/s2.glbimg.com\/RItcNuBGP18tESHXAkCUV-p3Ocw=\/0x0:690x1148\/1000x0\/smart\/filters:strip_icc()\/i.s3.glbimg.com\/v1\/AUTH_bc8228b6673f488aa253bbcb03c80ec5\/internal_photos\/bs\/2022\/a\/Y\/tDhIdXSzCBTFRialRmhA\/numeros-rei-3.webp\" alt=\"\"\/><figcaption class=\"wp-element-caption\">N\u00fameros de Pel\u00e9 pelo Santos (Foto: InfoEsporte)<\/figcaption><\/figure>\n\n\n\n<p>O jogador participou de seu primeiro Campeonato Paulista em 1957, quando foi artilheiro \u2013 condi\u00e7\u00e3o que repetiria nas oito temporadas seguintes. Com Pel\u00e9, o Santos, que at\u00e9 ent\u00e3o havia vencido o estadual apenas tr\u00eas vezes (1935, 1955 e 1956), somou outras dez ta\u00e7as a sua cole\u00e7\u00e3o. De coadjuvante regional, o clube seria lan\u00e7ado ao posto de protagonista mundial com seu novo astro.<\/p>\n\n\n\n<figure class=\"wp-block-image size-large\"><img decoding=\"async\" src=\"https:\/\/s2.glbimg.com\/iQY7ngY7WBlq0gLrP3X3uwrdKz4=\/0x0:652x366\/1000x0\/smart\/filters:strip_icc()\/i.s3.glbimg.com\/v1\/AUTH_bc8228b6673f488aa253bbcb03c80ec5\/internal_photos\/bs\/2020\/d\/w\/okScmmQIaw4VDRjN5stg\/pele-santos.webp\" alt=\"\"\/><figcaption class=\"wp-element-caption\">Pel\u00e9 contra o Boca Juniors em 1963 (Foto: Santos)<\/figcaption><\/figure>\n\n\n\n<p>Pela equipe da Vila Belmiro, Pel\u00e9 anotaria 1.091 gols e seria o principal nome de uma constela\u00e7\u00e3o de craques como Gilmar, Zito, Pepe, Dorval, Meng\u00e1lvio, Clodoaldo e Coutinho, entre tantos. Com eles, venceu tamb\u00e9m cinco vezes a Ta\u00e7a Brasil (entre 1961 e 1965), a Ta\u00e7a Roberto Gomes Pedrosa (1968), a Libertadores (1962 e 1963) e o Mundial (nos mesmos anos), al\u00e9m de uma infinidade de trof\u00e9us de menor express\u00e3o.<\/p>\n\n\n\n<h2 class=\"wp-block-heading\">Rei de Copas<\/h2>\n\n\n\n<p>Precoce, Pel\u00e9 iniciou sua hist\u00f3ria na Sele\u00e7\u00e3o ainda em 1957, campe\u00e3o da Copa Rocca. A convoca\u00e7\u00e3o para a Copa do Mundo do ano seguinte, na Su\u00e9cia, por\u00e9m, ainda era um sonho para o menino. Mas Vicente Feola voltou a apostar no garoto de 17 anos para o torneio na Europa. Na prepara\u00e7\u00e3o, durante um amistoso contra o Corinthians, no Pacaembu, Pel\u00e9 recebeu uma entrada do zagueiro Ari Clemente e se machucou. A les\u00e3o quase o tirou do Mundial, mas sua viagem foi bancada pela comiss\u00e3o t\u00e9cnica.<\/p>\n\n\n\n<figure class=\"wp-block-image size-large\"><img decoding=\"async\" src=\"https:\/\/s2.glbimg.com\/M1P5tDE4bLX-v0RM3N4De6b-wW4=\/0x0:690x1155\/1000x0\/smart\/filters:strip_icc()\/i.s3.glbimg.com\/v1\/AUTH_bc8228b6673f488aa253bbcb03c80ec5\/internal_photos\/bs\/2022\/X\/8\/Fj3z4KRNKmoqIpGar8LQ\/numeros-rei-2-1-.webp\" alt=\"\"\/><figcaption class=\"wp-element-caption\">N\u00fameros de Pel\u00e9 pela sele\u00e7\u00e3o brasileira (Foto: InfoEsporte)<\/figcaption><\/figure>\n\n\n\n<p>Camisa 10, escolhida de forma aleat\u00f3ria \u2013 menos para quem acredita em destino \u2013, Pel\u00e9 estrearia apenas na terceira partida, contra a Uni\u00e3o Sovi\u00e9tica. Nas quartas de final, o jovem atacante marcaria seu primeiro gol em Copas contra o Pa\u00eds de Gales, o da vit\u00f3ria por 1 a 0. Na semi, contra a Fran\u00e7a, Pel\u00e9 passeou: fez tr\u00eas e colocou o Brasil na final para enfrentar o time da casa \u2013 uma goleada de 5 a 2, dois gols do jovem atacante. No est\u00e1dio Rasunda, em Estocolmo, Dico chorava nos ombros de Gilmar ao cumprir a promessa feita oito anos antes ao pai.<\/p>\n\n\n\n<p>Quatro anos depois, no Chile, Pel\u00e9 j\u00e1 era uma estrela mundial. Os olhos das arquibancadas, assim como os dos advers\u00e1rios, j\u00e1 o procuravam pelo campo. Na segunda rodada, por\u00e9m, o inesperado: o craque arriscou um chute de longe, sentiu uma forte dor e foi ao ch\u00e3o. Um estiramento tirava da Copa o principal atleta da Sele\u00e7\u00e3o. Outro fora de s\u00e9rie, ent\u00e3o, chamou a responsabilidade e carregou a equipe ao bicampeonato: de pernas tortas, Garrincha preencheu o vazio deixado por Pel\u00e9 com maestria.<\/p>\n\n\n\n<figure class=\"wp-block-image size-large\"><img decoding=\"async\" src=\"https:\/\/s2.glbimg.com\/nW0IkLn7NwRFYuyXcmRXQlIFo98=\/0x0:950x1284\/1000x0\/smart\/filters:strip_icc()\/s.glbimg.com\/es\/ge\/f\/original\/2014\/06\/30\/1958-pele_gilmar-didi-brasil-ap.webp\" alt=\"\"\/><figcaption class=\"wp-element-caption\">Pel\u00e9 chora nos ombros de Gilmar ao comemorar o t\u00edtulo mundial de 1958 (Foto: Ag\u00eancia AP)<\/figcaption><\/figure>\n\n\n\n<p>O torneio de 1966 foi decepcionante. O Brasil fez uma prepara\u00e7\u00e3o conturbada, Pel\u00e9 foi ca\u00e7ado pelos rivais, e o time caiu sem passar pela fase de grupos. A m\u00e1 impress\u00e3o deixada na Inglaterra seria apagada logo na Copa seguinte, no M\u00e9xico, com a lend\u00e1ria Sele\u00e7\u00e3o de 1970.<\/p>\n\n\n\n<p>A mais celebrada equipe de todos os tempos venceu os seis jogos e trouxe a ta\u00e7a Jules Rimet para o Brasil definitivamente. Alguns dos mais lembrados lances de Pel\u00e9 t\u00eam os est\u00e1dios Jalisco e Azteca como cen\u00e1rios, inclusive os que n\u00e3o balan\u00e7aram as redes, como a tentativa de encobrir o goleiro Viktor, da Tchecoslov\u00e1quia, com um chute do meio-campo, o incr\u00edvel drible de corpo em Mazurkiewicz na semifinal contra o Uruguai, ou o cabeceio que obrigou Gordon Banks, da Inglaterra, a fazer a mais bela defesa em Copas.<\/p>\n\n\n\n<p>Na final contra a It\u00e1lia, Pel\u00e9 abriu o caminho da goleada por 4 a 1 com um gol no primeiro tempo \u2013 um dos quatro que ele anotou naquele Mundial. Ap\u00f3s sua terceira conquista, o camisa 10 nunca mais disputaria uma Copa. Um ano depois, daria adeus tamb\u00e9m \u00e0 camisa amarelinha em amistosos em S\u00e3o Paulo e no Rio. <\/p>\n\n\n\n<h2 class=\"wp-block-heading\">1, 2, 3&#8230; 1.000<\/h2>\n\n\n\n<p>Assim que o menino franzino, de s\u00f3 15 anos, dominou a bola, invadiu a \u00e1rea e tocou na sa\u00edda de Zaluar para fazer o sexto gol do Santos no amistoso contra o Corinthians de Santo Andr\u00e9, o goleiro n\u00e3o sabia, mas tinha acabado de participar de um momento hist\u00f3rico. A percep\u00e7\u00e3o n\u00e3o demorou e o arqueiro do time do ABC logo tratou de capitalizar: a cada nova pessoa que conhecia, entregava um cart\u00e3o com seu nome, Zaluar Torres Rodrigues, e a descri\u00e7\u00e3o \u201cgoleiro do 1\u00ba gol de Pel\u00e9\u201d.<\/p>\n\n\n\n<p>Entre aquele jogo, em 1956, no est\u00e1dio Am\u00e9rico Guazzelli, at\u00e9 o duelo com o Vasco, 13 anos depois, no Maracan\u00e3, Pel\u00e9 anotou outros 998 gols. Andrada, goleiro cruz-maltino naquele 19 de novembro, quando viu o camisa 10 santista ajeitar a bola na marca do p\u00eanalti, sabia estar diante de um lance inesquec\u00edvel \u2013 e fez de tudo para evit\u00e1-lo. Sem conseguir, socou o gramado, raivosamente, enquanto rep\u00f3rteres invadiam o campo para registrar o mil\u00e9simo gol do Rei, um feito not\u00e1vel e que jamais foi repetido \u2013 n\u00e3o sem contesta\u00e7\u00e3o, ao menos.<\/p>\n\n\n\n<figure class=\"wp-block-image size-large\"><img decoding=\"async\" src=\"https:\/\/s2.glbimg.com\/VsXFexNUdRADfp0D5h5AOPCVL-I=\/0x0:690x1171\/1000x0\/smart\/filters:strip_icc()\/s.glbimg.com\/es\/ge\/f\/original\/2014\/11\/25\/pelejairzinho_div.webp\" alt=\"\"\/><figcaption class=\"wp-element-caption\">Pel\u00e9 comemra gol do Brasil (Foto: Divulga\u00e7\u00e3o)<\/figcaption><\/figure>\n\n\n\n<p>As fa\u00e7anhas de Pel\u00e9 nesse meio tempo foram muitas: foi artilheiro do Paulista por nove campeonatos consecutivos \u2013 no de 1958, fez impressionantes 58 gols; balan\u00e7ou a rede do Botafogo, de Ribeir\u00e3o Preto, oito vezes num s\u00f3 jogo, uma goleada de 11 a 0, em 1964; ganhou uma placa no Maracan\u00e3 ao anotar uma pintura na vit\u00f3ria do Santos sobre o Fluminense por 3 a 1 no Rio-S\u00e3o Paulo de 1961; fez, na rua Javari, o mais lindo tento de sua carreira, visto apenas pelos que estavam no acanhado est\u00e1dio do Juventus, j\u00e1 que at\u00e9 hoje n\u00e3o se encontraram registros da jogada em que Pel\u00e9 aplica quatro chap\u00e9us nos defensores rivais antes de tocar para o gol. Faltou a ele apenas superar a marca do pai, Dondinho, que teria feito cinco gols de cabe\u00e7a em uma \u00fanica partida \u2013 chegou perto, com quatro.<\/p>\n\n\n\n<p>Ap\u00f3s a noite em que dedicou o mil\u00e9simo \u00e0s crian\u00e7as do Brasil, Pel\u00e9 manteve os p\u00e9s afiados e fez outros 281 gols at\u00e9 1977, quando deixou os campos de vez no Cosmos, de Nova York.<\/p>\n\n\n\n<figure class=\"wp-block-image size-large\"><img decoding=\"async\" src=\"https:\/\/s2.glbimg.com\/FuRXPWKXF7amhMx_-u_efqdZNLU=\/0x0:690x1168\/1000x0\/smart\/filters:strip_icc()\/i.s3.glbimg.com\/v1\/AUTH_bc8228b6673f488aa253bbcb03c80ec5\/internal_photos\/bs\/2022\/8\/D\/OuVUMKTTWHBxHePNLxrQ\/numeros-rei-4.webp\" alt=\"\"\/><figcaption class=\"wp-element-caption\">N\u00fameros de Pel\u00e9 pelo Cosmos (Foto: InfoEsporte)<\/figcaption><\/figure>\n\n\n\n<h2 class=\"wp-block-heading\">Vida de celebridade<\/h2>\n\n\n\n<p>Se dentro das quatro linhas Pel\u00e9 era uma unanimidade, do lado de fora dos est\u00e1dios sua vida foi recheada de pol\u00eamicas t\u00edpicas das celebridades. O jogador se casou pela primeira vez em 1966 com Rosemeri Cholbi, com quem teve tr\u00eas filhos: Kelly Cristina, Edson, o Edinho, e Jennifer. O relacionamento terminou em 1978 e, dois anos depois, o Rei conheceu a modelo Xuxa Meneghel, com 17 anos \u00e0 \u00e9poca. O namoro, acompanhado passo a passo, durou seis anos.<\/p>\n\n\n\n<figure class=\"wp-block-image size-large\"><img decoding=\"async\" src=\"https:\/\/s2.glbimg.com\/XrUh-ldR8I03GhKW2U3OA_Nz8X0=\/0x0:2048x1447\/984x0\/smart\/filters:strip_icc()\/i.s3.glbimg.com\/v1\/AUTH_bc8228b6673f488aa253bbcb03c80ec5\/internal_photos\/bs\/2022\/e\/e\/bpGNcyRuuT9jc03uCPyQ\/2022-12-16t085200z-734840700-pbeahuobldv-rtrmadp-3-pope.webp\" alt=\"\"\/><figcaption class=\"wp-element-caption\">Pel\u00e9 com o papa Jo\u00e3o Paulo II em 1987 (Foto: Reuters)<\/figcaption><\/figure>\n\n\n\n<p>Pel\u00e9 tamb\u00e9m teve duas filhas fora do casamento, reconhecidas, por caminhos diferentes, na d\u00e9cada de 1990. A situa\u00e7\u00e3o de Sanda Regina foi a que mais abalou a imagem do Rei. Nascida em 1964, ela iniciou um processo judicial em 1991 pedindo reconhecimento de Pel\u00e9 como seu pai, o que s\u00f3 aconteceu ap\u00f3s cinco anos de batalha nos tribunais. O ex-jogador recorreu da decis\u00e3o diversas vezes e nunca foi pr\u00f3ximo \u00e0 filha, que morreu em 2006, v\u00edtima de um c\u00e2ncer.<\/p>\n\n\n\n<p>Com Fl\u00e1via Kurtz a situa\u00e7\u00e3o foi diferente. Fruto de um relacionamento nos anos 1970, Pel\u00e9 s\u00f3 a conheceu em 1994. Por anos manteve a situa\u00e7\u00e3o em segredo e s\u00f3 a tornou p\u00fablica oito anos depois. Fisioterapeuta, Fl\u00e1via sempre participou dos tratamentos de sa\u00fade do pai. Pel\u00e9 tamb\u00e9m teve outros dois filhos, os g\u00eameos Joshua e Celeste, de seu casamento com a psic\u00f3loga Ass\u00edria Lemos.<\/p>\n\n\n\n<p>Aposentado do futebol, Pel\u00e9 se arriscou por diversas \u00e1reas: foi ator, cantor, garoto-propaganda e pol\u00edtico. Foi durante a sua gest\u00e3o como Ministro do Esporte, no governo FHC, que foi promulgada a lei que leva seu nome. A legisla\u00e7\u00e3o, entre outras coisas, acabou com o passe que prendia os atletas aos clubes independentemente do tempo de contrato.<\/p>\n\n\n\n<h2 class=\"wp-block-heading\">\u00daltimos anos<\/h2>\n\n\n\n<figure class=\"wp-block-image size-large\"><img decoding=\"async\" src=\"https:\/\/s2.glbimg.com\/cszYNOUh4SWutbllmiITBhDrNmo=\/0x0:528x699\/984x0\/smart\/filters:strip_icc()\/i.s3.glbimg.com\/v1\/AUTH_bc8228b6673f488aa253bbcb03c80ec5\/internal_photos\/bs\/2022\/e\/r\/wXtmBbQdWBU7zfnqly1A\/capturar.webp\" alt=\"\"\/><figcaption class=\"wp-element-caption\">Pel\u00e9 em foto publicada em fevereiro de 2022 (Foto: Arquivo pessoal)<\/figcaption><\/figure>\n\n\n\n<p>S\u00edmbolo de sa\u00fade, o Rei come\u00e7ou a demonstrar sua fragilidade depois dos 70 anos. Em 2012 precisou passar por uma cirurgia de artrosplastia total do quadril direito. \u00c0 \u00e9poca, a assessoria do ex-jogador informou que Pel\u00e9 aproveitaria uma interna\u00e7\u00e3o para exames de renova\u00e7\u00e3o de um seguro para corrigir \u201cprobleminhas de quadril\u201d.<\/p>\n\n\n\n<p>A situa\u00e7\u00e3o era mais s\u00e9ria do que o Pel\u00e9 queria deixar transparecer. Numa opera\u00e7\u00e3o de 1h30, os m\u00e9dicos retiraram a cabe\u00e7a do f\u00eamur e a substitu\u00edram por uma pr\u00f3tese pl\u00e1stica, o que obrigou o \u00eddolo a se locomover por um tempo em cadeira de rodas. Na sa\u00edda do hospital, chorou e agradeceu as mensagens de apoio recebidas. Durante a recupera\u00e7\u00e3o, manteve-se recluso para n\u00e3o ser visto em dificuldade.<\/p>\n\n\n\n<p>Dois anos depois, cancelou um evento em Santos, horas antes do in\u00edcio, com um mal-estar. Ficou tr\u00eas dias internado ap\u00f3s cirurgia para a retirada de pedras nos rins. Posteriormente, numa visita aos m\u00e9dicos para acompanhamento do procedimento, voltou a ser internado, desta vez com uma infec\u00e7\u00e3o urin\u00e1ria. O problema se tornou recorrente. Em 2019, voltou a incomodar, e Pel\u00e9 foi internado em Paris, onde recebeu a visita de Neymar, e depois em S\u00e3o Paulo.<\/p>\n\n\n\n<p>Pel\u00e9 voltou a precisar de cuidados m\u00e9dicos em 2021, quando passou por uma cirurgia para a retirada de um tumor no intestino. Por conta do tratamento agressivo com quimioterapia, a sa\u00fade do Rei se complicou ao longo de 2022.<\/p>\n\n\n\n<p>A doen\u00e7a se transformou no mais duro zagueiro que Pel\u00e9 j\u00e1 enfrentou, o \u00fanico pelo qual n\u00e3o conseguiu passar. Entre suas manias, uma chamava a aten\u00e7\u00e3o: a insist\u00eancia de separar suas duas personas, a de se referir a si mesmo na terceira pessoa, talvez consciente das poucas certezas que a vida tem. Edson morreu. Pel\u00e9, a lenda, viver\u00e1 para sempre.<\/p>\n\n\n\n<p>Retirado de: Globo Esporte<\/p>\n","protected":false},"excerpt":{"rendered":"<p>O futebol perdeu seu Rei. Nesta quinta-feira, morreu Pel\u00e9, o maior jogador da hist\u00f3ria, aos 82 anos. A fam\u00edlia ainda n\u00e3o divulgou detalhes sobre o vel\u00f3rio, mas uma estrutura foi montada na Vila Belmiro nos \u00faltimos dias para receber a vig\u00edlia. O sepultamento ocorrer\u00e1 em Santos. O Atleta do S\u00e9culo estava internado no hospital Albert [&hellip;]<\/p>\n","protected":false},"author":1,"featured_media":31951,"comment_status":"open","ping_status":"closed","sticky":false,"template":"","format":"standard","meta":{"footnotes":""},"categories":[1],"tags":[],"class_list":["post-92626","post","type-post","status-publish","format-standard","has-post-thumbnail","hentry","category-flamengo"],"yoast_head":"<!-- This site is optimized with the Yoast SEO Premium plugin v24.2 (Yoast SEO v26.9) - https:\/\/yoast.com\/product\/yoast-seo-premium-wordpress\/ -->\n<title>Luto: Rei Pel\u00e9 morre aos 82 anos<\/title>\n<meta name=\"robots\" content=\"index, follow, max-snippet:-1, max-image-preview:large, max-video-preview:-1\" \/>\n<link rel=\"canonical\" href=\"https:\/\/www.gaveanews.com\/index.php\/2022\/12\/29\/luto-rei-pele-morre-aos-82-anos\/\" \/>\n<meta property=\"og:locale\" content=\"pt_BR\" \/>\n<meta property=\"og:type\" content=\"article\" \/>\n<meta property=\"og:title\" content=\"Luto: Rei Pel\u00e9 morre aos 82 anos\" \/>\n<meta property=\"og:description\" content=\"O futebol perdeu seu Rei. Nesta quinta-feira, morreu Pel\u00e9, o maior jogador da hist\u00f3ria, aos 82 anos. A fam\u00edlia ainda n\u00e3o divulgou detalhes sobre o vel\u00f3rio, mas uma estrutura foi montada na Vila Belmiro nos \u00faltimos dias para receber a vig\u00edlia. O sepultamento ocorrer\u00e1 em Santos. O Atleta do S\u00e9culo estava internado no hospital Albert [&hellip;]\" \/>\n<meta property=\"og:url\" content=\"https:\/\/www.gaveanews.com\/index.php\/2022\/12\/29\/luto-rei-pele-morre-aos-82-anos\/\" \/>\n<meta property=\"og:site_name\" content=\"G\u00e1vea News\" \/>\n<meta property=\"article:publisher\" content=\"https:\/\/facebook.com\/gaveaNews\/\" \/>\n<meta property=\"article:published_time\" content=\"2022-12-29T19:20:41+00:00\" \/>\n<meta property=\"article:modified_time\" content=\"2022-12-29T19:35:24+00:00\" \/>\n<meta property=\"og:image\" content=\"https:\/\/www.gaveanews.com\/wp-content\/uploads\/luto-o-que-e.webp\" \/>\n\t<meta property=\"og:image:width\" content=\"640\" \/>\n\t<meta property=\"og:image:height\" content=\"424\" \/>\n\t<meta property=\"og:image:type\" content=\"image\/jpeg\" \/>\n<meta name=\"author\" content=\"Equipe G\u00e1vea News\" \/>\n<meta name=\"twitter:card\" content=\"summary_large_image\" \/>\n<meta name=\"twitter:label1\" content=\"Escrito por\" \/>\n\t<meta name=\"twitter:data1\" content=\"Equipe G\u00e1vea News\" \/>\n\t<meta name=\"twitter:label2\" content=\"Est. tempo de leitura\" \/>\n\t<meta name=\"twitter:data2\" content=\"21 minutos\" \/>\n<script type=\"application\/ld+json\" class=\"yoast-schema-graph\">{\"@context\":\"https:\/\/schema.org\",\"@graph\":[{\"@type\":\"NewsArticle\",\"@id\":\"https:\/\/www.gaveanews.com\/index.php\/2022\/12\/29\/luto-rei-pele-morre-aos-82-anos\/#article\",\"isPartOf\":{\"@id\":\"https:\/\/www.gaveanews.com\/index.php\/2022\/12\/29\/luto-rei-pele-morre-aos-82-anos\/\"},\"author\":{\"name\":\"Equipe G\u00e1vea News\",\"@id\":\"https:\/\/www.gaveanews.com\/#\/schema\/person\/2ec14f73fb96be2caf28f91afb14749d\"},\"headline\":\"Luto: Rei Pel\u00e9 morre aos 82 anos\",\"datePublished\":\"2022-12-29T19:20:41+00:00\",\"dateModified\":\"2022-12-29T19:35:24+00:00\",\"mainEntityOfPage\":{\"@id\":\"https:\/\/www.gaveanews.com\/index.php\/2022\/12\/29\/luto-rei-pele-morre-aos-82-anos\/\"},\"wordCount\":3338,\"commentCount\":0,\"image\":{\"@id\":\"https:\/\/www.gaveanews.com\/index.php\/2022\/12\/29\/luto-rei-pele-morre-aos-82-anos\/#primaryimage\"},\"thumbnailUrl\":\"https:\/\/www.gaveanews.com\/wp-content\/uploads\/luto-o-que-e.webp\",\"articleSection\":[\"Flamengo\"],\"inLanguage\":\"pt-BR\",\"potentialAction\":[{\"@type\":\"CommentAction\",\"name\":\"Comment\",\"target\":[\"https:\/\/www.gaveanews.com\/index.php\/2022\/12\/29\/luto-rei-pele-morre-aos-82-anos\/#respond\"]}],\"copyrightYear\":\"2022\",\"copyrightHolder\":{\"@id\":\"https:\/\/www.gaveanews.com\/#organization\"}},{\"@type\":\"WebPage\",\"@id\":\"https:\/\/www.gaveanews.com\/index.php\/2022\/12\/29\/luto-rei-pele-morre-aos-82-anos\/\",\"url\":\"https:\/\/www.gaveanews.com\/index.php\/2022\/12\/29\/luto-rei-pele-morre-aos-82-anos\/\",\"name\":\"Luto: Rei Pel\u00e9 morre aos 82 anos\",\"isPartOf\":{\"@id\":\"https:\/\/www.gaveanews.com\/#website\"},\"primaryImageOfPage\":{\"@id\":\"https:\/\/www.gaveanews.com\/index.php\/2022\/12\/29\/luto-rei-pele-morre-aos-82-anos\/#primaryimage\"},\"image\":{\"@id\":\"https:\/\/www.gaveanews.com\/index.php\/2022\/12\/29\/luto-rei-pele-morre-aos-82-anos\/#primaryimage\"},\"thumbnailUrl\":\"https:\/\/www.gaveanews.com\/wp-content\/uploads\/luto-o-que-e.webp\",\"datePublished\":\"2022-12-29T19:20:41+00:00\",\"dateModified\":\"2022-12-29T19:35:24+00:00\",\"author\":{\"@id\":\"https:\/\/www.gaveanews.com\/#\/schema\/person\/2ec14f73fb96be2caf28f91afb14749d\"},\"breadcrumb\":{\"@id\":\"https:\/\/www.gaveanews.com\/index.php\/2022\/12\/29\/luto-rei-pele-morre-aos-82-anos\/#breadcrumb\"},\"inLanguage\":\"pt-BR\",\"potentialAction\":[{\"@type\":\"ReadAction\",\"target\":[\"https:\/\/www.gaveanews.com\/index.php\/2022\/12\/29\/luto-rei-pele-morre-aos-82-anos\/\"]}]},{\"@type\":\"ImageObject\",\"inLanguage\":\"pt-BR\",\"@id\":\"https:\/\/www.gaveanews.com\/index.php\/2022\/12\/29\/luto-rei-pele-morre-aos-82-anos\/#primaryimage\",\"url\":\"https:\/\/www.gaveanews.com\/wp-content\/uploads\/luto-o-que-e.webp\",\"contentUrl\":\"https:\/\/www.gaveanews.com\/wp-content\/uploads\/luto-o-que-e.webp\",\"width\":640,\"height\":424},{\"@type\":\"BreadcrumbList\",\"@id\":\"https:\/\/www.gaveanews.com\/index.php\/2022\/12\/29\/luto-rei-pele-morre-aos-82-anos\/#breadcrumb\",\"itemListElement\":[{\"@type\":\"ListItem\",\"position\":1,\"name\":\"Home\",\"item\":\"https:\/\/www.gaveanews.com\/\"},{\"@type\":\"ListItem\",\"position\":2,\"name\":\"Luto: Rei Pel\u00e9 morre aos 82 anos\"}]},{\"@type\":\"WebSite\",\"@id\":\"https:\/\/www.gaveanews.com\/#website\",\"url\":\"https:\/\/www.gaveanews.com\/\",\"name\":\"G\u00e1vea News\",\"description\":\"Veja todas as not\u00edcias sobre o Flamengo: Contrata\u00e7\u00f5es, categorias de base, resultados das partidas, tabela de classifica\u00e7\u00e3o, pr\u00f3ximos jogos!\",\"potentialAction\":[{\"@type\":\"SearchAction\",\"target\":{\"@type\":\"EntryPoint\",\"urlTemplate\":\"https:\/\/www.gaveanews.com\/?s={search_term_string}\"},\"query-input\":{\"@type\":\"PropertyValueSpecification\",\"valueRequired\":true,\"valueName\":\"search_term_string\"}}],\"inLanguage\":\"pt-BR\"},{\"@type\":\"Person\",\"@id\":\"https:\/\/www.gaveanews.com\/#\/schema\/person\/2ec14f73fb96be2caf28f91afb14749d\",\"name\":\"Equipe G\u00e1vea News\",\"image\":{\"@type\":\"ImageObject\",\"inLanguage\":\"pt-BR\",\"@id\":\"https:\/\/www.gaveanews.com\/#\/schema\/person\/image\/\",\"url\":\"https:\/\/secure.gravatar.com\/avatar\/1e1956f1facbffd3f8fa53a326721950116b3b9dc9bd44939c01180fd4a745a9?s=96&d=mm&r=g\",\"contentUrl\":\"https:\/\/secure.gravatar.com\/avatar\/1e1956f1facbffd3f8fa53a326721950116b3b9dc9bd44939c01180fd4a745a9?s=96&d=mm&r=g\",\"caption\":\"Equipe G\u00e1vea News\"}}]}<\/script>\n<!-- \/ Yoast SEO Premium plugin. -->","yoast_head_json":{"title":"Luto: Rei Pel\u00e9 morre aos 82 anos","robots":{"index":"index","follow":"follow","max-snippet":"max-snippet:-1","max-image-preview":"max-image-preview:large","max-video-preview":"max-video-preview:-1"},"canonical":"https:\/\/www.gaveanews.com\/index.php\/2022\/12\/29\/luto-rei-pele-morre-aos-82-anos\/","og_locale":"pt_BR","og_type":"article","og_title":"Luto: Rei Pel\u00e9 morre aos 82 anos","og_description":"O futebol perdeu seu Rei. Nesta quinta-feira, morreu Pel\u00e9, o maior jogador da hist\u00f3ria, aos 82 anos. A fam\u00edlia ainda n\u00e3o divulgou detalhes sobre o vel\u00f3rio, mas uma estrutura foi montada na Vila Belmiro nos \u00faltimos dias para receber a vig\u00edlia. O sepultamento ocorrer\u00e1 em Santos. O Atleta do S\u00e9culo estava internado no hospital Albert [&hellip;]","og_url":"https:\/\/www.gaveanews.com\/index.php\/2022\/12\/29\/luto-rei-pele-morre-aos-82-anos\/","og_site_name":"G\u00e1vea News","article_publisher":"https:\/\/facebook.com\/gaveaNews\/","article_published_time":"2022-12-29T19:20:41+00:00","article_modified_time":"2022-12-29T19:35:24+00:00","og_image":[{"width":640,"height":424,"url":"https:\/\/www.gaveanews.com\/wp-content\/uploads\/luto-o-que-e.webp","type":"image\/jpeg"}],"author":"Equipe G\u00e1vea News","twitter_card":"summary_large_image","twitter_misc":{"Escrito por":"Equipe G\u00e1vea News","Est. tempo de leitura":"21 minutos"},"schema":{"@context":"https:\/\/schema.org","@graph":[{"@type":"NewsArticle","@id":"https:\/\/www.gaveanews.com\/index.php\/2022\/12\/29\/luto-rei-pele-morre-aos-82-anos\/#article","isPartOf":{"@id":"https:\/\/www.gaveanews.com\/index.php\/2022\/12\/29\/luto-rei-pele-morre-aos-82-anos\/"},"author":{"name":"Equipe G\u00e1vea News","@id":"https:\/\/www.gaveanews.com\/#\/schema\/person\/2ec14f73fb96be2caf28f91afb14749d"},"headline":"Luto: Rei Pel\u00e9 morre aos 82 anos","datePublished":"2022-12-29T19:20:41+00:00","dateModified":"2022-12-29T19:35:24+00:00","mainEntityOfPage":{"@id":"https:\/\/www.gaveanews.com\/index.php\/2022\/12\/29\/luto-rei-pele-morre-aos-82-anos\/"},"wordCount":3338,"commentCount":0,"image":{"@id":"https:\/\/www.gaveanews.com\/index.php\/2022\/12\/29\/luto-rei-pele-morre-aos-82-anos\/#primaryimage"},"thumbnailUrl":"https:\/\/www.gaveanews.com\/wp-content\/uploads\/luto-o-que-e.webp","articleSection":["Flamengo"],"inLanguage":"pt-BR","potentialAction":[{"@type":"CommentAction","name":"Comment","target":["https:\/\/www.gaveanews.com\/index.php\/2022\/12\/29\/luto-rei-pele-morre-aos-82-anos\/#respond"]}],"copyrightYear":"2022","copyrightHolder":{"@id":"https:\/\/www.gaveanews.com\/#organization"}},{"@type":"WebPage","@id":"https:\/\/www.gaveanews.com\/index.php\/2022\/12\/29\/luto-rei-pele-morre-aos-82-anos\/","url":"https:\/\/www.gaveanews.com\/index.php\/2022\/12\/29\/luto-rei-pele-morre-aos-82-anos\/","name":"Luto: Rei Pel\u00e9 morre aos 82 anos","isPartOf":{"@id":"https:\/\/www.gaveanews.com\/#website"},"primaryImageOfPage":{"@id":"https:\/\/www.gaveanews.com\/index.php\/2022\/12\/29\/luto-rei-pele-morre-aos-82-anos\/#primaryimage"},"image":{"@id":"https:\/\/www.gaveanews.com\/index.php\/2022\/12\/29\/luto-rei-pele-morre-aos-82-anos\/#primaryimage"},"thumbnailUrl":"https:\/\/www.gaveanews.com\/wp-content\/uploads\/luto-o-que-e.webp","datePublished":"2022-12-29T19:20:41+00:00","dateModified":"2022-12-29T19:35:24+00:00","author":{"@id":"https:\/\/www.gaveanews.com\/#\/schema\/person\/2ec14f73fb96be2caf28f91afb14749d"},"breadcrumb":{"@id":"https:\/\/www.gaveanews.com\/index.php\/2022\/12\/29\/luto-rei-pele-morre-aos-82-anos\/#breadcrumb"},"inLanguage":"pt-BR","potentialAction":[{"@type":"ReadAction","target":["https:\/\/www.gaveanews.com\/index.php\/2022\/12\/29\/luto-rei-pele-morre-aos-82-anos\/"]}]},{"@type":"ImageObject","inLanguage":"pt-BR","@id":"https:\/\/www.gaveanews.com\/index.php\/2022\/12\/29\/luto-rei-pele-morre-aos-82-anos\/#primaryimage","url":"https:\/\/www.gaveanews.com\/wp-content\/uploads\/luto-o-que-e.webp","contentUrl":"https:\/\/www.gaveanews.com\/wp-content\/uploads\/luto-o-que-e.webp","width":640,"height":424},{"@type":"BreadcrumbList","@id":"https:\/\/www.gaveanews.com\/index.php\/2022\/12\/29\/luto-rei-pele-morre-aos-82-anos\/#breadcrumb","itemListElement":[{"@type":"ListItem","position":1,"name":"Home","item":"https:\/\/www.gaveanews.com\/"},{"@type":"ListItem","position":2,"name":"Luto: Rei Pel\u00e9 morre aos 82 anos"}]},{"@type":"WebSite","@id":"https:\/\/www.gaveanews.com\/#website","url":"https:\/\/www.gaveanews.com\/","name":"G\u00e1vea News","description":"Veja todas as not\u00edcias sobre o Flamengo: Contrata\u00e7\u00f5es, categorias de base, resultados das partidas, tabela de classifica\u00e7\u00e3o, pr\u00f3ximos jogos!","potentialAction":[{"@type":"SearchAction","target":{"@type":"EntryPoint","urlTemplate":"https:\/\/www.gaveanews.com\/?s={search_term_string}"},"query-input":{"@type":"PropertyValueSpecification","valueRequired":true,"valueName":"search_term_string"}}],"inLanguage":"pt-BR"},{"@type":"Person","@id":"https:\/\/www.gaveanews.com\/#\/schema\/person\/2ec14f73fb96be2caf28f91afb14749d","name":"Equipe G\u00e1vea News","image":{"@type":"ImageObject","inLanguage":"pt-BR","@id":"https:\/\/www.gaveanews.com\/#\/schema\/person\/image\/","url":"https:\/\/secure.gravatar.com\/avatar\/1e1956f1facbffd3f8fa53a326721950116b3b9dc9bd44939c01180fd4a745a9?s=96&d=mm&r=g","contentUrl":"https:\/\/secure.gravatar.com\/avatar\/1e1956f1facbffd3f8fa53a326721950116b3b9dc9bd44939c01180fd4a745a9?s=96&d=mm&r=g","caption":"Equipe G\u00e1vea News"}}]}},"_links":{"self":[{"href":"https:\/\/www.gaveanews.com\/index.php\/wp-json\/wp\/v2\/posts\/92626","targetHints":{"allow":["GET"]}}],"collection":[{"href":"https:\/\/www.gaveanews.com\/index.php\/wp-json\/wp\/v2\/posts"}],"about":[{"href":"https:\/\/www.gaveanews.com\/index.php\/wp-json\/wp\/v2\/types\/post"}],"author":[{"embeddable":true,"href":"https:\/\/www.gaveanews.com\/index.php\/wp-json\/wp\/v2\/users\/1"}],"replies":[{"embeddable":true,"href":"https:\/\/www.gaveanews.com\/index.php\/wp-json\/wp\/v2\/comments?post=92626"}],"version-history":[{"count":0,"href":"https:\/\/www.gaveanews.com\/index.php\/wp-json\/wp\/v2\/posts\/92626\/revisions"}],"wp:featuredmedia":[{"embeddable":true,"href":"https:\/\/www.gaveanews.com\/index.php\/wp-json\/wp\/v2\/media\/31951"}],"wp:attachment":[{"href":"https:\/\/www.gaveanews.com\/index.php\/wp-json\/wp\/v2\/media?parent=92626"}],"wp:term":[{"taxonomy":"category","embeddable":true,"href":"https:\/\/www.gaveanews.com\/index.php\/wp-json\/wp\/v2\/categories?post=92626"},{"taxonomy":"post_tag","embeddable":true,"href":"https:\/\/www.gaveanews.com\/index.php\/wp-json\/wp\/v2\/tags?post=92626"}],"curies":[{"name":"wp","href":"https:\/\/api.w.org\/{rel}","templated":true}]}}