{"id":92665,"date":"2022-12-30T13:39:15","date_gmt":"2022-12-30T16:39:15","guid":{"rendered":"https:\/\/www.gaveanews.com\/?p=92665"},"modified":"2022-12-30T13:39:24","modified_gmt":"2022-12-30T16:39:24","slug":"flamengo-marca-reuniao-para-bater-o-martelo-por-reforco-para-2023","status":"publish","type":"post","link":"https:\/\/www.gaveanews.com\/index.php\/2022\/12\/30\/flamengo-marca-reuniao-para-bater-o-martelo-por-reforco-para-2023\/","title":{"rendered":"Flamengo marca reuni\u00e3o para bater o martelo por refor\u00e7o para 2023"},"content":{"rendered":"\n<p>O Flamengo pode logo nos primeiros dias de janeiro efetivar seu primeiro refor\u00e7o para a temporada. Apesar de ainda t\u00edmida no mercado, a dire\u00e7\u00e3o age nos bastidores e com muita cautela. Depois de chegar a um acordo com os representantes de Agust\u00edn Rossi, o clube agora precisa se acertar com o Boca Juniors.<\/p>\n\n\n\n<p>Para isso, o Flamengo tem t\u00eam viagem marcada para Buenos Aires, a fim de se reunir com o goleiro e o estafe do jogador, al\u00e9m do Boca Juniors para fechar a contrata\u00e7\u00e3o. Rossi possui contrato vigente at\u00e9 a metade do ano, mas o clube carioca quer antecipar a chegada. A informa\u00e7\u00e3o \u00e9 do site Coluna do Fla.<\/p>\n\n\n\n<p>Assim, a ideia \u00e9 oferecer uma compensa\u00e7\u00e3o financeira ao Boca Juniors, que pode perd\u00ea-lo de gra\u00e7a a partir de julho. Se, porventura, n\u00e3o houver um acordo entre as partes, Rossi s\u00f3 vestiria o manto rubro-negro no segundo semestre da temporada 2023.<\/p>\n\n\n\n<p>Contudo, o desejo do Flamengo \u00e9 que o goleiro possa j\u00e1 agora fazer parte do elenco. A defini\u00e7\u00e3o deve ocorrer na primeira semana de janeiro.<\/p>\n\n\n\n<p>\u201cN\u00f3s acreditamos que \u00e9 poss\u00edvel fazer uma contrata\u00e7\u00e3o logo na primeira semana. H\u00e1 algumas coisas que podem acontecer, mas com calma e muita tranquilidade\u201d, disse Marcos Braz, vice-presidente de futebol, mas sem especificar se este poss\u00edvel refor\u00e7o seria Rossi.<\/p>\n\n\n\n<h2 class=\"wp-block-heading\" id=\"h-braz-fala-sobre-gerson\">Braz fala sobre Gerson<\/h2>\n\n\n\n<p>Al\u00e9m de Rossi, o Flamengo mant\u00e9m Gerson em seu radar. Depois de conversas iniciais dif\u00edceis com o Olympique de Marselha, a possibilidade de retorno do volante ao clube carioca parece ser mais forte. Apesar disso, o discurso \u00e9 ainda de pessimismo.<\/p>\n\n\n\n<p>\u201cA gente tenta fazer esta contrata\u00e7\u00e3o que \u00e9 muito dif\u00edcil. Sempre deixamos isso claro, embora outras pessoas, a imprensa, n\u00e3o apresentem o tema desta maneira. \u00c9 muito dif\u00edcil essa contrata\u00e7\u00e3o, mas temos que tentar at\u00e9 o final. \u00c9 um jogador que merece, tem a grandeza hoje\u2026e quer voltar. Ele deixa isso claro para qualquer um, estamos tentanto fazer os esfor\u00e7os\u201d, disse Braz.<\/p>\n\n\n\n<p>Inicialmente, os franceses pediam cerca de 20 milh\u00f5es de euros pela transfer\u00eancia de Gerson, quantia esta descartada prontamente pelo Flamengo. Passadas algumas semanas, o valor tende a ser menor.<\/p>\n\n\n\n<p>Retirado de: Torcedores<\/p>\n","protected":false},"excerpt":{"rendered":"<p>O Flamengo pode logo nos primeiros dias de janeiro efetivar seu primeiro refor\u00e7o para a temporada. Apesar de ainda t\u00edmida no mercado, a dire\u00e7\u00e3o age nos bastidores e com muita cautela. Depois de chegar a um acordo com os representantes de Agust\u00edn Rossi, o clube agora precisa se acertar com o Boca Juniors. Para isso, [&hellip;]<\/p>\n","protected":false},"author":1,"featured_media":78521,"comment_status":"open","ping_status":"closed","sticky":false,"template":"","format":"standard","meta":{"footnotes":""},"categories":[48],"tags":[],"class_list":["post-92665","post","type-post","status-publish","format-standard","has-post-thumbnail","hentry","category-negociacoes"],"yoast_head":"<!-- This site is optimized with the Yoast SEO Premium plugin v24.2 (Yoast SEO v26.9) - https:\/\/yoast.com\/product\/yoast-seo-premium-wordpress\/ -->\n<title>Flamengo marca reuni\u00e3o para bater o martelo por refor\u00e7o para 2023<\/title>\n<meta name=\"robots\" content=\"index, follow, max-snippet:-1, max-image-preview:large, max-video-preview:-1\" \/>\n<link rel=\"canonical\" href=\"https:\/\/www.gaveanews.com\/index.php\/2022\/12\/30\/flamengo-marca-reuniao-para-bater-o-martelo-por-reforco-para-2023\/\" \/>\n<meta property=\"og:locale\" content=\"pt_BR\" \/>\n<meta property=\"og:type\" content=\"article\" \/>\n<meta property=\"og:title\" content=\"Flamengo marca reuni\u00e3o para bater o martelo por refor\u00e7o para 2023\" \/>\n<meta property=\"og:description\" content=\"O Flamengo pode logo nos primeiros dias de janeiro efetivar seu primeiro refor\u00e7o para a temporada. Apesar de ainda t\u00edmida no mercado, a dire\u00e7\u00e3o age nos bastidores e com muita cautela. Depois de chegar a um acordo com os representantes de Agust\u00edn Rossi, o clube agora precisa se acertar com o Boca Juniors. Para isso, [&hellip;]\" \/>\n<meta property=\"og:url\" content=\"https:\/\/www.gaveanews.com\/index.php\/2022\/12\/30\/flamengo-marca-reuniao-para-bater-o-martelo-por-reforco-para-2023\/\" \/>\n<meta property=\"og:site_name\" content=\"G\u00e1vea News\" \/>\n<meta property=\"article:publisher\" content=\"https:\/\/facebook.com\/gaveaNews\/\" \/>\n<meta property=\"article:published_time\" content=\"2022-12-30T16:39:15+00:00\" \/>\n<meta property=\"article:modified_time\" content=\"2022-12-30T16:39:24+00:00\" \/>\n<meta property=\"og:image\" content=\"https:\/\/www.gaveanews.com\/wp-content\/uploads\/Marcos-Braz-em-entrevista-coletiva-do-Flamengo-no-Ninho-do-Urubu.webp\" \/>\n\t<meta property=\"og:image:width\" content=\"799\" \/>\n\t<meta property=\"og:image:height\" content=\"533\" \/>\n\t<meta property=\"og:image:type\" content=\"image\/jpeg\" \/>\n<meta name=\"author\" content=\"Equipe G\u00e1vea News\" \/>\n<meta name=\"twitter:card\" content=\"summary_large_image\" \/>\n<meta name=\"twitter:label1\" content=\"Escrito por\" \/>\n\t<meta name=\"twitter:data1\" content=\"Equipe G\u00e1vea News\" \/>\n\t<meta name=\"twitter:label2\" content=\"Est. tempo de leitura\" \/>\n\t<meta name=\"twitter:data2\" content=\"2 minutos\" \/>\n<script type=\"application\/ld+json\" class=\"yoast-schema-graph\">{\"@context\":\"https:\/\/schema.org\",\"@graph\":[{\"@type\":\"NewsArticle\",\"@id\":\"https:\/\/www.gaveanews.com\/index.php\/2022\/12\/30\/flamengo-marca-reuniao-para-bater-o-martelo-por-reforco-para-2023\/#article\",\"isPartOf\":{\"@id\":\"https:\/\/www.gaveanews.com\/index.php\/2022\/12\/30\/flamengo-marca-reuniao-para-bater-o-martelo-por-reforco-para-2023\/\"},\"author\":{\"name\":\"Equipe G\u00e1vea News\",\"@id\":\"https:\/\/www.gaveanews.com\/#\/schema\/person\/2ec14f73fb96be2caf28f91afb14749d\"},\"headline\":\"Flamengo marca reuni\u00e3o para bater o martelo por refor\u00e7o para 2023\",\"datePublished\":\"2022-12-30T16:39:15+00:00\",\"dateModified\":\"2022-12-30T16:39:24+00:00\",\"mainEntityOfPage\":{\"@id\":\"https:\/\/www.gaveanews.com\/index.php\/2022\/12\/30\/flamengo-marca-reuniao-para-bater-o-martelo-por-reforco-para-2023\/\"},\"wordCount\":386,\"commentCount\":0,\"image\":{\"@id\":\"https:\/\/www.gaveanews.com\/index.php\/2022\/12\/30\/flamengo-marca-reuniao-para-bater-o-martelo-por-reforco-para-2023\/#primaryimage\"},\"thumbnailUrl\":\"https:\/\/www.gaveanews.com\/wp-content\/uploads\/Marcos-Braz-em-entrevista-coletiva-do-Flamengo-no-Ninho-do-Urubu.webp\",\"articleSection\":[\"Negocia\u00e7\u00f5es\"],\"inLanguage\":\"pt-BR\",\"potentialAction\":[{\"@type\":\"CommentAction\",\"name\":\"Comment\",\"target\":[\"https:\/\/www.gaveanews.com\/index.php\/2022\/12\/30\/flamengo-marca-reuniao-para-bater-o-martelo-por-reforco-para-2023\/#respond\"]}],\"copyrightYear\":\"2022\",\"copyrightHolder\":{\"@id\":\"https:\/\/www.gaveanews.com\/#organization\"}},{\"@type\":\"WebPage\",\"@id\":\"https:\/\/www.gaveanews.com\/index.php\/2022\/12\/30\/flamengo-marca-reuniao-para-bater-o-martelo-por-reforco-para-2023\/\",\"url\":\"https:\/\/www.gaveanews.com\/index.php\/2022\/12\/30\/flamengo-marca-reuniao-para-bater-o-martelo-por-reforco-para-2023\/\",\"name\":\"Flamengo marca reuni\u00e3o para bater o martelo por refor\u00e7o para 2023\",\"isPartOf\":{\"@id\":\"https:\/\/www.gaveanews.com\/#website\"},\"primaryImageOfPage\":{\"@id\":\"https:\/\/www.gaveanews.com\/index.php\/2022\/12\/30\/flamengo-marca-reuniao-para-bater-o-martelo-por-reforco-para-2023\/#primaryimage\"},\"image\":{\"@id\":\"https:\/\/www.gaveanews.com\/index.php\/2022\/12\/30\/flamengo-marca-reuniao-para-bater-o-martelo-por-reforco-para-2023\/#primaryimage\"},\"thumbnailUrl\":\"https:\/\/www.gaveanews.com\/wp-content\/uploads\/Marcos-Braz-em-entrevista-coletiva-do-Flamengo-no-Ninho-do-Urubu.webp\",\"datePublished\":\"2022-12-30T16:39:15+00:00\",\"dateModified\":\"2022-12-30T16:39:24+00:00\",\"author\":{\"@id\":\"https:\/\/www.gaveanews.com\/#\/schema\/person\/2ec14f73fb96be2caf28f91afb14749d\"},\"breadcrumb\":{\"@id\":\"https:\/\/www.gaveanews.com\/index.php\/2022\/12\/30\/flamengo-marca-reuniao-para-bater-o-martelo-por-reforco-para-2023\/#breadcrumb\"},\"inLanguage\":\"pt-BR\",\"potentialAction\":[{\"@type\":\"ReadAction\",\"target\":[\"https:\/\/www.gaveanews.com\/index.php\/2022\/12\/30\/flamengo-marca-reuniao-para-bater-o-martelo-por-reforco-para-2023\/\"]}]},{\"@type\":\"ImageObject\",\"inLanguage\":\"pt-BR\",\"@id\":\"https:\/\/www.gaveanews.com\/index.php\/2022\/12\/30\/flamengo-marca-reuniao-para-bater-o-martelo-por-reforco-para-2023\/#primaryimage\",\"url\":\"https:\/\/www.gaveanews.com\/wp-content\/uploads\/Marcos-Braz-em-entrevista-coletiva-do-Flamengo-no-Ninho-do-Urubu.webp\",\"contentUrl\":\"https:\/\/www.gaveanews.com\/wp-content\/uploads\/Marcos-Braz-em-entrevista-coletiva-do-Flamengo-no-Ninho-do-Urubu.webp\",\"width\":799,\"height\":533,\"caption\":\"Marcos Braz em entrevista coletiva do Flamengo no Ninho do Urubu (Foto: Gilvan de Souza\/Flamengo)\"},{\"@type\":\"BreadcrumbList\",\"@id\":\"https:\/\/www.gaveanews.com\/index.php\/2022\/12\/30\/flamengo-marca-reuniao-para-bater-o-martelo-por-reforco-para-2023\/#breadcrumb\",\"itemListElement\":[{\"@type\":\"ListItem\",\"position\":1,\"name\":\"Home\",\"item\":\"https:\/\/www.gaveanews.com\/\"},{\"@type\":\"ListItem\",\"position\":2,\"name\":\"Flamengo marca reuni\u00e3o para bater o martelo por refor\u00e7o para 2023\"}]},{\"@type\":\"WebSite\",\"@id\":\"https:\/\/www.gaveanews.com\/#website\",\"url\":\"https:\/\/www.gaveanews.com\/\",\"name\":\"G\u00e1vea News\",\"description\":\"Veja todas as not\u00edcias sobre o Flamengo: Contrata\u00e7\u00f5es, categorias de base, resultados das partidas, tabela de classifica\u00e7\u00e3o, pr\u00f3ximos jogos!\",\"potentialAction\":[{\"@type\":\"SearchAction\",\"target\":{\"@type\":\"EntryPoint\",\"urlTemplate\":\"https:\/\/www.gaveanews.com\/?s={search_term_string}\"},\"query-input\":{\"@type\":\"PropertyValueSpecification\",\"valueRequired\":true,\"valueName\":\"search_term_string\"}}],\"inLanguage\":\"pt-BR\"},{\"@type\":\"Person\",\"@id\":\"https:\/\/www.gaveanews.com\/#\/schema\/person\/2ec14f73fb96be2caf28f91afb14749d\",\"name\":\"Equipe G\u00e1vea News\",\"image\":{\"@type\":\"ImageObject\",\"inLanguage\":\"pt-BR\",\"@id\":\"https:\/\/www.gaveanews.com\/#\/schema\/person\/image\/\",\"url\":\"https:\/\/secure.gravatar.com\/avatar\/1e1956f1facbffd3f8fa53a326721950116b3b9dc9bd44939c01180fd4a745a9?s=96&d=mm&r=g\",\"contentUrl\":\"https:\/\/secure.gravatar.com\/avatar\/1e1956f1facbffd3f8fa53a326721950116b3b9dc9bd44939c01180fd4a745a9?s=96&d=mm&r=g\",\"caption\":\"Equipe G\u00e1vea News\"}}]}<\/script>\n<!-- \/ Yoast SEO Premium plugin. -->","yoast_head_json":{"title":"Flamengo marca reuni\u00e3o para bater o martelo por refor\u00e7o para 2023","robots":{"index":"index","follow":"follow","max-snippet":"max-snippet:-1","max-image-preview":"max-image-preview:large","max-video-preview":"max-video-preview:-1"},"canonical":"https:\/\/www.gaveanews.com\/index.php\/2022\/12\/30\/flamengo-marca-reuniao-para-bater-o-martelo-por-reforco-para-2023\/","og_locale":"pt_BR","og_type":"article","og_title":"Flamengo marca reuni\u00e3o para bater o martelo por refor\u00e7o para 2023","og_description":"O Flamengo pode logo nos primeiros dias de janeiro efetivar seu primeiro refor\u00e7o para a temporada. Apesar de ainda t\u00edmida no mercado, a dire\u00e7\u00e3o age nos bastidores e com muita cautela. Depois de chegar a um acordo com os representantes de Agust\u00edn Rossi, o clube agora precisa se acertar com o Boca Juniors. Para isso, [&hellip;]","og_url":"https:\/\/www.gaveanews.com\/index.php\/2022\/12\/30\/flamengo-marca-reuniao-para-bater-o-martelo-por-reforco-para-2023\/","og_site_name":"G\u00e1vea News","article_publisher":"https:\/\/facebook.com\/gaveaNews\/","article_published_time":"2022-12-30T16:39:15+00:00","article_modified_time":"2022-12-30T16:39:24+00:00","og_image":[{"width":799,"height":533,"url":"https:\/\/www.gaveanews.com\/wp-content\/uploads\/Marcos-Braz-em-entrevista-coletiva-do-Flamengo-no-Ninho-do-Urubu.webp","type":"image\/jpeg"}],"author":"Equipe G\u00e1vea News","twitter_card":"summary_large_image","twitter_misc":{"Escrito por":"Equipe G\u00e1vea News","Est. tempo de leitura":"2 minutos"},"schema":{"@context":"https:\/\/schema.org","@graph":[{"@type":"NewsArticle","@id":"https:\/\/www.gaveanews.com\/index.php\/2022\/12\/30\/flamengo-marca-reuniao-para-bater-o-martelo-por-reforco-para-2023\/#article","isPartOf":{"@id":"https:\/\/www.gaveanews.com\/index.php\/2022\/12\/30\/flamengo-marca-reuniao-para-bater-o-martelo-por-reforco-para-2023\/"},"author":{"name":"Equipe G\u00e1vea News","@id":"https:\/\/www.gaveanews.com\/#\/schema\/person\/2ec14f73fb96be2caf28f91afb14749d"},"headline":"Flamengo marca reuni\u00e3o para bater o martelo por refor\u00e7o para 2023","datePublished":"2022-12-30T16:39:15+00:00","dateModified":"2022-12-30T16:39:24+00:00","mainEntityOfPage":{"@id":"https:\/\/www.gaveanews.com\/index.php\/2022\/12\/30\/flamengo-marca-reuniao-para-bater-o-martelo-por-reforco-para-2023\/"},"wordCount":386,"commentCount":0,"image":{"@id":"https:\/\/www.gaveanews.com\/index.php\/2022\/12\/30\/flamengo-marca-reuniao-para-bater-o-martelo-por-reforco-para-2023\/#primaryimage"},"thumbnailUrl":"https:\/\/www.gaveanews.com\/wp-content\/uploads\/Marcos-Braz-em-entrevista-coletiva-do-Flamengo-no-Ninho-do-Urubu.webp","articleSection":["Negocia\u00e7\u00f5es"],"inLanguage":"pt-BR","potentialAction":[{"@type":"CommentAction","name":"Comment","target":["https:\/\/www.gaveanews.com\/index.php\/2022\/12\/30\/flamengo-marca-reuniao-para-bater-o-martelo-por-reforco-para-2023\/#respond"]}],"copyrightYear":"2022","copyrightHolder":{"@id":"https:\/\/www.gaveanews.com\/#organization"}},{"@type":"WebPage","@id":"https:\/\/www.gaveanews.com\/index.php\/2022\/12\/30\/flamengo-marca-reuniao-para-bater-o-martelo-por-reforco-para-2023\/","url":"https:\/\/www.gaveanews.com\/index.php\/2022\/12\/30\/flamengo-marca-reuniao-para-bater-o-martelo-por-reforco-para-2023\/","name":"Flamengo marca reuni\u00e3o para bater o martelo por refor\u00e7o para 2023","isPartOf":{"@id":"https:\/\/www.gaveanews.com\/#website"},"primaryImageOfPage":{"@id":"https:\/\/www.gaveanews.com\/index.php\/2022\/12\/30\/flamengo-marca-reuniao-para-bater-o-martelo-por-reforco-para-2023\/#primaryimage"},"image":{"@id":"https:\/\/www.gaveanews.com\/index.php\/2022\/12\/30\/flamengo-marca-reuniao-para-bater-o-martelo-por-reforco-para-2023\/#primaryimage"},"thumbnailUrl":"https:\/\/www.gaveanews.com\/wp-content\/uploads\/Marcos-Braz-em-entrevista-coletiva-do-Flamengo-no-Ninho-do-Urubu.webp","datePublished":"2022-12-30T16:39:15+00:00","dateModified":"2022-12-30T16:39:24+00:00","author":{"@id":"https:\/\/www.gaveanews.com\/#\/schema\/person\/2ec14f73fb96be2caf28f91afb14749d"},"breadcrumb":{"@id":"https:\/\/www.gaveanews.com\/index.php\/2022\/12\/30\/flamengo-marca-reuniao-para-bater-o-martelo-por-reforco-para-2023\/#breadcrumb"},"inLanguage":"pt-BR","potentialAction":[{"@type":"ReadAction","target":["https:\/\/www.gaveanews.com\/index.php\/2022\/12\/30\/flamengo-marca-reuniao-para-bater-o-martelo-por-reforco-para-2023\/"]}]},{"@type":"ImageObject","inLanguage":"pt-BR","@id":"https:\/\/www.gaveanews.com\/index.php\/2022\/12\/30\/flamengo-marca-reuniao-para-bater-o-martelo-por-reforco-para-2023\/#primaryimage","url":"https:\/\/www.gaveanews.com\/wp-content\/uploads\/Marcos-Braz-em-entrevista-coletiva-do-Flamengo-no-Ninho-do-Urubu.webp","contentUrl":"https:\/\/www.gaveanews.com\/wp-content\/uploads\/Marcos-Braz-em-entrevista-coletiva-do-Flamengo-no-Ninho-do-Urubu.webp","width":799,"height":533,"caption":"Marcos Braz em entrevista coletiva do Flamengo no Ninho do Urubu (Foto: Gilvan de Souza\/Flamengo)"},{"@type":"BreadcrumbList","@id":"https:\/\/www.gaveanews.com\/index.php\/2022\/12\/30\/flamengo-marca-reuniao-para-bater-o-martelo-por-reforco-para-2023\/#breadcrumb","itemListElement":[{"@type":"ListItem","position":1,"name":"Home","item":"https:\/\/www.gaveanews.com\/"},{"@type":"ListItem","position":2,"name":"Flamengo marca reuni\u00e3o para bater o martelo por refor\u00e7o para 2023"}]},{"@type":"WebSite","@id":"https:\/\/www.gaveanews.com\/#website","url":"https:\/\/www.gaveanews.com\/","name":"G\u00e1vea News","description":"Veja todas as not\u00edcias sobre o Flamengo: Contrata\u00e7\u00f5es, categorias de base, resultados das partidas, tabela de classifica\u00e7\u00e3o, pr\u00f3ximos jogos!","potentialAction":[{"@type":"SearchAction","target":{"@type":"EntryPoint","urlTemplate":"https:\/\/www.gaveanews.com\/?s={search_term_string}"},"query-input":{"@type":"PropertyValueSpecification","valueRequired":true,"valueName":"search_term_string"}}],"inLanguage":"pt-BR"},{"@type":"Person","@id":"https:\/\/www.gaveanews.com\/#\/schema\/person\/2ec14f73fb96be2caf28f91afb14749d","name":"Equipe G\u00e1vea News","image":{"@type":"ImageObject","inLanguage":"pt-BR","@id":"https:\/\/www.gaveanews.com\/#\/schema\/person\/image\/","url":"https:\/\/secure.gravatar.com\/avatar\/1e1956f1facbffd3f8fa53a326721950116b3b9dc9bd44939c01180fd4a745a9?s=96&d=mm&r=g","contentUrl":"https:\/\/secure.gravatar.com\/avatar\/1e1956f1facbffd3f8fa53a326721950116b3b9dc9bd44939c01180fd4a745a9?s=96&d=mm&r=g","caption":"Equipe G\u00e1vea News"}}]}},"_links":{"self":[{"href":"https:\/\/www.gaveanews.com\/index.php\/wp-json\/wp\/v2\/posts\/92665","targetHints":{"allow":["GET"]}}],"collection":[{"href":"https:\/\/www.gaveanews.com\/index.php\/wp-json\/wp\/v2\/posts"}],"about":[{"href":"https:\/\/www.gaveanews.com\/index.php\/wp-json\/wp\/v2\/types\/post"}],"author":[{"embeddable":true,"href":"https:\/\/www.gaveanews.com\/index.php\/wp-json\/wp\/v2\/users\/1"}],"replies":[{"embeddable":true,"href":"https:\/\/www.gaveanews.com\/index.php\/wp-json\/wp\/v2\/comments?post=92665"}],"version-history":[{"count":0,"href":"https:\/\/www.gaveanews.com\/index.php\/wp-json\/wp\/v2\/posts\/92665\/revisions"}],"wp:featuredmedia":[{"embeddable":true,"href":"https:\/\/www.gaveanews.com\/index.php\/wp-json\/wp\/v2\/media\/78521"}],"wp:attachment":[{"href":"https:\/\/www.gaveanews.com\/index.php\/wp-json\/wp\/v2\/media?parent=92665"}],"wp:term":[{"taxonomy":"category","embeddable":true,"href":"https:\/\/www.gaveanews.com\/index.php\/wp-json\/wp\/v2\/categories?post=92665"},{"taxonomy":"post_tag","embeddable":true,"href":"https:\/\/www.gaveanews.com\/index.php\/wp-json\/wp\/v2\/tags?post=92665"}],"curies":[{"name":"wp","href":"https:\/\/api.w.org\/{rel}","templated":true}]}}