{"id":92689,"date":"2022-12-30T23:44:42","date_gmt":"2022-12-31T02:44:42","guid":{"rendered":"https:\/\/www.gaveanews.com\/?p=92689"},"modified":"2022-12-30T23:44:45","modified_gmt":"2022-12-31T02:44:45","slug":"especulado-no-flamengo-philipe-coutinho-desabafa-sobre-sua-situacao-nas-redes-sociais","status":"publish","type":"post","link":"https:\/\/www.gaveanews.com\/index.php\/2022\/12\/30\/especulado-no-flamengo-philipe-coutinho-desabafa-sobre-sua-situacao-nas-redes-sociais\/","title":{"rendered":"Especulado no Flamengo, Philipe Coutinho desabafa sobre sua situa\u00e7\u00e3o nas redes sociais"},"content":{"rendered":"\n<p>O Flamengo busca refor\u00e7os para 2023. Com o Mundial de clubes logo em Fevereiro, o rubro-negro tenta refor\u00e7ar ainda mais o elenco, para sonhar com o Bi mundial. Nesse sentido, um dos alvos especulados do Fla, o meio campo Philipe Coutinho falou sobre seu momento no Aston Villa e falou sobre uma troca de clube.<\/p>\n\n\n\n<p><em>\u2014 Nos \u00faltimos dias vi muita not\u00edcia com meu nome mas at\u00e9 a\u00ed tudo bem, o problema \u00e9 que agora come\u00e7aram algumas mentiras e estou aqui pra esclarecer. Nunca e em nenhum momento teve algum tipo de conversa minha pedindo para sair do clube, pois estou feliz aqui e minha fam\u00edlia tamb\u00e9m. Meu \u00fanico foco agora que estou recuperado da les\u00e3o, \u00e9 em trabalhar ao m\u00e1ximo a cada dia para jogar em alto n\u00edvel e ajudar ao clube e meus companheiros a atingir os nossos objetivos<\/em>, escreveu o jogador.<\/p>\n\n\n\n<p>Quem tamb\u00e9m falou de Coutinho, foi seu treinador, Unai Emery, que conta com o meia para a temporada:<\/p>\n\n\n\n<p><em>\u2014 Estou ansioso para v\u00ea-lo em campo e nas partidas. Com sua qualidade, ele pode nos ajudar muito\u201d, sinalizou o treinador. Ao contr\u00e1rio do que imaginavam, ele vai dar chances para que o camisa 23 recupere o bom futebol, principalmente porque sabe que \u00e9 um dos poucos l\u00edderes t\u00e9cnicos do Aston Villa<\/em>, destacou.<\/p>\n\n\n\n<p>Por hora, o Flamengo ainda n\u00e3o anunciou nenhum refor\u00e7o, mas est\u00e1 muito pr\u00f3ximo do goleiro Argentino Rossi e do meia Colombiano, Juan Quintero. Ambos devem resolver suas quest\u00f5es e serem anunciados nos primeiros dias do ano.<\/p>\n\n\n\n<p>Retirado de: Di\u00e1rio do Fla<\/p>\n","protected":false},"excerpt":{"rendered":"<p>O Flamengo busca refor\u00e7os para 2023. Com o Mundial de clubes logo em Fevereiro, o rubro-negro tenta refor\u00e7ar ainda mais o elenco, para sonhar com o Bi mundial. Nesse sentido, um dos alvos especulados do Fla, o meio campo Philipe Coutinho falou sobre seu momento no Aston Villa e falou sobre uma troca de clube. [&hellip;]<\/p>\n","protected":false},"author":1,"featured_media":91427,"comment_status":"open","ping_status":"closed","sticky":false,"template":"","format":"standard","meta":{"footnotes":""},"categories":[48],"tags":[],"class_list":["post-92689","post","type-post","status-publish","format-standard","has-post-thumbnail","hentry","category-negociacoes"],"yoast_head":"<!-- This site is optimized with the Yoast SEO Premium plugin v24.2 (Yoast SEO v26.9) - https:\/\/yoast.com\/product\/yoast-seo-premium-wordpress\/ -->\n<title>Especulado no Flamengo, Philipe Coutinho desabafa sobre sua situa\u00e7\u00e3o nas redes sociais<\/title>\n<meta name=\"robots\" content=\"index, follow, max-snippet:-1, max-image-preview:large, max-video-preview:-1\" \/>\n<link rel=\"canonical\" href=\"https:\/\/www.gaveanews.com\/index.php\/2022\/12\/30\/especulado-no-flamengo-philipe-coutinho-desabafa-sobre-sua-situacao-nas-redes-sociais\/\" \/>\n<meta property=\"og:locale\" content=\"pt_BR\" \/>\n<meta property=\"og:type\" content=\"article\" \/>\n<meta property=\"og:title\" content=\"Especulado no Flamengo, Philipe Coutinho desabafa sobre sua situa\u00e7\u00e3o nas redes sociais\" \/>\n<meta property=\"og:description\" content=\"O Flamengo busca refor\u00e7os para 2023. Com o Mundial de clubes logo em Fevereiro, o rubro-negro tenta refor\u00e7ar ainda mais o elenco, para sonhar com o Bi mundial. Nesse sentido, um dos alvos especulados do Fla, o meio campo Philipe Coutinho falou sobre seu momento no Aston Villa e falou sobre uma troca de clube. [&hellip;]\" \/>\n<meta property=\"og:url\" content=\"https:\/\/www.gaveanews.com\/index.php\/2022\/12\/30\/especulado-no-flamengo-philipe-coutinho-desabafa-sobre-sua-situacao-nas-redes-sociais\/\" \/>\n<meta property=\"og:site_name\" content=\"G\u00e1vea News\" \/>\n<meta property=\"article:publisher\" content=\"https:\/\/facebook.com\/gaveaNews\/\" \/>\n<meta property=\"article:published_time\" content=\"2022-12-31T02:44:42+00:00\" \/>\n<meta property=\"article:modified_time\" content=\"2022-12-31T02:44:45+00:00\" \/>\n<meta property=\"og:image\" content=\"https:\/\/www.gaveanews.com\/wp-content\/uploads\/philippe-coutinho-aston-villa.webp\" \/>\n\t<meta property=\"og:image:width\" content=\"984\" \/>\n\t<meta property=\"og:image:height\" content=\"656\" \/>\n\t<meta property=\"og:image:type\" content=\"image\/webp\" \/>\n<meta name=\"author\" content=\"Equipe G\u00e1vea News\" \/>\n<meta name=\"twitter:card\" content=\"summary_large_image\" \/>\n<meta name=\"twitter:label1\" content=\"Escrito por\" \/>\n\t<meta name=\"twitter:data1\" content=\"Equipe G\u00e1vea News\" \/>\n\t<meta name=\"twitter:label2\" content=\"Est. tempo de leitura\" \/>\n\t<meta name=\"twitter:data2\" content=\"2 minutos\" \/>\n<script type=\"application\/ld+json\" class=\"yoast-schema-graph\">{\"@context\":\"https:\/\/schema.org\",\"@graph\":[{\"@type\":\"NewsArticle\",\"@id\":\"https:\/\/www.gaveanews.com\/index.php\/2022\/12\/30\/especulado-no-flamengo-philipe-coutinho-desabafa-sobre-sua-situacao-nas-redes-sociais\/#article\",\"isPartOf\":{\"@id\":\"https:\/\/www.gaveanews.com\/index.php\/2022\/12\/30\/especulado-no-flamengo-philipe-coutinho-desabafa-sobre-sua-situacao-nas-redes-sociais\/\"},\"author\":{\"name\":\"Equipe G\u00e1vea News\",\"@id\":\"https:\/\/www.gaveanews.com\/#\/schema\/person\/2ec14f73fb96be2caf28f91afb14749d\"},\"headline\":\"Especulado no Flamengo, Philipe Coutinho desabafa sobre sua situa\u00e7\u00e3o nas redes sociais\",\"datePublished\":\"2022-12-31T02:44:42+00:00\",\"dateModified\":\"2022-12-31T02:44:45+00:00\",\"mainEntityOfPage\":{\"@id\":\"https:\/\/www.gaveanews.com\/index.php\/2022\/12\/30\/especulado-no-flamengo-philipe-coutinho-desabafa-sobre-sua-situacao-nas-redes-sociais\/\"},\"wordCount\":281,\"commentCount\":0,\"image\":{\"@id\":\"https:\/\/www.gaveanews.com\/index.php\/2022\/12\/30\/especulado-no-flamengo-philipe-coutinho-desabafa-sobre-sua-situacao-nas-redes-sociais\/#primaryimage\"},\"thumbnailUrl\":\"https:\/\/www.gaveanews.com\/wp-content\/uploads\/philippe-coutinho-aston-villa.webp\",\"articleSection\":[\"Negocia\u00e7\u00f5es\"],\"inLanguage\":\"pt-BR\",\"potentialAction\":[{\"@type\":\"CommentAction\",\"name\":\"Comment\",\"target\":[\"https:\/\/www.gaveanews.com\/index.php\/2022\/12\/30\/especulado-no-flamengo-philipe-coutinho-desabafa-sobre-sua-situacao-nas-redes-sociais\/#respond\"]}],\"copyrightYear\":\"2022\",\"copyrightHolder\":{\"@id\":\"https:\/\/www.gaveanews.com\/#organization\"}},{\"@type\":\"WebPage\",\"@id\":\"https:\/\/www.gaveanews.com\/index.php\/2022\/12\/30\/especulado-no-flamengo-philipe-coutinho-desabafa-sobre-sua-situacao-nas-redes-sociais\/\",\"url\":\"https:\/\/www.gaveanews.com\/index.php\/2022\/12\/30\/especulado-no-flamengo-philipe-coutinho-desabafa-sobre-sua-situacao-nas-redes-sociais\/\",\"name\":\"Especulado no Flamengo, Philipe Coutinho desabafa sobre sua situa\u00e7\u00e3o nas redes sociais\",\"isPartOf\":{\"@id\":\"https:\/\/www.gaveanews.com\/#website\"},\"primaryImageOfPage\":{\"@id\":\"https:\/\/www.gaveanews.com\/index.php\/2022\/12\/30\/especulado-no-flamengo-philipe-coutinho-desabafa-sobre-sua-situacao-nas-redes-sociais\/#primaryimage\"},\"image\":{\"@id\":\"https:\/\/www.gaveanews.com\/index.php\/2022\/12\/30\/especulado-no-flamengo-philipe-coutinho-desabafa-sobre-sua-situacao-nas-redes-sociais\/#primaryimage\"},\"thumbnailUrl\":\"https:\/\/www.gaveanews.com\/wp-content\/uploads\/philippe-coutinho-aston-villa.webp\",\"datePublished\":\"2022-12-31T02:44:42+00:00\",\"dateModified\":\"2022-12-31T02:44:45+00:00\",\"author\":{\"@id\":\"https:\/\/www.gaveanews.com\/#\/schema\/person\/2ec14f73fb96be2caf28f91afb14749d\"},\"breadcrumb\":{\"@id\":\"https:\/\/www.gaveanews.com\/index.php\/2022\/12\/30\/especulado-no-flamengo-philipe-coutinho-desabafa-sobre-sua-situacao-nas-redes-sociais\/#breadcrumb\"},\"inLanguage\":\"pt-BR\",\"potentialAction\":[{\"@type\":\"ReadAction\",\"target\":[\"https:\/\/www.gaveanews.com\/index.php\/2022\/12\/30\/especulado-no-flamengo-philipe-coutinho-desabafa-sobre-sua-situacao-nas-redes-sociais\/\"]}]},{\"@type\":\"ImageObject\",\"inLanguage\":\"pt-BR\",\"@id\":\"https:\/\/www.gaveanews.com\/index.php\/2022\/12\/30\/especulado-no-flamengo-philipe-coutinho-desabafa-sobre-sua-situacao-nas-redes-sociais\/#primaryimage\",\"url\":\"https:\/\/www.gaveanews.com\/wp-content\/uploads\/philippe-coutinho-aston-villa.webp\",\"contentUrl\":\"https:\/\/www.gaveanews.com\/wp-content\/uploads\/philippe-coutinho-aston-villa.webp\",\"width\":984,\"height\":656,\"caption\":\"Philippe Coutinho em a\u00e7\u00e3o pelo Aston Villa (Foto: Naomi Baker\/Getty Images)\"},{\"@type\":\"BreadcrumbList\",\"@id\":\"https:\/\/www.gaveanews.com\/index.php\/2022\/12\/30\/especulado-no-flamengo-philipe-coutinho-desabafa-sobre-sua-situacao-nas-redes-sociais\/#breadcrumb\",\"itemListElement\":[{\"@type\":\"ListItem\",\"position\":1,\"name\":\"Home\",\"item\":\"https:\/\/www.gaveanews.com\/\"},{\"@type\":\"ListItem\",\"position\":2,\"name\":\"Especulado no Flamengo, Philipe Coutinho desabafa sobre sua situa\u00e7\u00e3o nas redes sociais\"}]},{\"@type\":\"WebSite\",\"@id\":\"https:\/\/www.gaveanews.com\/#website\",\"url\":\"https:\/\/www.gaveanews.com\/\",\"name\":\"G\u00e1vea News\",\"description\":\"Veja todas as not\u00edcias sobre o Flamengo: Contrata\u00e7\u00f5es, categorias de base, resultados das partidas, tabela de classifica\u00e7\u00e3o, pr\u00f3ximos jogos!\",\"potentialAction\":[{\"@type\":\"SearchAction\",\"target\":{\"@type\":\"EntryPoint\",\"urlTemplate\":\"https:\/\/www.gaveanews.com\/?s={search_term_string}\"},\"query-input\":{\"@type\":\"PropertyValueSpecification\",\"valueRequired\":true,\"valueName\":\"search_term_string\"}}],\"inLanguage\":\"pt-BR\"},{\"@type\":\"Person\",\"@id\":\"https:\/\/www.gaveanews.com\/#\/schema\/person\/2ec14f73fb96be2caf28f91afb14749d\",\"name\":\"Equipe G\u00e1vea News\",\"image\":{\"@type\":\"ImageObject\",\"inLanguage\":\"pt-BR\",\"@id\":\"https:\/\/www.gaveanews.com\/#\/schema\/person\/image\/\",\"url\":\"https:\/\/secure.gravatar.com\/avatar\/1e1956f1facbffd3f8fa53a326721950116b3b9dc9bd44939c01180fd4a745a9?s=96&d=mm&r=g\",\"contentUrl\":\"https:\/\/secure.gravatar.com\/avatar\/1e1956f1facbffd3f8fa53a326721950116b3b9dc9bd44939c01180fd4a745a9?s=96&d=mm&r=g\",\"caption\":\"Equipe G\u00e1vea News\"}}]}<\/script>\n<!-- \/ Yoast SEO Premium plugin. -->","yoast_head_json":{"title":"Especulado no Flamengo, Philipe Coutinho desabafa sobre sua situa\u00e7\u00e3o nas redes sociais","robots":{"index":"index","follow":"follow","max-snippet":"max-snippet:-1","max-image-preview":"max-image-preview:large","max-video-preview":"max-video-preview:-1"},"canonical":"https:\/\/www.gaveanews.com\/index.php\/2022\/12\/30\/especulado-no-flamengo-philipe-coutinho-desabafa-sobre-sua-situacao-nas-redes-sociais\/","og_locale":"pt_BR","og_type":"article","og_title":"Especulado no Flamengo, Philipe Coutinho desabafa sobre sua situa\u00e7\u00e3o nas redes sociais","og_description":"O Flamengo busca refor\u00e7os para 2023. Com o Mundial de clubes logo em Fevereiro, o rubro-negro tenta refor\u00e7ar ainda mais o elenco, para sonhar com o Bi mundial. Nesse sentido, um dos alvos especulados do Fla, o meio campo Philipe Coutinho falou sobre seu momento no Aston Villa e falou sobre uma troca de clube. [&hellip;]","og_url":"https:\/\/www.gaveanews.com\/index.php\/2022\/12\/30\/especulado-no-flamengo-philipe-coutinho-desabafa-sobre-sua-situacao-nas-redes-sociais\/","og_site_name":"G\u00e1vea News","article_publisher":"https:\/\/facebook.com\/gaveaNews\/","article_published_time":"2022-12-31T02:44:42+00:00","article_modified_time":"2022-12-31T02:44:45+00:00","og_image":[{"width":984,"height":656,"url":"https:\/\/www.gaveanews.com\/wp-content\/uploads\/philippe-coutinho-aston-villa.webp","type":"image\/webp"}],"author":"Equipe G\u00e1vea News","twitter_card":"summary_large_image","twitter_misc":{"Escrito por":"Equipe G\u00e1vea News","Est. tempo de leitura":"2 minutos"},"schema":{"@context":"https:\/\/schema.org","@graph":[{"@type":"NewsArticle","@id":"https:\/\/www.gaveanews.com\/index.php\/2022\/12\/30\/especulado-no-flamengo-philipe-coutinho-desabafa-sobre-sua-situacao-nas-redes-sociais\/#article","isPartOf":{"@id":"https:\/\/www.gaveanews.com\/index.php\/2022\/12\/30\/especulado-no-flamengo-philipe-coutinho-desabafa-sobre-sua-situacao-nas-redes-sociais\/"},"author":{"name":"Equipe G\u00e1vea News","@id":"https:\/\/www.gaveanews.com\/#\/schema\/person\/2ec14f73fb96be2caf28f91afb14749d"},"headline":"Especulado no Flamengo, Philipe Coutinho desabafa sobre sua situa\u00e7\u00e3o nas redes sociais","datePublished":"2022-12-31T02:44:42+00:00","dateModified":"2022-12-31T02:44:45+00:00","mainEntityOfPage":{"@id":"https:\/\/www.gaveanews.com\/index.php\/2022\/12\/30\/especulado-no-flamengo-philipe-coutinho-desabafa-sobre-sua-situacao-nas-redes-sociais\/"},"wordCount":281,"commentCount":0,"image":{"@id":"https:\/\/www.gaveanews.com\/index.php\/2022\/12\/30\/especulado-no-flamengo-philipe-coutinho-desabafa-sobre-sua-situacao-nas-redes-sociais\/#primaryimage"},"thumbnailUrl":"https:\/\/www.gaveanews.com\/wp-content\/uploads\/philippe-coutinho-aston-villa.webp","articleSection":["Negocia\u00e7\u00f5es"],"inLanguage":"pt-BR","potentialAction":[{"@type":"CommentAction","name":"Comment","target":["https:\/\/www.gaveanews.com\/index.php\/2022\/12\/30\/especulado-no-flamengo-philipe-coutinho-desabafa-sobre-sua-situacao-nas-redes-sociais\/#respond"]}],"copyrightYear":"2022","copyrightHolder":{"@id":"https:\/\/www.gaveanews.com\/#organization"}},{"@type":"WebPage","@id":"https:\/\/www.gaveanews.com\/index.php\/2022\/12\/30\/especulado-no-flamengo-philipe-coutinho-desabafa-sobre-sua-situacao-nas-redes-sociais\/","url":"https:\/\/www.gaveanews.com\/index.php\/2022\/12\/30\/especulado-no-flamengo-philipe-coutinho-desabafa-sobre-sua-situacao-nas-redes-sociais\/","name":"Especulado no Flamengo, Philipe Coutinho desabafa sobre sua situa\u00e7\u00e3o nas redes sociais","isPartOf":{"@id":"https:\/\/www.gaveanews.com\/#website"},"primaryImageOfPage":{"@id":"https:\/\/www.gaveanews.com\/index.php\/2022\/12\/30\/especulado-no-flamengo-philipe-coutinho-desabafa-sobre-sua-situacao-nas-redes-sociais\/#primaryimage"},"image":{"@id":"https:\/\/www.gaveanews.com\/index.php\/2022\/12\/30\/especulado-no-flamengo-philipe-coutinho-desabafa-sobre-sua-situacao-nas-redes-sociais\/#primaryimage"},"thumbnailUrl":"https:\/\/www.gaveanews.com\/wp-content\/uploads\/philippe-coutinho-aston-villa.webp","datePublished":"2022-12-31T02:44:42+00:00","dateModified":"2022-12-31T02:44:45+00:00","author":{"@id":"https:\/\/www.gaveanews.com\/#\/schema\/person\/2ec14f73fb96be2caf28f91afb14749d"},"breadcrumb":{"@id":"https:\/\/www.gaveanews.com\/index.php\/2022\/12\/30\/especulado-no-flamengo-philipe-coutinho-desabafa-sobre-sua-situacao-nas-redes-sociais\/#breadcrumb"},"inLanguage":"pt-BR","potentialAction":[{"@type":"ReadAction","target":["https:\/\/www.gaveanews.com\/index.php\/2022\/12\/30\/especulado-no-flamengo-philipe-coutinho-desabafa-sobre-sua-situacao-nas-redes-sociais\/"]}]},{"@type":"ImageObject","inLanguage":"pt-BR","@id":"https:\/\/www.gaveanews.com\/index.php\/2022\/12\/30\/especulado-no-flamengo-philipe-coutinho-desabafa-sobre-sua-situacao-nas-redes-sociais\/#primaryimage","url":"https:\/\/www.gaveanews.com\/wp-content\/uploads\/philippe-coutinho-aston-villa.webp","contentUrl":"https:\/\/www.gaveanews.com\/wp-content\/uploads\/philippe-coutinho-aston-villa.webp","width":984,"height":656,"caption":"Philippe Coutinho em a\u00e7\u00e3o pelo Aston Villa (Foto: Naomi Baker\/Getty Images)"},{"@type":"BreadcrumbList","@id":"https:\/\/www.gaveanews.com\/index.php\/2022\/12\/30\/especulado-no-flamengo-philipe-coutinho-desabafa-sobre-sua-situacao-nas-redes-sociais\/#breadcrumb","itemListElement":[{"@type":"ListItem","position":1,"name":"Home","item":"https:\/\/www.gaveanews.com\/"},{"@type":"ListItem","position":2,"name":"Especulado no Flamengo, Philipe Coutinho desabafa sobre sua situa\u00e7\u00e3o nas redes sociais"}]},{"@type":"WebSite","@id":"https:\/\/www.gaveanews.com\/#website","url":"https:\/\/www.gaveanews.com\/","name":"G\u00e1vea News","description":"Veja todas as not\u00edcias sobre o Flamengo: Contrata\u00e7\u00f5es, categorias de base, resultados das partidas, tabela de classifica\u00e7\u00e3o, pr\u00f3ximos jogos!","potentialAction":[{"@type":"SearchAction","target":{"@type":"EntryPoint","urlTemplate":"https:\/\/www.gaveanews.com\/?s={search_term_string}"},"query-input":{"@type":"PropertyValueSpecification","valueRequired":true,"valueName":"search_term_string"}}],"inLanguage":"pt-BR"},{"@type":"Person","@id":"https:\/\/www.gaveanews.com\/#\/schema\/person\/2ec14f73fb96be2caf28f91afb14749d","name":"Equipe G\u00e1vea News","image":{"@type":"ImageObject","inLanguage":"pt-BR","@id":"https:\/\/www.gaveanews.com\/#\/schema\/person\/image\/","url":"https:\/\/secure.gravatar.com\/avatar\/1e1956f1facbffd3f8fa53a326721950116b3b9dc9bd44939c01180fd4a745a9?s=96&d=mm&r=g","contentUrl":"https:\/\/secure.gravatar.com\/avatar\/1e1956f1facbffd3f8fa53a326721950116b3b9dc9bd44939c01180fd4a745a9?s=96&d=mm&r=g","caption":"Equipe G\u00e1vea News"}}]}},"_links":{"self":[{"href":"https:\/\/www.gaveanews.com\/index.php\/wp-json\/wp\/v2\/posts\/92689","targetHints":{"allow":["GET"]}}],"collection":[{"href":"https:\/\/www.gaveanews.com\/index.php\/wp-json\/wp\/v2\/posts"}],"about":[{"href":"https:\/\/www.gaveanews.com\/index.php\/wp-json\/wp\/v2\/types\/post"}],"author":[{"embeddable":true,"href":"https:\/\/www.gaveanews.com\/index.php\/wp-json\/wp\/v2\/users\/1"}],"replies":[{"embeddable":true,"href":"https:\/\/www.gaveanews.com\/index.php\/wp-json\/wp\/v2\/comments?post=92689"}],"version-history":[{"count":0,"href":"https:\/\/www.gaveanews.com\/index.php\/wp-json\/wp\/v2\/posts\/92689\/revisions"}],"wp:featuredmedia":[{"embeddable":true,"href":"https:\/\/www.gaveanews.com\/index.php\/wp-json\/wp\/v2\/media\/91427"}],"wp:attachment":[{"href":"https:\/\/www.gaveanews.com\/index.php\/wp-json\/wp\/v2\/media?parent=92689"}],"wp:term":[{"taxonomy":"category","embeddable":true,"href":"https:\/\/www.gaveanews.com\/index.php\/wp-json\/wp\/v2\/categories?post=92689"},{"taxonomy":"post_tag","embeddable":true,"href":"https:\/\/www.gaveanews.com\/index.php\/wp-json\/wp\/v2\/tags?post=92689"}],"curies":[{"name":"wp","href":"https:\/\/api.w.org\/{rel}","templated":true}]}}