{"id":92895,"date":"2023-01-07T22:11:23","date_gmt":"2023-01-08T01:11:23","guid":{"rendered":"https:\/\/www.gaveanews.com\/?p=92895"},"modified":"2023-01-07T22:11:26","modified_gmt":"2023-01-08T01:11:26","slug":"flamengo-provoca-carlos-alberto-apos-declaracoes-polemicas","status":"publish","type":"post","link":"https:\/\/www.gaveanews.com\/index.php\/2023\/01\/07\/flamengo-provoca-carlos-alberto-apos-declaracoes-polemicas\/","title":{"rendered":"Flamengo provoca Carlos Alberto ap\u00f3s declara\u00e7\u00f5es pol\u00eamicas"},"content":{"rendered":"\n<p>A caneta dada por Arrascaeta em cima de Carlos Alberto, durante o Jogo das Estrelas, no fim do ano, segue dando pol\u00eamica. Em podcast, o ex-jogador voltou a comentar sobre o lance e disse n\u00e3o respeitar o uruguaio. Al\u00e9m disso, confessou que tentou dar uma entrada mais forte no craque do Flamengo.<\/p>\n\n\n\n<p>\u201cTu viu meu p\u00e9 esquerdo como que chega nele? Se pega aquela foi\u00e7ada, esse que vos fala (Arrascaeta) ia virar um saci-perer\u00ea\u201d, disse Carlos Alberto.<\/p>\n\n\n\n<p>\u201cEu s\u00f3 respeito quem jogou na Europa, jogar em alto n\u00edvel s\u00f3 na Europa. Ele joga em um time de milh\u00f5es, tem obriga\u00e7\u00e3o de ganhar todo ano. Quero ver ser protagonista em um time igual o Botafogo, igual no Vasco, que joguei em 2009 e carreguei o time. No Cruzeiro, era reserva do Thiago Neves. N\u00e3o estou falando isso com ran\u00e7o. Eu t\u00f4 put* que vazaram meu n\u00famero para a torcida do Flamengo, vai ser todo mundo processado\u201d, completou.<\/p>\n\n\n\n<p>Na manh\u00e3 deste s\u00e1bado, o Flamengo, em seu perfil oficial no Twitter, resolveu provocar Carlos Alberto. O clube publicou uma foto de Arrascaeta durante o treinamento e colocou um emoji de caneta na legenda.<\/p>\n\n\n\n<figure class=\"wp-block-embed is-type-rich is-provider-twitter wp-block-embed-twitter\"><div class=\"wp-block-embed__wrapper\">\n<blockquote class=\"twitter-tweet\" data-width=\"550\" data-dnt=\"true\"><p lang=\"und\" dir=\"ltr\">\ud83e\udd19 <a href=\"https:\/\/twitter.com\/GiorgiandeA?ref_src=twsrc%5Etfw\">@GiorgiandeA<\/a> \ud83d\udd8a\ufe0f <a href=\"https:\/\/twitter.com\/hashtag\/VamosFlamengo?src=hash&amp;ref_src=twsrc%5Etfw\">#VamosFlamengo<\/a> <a href=\"https:\/\/twitter.com\/hashtag\/CRF?src=hash&amp;ref_src=twsrc%5Etfw\">#CRF<\/a> <br><br>\ud83d\udcf8: <a href=\"https:\/\/twitter.com\/mcortesdasilva8?ref_src=twsrc%5Etfw\">@mcortesdasilva8<\/a> \/CRF <a href=\"https:\/\/t.co\/ei44RQsgOP\">pic.twitter.com\/ei44RQsgOP<\/a><\/p>&mdash; Flamengo (@Flamengo) <a href=\"https:\/\/twitter.com\/Flamengo\/status\/1611743951341355008?ref_src=twsrc%5Etfw\">January 7, 2023<\/a><\/blockquote><script async src=\"https:\/\/platform.twitter.com\/widgets.js\" charset=\"utf-8\"><\/script>\n<\/div><\/figure>\n\n\n\n<p>Retirado de: Torcedores<\/p>\n","protected":false},"excerpt":{"rendered":"<p>A caneta dada por Arrascaeta em cima de Carlos Alberto, durante o Jogo das Estrelas, no fim do ano, segue dando pol\u00eamica. Em podcast, o ex-jogador voltou a comentar sobre o lance e disse n\u00e3o respeitar o uruguaio. Al\u00e9m disso, confessou que tentou dar uma entrada mais forte no craque do Flamengo. \u201cTu viu meu [&hellip;]<\/p>\n","protected":false},"author":1,"featured_media":87402,"comment_status":"open","ping_status":"closed","sticky":false,"template":"","format":"standard","meta":{"footnotes":""},"categories":[1],"tags":[],"class_list":["post-92895","post","type-post","status-publish","format-standard","has-post-thumbnail","hentry","category-flamengo"],"yoast_head":"<!-- This site is optimized with the Yoast SEO Premium plugin v24.2 (Yoast SEO v26.9) - https:\/\/yoast.com\/product\/yoast-seo-premium-wordpress\/ -->\n<title>Flamengo provoca Carlos Alberto ap\u00f3s declara\u00e7\u00f5es pol\u00eamicas<\/title>\n<meta name=\"robots\" content=\"index, follow, max-snippet:-1, max-image-preview:large, max-video-preview:-1\" \/>\n<link rel=\"canonical\" href=\"https:\/\/www.gaveanews.com\/index.php\/2023\/01\/07\/flamengo-provoca-carlos-alberto-apos-declaracoes-polemicas\/\" \/>\n<meta property=\"og:locale\" content=\"pt_BR\" \/>\n<meta property=\"og:type\" content=\"article\" \/>\n<meta property=\"og:title\" content=\"Flamengo provoca Carlos Alberto ap\u00f3s declara\u00e7\u00f5es pol\u00eamicas\" \/>\n<meta property=\"og:description\" content=\"A caneta dada por Arrascaeta em cima de Carlos Alberto, durante o Jogo das Estrelas, no fim do ano, segue dando pol\u00eamica. Em podcast, o ex-jogador voltou a comentar sobre o lance e disse n\u00e3o respeitar o uruguaio. Al\u00e9m disso, confessou que tentou dar uma entrada mais forte no craque do Flamengo. \u201cTu viu meu [&hellip;]\" \/>\n<meta property=\"og:url\" content=\"https:\/\/www.gaveanews.com\/index.php\/2023\/01\/07\/flamengo-provoca-carlos-alberto-apos-declaracoes-polemicas\/\" \/>\n<meta property=\"og:site_name\" content=\"G\u00e1vea News\" \/>\n<meta property=\"article:publisher\" content=\"https:\/\/facebook.com\/gaveaNews\/\" \/>\n<meta property=\"article:published_time\" content=\"2023-01-08T01:11:23+00:00\" \/>\n<meta property=\"article:modified_time\" content=\"2023-01-08T01:11:26+00:00\" \/>\n<meta property=\"og:image\" content=\"https:\/\/www.gaveanews.com\/wp-content\/uploads\/Arrascaeta.webp\" \/>\n\t<meta property=\"og:image:width\" content=\"799\" \/>\n\t<meta property=\"og:image:height\" content=\"533\" \/>\n\t<meta property=\"og:image:type\" content=\"image\/jpeg\" \/>\n<meta name=\"author\" content=\"Equipe G\u00e1vea News\" \/>\n<meta name=\"twitter:card\" content=\"summary_large_image\" \/>\n<meta name=\"twitter:label1\" content=\"Escrito por\" \/>\n\t<meta name=\"twitter:data1\" content=\"Equipe G\u00e1vea News\" \/>\n\t<meta name=\"twitter:label2\" content=\"Est. tempo de leitura\" \/>\n\t<meta name=\"twitter:data2\" content=\"2 minutos\" \/>\n<script type=\"application\/ld+json\" class=\"yoast-schema-graph\">{\"@context\":\"https:\/\/schema.org\",\"@graph\":[{\"@type\":\"NewsArticle\",\"@id\":\"https:\/\/www.gaveanews.com\/index.php\/2023\/01\/07\/flamengo-provoca-carlos-alberto-apos-declaracoes-polemicas\/#article\",\"isPartOf\":{\"@id\":\"https:\/\/www.gaveanews.com\/index.php\/2023\/01\/07\/flamengo-provoca-carlos-alberto-apos-declaracoes-polemicas\/\"},\"author\":{\"name\":\"Equipe G\u00e1vea News\",\"@id\":\"https:\/\/www.gaveanews.com\/#\/schema\/person\/2ec14f73fb96be2caf28f91afb14749d\"},\"headline\":\"Flamengo provoca Carlos Alberto ap\u00f3s declara\u00e7\u00f5es pol\u00eamicas\",\"datePublished\":\"2023-01-08T01:11:23+00:00\",\"dateModified\":\"2023-01-08T01:11:26+00:00\",\"mainEntityOfPage\":{\"@id\":\"https:\/\/www.gaveanews.com\/index.php\/2023\/01\/07\/flamengo-provoca-carlos-alberto-apos-declaracoes-polemicas\/\"},\"wordCount\":218,\"commentCount\":0,\"image\":{\"@id\":\"https:\/\/www.gaveanews.com\/index.php\/2023\/01\/07\/flamengo-provoca-carlos-alberto-apos-declaracoes-polemicas\/#primaryimage\"},\"thumbnailUrl\":\"https:\/\/www.gaveanews.com\/wp-content\/uploads\/Arrascaeta.webp\",\"articleSection\":[\"Flamengo\"],\"inLanguage\":\"pt-BR\",\"potentialAction\":[{\"@type\":\"CommentAction\",\"name\":\"Comment\",\"target\":[\"https:\/\/www.gaveanews.com\/index.php\/2023\/01\/07\/flamengo-provoca-carlos-alberto-apos-declaracoes-polemicas\/#respond\"]}],\"copyrightYear\":\"2023\",\"copyrightHolder\":{\"@id\":\"https:\/\/www.gaveanews.com\/#organization\"}},{\"@type\":\"WebPage\",\"@id\":\"https:\/\/www.gaveanews.com\/index.php\/2023\/01\/07\/flamengo-provoca-carlos-alberto-apos-declaracoes-polemicas\/\",\"url\":\"https:\/\/www.gaveanews.com\/index.php\/2023\/01\/07\/flamengo-provoca-carlos-alberto-apos-declaracoes-polemicas\/\",\"name\":\"Flamengo provoca Carlos Alberto ap\u00f3s declara\u00e7\u00f5es pol\u00eamicas\",\"isPartOf\":{\"@id\":\"https:\/\/www.gaveanews.com\/#website\"},\"primaryImageOfPage\":{\"@id\":\"https:\/\/www.gaveanews.com\/index.php\/2023\/01\/07\/flamengo-provoca-carlos-alberto-apos-declaracoes-polemicas\/#primaryimage\"},\"image\":{\"@id\":\"https:\/\/www.gaveanews.com\/index.php\/2023\/01\/07\/flamengo-provoca-carlos-alberto-apos-declaracoes-polemicas\/#primaryimage\"},\"thumbnailUrl\":\"https:\/\/www.gaveanews.com\/wp-content\/uploads\/Arrascaeta.webp\",\"datePublished\":\"2023-01-08T01:11:23+00:00\",\"dateModified\":\"2023-01-08T01:11:26+00:00\",\"author\":{\"@id\":\"https:\/\/www.gaveanews.com\/#\/schema\/person\/2ec14f73fb96be2caf28f91afb14749d\"},\"breadcrumb\":{\"@id\":\"https:\/\/www.gaveanews.com\/index.php\/2023\/01\/07\/flamengo-provoca-carlos-alberto-apos-declaracoes-polemicas\/#breadcrumb\"},\"inLanguage\":\"pt-BR\",\"potentialAction\":[{\"@type\":\"ReadAction\",\"target\":[\"https:\/\/www.gaveanews.com\/index.php\/2023\/01\/07\/flamengo-provoca-carlos-alberto-apos-declaracoes-polemicas\/\"]}]},{\"@type\":\"ImageObject\",\"inLanguage\":\"pt-BR\",\"@id\":\"https:\/\/www.gaveanews.com\/index.php\/2023\/01\/07\/flamengo-provoca-carlos-alberto-apos-declaracoes-polemicas\/#primaryimage\",\"url\":\"https:\/\/www.gaveanews.com\/wp-content\/uploads\/Arrascaeta.webp\",\"contentUrl\":\"https:\/\/www.gaveanews.com\/wp-content\/uploads\/Arrascaeta.webp\",\"width\":799,\"height\":533,\"caption\":\"Arrascaeta marca gola\u00e7o pelo Flamengo na Copa do Brasil (Foto: Gilvan de Souza\/Flamengo)\"},{\"@type\":\"BreadcrumbList\",\"@id\":\"https:\/\/www.gaveanews.com\/index.php\/2023\/01\/07\/flamengo-provoca-carlos-alberto-apos-declaracoes-polemicas\/#breadcrumb\",\"itemListElement\":[{\"@type\":\"ListItem\",\"position\":1,\"name\":\"Home\",\"item\":\"https:\/\/www.gaveanews.com\/\"},{\"@type\":\"ListItem\",\"position\":2,\"name\":\"Flamengo provoca Carlos Alberto ap\u00f3s declara\u00e7\u00f5es pol\u00eamicas\"}]},{\"@type\":\"WebSite\",\"@id\":\"https:\/\/www.gaveanews.com\/#website\",\"url\":\"https:\/\/www.gaveanews.com\/\",\"name\":\"G\u00e1vea News\",\"description\":\"Veja todas as not\u00edcias sobre o Flamengo: Contrata\u00e7\u00f5es, categorias de base, resultados das partidas, tabela de classifica\u00e7\u00e3o, pr\u00f3ximos jogos!\",\"potentialAction\":[{\"@type\":\"SearchAction\",\"target\":{\"@type\":\"EntryPoint\",\"urlTemplate\":\"https:\/\/www.gaveanews.com\/?s={search_term_string}\"},\"query-input\":{\"@type\":\"PropertyValueSpecification\",\"valueRequired\":true,\"valueName\":\"search_term_string\"}}],\"inLanguage\":\"pt-BR\"},{\"@type\":\"Person\",\"@id\":\"https:\/\/www.gaveanews.com\/#\/schema\/person\/2ec14f73fb96be2caf28f91afb14749d\",\"name\":\"Equipe G\u00e1vea News\",\"image\":{\"@type\":\"ImageObject\",\"inLanguage\":\"pt-BR\",\"@id\":\"https:\/\/www.gaveanews.com\/#\/schema\/person\/image\/\",\"url\":\"https:\/\/secure.gravatar.com\/avatar\/1e1956f1facbffd3f8fa53a326721950116b3b9dc9bd44939c01180fd4a745a9?s=96&d=mm&r=g\",\"contentUrl\":\"https:\/\/secure.gravatar.com\/avatar\/1e1956f1facbffd3f8fa53a326721950116b3b9dc9bd44939c01180fd4a745a9?s=96&d=mm&r=g\",\"caption\":\"Equipe G\u00e1vea News\"}}]}<\/script>\n<!-- \/ Yoast SEO Premium plugin. -->","yoast_head_json":{"title":"Flamengo provoca Carlos Alberto ap\u00f3s declara\u00e7\u00f5es pol\u00eamicas","robots":{"index":"index","follow":"follow","max-snippet":"max-snippet:-1","max-image-preview":"max-image-preview:large","max-video-preview":"max-video-preview:-1"},"canonical":"https:\/\/www.gaveanews.com\/index.php\/2023\/01\/07\/flamengo-provoca-carlos-alberto-apos-declaracoes-polemicas\/","og_locale":"pt_BR","og_type":"article","og_title":"Flamengo provoca Carlos Alberto ap\u00f3s declara\u00e7\u00f5es pol\u00eamicas","og_description":"A caneta dada por Arrascaeta em cima de Carlos Alberto, durante o Jogo das Estrelas, no fim do ano, segue dando pol\u00eamica. Em podcast, o ex-jogador voltou a comentar sobre o lance e disse n\u00e3o respeitar o uruguaio. Al\u00e9m disso, confessou que tentou dar uma entrada mais forte no craque do Flamengo. \u201cTu viu meu [&hellip;]","og_url":"https:\/\/www.gaveanews.com\/index.php\/2023\/01\/07\/flamengo-provoca-carlos-alberto-apos-declaracoes-polemicas\/","og_site_name":"G\u00e1vea News","article_publisher":"https:\/\/facebook.com\/gaveaNews\/","article_published_time":"2023-01-08T01:11:23+00:00","article_modified_time":"2023-01-08T01:11:26+00:00","og_image":[{"width":799,"height":533,"url":"https:\/\/www.gaveanews.com\/wp-content\/uploads\/Arrascaeta.webp","type":"image\/jpeg"}],"author":"Equipe G\u00e1vea News","twitter_card":"summary_large_image","twitter_misc":{"Escrito por":"Equipe G\u00e1vea News","Est. tempo de leitura":"2 minutos"},"schema":{"@context":"https:\/\/schema.org","@graph":[{"@type":"NewsArticle","@id":"https:\/\/www.gaveanews.com\/index.php\/2023\/01\/07\/flamengo-provoca-carlos-alberto-apos-declaracoes-polemicas\/#article","isPartOf":{"@id":"https:\/\/www.gaveanews.com\/index.php\/2023\/01\/07\/flamengo-provoca-carlos-alberto-apos-declaracoes-polemicas\/"},"author":{"name":"Equipe G\u00e1vea News","@id":"https:\/\/www.gaveanews.com\/#\/schema\/person\/2ec14f73fb96be2caf28f91afb14749d"},"headline":"Flamengo provoca Carlos Alberto ap\u00f3s declara\u00e7\u00f5es pol\u00eamicas","datePublished":"2023-01-08T01:11:23+00:00","dateModified":"2023-01-08T01:11:26+00:00","mainEntityOfPage":{"@id":"https:\/\/www.gaveanews.com\/index.php\/2023\/01\/07\/flamengo-provoca-carlos-alberto-apos-declaracoes-polemicas\/"},"wordCount":218,"commentCount":0,"image":{"@id":"https:\/\/www.gaveanews.com\/index.php\/2023\/01\/07\/flamengo-provoca-carlos-alberto-apos-declaracoes-polemicas\/#primaryimage"},"thumbnailUrl":"https:\/\/www.gaveanews.com\/wp-content\/uploads\/Arrascaeta.webp","articleSection":["Flamengo"],"inLanguage":"pt-BR","potentialAction":[{"@type":"CommentAction","name":"Comment","target":["https:\/\/www.gaveanews.com\/index.php\/2023\/01\/07\/flamengo-provoca-carlos-alberto-apos-declaracoes-polemicas\/#respond"]}],"copyrightYear":"2023","copyrightHolder":{"@id":"https:\/\/www.gaveanews.com\/#organization"}},{"@type":"WebPage","@id":"https:\/\/www.gaveanews.com\/index.php\/2023\/01\/07\/flamengo-provoca-carlos-alberto-apos-declaracoes-polemicas\/","url":"https:\/\/www.gaveanews.com\/index.php\/2023\/01\/07\/flamengo-provoca-carlos-alberto-apos-declaracoes-polemicas\/","name":"Flamengo provoca Carlos Alberto ap\u00f3s declara\u00e7\u00f5es pol\u00eamicas","isPartOf":{"@id":"https:\/\/www.gaveanews.com\/#website"},"primaryImageOfPage":{"@id":"https:\/\/www.gaveanews.com\/index.php\/2023\/01\/07\/flamengo-provoca-carlos-alberto-apos-declaracoes-polemicas\/#primaryimage"},"image":{"@id":"https:\/\/www.gaveanews.com\/index.php\/2023\/01\/07\/flamengo-provoca-carlos-alberto-apos-declaracoes-polemicas\/#primaryimage"},"thumbnailUrl":"https:\/\/www.gaveanews.com\/wp-content\/uploads\/Arrascaeta.webp","datePublished":"2023-01-08T01:11:23+00:00","dateModified":"2023-01-08T01:11:26+00:00","author":{"@id":"https:\/\/www.gaveanews.com\/#\/schema\/person\/2ec14f73fb96be2caf28f91afb14749d"},"breadcrumb":{"@id":"https:\/\/www.gaveanews.com\/index.php\/2023\/01\/07\/flamengo-provoca-carlos-alberto-apos-declaracoes-polemicas\/#breadcrumb"},"inLanguage":"pt-BR","potentialAction":[{"@type":"ReadAction","target":["https:\/\/www.gaveanews.com\/index.php\/2023\/01\/07\/flamengo-provoca-carlos-alberto-apos-declaracoes-polemicas\/"]}]},{"@type":"ImageObject","inLanguage":"pt-BR","@id":"https:\/\/www.gaveanews.com\/index.php\/2023\/01\/07\/flamengo-provoca-carlos-alberto-apos-declaracoes-polemicas\/#primaryimage","url":"https:\/\/www.gaveanews.com\/wp-content\/uploads\/Arrascaeta.webp","contentUrl":"https:\/\/www.gaveanews.com\/wp-content\/uploads\/Arrascaeta.webp","width":799,"height":533,"caption":"Arrascaeta marca gola\u00e7o pelo Flamengo na Copa do Brasil (Foto: Gilvan de Souza\/Flamengo)"},{"@type":"BreadcrumbList","@id":"https:\/\/www.gaveanews.com\/index.php\/2023\/01\/07\/flamengo-provoca-carlos-alberto-apos-declaracoes-polemicas\/#breadcrumb","itemListElement":[{"@type":"ListItem","position":1,"name":"Home","item":"https:\/\/www.gaveanews.com\/"},{"@type":"ListItem","position":2,"name":"Flamengo provoca Carlos Alberto ap\u00f3s declara\u00e7\u00f5es pol\u00eamicas"}]},{"@type":"WebSite","@id":"https:\/\/www.gaveanews.com\/#website","url":"https:\/\/www.gaveanews.com\/","name":"G\u00e1vea News","description":"Veja todas as not\u00edcias sobre o Flamengo: Contrata\u00e7\u00f5es, categorias de base, resultados das partidas, tabela de classifica\u00e7\u00e3o, pr\u00f3ximos jogos!","potentialAction":[{"@type":"SearchAction","target":{"@type":"EntryPoint","urlTemplate":"https:\/\/www.gaveanews.com\/?s={search_term_string}"},"query-input":{"@type":"PropertyValueSpecification","valueRequired":true,"valueName":"search_term_string"}}],"inLanguage":"pt-BR"},{"@type":"Person","@id":"https:\/\/www.gaveanews.com\/#\/schema\/person\/2ec14f73fb96be2caf28f91afb14749d","name":"Equipe G\u00e1vea News","image":{"@type":"ImageObject","inLanguage":"pt-BR","@id":"https:\/\/www.gaveanews.com\/#\/schema\/person\/image\/","url":"https:\/\/secure.gravatar.com\/avatar\/1e1956f1facbffd3f8fa53a326721950116b3b9dc9bd44939c01180fd4a745a9?s=96&d=mm&r=g","contentUrl":"https:\/\/secure.gravatar.com\/avatar\/1e1956f1facbffd3f8fa53a326721950116b3b9dc9bd44939c01180fd4a745a9?s=96&d=mm&r=g","caption":"Equipe G\u00e1vea News"}}]}},"_links":{"self":[{"href":"https:\/\/www.gaveanews.com\/index.php\/wp-json\/wp\/v2\/posts\/92895","targetHints":{"allow":["GET"]}}],"collection":[{"href":"https:\/\/www.gaveanews.com\/index.php\/wp-json\/wp\/v2\/posts"}],"about":[{"href":"https:\/\/www.gaveanews.com\/index.php\/wp-json\/wp\/v2\/types\/post"}],"author":[{"embeddable":true,"href":"https:\/\/www.gaveanews.com\/index.php\/wp-json\/wp\/v2\/users\/1"}],"replies":[{"embeddable":true,"href":"https:\/\/www.gaveanews.com\/index.php\/wp-json\/wp\/v2\/comments?post=92895"}],"version-history":[{"count":0,"href":"https:\/\/www.gaveanews.com\/index.php\/wp-json\/wp\/v2\/posts\/92895\/revisions"}],"wp:featuredmedia":[{"embeddable":true,"href":"https:\/\/www.gaveanews.com\/index.php\/wp-json\/wp\/v2\/media\/87402"}],"wp:attachment":[{"href":"https:\/\/www.gaveanews.com\/index.php\/wp-json\/wp\/v2\/media?parent=92895"}],"wp:term":[{"taxonomy":"category","embeddable":true,"href":"https:\/\/www.gaveanews.com\/index.php\/wp-json\/wp\/v2\/categories?post=92895"},{"taxonomy":"post_tag","embeddable":true,"href":"https:\/\/www.gaveanews.com\/index.php\/wp-json\/wp\/v2\/tags?post=92895"}],"curies":[{"name":"wp","href":"https:\/\/api.w.org\/{rel}","templated":true}]}}