{"id":92915,"date":"2023-01-08T17:24:06","date_gmt":"2023-01-08T20:24:06","guid":{"rendered":"https:\/\/www.gaveanews.com\/?p=92915"},"modified":"2023-01-08T17:24:09","modified_gmt":"2023-01-08T20:24:09","slug":"em-negociacao-com-o-flamengo-quintero-se-manifesta-atraves-de-seu-perfil-no-twitter","status":"publish","type":"post","link":"https:\/\/www.gaveanews.com\/index.php\/2023\/01\/08\/em-negociacao-com-o-flamengo-quintero-se-manifesta-atraves-de-seu-perfil-no-twitter\/","title":{"rendered":"Em negocia\u00e7\u00e3o com o Flamengo, Quintero se manifesta atrav\u00e9s de seu perfil no Twitter"},"content":{"rendered":"\n<p>Conforme publicado anteriormente, a reuni\u00e3o com o empres\u00e1rio do meia Juan Quintero, que ocorreu na Argentina, terminou de forma positiva (<a href=\"https:\/\/www.gaveanews.com\/index.php\/2023\/01\/08\/apos-reuniao-flamengo-avanca-por-mais-um-reforco\/\">clique aqui e leia mais<\/a>). Marcos Braz e Bruno Spindel ficaram satisfeitos pois o representante do jogador demonstrou que est\u00e1 disposto a negociar os valores apresentados em um primeiro momento. Em outras palavras, ele facilitou a negocia\u00e7\u00e3o para um desfecho positivo. <\/p>\n\n\n\n<p>Paralelo a isso, o jogador se manifestou atrav\u00e9s de seu perfil no Twitter. Na rede social, Quintero publicou o seguinte texto: <\/p>\n\n\n\n<p>\u2014 Ol\u00e1 amigos feliz domingo a todos. Obrigado por todas as mensagens que voc\u00eas me enviaram, eu as recebo com amor!! Como todos conhecem as minhas not\u00edcias, espero ter novidades na pr\u00f3xima semana. OBRIGADO A TODOS. <strong>Confira abaixo a publica\u00e7\u00e3o completa:<\/strong><\/p>\n\n\n\n<figure class=\"wp-block-embed is-type-rich is-provider-twitter wp-block-embed-twitter\"><div class=\"wp-block-embed__wrapper\">\n<blockquote class=\"twitter-tweet\" data-width=\"550\" data-dnt=\"true\"><p lang=\"es\" dir=\"ltr\">Hola amigos feliz domingo para todos. Gracias por todos los mensajes que me han enviado, los recibo con amor !!  ya como todos saben mi actualidad, Espero tenerles noticias la pr\u00f3xima semana.  GRACIAS A TODOS \u26bd\ufe0f \ud83c\udde8\ud83c\uddf4\u2764\ufe0f<\/p>&mdash; Juanfer Quintero (@juanferquinte10) <a href=\"https:\/\/twitter.com\/juanferquinte10\/status\/1612176838377500672?ref_src=twsrc%5Etfw\">January 8, 2023<\/a><\/blockquote><script async src=\"https:\/\/platform.twitter.com\/widgets.js\" charset=\"utf-8\"><\/script>\n<\/div><\/figure>\n","protected":false},"excerpt":{"rendered":"<p>Conforme publicado anteriormente, a reuni\u00e3o com o empres\u00e1rio do meia Juan Quintero, que ocorreu na Argentina, terminou de forma positiva (clique aqui e leia mais). Marcos Braz e Bruno Spindel ficaram satisfeitos pois o representante do jogador demonstrou que est\u00e1 disposto a negociar os valores apresentados em um primeiro momento. Em outras palavras, ele facilitou [&hellip;]<\/p>\n","protected":false},"author":1,"featured_media":74816,"comment_status":"open","ping_status":"closed","sticky":false,"template":"","format":"standard","meta":{"footnotes":""},"categories":[1],"tags":[],"class_list":["post-92915","post","type-post","status-publish","format-standard","has-post-thumbnail","hentry","category-flamengo"],"yoast_head":"<!-- This site is optimized with the Yoast SEO Premium plugin v24.2 (Yoast SEO v26.9) - https:\/\/yoast.com\/product\/yoast-seo-premium-wordpress\/ -->\n<title>Em negocia\u00e7\u00e3o com o Flamengo, Quintero se manifesta atrav\u00e9s de seu perfil no Twitter<\/title>\n<meta name=\"robots\" content=\"index, follow, max-snippet:-1, max-image-preview:large, max-video-preview:-1\" \/>\n<link rel=\"canonical\" href=\"https:\/\/www.gaveanews.com\/index.php\/2023\/01\/08\/em-negociacao-com-o-flamengo-quintero-se-manifesta-atraves-de-seu-perfil-no-twitter\/\" \/>\n<meta property=\"og:locale\" content=\"pt_BR\" \/>\n<meta property=\"og:type\" content=\"article\" \/>\n<meta property=\"og:title\" content=\"Em negocia\u00e7\u00e3o com o Flamengo, Quintero se manifesta atrav\u00e9s de seu perfil no Twitter\" \/>\n<meta property=\"og:description\" content=\"Conforme publicado anteriormente, a reuni\u00e3o com o empres\u00e1rio do meia Juan Quintero, que ocorreu na Argentina, terminou de forma positiva (clique aqui e leia mais). Marcos Braz e Bruno Spindel ficaram satisfeitos pois o representante do jogador demonstrou que est\u00e1 disposto a negociar os valores apresentados em um primeiro momento. Em outras palavras, ele facilitou [&hellip;]\" \/>\n<meta property=\"og:url\" content=\"https:\/\/www.gaveanews.com\/index.php\/2023\/01\/08\/em-negociacao-com-o-flamengo-quintero-se-manifesta-atraves-de-seu-perfil-no-twitter\/\" \/>\n<meta property=\"og:site_name\" content=\"G\u00e1vea News\" \/>\n<meta property=\"article:publisher\" content=\"https:\/\/facebook.com\/gaveaNews\/\" \/>\n<meta property=\"article:published_time\" content=\"2023-01-08T20:24:06+00:00\" \/>\n<meta property=\"article:modified_time\" content=\"2023-01-08T20:24:09+00:00\" \/>\n<meta property=\"og:image\" content=\"https:\/\/www.gaveanews.com\/wp-content\/uploads\/Juan-Quintero-ex-jogador-do-River-Plate.webp\" \/>\n\t<meta property=\"og:image:width\" content=\"740\" \/>\n\t<meta property=\"og:image:height\" content=\"416\" \/>\n\t<meta property=\"og:image:type\" content=\"image\/jpeg\" \/>\n<meta name=\"author\" content=\"Equipe G\u00e1vea News\" \/>\n<meta name=\"twitter:card\" content=\"summary_large_image\" \/>\n<meta name=\"twitter:label1\" content=\"Escrito por\" \/>\n\t<meta name=\"twitter:data1\" content=\"Equipe G\u00e1vea News\" \/>\n\t<meta name=\"twitter:label2\" content=\"Est. tempo de leitura\" \/>\n\t<meta name=\"twitter:data2\" content=\"1 minuto\" \/>\n<script type=\"application\/ld+json\" class=\"yoast-schema-graph\">{\"@context\":\"https:\/\/schema.org\",\"@graph\":[{\"@type\":\"NewsArticle\",\"@id\":\"https:\/\/www.gaveanews.com\/index.php\/2023\/01\/08\/em-negociacao-com-o-flamengo-quintero-se-manifesta-atraves-de-seu-perfil-no-twitter\/#article\",\"isPartOf\":{\"@id\":\"https:\/\/www.gaveanews.com\/index.php\/2023\/01\/08\/em-negociacao-com-o-flamengo-quintero-se-manifesta-atraves-de-seu-perfil-no-twitter\/\"},\"author\":{\"name\":\"Equipe G\u00e1vea News\",\"@id\":\"https:\/\/www.gaveanews.com\/#\/schema\/person\/2ec14f73fb96be2caf28f91afb14749d\"},\"headline\":\"Em negocia\u00e7\u00e3o com o Flamengo, Quintero se manifesta atrav\u00e9s de seu perfil no Twitter\",\"datePublished\":\"2023-01-08T20:24:06+00:00\",\"dateModified\":\"2023-01-08T20:24:09+00:00\",\"mainEntityOfPage\":{\"@id\":\"https:\/\/www.gaveanews.com\/index.php\/2023\/01\/08\/em-negociacao-com-o-flamengo-quintero-se-manifesta-atraves-de-seu-perfil-no-twitter\/\"},\"wordCount\":151,\"commentCount\":0,\"image\":{\"@id\":\"https:\/\/www.gaveanews.com\/index.php\/2023\/01\/08\/em-negociacao-com-o-flamengo-quintero-se-manifesta-atraves-de-seu-perfil-no-twitter\/#primaryimage\"},\"thumbnailUrl\":\"https:\/\/www.gaveanews.com\/wp-content\/uploads\/Juan-Quintero-ex-jogador-do-River-Plate.webp\",\"articleSection\":[\"Flamengo\"],\"inLanguage\":\"pt-BR\",\"potentialAction\":[{\"@type\":\"CommentAction\",\"name\":\"Comment\",\"target\":[\"https:\/\/www.gaveanews.com\/index.php\/2023\/01\/08\/em-negociacao-com-o-flamengo-quintero-se-manifesta-atraves-de-seu-perfil-no-twitter\/#respond\"]}],\"copyrightYear\":\"2023\",\"copyrightHolder\":{\"@id\":\"https:\/\/www.gaveanews.com\/#organization\"}},{\"@type\":\"WebPage\",\"@id\":\"https:\/\/www.gaveanews.com\/index.php\/2023\/01\/08\/em-negociacao-com-o-flamengo-quintero-se-manifesta-atraves-de-seu-perfil-no-twitter\/\",\"url\":\"https:\/\/www.gaveanews.com\/index.php\/2023\/01\/08\/em-negociacao-com-o-flamengo-quintero-se-manifesta-atraves-de-seu-perfil-no-twitter\/\",\"name\":\"Em negocia\u00e7\u00e3o com o Flamengo, Quintero se manifesta atrav\u00e9s de seu perfil no Twitter\",\"isPartOf\":{\"@id\":\"https:\/\/www.gaveanews.com\/#website\"},\"primaryImageOfPage\":{\"@id\":\"https:\/\/www.gaveanews.com\/index.php\/2023\/01\/08\/em-negociacao-com-o-flamengo-quintero-se-manifesta-atraves-de-seu-perfil-no-twitter\/#primaryimage\"},\"image\":{\"@id\":\"https:\/\/www.gaveanews.com\/index.php\/2023\/01\/08\/em-negociacao-com-o-flamengo-quintero-se-manifesta-atraves-de-seu-perfil-no-twitter\/#primaryimage\"},\"thumbnailUrl\":\"https:\/\/www.gaveanews.com\/wp-content\/uploads\/Juan-Quintero-ex-jogador-do-River-Plate.webp\",\"datePublished\":\"2023-01-08T20:24:06+00:00\",\"dateModified\":\"2023-01-08T20:24:09+00:00\",\"author\":{\"@id\":\"https:\/\/www.gaveanews.com\/#\/schema\/person\/2ec14f73fb96be2caf28f91afb14749d\"},\"breadcrumb\":{\"@id\":\"https:\/\/www.gaveanews.com\/index.php\/2023\/01\/08\/em-negociacao-com-o-flamengo-quintero-se-manifesta-atraves-de-seu-perfil-no-twitter\/#breadcrumb\"},\"inLanguage\":\"pt-BR\",\"potentialAction\":[{\"@type\":\"ReadAction\",\"target\":[\"https:\/\/www.gaveanews.com\/index.php\/2023\/01\/08\/em-negociacao-com-o-flamengo-quintero-se-manifesta-atraves-de-seu-perfil-no-twitter\/\"]}]},{\"@type\":\"ImageObject\",\"inLanguage\":\"pt-BR\",\"@id\":\"https:\/\/www.gaveanews.com\/index.php\/2023\/01\/08\/em-negociacao-com-o-flamengo-quintero-se-manifesta-atraves-de-seu-perfil-no-twitter\/#primaryimage\",\"url\":\"https:\/\/www.gaveanews.com\/wp-content\/uploads\/Juan-Quintero-ex-jogador-do-River-Plate.webp\",\"contentUrl\":\"https:\/\/www.gaveanews.com\/wp-content\/uploads\/Juan-Quintero-ex-jogador-do-River-Plate.webp\",\"width\":740,\"height\":416,\"caption\":\"Juan Quintero, ex-jogador do River Plate (Foto: Foto: Marcelo Endelli\/Getty Images)\"},{\"@type\":\"BreadcrumbList\",\"@id\":\"https:\/\/www.gaveanews.com\/index.php\/2023\/01\/08\/em-negociacao-com-o-flamengo-quintero-se-manifesta-atraves-de-seu-perfil-no-twitter\/#breadcrumb\",\"itemListElement\":[{\"@type\":\"ListItem\",\"position\":1,\"name\":\"Home\",\"item\":\"https:\/\/www.gaveanews.com\/\"},{\"@type\":\"ListItem\",\"position\":2,\"name\":\"Em negocia\u00e7\u00e3o com o Flamengo, Quintero se manifesta atrav\u00e9s de seu perfil no Twitter\"}]},{\"@type\":\"WebSite\",\"@id\":\"https:\/\/www.gaveanews.com\/#website\",\"url\":\"https:\/\/www.gaveanews.com\/\",\"name\":\"G\u00e1vea News\",\"description\":\"Veja todas as not\u00edcias sobre o Flamengo: Contrata\u00e7\u00f5es, categorias de base, resultados das partidas, tabela de classifica\u00e7\u00e3o, pr\u00f3ximos jogos!\",\"potentialAction\":[{\"@type\":\"SearchAction\",\"target\":{\"@type\":\"EntryPoint\",\"urlTemplate\":\"https:\/\/www.gaveanews.com\/?s={search_term_string}\"},\"query-input\":{\"@type\":\"PropertyValueSpecification\",\"valueRequired\":true,\"valueName\":\"search_term_string\"}}],\"inLanguage\":\"pt-BR\"},{\"@type\":\"Person\",\"@id\":\"https:\/\/www.gaveanews.com\/#\/schema\/person\/2ec14f73fb96be2caf28f91afb14749d\",\"name\":\"Equipe G\u00e1vea News\",\"image\":{\"@type\":\"ImageObject\",\"inLanguage\":\"pt-BR\",\"@id\":\"https:\/\/www.gaveanews.com\/#\/schema\/person\/image\/\",\"url\":\"https:\/\/secure.gravatar.com\/avatar\/1e1956f1facbffd3f8fa53a326721950116b3b9dc9bd44939c01180fd4a745a9?s=96&d=mm&r=g\",\"contentUrl\":\"https:\/\/secure.gravatar.com\/avatar\/1e1956f1facbffd3f8fa53a326721950116b3b9dc9bd44939c01180fd4a745a9?s=96&d=mm&r=g\",\"caption\":\"Equipe G\u00e1vea News\"}}]}<\/script>\n<!-- \/ Yoast SEO Premium plugin. -->","yoast_head_json":{"title":"Em negocia\u00e7\u00e3o com o Flamengo, Quintero se manifesta atrav\u00e9s de seu perfil no Twitter","robots":{"index":"index","follow":"follow","max-snippet":"max-snippet:-1","max-image-preview":"max-image-preview:large","max-video-preview":"max-video-preview:-1"},"canonical":"https:\/\/www.gaveanews.com\/index.php\/2023\/01\/08\/em-negociacao-com-o-flamengo-quintero-se-manifesta-atraves-de-seu-perfil-no-twitter\/","og_locale":"pt_BR","og_type":"article","og_title":"Em negocia\u00e7\u00e3o com o Flamengo, Quintero se manifesta atrav\u00e9s de seu perfil no Twitter","og_description":"Conforme publicado anteriormente, a reuni\u00e3o com o empres\u00e1rio do meia Juan Quintero, que ocorreu na Argentina, terminou de forma positiva (clique aqui e leia mais). Marcos Braz e Bruno Spindel ficaram satisfeitos pois o representante do jogador demonstrou que est\u00e1 disposto a negociar os valores apresentados em um primeiro momento. Em outras palavras, ele facilitou [&hellip;]","og_url":"https:\/\/www.gaveanews.com\/index.php\/2023\/01\/08\/em-negociacao-com-o-flamengo-quintero-se-manifesta-atraves-de-seu-perfil-no-twitter\/","og_site_name":"G\u00e1vea News","article_publisher":"https:\/\/facebook.com\/gaveaNews\/","article_published_time":"2023-01-08T20:24:06+00:00","article_modified_time":"2023-01-08T20:24:09+00:00","og_image":[{"width":740,"height":416,"url":"https:\/\/www.gaveanews.com\/wp-content\/uploads\/Juan-Quintero-ex-jogador-do-River-Plate.webp","type":"image\/jpeg"}],"author":"Equipe G\u00e1vea News","twitter_card":"summary_large_image","twitter_misc":{"Escrito por":"Equipe G\u00e1vea News","Est. tempo de leitura":"1 minuto"},"schema":{"@context":"https:\/\/schema.org","@graph":[{"@type":"NewsArticle","@id":"https:\/\/www.gaveanews.com\/index.php\/2023\/01\/08\/em-negociacao-com-o-flamengo-quintero-se-manifesta-atraves-de-seu-perfil-no-twitter\/#article","isPartOf":{"@id":"https:\/\/www.gaveanews.com\/index.php\/2023\/01\/08\/em-negociacao-com-o-flamengo-quintero-se-manifesta-atraves-de-seu-perfil-no-twitter\/"},"author":{"name":"Equipe G\u00e1vea News","@id":"https:\/\/www.gaveanews.com\/#\/schema\/person\/2ec14f73fb96be2caf28f91afb14749d"},"headline":"Em negocia\u00e7\u00e3o com o Flamengo, Quintero se manifesta atrav\u00e9s de seu perfil no Twitter","datePublished":"2023-01-08T20:24:06+00:00","dateModified":"2023-01-08T20:24:09+00:00","mainEntityOfPage":{"@id":"https:\/\/www.gaveanews.com\/index.php\/2023\/01\/08\/em-negociacao-com-o-flamengo-quintero-se-manifesta-atraves-de-seu-perfil-no-twitter\/"},"wordCount":151,"commentCount":0,"image":{"@id":"https:\/\/www.gaveanews.com\/index.php\/2023\/01\/08\/em-negociacao-com-o-flamengo-quintero-se-manifesta-atraves-de-seu-perfil-no-twitter\/#primaryimage"},"thumbnailUrl":"https:\/\/www.gaveanews.com\/wp-content\/uploads\/Juan-Quintero-ex-jogador-do-River-Plate.webp","articleSection":["Flamengo"],"inLanguage":"pt-BR","potentialAction":[{"@type":"CommentAction","name":"Comment","target":["https:\/\/www.gaveanews.com\/index.php\/2023\/01\/08\/em-negociacao-com-o-flamengo-quintero-se-manifesta-atraves-de-seu-perfil-no-twitter\/#respond"]}],"copyrightYear":"2023","copyrightHolder":{"@id":"https:\/\/www.gaveanews.com\/#organization"}},{"@type":"WebPage","@id":"https:\/\/www.gaveanews.com\/index.php\/2023\/01\/08\/em-negociacao-com-o-flamengo-quintero-se-manifesta-atraves-de-seu-perfil-no-twitter\/","url":"https:\/\/www.gaveanews.com\/index.php\/2023\/01\/08\/em-negociacao-com-o-flamengo-quintero-se-manifesta-atraves-de-seu-perfil-no-twitter\/","name":"Em negocia\u00e7\u00e3o com o Flamengo, Quintero se manifesta atrav\u00e9s de seu perfil no Twitter","isPartOf":{"@id":"https:\/\/www.gaveanews.com\/#website"},"primaryImageOfPage":{"@id":"https:\/\/www.gaveanews.com\/index.php\/2023\/01\/08\/em-negociacao-com-o-flamengo-quintero-se-manifesta-atraves-de-seu-perfil-no-twitter\/#primaryimage"},"image":{"@id":"https:\/\/www.gaveanews.com\/index.php\/2023\/01\/08\/em-negociacao-com-o-flamengo-quintero-se-manifesta-atraves-de-seu-perfil-no-twitter\/#primaryimage"},"thumbnailUrl":"https:\/\/www.gaveanews.com\/wp-content\/uploads\/Juan-Quintero-ex-jogador-do-River-Plate.webp","datePublished":"2023-01-08T20:24:06+00:00","dateModified":"2023-01-08T20:24:09+00:00","author":{"@id":"https:\/\/www.gaveanews.com\/#\/schema\/person\/2ec14f73fb96be2caf28f91afb14749d"},"breadcrumb":{"@id":"https:\/\/www.gaveanews.com\/index.php\/2023\/01\/08\/em-negociacao-com-o-flamengo-quintero-se-manifesta-atraves-de-seu-perfil-no-twitter\/#breadcrumb"},"inLanguage":"pt-BR","potentialAction":[{"@type":"ReadAction","target":["https:\/\/www.gaveanews.com\/index.php\/2023\/01\/08\/em-negociacao-com-o-flamengo-quintero-se-manifesta-atraves-de-seu-perfil-no-twitter\/"]}]},{"@type":"ImageObject","inLanguage":"pt-BR","@id":"https:\/\/www.gaveanews.com\/index.php\/2023\/01\/08\/em-negociacao-com-o-flamengo-quintero-se-manifesta-atraves-de-seu-perfil-no-twitter\/#primaryimage","url":"https:\/\/www.gaveanews.com\/wp-content\/uploads\/Juan-Quintero-ex-jogador-do-River-Plate.webp","contentUrl":"https:\/\/www.gaveanews.com\/wp-content\/uploads\/Juan-Quintero-ex-jogador-do-River-Plate.webp","width":740,"height":416,"caption":"Juan Quintero, ex-jogador do River Plate (Foto: Foto: Marcelo Endelli\/Getty Images)"},{"@type":"BreadcrumbList","@id":"https:\/\/www.gaveanews.com\/index.php\/2023\/01\/08\/em-negociacao-com-o-flamengo-quintero-se-manifesta-atraves-de-seu-perfil-no-twitter\/#breadcrumb","itemListElement":[{"@type":"ListItem","position":1,"name":"Home","item":"https:\/\/www.gaveanews.com\/"},{"@type":"ListItem","position":2,"name":"Em negocia\u00e7\u00e3o com o Flamengo, Quintero se manifesta atrav\u00e9s de seu perfil no Twitter"}]},{"@type":"WebSite","@id":"https:\/\/www.gaveanews.com\/#website","url":"https:\/\/www.gaveanews.com\/","name":"G\u00e1vea News","description":"Veja todas as not\u00edcias sobre o Flamengo: Contrata\u00e7\u00f5es, categorias de base, resultados das partidas, tabela de classifica\u00e7\u00e3o, pr\u00f3ximos jogos!","potentialAction":[{"@type":"SearchAction","target":{"@type":"EntryPoint","urlTemplate":"https:\/\/www.gaveanews.com\/?s={search_term_string}"},"query-input":{"@type":"PropertyValueSpecification","valueRequired":true,"valueName":"search_term_string"}}],"inLanguage":"pt-BR"},{"@type":"Person","@id":"https:\/\/www.gaveanews.com\/#\/schema\/person\/2ec14f73fb96be2caf28f91afb14749d","name":"Equipe G\u00e1vea News","image":{"@type":"ImageObject","inLanguage":"pt-BR","@id":"https:\/\/www.gaveanews.com\/#\/schema\/person\/image\/","url":"https:\/\/secure.gravatar.com\/avatar\/1e1956f1facbffd3f8fa53a326721950116b3b9dc9bd44939c01180fd4a745a9?s=96&d=mm&r=g","contentUrl":"https:\/\/secure.gravatar.com\/avatar\/1e1956f1facbffd3f8fa53a326721950116b3b9dc9bd44939c01180fd4a745a9?s=96&d=mm&r=g","caption":"Equipe G\u00e1vea News"}}]}},"_links":{"self":[{"href":"https:\/\/www.gaveanews.com\/index.php\/wp-json\/wp\/v2\/posts\/92915","targetHints":{"allow":["GET"]}}],"collection":[{"href":"https:\/\/www.gaveanews.com\/index.php\/wp-json\/wp\/v2\/posts"}],"about":[{"href":"https:\/\/www.gaveanews.com\/index.php\/wp-json\/wp\/v2\/types\/post"}],"author":[{"embeddable":true,"href":"https:\/\/www.gaveanews.com\/index.php\/wp-json\/wp\/v2\/users\/1"}],"replies":[{"embeddable":true,"href":"https:\/\/www.gaveanews.com\/index.php\/wp-json\/wp\/v2\/comments?post=92915"}],"version-history":[{"count":0,"href":"https:\/\/www.gaveanews.com\/index.php\/wp-json\/wp\/v2\/posts\/92915\/revisions"}],"wp:featuredmedia":[{"embeddable":true,"href":"https:\/\/www.gaveanews.com\/index.php\/wp-json\/wp\/v2\/media\/74816"}],"wp:attachment":[{"href":"https:\/\/www.gaveanews.com\/index.php\/wp-json\/wp\/v2\/media?parent=92915"}],"wp:term":[{"taxonomy":"category","embeddable":true,"href":"https:\/\/www.gaveanews.com\/index.php\/wp-json\/wp\/v2\/categories?post=92915"},{"taxonomy":"post_tag","embeddable":true,"href":"https:\/\/www.gaveanews.com\/index.php\/wp-json\/wp\/v2\/tags?post=92915"}],"curies":[{"name":"wp","href":"https:\/\/api.w.org\/{rel}","templated":true}]}}