{"id":92917,"date":"2023-01-08T18:02:20","date_gmt":"2023-01-08T21:02:20","guid":{"rendered":"https:\/\/www.gaveanews.com\/?p=92917"},"modified":"2023-01-08T18:02:24","modified_gmt":"2023-01-08T21:02:24","slug":"gerson-retorna-com-maior-concorrencia-no-meio-de-campo-do-flamengo","status":"publish","type":"post","link":"https:\/\/www.gaveanews.com\/index.php\/2023\/01\/08\/gerson-retorna-com-maior-concorrencia-no-meio-de-campo-do-flamengo\/","title":{"rendered":"Gerson retorna com maior concorr\u00eancia no meio de campo do Flamengo"},"content":{"rendered":"\n<p>Pe\u00e7a incontest\u00e1vel do time at\u00e9 sair, em 2021, Gerson est\u00e1 de volta ao Flamengo para a temporada 2023 com status de titular mais uma vez. Ainda assim, agora ter\u00e1 mais companheiros n\u00e3o apenas para revezar como tamb\u00e9m para brigar por posi\u00e7\u00e3o.<\/p>\n\n\n\n<p>Coringa do meio de campo, Gerson pode jogar em v\u00e1rias fun\u00e7\u00f5es e j\u00e1 avisou que \u00e9 volante, apesar de tamb\u00e9m pode jogar como meia, onde o Flamengo possui Arrascaeta e Everton Ribeiro.<\/p>\n\n\n\n<p>Na posi\u00e7\u00e3o em que fez mais sucesso no Rubro-Negro, atualmente est\u00e1 Jo\u00e3o Gomes. E tem Thiago Maia, que herdou o n\u00famero 8, e tem fun\u00e7\u00f5es mais defensivas. Os dois foram os titulares em 2022. Al\u00e9m deles, Gerson encontrou Vidal e Pulgar, que chegaram no meio do ano passado e foram reservas, mas agora ter\u00e3o a pr\u00e9-temporada para brigarem por um espa\u00e7o no meio de campo.<\/p>\n\n\n\n<p>&#8220;Concorr\u00eancia \u00e9 muito grande, com \u00f3timos jogadores. Vidal, Pulgar, Thiago Maia, Jo\u00e3o Gomes, que acabou a temporada muito bem. Isso eu fico feliz, \u00e9 muito bom para o Flamengo. Eu ainda n\u00e3o conversei com o treinador. A minha principal posi\u00e7\u00e3o \u00e9 volante, mas posso ajudar na frente tamb\u00e9m&#8221;, afirmou Gerson na apresenta\u00e7\u00e3o.<\/p>\n\n\n\n<p>Retirado de: O Dia<\/p>\n","protected":false},"excerpt":{"rendered":"<p>Pe\u00e7a incontest\u00e1vel do time at\u00e9 sair, em 2021, Gerson est\u00e1 de volta ao Flamengo para a temporada 2023 com status de titular mais uma vez. Ainda assim, agora ter\u00e1 mais companheiros n\u00e3o apenas para revezar como tamb\u00e9m para brigar por posi\u00e7\u00e3o. Coringa do meio de campo, Gerson pode jogar em v\u00e1rias fun\u00e7\u00f5es e j\u00e1 avisou [&hellip;]<\/p>\n","protected":false},"author":1,"featured_media":62912,"comment_status":"open","ping_status":"closed","sticky":false,"template":"","format":"standard","meta":{"footnotes":""},"categories":[1],"tags":[],"class_list":["post-92917","post","type-post","status-publish","format-standard","has-post-thumbnail","hentry","category-flamengo"],"yoast_head":"<!-- This site is optimized with the Yoast SEO Premium plugin v24.2 (Yoast SEO v26.9) - https:\/\/yoast.com\/product\/yoast-seo-premium-wordpress\/ -->\n<title>Gerson retorna com maior concorr\u00eancia no meio de campo do Flamengo<\/title>\n<meta name=\"robots\" content=\"index, follow, max-snippet:-1, max-image-preview:large, max-video-preview:-1\" \/>\n<link rel=\"canonical\" href=\"https:\/\/www.gaveanews.com\/index.php\/2023\/01\/08\/gerson-retorna-com-maior-concorrencia-no-meio-de-campo-do-flamengo\/\" \/>\n<meta property=\"og:locale\" content=\"pt_BR\" \/>\n<meta property=\"og:type\" content=\"article\" \/>\n<meta property=\"og:title\" content=\"Gerson retorna com maior concorr\u00eancia no meio de campo do Flamengo\" \/>\n<meta property=\"og:description\" content=\"Pe\u00e7a incontest\u00e1vel do time at\u00e9 sair, em 2021, Gerson est\u00e1 de volta ao Flamengo para a temporada 2023 com status de titular mais uma vez. Ainda assim, agora ter\u00e1 mais companheiros n\u00e3o apenas para revezar como tamb\u00e9m para brigar por posi\u00e7\u00e3o. Coringa do meio de campo, Gerson pode jogar em v\u00e1rias fun\u00e7\u00f5es e j\u00e1 avisou [&hellip;]\" \/>\n<meta property=\"og:url\" content=\"https:\/\/www.gaveanews.com\/index.php\/2023\/01\/08\/gerson-retorna-com-maior-concorrencia-no-meio-de-campo-do-flamengo\/\" \/>\n<meta property=\"og:site_name\" content=\"G\u00e1vea News\" \/>\n<meta property=\"article:publisher\" content=\"https:\/\/facebook.com\/gaveaNews\/\" \/>\n<meta property=\"article:published_time\" content=\"2023-01-08T21:02:20+00:00\" \/>\n<meta property=\"article:modified_time\" content=\"2023-01-08T21:02:24+00:00\" \/>\n<meta property=\"og:image\" content=\"https:\/\/www.gaveanews.com\/wp-content\/uploads\/Gerson-do-Flamengo-durante-o-duelo-com-o-America-MG-pelo-Campeonato-Brasileiro-de-2021.webp\" \/>\n\t<meta property=\"og:image:width\" content=\"799\" \/>\n\t<meta property=\"og:image:height\" content=\"533\" \/>\n\t<meta property=\"og:image:type\" content=\"image\/jpeg\" \/>\n<meta name=\"author\" content=\"Equipe G\u00e1vea News\" \/>\n<meta name=\"twitter:card\" content=\"summary_large_image\" \/>\n<meta name=\"twitter:label1\" content=\"Escrito por\" \/>\n\t<meta name=\"twitter:data1\" content=\"Equipe G\u00e1vea News\" \/>\n\t<meta name=\"twitter:label2\" content=\"Est. tempo de leitura\" \/>\n\t<meta name=\"twitter:data2\" content=\"2 minutos\" \/>\n<script type=\"application\/ld+json\" class=\"yoast-schema-graph\">{\"@context\":\"https:\/\/schema.org\",\"@graph\":[{\"@type\":\"NewsArticle\",\"@id\":\"https:\/\/www.gaveanews.com\/index.php\/2023\/01\/08\/gerson-retorna-com-maior-concorrencia-no-meio-de-campo-do-flamengo\/#article\",\"isPartOf\":{\"@id\":\"https:\/\/www.gaveanews.com\/index.php\/2023\/01\/08\/gerson-retorna-com-maior-concorrencia-no-meio-de-campo-do-flamengo\/\"},\"author\":{\"name\":\"Equipe G\u00e1vea News\",\"@id\":\"https:\/\/www.gaveanews.com\/#\/schema\/person\/2ec14f73fb96be2caf28f91afb14749d\"},\"headline\":\"Gerson retorna com maior concorr\u00eancia no meio de campo do Flamengo\",\"datePublished\":\"2023-01-08T21:02:20+00:00\",\"dateModified\":\"2023-01-08T21:02:24+00:00\",\"mainEntityOfPage\":{\"@id\":\"https:\/\/www.gaveanews.com\/index.php\/2023\/01\/08\/gerson-retorna-com-maior-concorrencia-no-meio-de-campo-do-flamengo\/\"},\"wordCount\":220,\"commentCount\":0,\"image\":{\"@id\":\"https:\/\/www.gaveanews.com\/index.php\/2023\/01\/08\/gerson-retorna-com-maior-concorrencia-no-meio-de-campo-do-flamengo\/#primaryimage\"},\"thumbnailUrl\":\"https:\/\/www.gaveanews.com\/wp-content\/uploads\/Gerson-do-Flamengo-durante-o-duelo-com-o-America-MG-pelo-Campeonato-Brasileiro-de-2021.webp\",\"articleSection\":[\"Flamengo\"],\"inLanguage\":\"pt-BR\",\"potentialAction\":[{\"@type\":\"CommentAction\",\"name\":\"Comment\",\"target\":[\"https:\/\/www.gaveanews.com\/index.php\/2023\/01\/08\/gerson-retorna-com-maior-concorrencia-no-meio-de-campo-do-flamengo\/#respond\"]}],\"copyrightYear\":\"2023\",\"copyrightHolder\":{\"@id\":\"https:\/\/www.gaveanews.com\/#organization\"}},{\"@type\":\"WebPage\",\"@id\":\"https:\/\/www.gaveanews.com\/index.php\/2023\/01\/08\/gerson-retorna-com-maior-concorrencia-no-meio-de-campo-do-flamengo\/\",\"url\":\"https:\/\/www.gaveanews.com\/index.php\/2023\/01\/08\/gerson-retorna-com-maior-concorrencia-no-meio-de-campo-do-flamengo\/\",\"name\":\"Gerson retorna com maior concorr\u00eancia no meio de campo do Flamengo\",\"isPartOf\":{\"@id\":\"https:\/\/www.gaveanews.com\/#website\"},\"primaryImageOfPage\":{\"@id\":\"https:\/\/www.gaveanews.com\/index.php\/2023\/01\/08\/gerson-retorna-com-maior-concorrencia-no-meio-de-campo-do-flamengo\/#primaryimage\"},\"image\":{\"@id\":\"https:\/\/www.gaveanews.com\/index.php\/2023\/01\/08\/gerson-retorna-com-maior-concorrencia-no-meio-de-campo-do-flamengo\/#primaryimage\"},\"thumbnailUrl\":\"https:\/\/www.gaveanews.com\/wp-content\/uploads\/Gerson-do-Flamengo-durante-o-duelo-com-o-America-MG-pelo-Campeonato-Brasileiro-de-2021.webp\",\"datePublished\":\"2023-01-08T21:02:20+00:00\",\"dateModified\":\"2023-01-08T21:02:24+00:00\",\"author\":{\"@id\":\"https:\/\/www.gaveanews.com\/#\/schema\/person\/2ec14f73fb96be2caf28f91afb14749d\"},\"breadcrumb\":{\"@id\":\"https:\/\/www.gaveanews.com\/index.php\/2023\/01\/08\/gerson-retorna-com-maior-concorrencia-no-meio-de-campo-do-flamengo\/#breadcrumb\"},\"inLanguage\":\"pt-BR\",\"potentialAction\":[{\"@type\":\"ReadAction\",\"target\":[\"https:\/\/www.gaveanews.com\/index.php\/2023\/01\/08\/gerson-retorna-com-maior-concorrencia-no-meio-de-campo-do-flamengo\/\"]}]},{\"@type\":\"ImageObject\",\"inLanguage\":\"pt-BR\",\"@id\":\"https:\/\/www.gaveanews.com\/index.php\/2023\/01\/08\/gerson-retorna-com-maior-concorrencia-no-meio-de-campo-do-flamengo\/#primaryimage\",\"url\":\"https:\/\/www.gaveanews.com\/wp-content\/uploads\/Gerson-do-Flamengo-durante-o-duelo-com-o-America-MG-pelo-Campeonato-Brasileiro-de-2021.webp\",\"contentUrl\":\"https:\/\/www.gaveanews.com\/wp-content\/uploads\/Gerson-do-Flamengo-durante-o-duelo-com-o-America-MG-pelo-Campeonato-Brasileiro-de-2021.webp\",\"width\":799,\"height\":533,\"caption\":\"Gerson, do Flamengo, durante o duelo com o Am\u00e9rica-MG, pelo Campeonato Brasileiro de 2021 (Foto: Alexandre Vidal\/Flamengo)\"},{\"@type\":\"BreadcrumbList\",\"@id\":\"https:\/\/www.gaveanews.com\/index.php\/2023\/01\/08\/gerson-retorna-com-maior-concorrencia-no-meio-de-campo-do-flamengo\/#breadcrumb\",\"itemListElement\":[{\"@type\":\"ListItem\",\"position\":1,\"name\":\"Home\",\"item\":\"https:\/\/www.gaveanews.com\/\"},{\"@type\":\"ListItem\",\"position\":2,\"name\":\"Gerson retorna com maior concorr\u00eancia no meio de campo do Flamengo\"}]},{\"@type\":\"WebSite\",\"@id\":\"https:\/\/www.gaveanews.com\/#website\",\"url\":\"https:\/\/www.gaveanews.com\/\",\"name\":\"G\u00e1vea News\",\"description\":\"Veja todas as not\u00edcias sobre o Flamengo: Contrata\u00e7\u00f5es, categorias de base, resultados das partidas, tabela de classifica\u00e7\u00e3o, pr\u00f3ximos jogos!\",\"potentialAction\":[{\"@type\":\"SearchAction\",\"target\":{\"@type\":\"EntryPoint\",\"urlTemplate\":\"https:\/\/www.gaveanews.com\/?s={search_term_string}\"},\"query-input\":{\"@type\":\"PropertyValueSpecification\",\"valueRequired\":true,\"valueName\":\"search_term_string\"}}],\"inLanguage\":\"pt-BR\"},{\"@type\":\"Person\",\"@id\":\"https:\/\/www.gaveanews.com\/#\/schema\/person\/2ec14f73fb96be2caf28f91afb14749d\",\"name\":\"Equipe G\u00e1vea News\",\"image\":{\"@type\":\"ImageObject\",\"inLanguage\":\"pt-BR\",\"@id\":\"https:\/\/www.gaveanews.com\/#\/schema\/person\/image\/\",\"url\":\"https:\/\/secure.gravatar.com\/avatar\/1e1956f1facbffd3f8fa53a326721950116b3b9dc9bd44939c01180fd4a745a9?s=96&d=mm&r=g\",\"contentUrl\":\"https:\/\/secure.gravatar.com\/avatar\/1e1956f1facbffd3f8fa53a326721950116b3b9dc9bd44939c01180fd4a745a9?s=96&d=mm&r=g\",\"caption\":\"Equipe G\u00e1vea News\"}}]}<\/script>\n<!-- \/ Yoast SEO Premium plugin. -->","yoast_head_json":{"title":"Gerson retorna com maior concorr\u00eancia no meio de campo do Flamengo","robots":{"index":"index","follow":"follow","max-snippet":"max-snippet:-1","max-image-preview":"max-image-preview:large","max-video-preview":"max-video-preview:-1"},"canonical":"https:\/\/www.gaveanews.com\/index.php\/2023\/01\/08\/gerson-retorna-com-maior-concorrencia-no-meio-de-campo-do-flamengo\/","og_locale":"pt_BR","og_type":"article","og_title":"Gerson retorna com maior concorr\u00eancia no meio de campo do Flamengo","og_description":"Pe\u00e7a incontest\u00e1vel do time at\u00e9 sair, em 2021, Gerson est\u00e1 de volta ao Flamengo para a temporada 2023 com status de titular mais uma vez. Ainda assim, agora ter\u00e1 mais companheiros n\u00e3o apenas para revezar como tamb\u00e9m para brigar por posi\u00e7\u00e3o. Coringa do meio de campo, Gerson pode jogar em v\u00e1rias fun\u00e7\u00f5es e j\u00e1 avisou [&hellip;]","og_url":"https:\/\/www.gaveanews.com\/index.php\/2023\/01\/08\/gerson-retorna-com-maior-concorrencia-no-meio-de-campo-do-flamengo\/","og_site_name":"G\u00e1vea News","article_publisher":"https:\/\/facebook.com\/gaveaNews\/","article_published_time":"2023-01-08T21:02:20+00:00","article_modified_time":"2023-01-08T21:02:24+00:00","og_image":[{"width":799,"height":533,"url":"https:\/\/www.gaveanews.com\/wp-content\/uploads\/Gerson-do-Flamengo-durante-o-duelo-com-o-America-MG-pelo-Campeonato-Brasileiro-de-2021.webp","type":"image\/jpeg"}],"author":"Equipe G\u00e1vea News","twitter_card":"summary_large_image","twitter_misc":{"Escrito por":"Equipe G\u00e1vea News","Est. tempo de leitura":"2 minutos"},"schema":{"@context":"https:\/\/schema.org","@graph":[{"@type":"NewsArticle","@id":"https:\/\/www.gaveanews.com\/index.php\/2023\/01\/08\/gerson-retorna-com-maior-concorrencia-no-meio-de-campo-do-flamengo\/#article","isPartOf":{"@id":"https:\/\/www.gaveanews.com\/index.php\/2023\/01\/08\/gerson-retorna-com-maior-concorrencia-no-meio-de-campo-do-flamengo\/"},"author":{"name":"Equipe G\u00e1vea News","@id":"https:\/\/www.gaveanews.com\/#\/schema\/person\/2ec14f73fb96be2caf28f91afb14749d"},"headline":"Gerson retorna com maior concorr\u00eancia no meio de campo do Flamengo","datePublished":"2023-01-08T21:02:20+00:00","dateModified":"2023-01-08T21:02:24+00:00","mainEntityOfPage":{"@id":"https:\/\/www.gaveanews.com\/index.php\/2023\/01\/08\/gerson-retorna-com-maior-concorrencia-no-meio-de-campo-do-flamengo\/"},"wordCount":220,"commentCount":0,"image":{"@id":"https:\/\/www.gaveanews.com\/index.php\/2023\/01\/08\/gerson-retorna-com-maior-concorrencia-no-meio-de-campo-do-flamengo\/#primaryimage"},"thumbnailUrl":"https:\/\/www.gaveanews.com\/wp-content\/uploads\/Gerson-do-Flamengo-durante-o-duelo-com-o-America-MG-pelo-Campeonato-Brasileiro-de-2021.webp","articleSection":["Flamengo"],"inLanguage":"pt-BR","potentialAction":[{"@type":"CommentAction","name":"Comment","target":["https:\/\/www.gaveanews.com\/index.php\/2023\/01\/08\/gerson-retorna-com-maior-concorrencia-no-meio-de-campo-do-flamengo\/#respond"]}],"copyrightYear":"2023","copyrightHolder":{"@id":"https:\/\/www.gaveanews.com\/#organization"}},{"@type":"WebPage","@id":"https:\/\/www.gaveanews.com\/index.php\/2023\/01\/08\/gerson-retorna-com-maior-concorrencia-no-meio-de-campo-do-flamengo\/","url":"https:\/\/www.gaveanews.com\/index.php\/2023\/01\/08\/gerson-retorna-com-maior-concorrencia-no-meio-de-campo-do-flamengo\/","name":"Gerson retorna com maior concorr\u00eancia no meio de campo do Flamengo","isPartOf":{"@id":"https:\/\/www.gaveanews.com\/#website"},"primaryImageOfPage":{"@id":"https:\/\/www.gaveanews.com\/index.php\/2023\/01\/08\/gerson-retorna-com-maior-concorrencia-no-meio-de-campo-do-flamengo\/#primaryimage"},"image":{"@id":"https:\/\/www.gaveanews.com\/index.php\/2023\/01\/08\/gerson-retorna-com-maior-concorrencia-no-meio-de-campo-do-flamengo\/#primaryimage"},"thumbnailUrl":"https:\/\/www.gaveanews.com\/wp-content\/uploads\/Gerson-do-Flamengo-durante-o-duelo-com-o-America-MG-pelo-Campeonato-Brasileiro-de-2021.webp","datePublished":"2023-01-08T21:02:20+00:00","dateModified":"2023-01-08T21:02:24+00:00","author":{"@id":"https:\/\/www.gaveanews.com\/#\/schema\/person\/2ec14f73fb96be2caf28f91afb14749d"},"breadcrumb":{"@id":"https:\/\/www.gaveanews.com\/index.php\/2023\/01\/08\/gerson-retorna-com-maior-concorrencia-no-meio-de-campo-do-flamengo\/#breadcrumb"},"inLanguage":"pt-BR","potentialAction":[{"@type":"ReadAction","target":["https:\/\/www.gaveanews.com\/index.php\/2023\/01\/08\/gerson-retorna-com-maior-concorrencia-no-meio-de-campo-do-flamengo\/"]}]},{"@type":"ImageObject","inLanguage":"pt-BR","@id":"https:\/\/www.gaveanews.com\/index.php\/2023\/01\/08\/gerson-retorna-com-maior-concorrencia-no-meio-de-campo-do-flamengo\/#primaryimage","url":"https:\/\/www.gaveanews.com\/wp-content\/uploads\/Gerson-do-Flamengo-durante-o-duelo-com-o-America-MG-pelo-Campeonato-Brasileiro-de-2021.webp","contentUrl":"https:\/\/www.gaveanews.com\/wp-content\/uploads\/Gerson-do-Flamengo-durante-o-duelo-com-o-America-MG-pelo-Campeonato-Brasileiro-de-2021.webp","width":799,"height":533,"caption":"Gerson, do Flamengo, durante o duelo com o Am\u00e9rica-MG, pelo Campeonato Brasileiro de 2021 (Foto: Alexandre Vidal\/Flamengo)"},{"@type":"BreadcrumbList","@id":"https:\/\/www.gaveanews.com\/index.php\/2023\/01\/08\/gerson-retorna-com-maior-concorrencia-no-meio-de-campo-do-flamengo\/#breadcrumb","itemListElement":[{"@type":"ListItem","position":1,"name":"Home","item":"https:\/\/www.gaveanews.com\/"},{"@type":"ListItem","position":2,"name":"Gerson retorna com maior concorr\u00eancia no meio de campo do Flamengo"}]},{"@type":"WebSite","@id":"https:\/\/www.gaveanews.com\/#website","url":"https:\/\/www.gaveanews.com\/","name":"G\u00e1vea News","description":"Veja todas as not\u00edcias sobre o Flamengo: Contrata\u00e7\u00f5es, categorias de base, resultados das partidas, tabela de classifica\u00e7\u00e3o, pr\u00f3ximos jogos!","potentialAction":[{"@type":"SearchAction","target":{"@type":"EntryPoint","urlTemplate":"https:\/\/www.gaveanews.com\/?s={search_term_string}"},"query-input":{"@type":"PropertyValueSpecification","valueRequired":true,"valueName":"search_term_string"}}],"inLanguage":"pt-BR"},{"@type":"Person","@id":"https:\/\/www.gaveanews.com\/#\/schema\/person\/2ec14f73fb96be2caf28f91afb14749d","name":"Equipe G\u00e1vea News","image":{"@type":"ImageObject","inLanguage":"pt-BR","@id":"https:\/\/www.gaveanews.com\/#\/schema\/person\/image\/","url":"https:\/\/secure.gravatar.com\/avatar\/1e1956f1facbffd3f8fa53a326721950116b3b9dc9bd44939c01180fd4a745a9?s=96&d=mm&r=g","contentUrl":"https:\/\/secure.gravatar.com\/avatar\/1e1956f1facbffd3f8fa53a326721950116b3b9dc9bd44939c01180fd4a745a9?s=96&d=mm&r=g","caption":"Equipe G\u00e1vea News"}}]}},"_links":{"self":[{"href":"https:\/\/www.gaveanews.com\/index.php\/wp-json\/wp\/v2\/posts\/92917","targetHints":{"allow":["GET"]}}],"collection":[{"href":"https:\/\/www.gaveanews.com\/index.php\/wp-json\/wp\/v2\/posts"}],"about":[{"href":"https:\/\/www.gaveanews.com\/index.php\/wp-json\/wp\/v2\/types\/post"}],"author":[{"embeddable":true,"href":"https:\/\/www.gaveanews.com\/index.php\/wp-json\/wp\/v2\/users\/1"}],"replies":[{"embeddable":true,"href":"https:\/\/www.gaveanews.com\/index.php\/wp-json\/wp\/v2\/comments?post=92917"}],"version-history":[{"count":0,"href":"https:\/\/www.gaveanews.com\/index.php\/wp-json\/wp\/v2\/posts\/92917\/revisions"}],"wp:featuredmedia":[{"embeddable":true,"href":"https:\/\/www.gaveanews.com\/index.php\/wp-json\/wp\/v2\/media\/62912"}],"wp:attachment":[{"href":"https:\/\/www.gaveanews.com\/index.php\/wp-json\/wp\/v2\/media?parent=92917"}],"wp:term":[{"taxonomy":"category","embeddable":true,"href":"https:\/\/www.gaveanews.com\/index.php\/wp-json\/wp\/v2\/categories?post=92917"},{"taxonomy":"post_tag","embeddable":true,"href":"https:\/\/www.gaveanews.com\/index.php\/wp-json\/wp\/v2\/tags?post=92917"}],"curies":[{"name":"wp","href":"https:\/\/api.w.org\/{rel}","templated":true}]}}