{"id":92921,"date":"2023-01-08T18:06:19","date_gmt":"2023-01-08T21:06:19","guid":{"rendered":"https:\/\/www.gaveanews.com\/?p=92921"},"modified":"2023-01-08T18:06:22","modified_gmt":"2023-01-08T21:06:22","slug":"vitor-pereira-tenta-dar-fim-a-maldicao-no-flamengo-e-atingir-feito-que-nem-jorge-jesus-conseguiu","status":"publish","type":"post","link":"https:\/\/www.gaveanews.com\/index.php\/2023\/01\/08\/vitor-pereira-tenta-dar-fim-a-maldicao-no-flamengo-e-atingir-feito-que-nem-jorge-jesus-conseguiu\/","title":{"rendered":"V\u00edtor Pereira tenta dar fim \u00e0 maldi\u00e7\u00e3o no Flamengo e atingir feito que nem Jorge Jesus conseguiu"},"content":{"rendered":"\n<p>Vitor Pereira \u00e9 o novo treinador do Flamengo. Com poucos dias de trabalho, por\u00e9m, o treinador portugu\u00eas ter\u00e1 que lidar com uma maldi\u00e7\u00e3o que comandantes do Rubro-Negro sofrem no s\u00e9culo XXI.<\/p>\n\n\n\n<p>Desde 2001, quando Zagallo conquistou a Copa dos Campe\u00f5es, nenhum treinador que iniciou a temporada comandando o Fla acabou conquistando um t\u00edtulo nacional ou internacional.<\/p>\n\n\n\n<p>Tirando a Supercopa do Brasil e a Recopa Sul-Americana, que s\u00e3o competi\u00e7\u00f5es de tiro curto com, no m\u00e1ximo, 2 jogos, o Rubro-Negro conquistou 8 t\u00edtulos nacionais ou internacionais desde ent\u00e3o. Todos foram com t\u00e9cnicos que assumiram o time no decorrer da temporada.<\/p>\n\n\n\n<p>Comandante mais vitorioso do clube no s\u00e9culo, Jorge Jesus teve suas principais conquistas depois de assumir o time no meio da temporada 2019, substituindo Abel Braga.<\/p>\n\n\n\n<p>No ano seguinte, quando come\u00e7ou a temporada, deixou a equipe em julho para retornar ao Benfica e viu o Brasileir\u00e3o ser conquistado por Rog\u00e9rio Ceni.<\/p>\n\n\n\n<p>A \u00faltima temporada \u00e9 outro exemplo. Depois de Paulo Sousa ser demitido pelos maus resultados, Dorival Jr. assumiu o time em meados de junho para rumar \u00e0s conquistas de Copa do Brasil e Conmebol Libertadores.<\/p>\n\n\n\n<p>Agora, resta a Vitor Pereira quebrar esse estigma que se criou no clube nos \u00faltimos 22 anos, com treinadores que iniciaram as temporadas n\u00e3o conseguindo levantar o trof\u00e9u de campe\u00f5es nacionais ou internacionais.<\/p>\n\n\n\n<p>Retirado de: ESPN<\/p>\n","protected":false},"excerpt":{"rendered":"<p>Vitor Pereira \u00e9 o novo treinador do Flamengo. Com poucos dias de trabalho, por\u00e9m, o treinador portugu\u00eas ter\u00e1 que lidar com uma maldi\u00e7\u00e3o que comandantes do Rubro-Negro sofrem no s\u00e9culo XXI. Desde 2001, quando Zagallo conquistou a Copa dos Campe\u00f5es, nenhum treinador que iniciou a temporada comandando o Fla acabou conquistando um t\u00edtulo nacional ou [&hellip;]<\/p>\n","protected":false},"author":1,"featured_media":21590,"comment_status":"open","ping_status":"closed","sticky":false,"template":"","format":"standard","meta":{"footnotes":""},"categories":[1],"tags":[],"class_list":["post-92921","post","type-post","status-publish","format-standard","has-post-thumbnail","hentry","category-flamengo"],"yoast_head":"<!-- This site is optimized with the Yoast SEO Premium plugin v24.2 (Yoast SEO v26.9) - https:\/\/yoast.com\/product\/yoast-seo-premium-wordpress\/ -->\n<title>V\u00edtor Pereira tenta dar fim \u00e0 maldi\u00e7\u00e3o no Flamengo e atingir feito que nem Jorge Jesus conseguiu<\/title>\n<meta name=\"robots\" content=\"index, follow, max-snippet:-1, max-image-preview:large, max-video-preview:-1\" \/>\n<link rel=\"canonical\" href=\"https:\/\/www.gaveanews.com\/index.php\/2023\/01\/08\/vitor-pereira-tenta-dar-fim-a-maldicao-no-flamengo-e-atingir-feito-que-nem-jorge-jesus-conseguiu\/\" \/>\n<meta property=\"og:locale\" content=\"pt_BR\" \/>\n<meta property=\"og:type\" content=\"article\" \/>\n<meta property=\"og:title\" content=\"V\u00edtor Pereira tenta dar fim \u00e0 maldi\u00e7\u00e3o no Flamengo e atingir feito que nem Jorge Jesus conseguiu\" \/>\n<meta property=\"og:description\" content=\"Vitor Pereira \u00e9 o novo treinador do Flamengo. Com poucos dias de trabalho, por\u00e9m, o treinador portugu\u00eas ter\u00e1 que lidar com uma maldi\u00e7\u00e3o que comandantes do Rubro-Negro sofrem no s\u00e9culo XXI. Desde 2001, quando Zagallo conquistou a Copa dos Campe\u00f5es, nenhum treinador que iniciou a temporada comandando o Fla acabou conquistando um t\u00edtulo nacional ou [&hellip;]\" \/>\n<meta property=\"og:url\" content=\"https:\/\/www.gaveanews.com\/index.php\/2023\/01\/08\/vitor-pereira-tenta-dar-fim-a-maldicao-no-flamengo-e-atingir-feito-que-nem-jorge-jesus-conseguiu\/\" \/>\n<meta property=\"og:site_name\" content=\"G\u00e1vea News\" \/>\n<meta property=\"article:publisher\" content=\"https:\/\/facebook.com\/gaveaNews\/\" \/>\n<meta property=\"article:published_time\" content=\"2023-01-08T21:06:19+00:00\" \/>\n<meta property=\"article:modified_time\" content=\"2023-01-08T21:06:22+00:00\" \/>\n<meta property=\"og:image\" content=\"https:\/\/www.gaveanews.com\/wp-content\/uploads\/2019\/06\/Jorge-Jesus-durante-coletiva-de-imprensa.webp\" \/>\n\t<meta property=\"og:image:width\" content=\"846\" \/>\n\t<meta property=\"og:image:height\" content=\"615\" \/>\n\t<meta property=\"og:image:type\" content=\"image\/jpeg\" \/>\n<meta name=\"author\" content=\"Equipe G\u00e1vea News\" \/>\n<meta name=\"twitter:card\" content=\"summary_large_image\" \/>\n<meta name=\"twitter:label1\" content=\"Escrito por\" \/>\n\t<meta name=\"twitter:data1\" content=\"Equipe G\u00e1vea News\" \/>\n\t<meta name=\"twitter:label2\" content=\"Est. tempo de leitura\" \/>\n\t<meta name=\"twitter:data2\" content=\"2 minutos\" \/>\n<script type=\"application\/ld+json\" class=\"yoast-schema-graph\">{\"@context\":\"https:\/\/schema.org\",\"@graph\":[{\"@type\":\"NewsArticle\",\"@id\":\"https:\/\/www.gaveanews.com\/index.php\/2023\/01\/08\/vitor-pereira-tenta-dar-fim-a-maldicao-no-flamengo-e-atingir-feito-que-nem-jorge-jesus-conseguiu\/#article\",\"isPartOf\":{\"@id\":\"https:\/\/www.gaveanews.com\/index.php\/2023\/01\/08\/vitor-pereira-tenta-dar-fim-a-maldicao-no-flamengo-e-atingir-feito-que-nem-jorge-jesus-conseguiu\/\"},\"author\":{\"name\":\"Equipe G\u00e1vea News\",\"@id\":\"https:\/\/www.gaveanews.com\/#\/schema\/person\/2ec14f73fb96be2caf28f91afb14749d\"},\"headline\":\"V\u00edtor Pereira tenta dar fim \u00e0 maldi\u00e7\u00e3o no Flamengo e atingir feito que nem Jorge Jesus conseguiu\",\"datePublished\":\"2023-01-08T21:06:19+00:00\",\"dateModified\":\"2023-01-08T21:06:22+00:00\",\"mainEntityOfPage\":{\"@id\":\"https:\/\/www.gaveanews.com\/index.php\/2023\/01\/08\/vitor-pereira-tenta-dar-fim-a-maldicao-no-flamengo-e-atingir-feito-que-nem-jorge-jesus-conseguiu\/\"},\"wordCount\":250,\"commentCount\":0,\"image\":{\"@id\":\"https:\/\/www.gaveanews.com\/index.php\/2023\/01\/08\/vitor-pereira-tenta-dar-fim-a-maldicao-no-flamengo-e-atingir-feito-que-nem-jorge-jesus-conseguiu\/#primaryimage\"},\"thumbnailUrl\":\"https:\/\/www.gaveanews.com\/wp-content\/uploads\/2019\/06\/Jorge-Jesus-durante-coletiva-de-imprensa.webp\",\"articleSection\":[\"Flamengo\"],\"inLanguage\":\"pt-BR\",\"potentialAction\":[{\"@type\":\"CommentAction\",\"name\":\"Comment\",\"target\":[\"https:\/\/www.gaveanews.com\/index.php\/2023\/01\/08\/vitor-pereira-tenta-dar-fim-a-maldicao-no-flamengo-e-atingir-feito-que-nem-jorge-jesus-conseguiu\/#respond\"]}],\"copyrightYear\":\"2023\",\"copyrightHolder\":{\"@id\":\"https:\/\/www.gaveanews.com\/#organization\"}},{\"@type\":\"WebPage\",\"@id\":\"https:\/\/www.gaveanews.com\/index.php\/2023\/01\/08\/vitor-pereira-tenta-dar-fim-a-maldicao-no-flamengo-e-atingir-feito-que-nem-jorge-jesus-conseguiu\/\",\"url\":\"https:\/\/www.gaveanews.com\/index.php\/2023\/01\/08\/vitor-pereira-tenta-dar-fim-a-maldicao-no-flamengo-e-atingir-feito-que-nem-jorge-jesus-conseguiu\/\",\"name\":\"V\u00edtor Pereira tenta dar fim \u00e0 maldi\u00e7\u00e3o no Flamengo e atingir feito que nem Jorge Jesus conseguiu\",\"isPartOf\":{\"@id\":\"https:\/\/www.gaveanews.com\/#website\"},\"primaryImageOfPage\":{\"@id\":\"https:\/\/www.gaveanews.com\/index.php\/2023\/01\/08\/vitor-pereira-tenta-dar-fim-a-maldicao-no-flamengo-e-atingir-feito-que-nem-jorge-jesus-conseguiu\/#primaryimage\"},\"image\":{\"@id\":\"https:\/\/www.gaveanews.com\/index.php\/2023\/01\/08\/vitor-pereira-tenta-dar-fim-a-maldicao-no-flamengo-e-atingir-feito-que-nem-jorge-jesus-conseguiu\/#primaryimage\"},\"thumbnailUrl\":\"https:\/\/www.gaveanews.com\/wp-content\/uploads\/2019\/06\/Jorge-Jesus-durante-coletiva-de-imprensa.webp\",\"datePublished\":\"2023-01-08T21:06:19+00:00\",\"dateModified\":\"2023-01-08T21:06:22+00:00\",\"author\":{\"@id\":\"https:\/\/www.gaveanews.com\/#\/schema\/person\/2ec14f73fb96be2caf28f91afb14749d\"},\"breadcrumb\":{\"@id\":\"https:\/\/www.gaveanews.com\/index.php\/2023\/01\/08\/vitor-pereira-tenta-dar-fim-a-maldicao-no-flamengo-e-atingir-feito-que-nem-jorge-jesus-conseguiu\/#breadcrumb\"},\"inLanguage\":\"pt-BR\",\"potentialAction\":[{\"@type\":\"ReadAction\",\"target\":[\"https:\/\/www.gaveanews.com\/index.php\/2023\/01\/08\/vitor-pereira-tenta-dar-fim-a-maldicao-no-flamengo-e-atingir-feito-que-nem-jorge-jesus-conseguiu\/\"]}]},{\"@type\":\"ImageObject\",\"inLanguage\":\"pt-BR\",\"@id\":\"https:\/\/www.gaveanews.com\/index.php\/2023\/01\/08\/vitor-pereira-tenta-dar-fim-a-maldicao-no-flamengo-e-atingir-feito-que-nem-jorge-jesus-conseguiu\/#primaryimage\",\"url\":\"https:\/\/www.gaveanews.com\/wp-content\/uploads\/2019\/06\/Jorge-Jesus-durante-coletiva-de-imprensa.webp\",\"contentUrl\":\"https:\/\/www.gaveanews.com\/wp-content\/uploads\/2019\/06\/Jorge-Jesus-durante-coletiva-de-imprensa.webp\",\"width\":846,\"height\":615,\"caption\":\"Jorge Jesus durante coletiva de imprensa (Foto: Alexandre Vidal\/Flamengo)\"},{\"@type\":\"BreadcrumbList\",\"@id\":\"https:\/\/www.gaveanews.com\/index.php\/2023\/01\/08\/vitor-pereira-tenta-dar-fim-a-maldicao-no-flamengo-e-atingir-feito-que-nem-jorge-jesus-conseguiu\/#breadcrumb\",\"itemListElement\":[{\"@type\":\"ListItem\",\"position\":1,\"name\":\"Home\",\"item\":\"https:\/\/www.gaveanews.com\/\"},{\"@type\":\"ListItem\",\"position\":2,\"name\":\"V\u00edtor Pereira tenta dar fim \u00e0 maldi\u00e7\u00e3o no Flamengo e atingir feito que nem Jorge Jesus conseguiu\"}]},{\"@type\":\"WebSite\",\"@id\":\"https:\/\/www.gaveanews.com\/#website\",\"url\":\"https:\/\/www.gaveanews.com\/\",\"name\":\"G\u00e1vea News\",\"description\":\"Veja todas as not\u00edcias sobre o Flamengo: Contrata\u00e7\u00f5es, categorias de base, resultados das partidas, tabela de classifica\u00e7\u00e3o, pr\u00f3ximos jogos!\",\"potentialAction\":[{\"@type\":\"SearchAction\",\"target\":{\"@type\":\"EntryPoint\",\"urlTemplate\":\"https:\/\/www.gaveanews.com\/?s={search_term_string}\"},\"query-input\":{\"@type\":\"PropertyValueSpecification\",\"valueRequired\":true,\"valueName\":\"search_term_string\"}}],\"inLanguage\":\"pt-BR\"},{\"@type\":\"Person\",\"@id\":\"https:\/\/www.gaveanews.com\/#\/schema\/person\/2ec14f73fb96be2caf28f91afb14749d\",\"name\":\"Equipe G\u00e1vea News\",\"image\":{\"@type\":\"ImageObject\",\"inLanguage\":\"pt-BR\",\"@id\":\"https:\/\/www.gaveanews.com\/#\/schema\/person\/image\/\",\"url\":\"https:\/\/secure.gravatar.com\/avatar\/1e1956f1facbffd3f8fa53a326721950116b3b9dc9bd44939c01180fd4a745a9?s=96&d=mm&r=g\",\"contentUrl\":\"https:\/\/secure.gravatar.com\/avatar\/1e1956f1facbffd3f8fa53a326721950116b3b9dc9bd44939c01180fd4a745a9?s=96&d=mm&r=g\",\"caption\":\"Equipe G\u00e1vea News\"}}]}<\/script>\n<!-- \/ Yoast SEO Premium plugin. -->","yoast_head_json":{"title":"V\u00edtor Pereira tenta dar fim \u00e0 maldi\u00e7\u00e3o no Flamengo e atingir feito que nem Jorge Jesus conseguiu","robots":{"index":"index","follow":"follow","max-snippet":"max-snippet:-1","max-image-preview":"max-image-preview:large","max-video-preview":"max-video-preview:-1"},"canonical":"https:\/\/www.gaveanews.com\/index.php\/2023\/01\/08\/vitor-pereira-tenta-dar-fim-a-maldicao-no-flamengo-e-atingir-feito-que-nem-jorge-jesus-conseguiu\/","og_locale":"pt_BR","og_type":"article","og_title":"V\u00edtor Pereira tenta dar fim \u00e0 maldi\u00e7\u00e3o no Flamengo e atingir feito que nem Jorge Jesus conseguiu","og_description":"Vitor Pereira \u00e9 o novo treinador do Flamengo. Com poucos dias de trabalho, por\u00e9m, o treinador portugu\u00eas ter\u00e1 que lidar com uma maldi\u00e7\u00e3o que comandantes do Rubro-Negro sofrem no s\u00e9culo XXI. Desde 2001, quando Zagallo conquistou a Copa dos Campe\u00f5es, nenhum treinador que iniciou a temporada comandando o Fla acabou conquistando um t\u00edtulo nacional ou [&hellip;]","og_url":"https:\/\/www.gaveanews.com\/index.php\/2023\/01\/08\/vitor-pereira-tenta-dar-fim-a-maldicao-no-flamengo-e-atingir-feito-que-nem-jorge-jesus-conseguiu\/","og_site_name":"G\u00e1vea News","article_publisher":"https:\/\/facebook.com\/gaveaNews\/","article_published_time":"2023-01-08T21:06:19+00:00","article_modified_time":"2023-01-08T21:06:22+00:00","og_image":[{"width":846,"height":615,"url":"https:\/\/www.gaveanews.com\/wp-content\/uploads\/2019\/06\/Jorge-Jesus-durante-coletiva-de-imprensa.webp","type":"image\/jpeg"}],"author":"Equipe G\u00e1vea News","twitter_card":"summary_large_image","twitter_misc":{"Escrito por":"Equipe G\u00e1vea News","Est. tempo de leitura":"2 minutos"},"schema":{"@context":"https:\/\/schema.org","@graph":[{"@type":"NewsArticle","@id":"https:\/\/www.gaveanews.com\/index.php\/2023\/01\/08\/vitor-pereira-tenta-dar-fim-a-maldicao-no-flamengo-e-atingir-feito-que-nem-jorge-jesus-conseguiu\/#article","isPartOf":{"@id":"https:\/\/www.gaveanews.com\/index.php\/2023\/01\/08\/vitor-pereira-tenta-dar-fim-a-maldicao-no-flamengo-e-atingir-feito-que-nem-jorge-jesus-conseguiu\/"},"author":{"name":"Equipe G\u00e1vea News","@id":"https:\/\/www.gaveanews.com\/#\/schema\/person\/2ec14f73fb96be2caf28f91afb14749d"},"headline":"V\u00edtor Pereira tenta dar fim \u00e0 maldi\u00e7\u00e3o no Flamengo e atingir feito que nem Jorge Jesus conseguiu","datePublished":"2023-01-08T21:06:19+00:00","dateModified":"2023-01-08T21:06:22+00:00","mainEntityOfPage":{"@id":"https:\/\/www.gaveanews.com\/index.php\/2023\/01\/08\/vitor-pereira-tenta-dar-fim-a-maldicao-no-flamengo-e-atingir-feito-que-nem-jorge-jesus-conseguiu\/"},"wordCount":250,"commentCount":0,"image":{"@id":"https:\/\/www.gaveanews.com\/index.php\/2023\/01\/08\/vitor-pereira-tenta-dar-fim-a-maldicao-no-flamengo-e-atingir-feito-que-nem-jorge-jesus-conseguiu\/#primaryimage"},"thumbnailUrl":"https:\/\/www.gaveanews.com\/wp-content\/uploads\/2019\/06\/Jorge-Jesus-durante-coletiva-de-imprensa.webp","articleSection":["Flamengo"],"inLanguage":"pt-BR","potentialAction":[{"@type":"CommentAction","name":"Comment","target":["https:\/\/www.gaveanews.com\/index.php\/2023\/01\/08\/vitor-pereira-tenta-dar-fim-a-maldicao-no-flamengo-e-atingir-feito-que-nem-jorge-jesus-conseguiu\/#respond"]}],"copyrightYear":"2023","copyrightHolder":{"@id":"https:\/\/www.gaveanews.com\/#organization"}},{"@type":"WebPage","@id":"https:\/\/www.gaveanews.com\/index.php\/2023\/01\/08\/vitor-pereira-tenta-dar-fim-a-maldicao-no-flamengo-e-atingir-feito-que-nem-jorge-jesus-conseguiu\/","url":"https:\/\/www.gaveanews.com\/index.php\/2023\/01\/08\/vitor-pereira-tenta-dar-fim-a-maldicao-no-flamengo-e-atingir-feito-que-nem-jorge-jesus-conseguiu\/","name":"V\u00edtor Pereira tenta dar fim \u00e0 maldi\u00e7\u00e3o no Flamengo e atingir feito que nem Jorge Jesus conseguiu","isPartOf":{"@id":"https:\/\/www.gaveanews.com\/#website"},"primaryImageOfPage":{"@id":"https:\/\/www.gaveanews.com\/index.php\/2023\/01\/08\/vitor-pereira-tenta-dar-fim-a-maldicao-no-flamengo-e-atingir-feito-que-nem-jorge-jesus-conseguiu\/#primaryimage"},"image":{"@id":"https:\/\/www.gaveanews.com\/index.php\/2023\/01\/08\/vitor-pereira-tenta-dar-fim-a-maldicao-no-flamengo-e-atingir-feito-que-nem-jorge-jesus-conseguiu\/#primaryimage"},"thumbnailUrl":"https:\/\/www.gaveanews.com\/wp-content\/uploads\/2019\/06\/Jorge-Jesus-durante-coletiva-de-imprensa.webp","datePublished":"2023-01-08T21:06:19+00:00","dateModified":"2023-01-08T21:06:22+00:00","author":{"@id":"https:\/\/www.gaveanews.com\/#\/schema\/person\/2ec14f73fb96be2caf28f91afb14749d"},"breadcrumb":{"@id":"https:\/\/www.gaveanews.com\/index.php\/2023\/01\/08\/vitor-pereira-tenta-dar-fim-a-maldicao-no-flamengo-e-atingir-feito-que-nem-jorge-jesus-conseguiu\/#breadcrumb"},"inLanguage":"pt-BR","potentialAction":[{"@type":"ReadAction","target":["https:\/\/www.gaveanews.com\/index.php\/2023\/01\/08\/vitor-pereira-tenta-dar-fim-a-maldicao-no-flamengo-e-atingir-feito-que-nem-jorge-jesus-conseguiu\/"]}]},{"@type":"ImageObject","inLanguage":"pt-BR","@id":"https:\/\/www.gaveanews.com\/index.php\/2023\/01\/08\/vitor-pereira-tenta-dar-fim-a-maldicao-no-flamengo-e-atingir-feito-que-nem-jorge-jesus-conseguiu\/#primaryimage","url":"https:\/\/www.gaveanews.com\/wp-content\/uploads\/2019\/06\/Jorge-Jesus-durante-coletiva-de-imprensa.webp","contentUrl":"https:\/\/www.gaveanews.com\/wp-content\/uploads\/2019\/06\/Jorge-Jesus-durante-coletiva-de-imprensa.webp","width":846,"height":615,"caption":"Jorge Jesus durante coletiva de imprensa (Foto: Alexandre Vidal\/Flamengo)"},{"@type":"BreadcrumbList","@id":"https:\/\/www.gaveanews.com\/index.php\/2023\/01\/08\/vitor-pereira-tenta-dar-fim-a-maldicao-no-flamengo-e-atingir-feito-que-nem-jorge-jesus-conseguiu\/#breadcrumb","itemListElement":[{"@type":"ListItem","position":1,"name":"Home","item":"https:\/\/www.gaveanews.com\/"},{"@type":"ListItem","position":2,"name":"V\u00edtor Pereira tenta dar fim \u00e0 maldi\u00e7\u00e3o no Flamengo e atingir feito que nem Jorge Jesus conseguiu"}]},{"@type":"WebSite","@id":"https:\/\/www.gaveanews.com\/#website","url":"https:\/\/www.gaveanews.com\/","name":"G\u00e1vea News","description":"Veja todas as not\u00edcias sobre o Flamengo: Contrata\u00e7\u00f5es, categorias de base, resultados das partidas, tabela de classifica\u00e7\u00e3o, pr\u00f3ximos jogos!","potentialAction":[{"@type":"SearchAction","target":{"@type":"EntryPoint","urlTemplate":"https:\/\/www.gaveanews.com\/?s={search_term_string}"},"query-input":{"@type":"PropertyValueSpecification","valueRequired":true,"valueName":"search_term_string"}}],"inLanguage":"pt-BR"},{"@type":"Person","@id":"https:\/\/www.gaveanews.com\/#\/schema\/person\/2ec14f73fb96be2caf28f91afb14749d","name":"Equipe G\u00e1vea News","image":{"@type":"ImageObject","inLanguage":"pt-BR","@id":"https:\/\/www.gaveanews.com\/#\/schema\/person\/image\/","url":"https:\/\/secure.gravatar.com\/avatar\/1e1956f1facbffd3f8fa53a326721950116b3b9dc9bd44939c01180fd4a745a9?s=96&d=mm&r=g","contentUrl":"https:\/\/secure.gravatar.com\/avatar\/1e1956f1facbffd3f8fa53a326721950116b3b9dc9bd44939c01180fd4a745a9?s=96&d=mm&r=g","caption":"Equipe G\u00e1vea News"}}]}},"_links":{"self":[{"href":"https:\/\/www.gaveanews.com\/index.php\/wp-json\/wp\/v2\/posts\/92921","targetHints":{"allow":["GET"]}}],"collection":[{"href":"https:\/\/www.gaveanews.com\/index.php\/wp-json\/wp\/v2\/posts"}],"about":[{"href":"https:\/\/www.gaveanews.com\/index.php\/wp-json\/wp\/v2\/types\/post"}],"author":[{"embeddable":true,"href":"https:\/\/www.gaveanews.com\/index.php\/wp-json\/wp\/v2\/users\/1"}],"replies":[{"embeddable":true,"href":"https:\/\/www.gaveanews.com\/index.php\/wp-json\/wp\/v2\/comments?post=92921"}],"version-history":[{"count":0,"href":"https:\/\/www.gaveanews.com\/index.php\/wp-json\/wp\/v2\/posts\/92921\/revisions"}],"wp:featuredmedia":[{"embeddable":true,"href":"https:\/\/www.gaveanews.com\/index.php\/wp-json\/wp\/v2\/media\/21590"}],"wp:attachment":[{"href":"https:\/\/www.gaveanews.com\/index.php\/wp-json\/wp\/v2\/media?parent=92921"}],"wp:term":[{"taxonomy":"category","embeddable":true,"href":"https:\/\/www.gaveanews.com\/index.php\/wp-json\/wp\/v2\/categories?post=92921"},{"taxonomy":"post_tag","embeddable":true,"href":"https:\/\/www.gaveanews.com\/index.php\/wp-json\/wp\/v2\/tags?post=92921"}],"curies":[{"name":"wp","href":"https:\/\/api.w.org\/{rel}","templated":true}]}}