{"id":93218,"date":"2023-01-17T00:49:10","date_gmt":"2023-01-17T03:49:10","guid":{"rendered":"https:\/\/www.gaveanews.com\/?p=93218"},"modified":"2023-01-17T00:49:10","modified_gmt":"2023-01-17T03:49:10","slug":"apos-deixar-o-flamengo-paulo-sousa-esta-proximo-de-fechar-com-o-seu-novo-time","status":"publish","type":"post","link":"https:\/\/www.gaveanews.com\/index.php\/2023\/01\/17\/apos-deixar-o-flamengo-paulo-sousa-esta-proximo-de-fechar-com-o-seu-novo-time\/","title":{"rendered":"Ap\u00f3s deixar o Flamengo, Paulo Sousa est\u00e1 pr\u00f3ximo de fechar com o seu novo time"},"content":{"rendered":"\n<p>O t\u00e9cnico portugu\u00eas Paulo Sousa, que deixou o comando do Flamengo em junho passado, pode estar perto de encontrar um novo emprego. Inativo desde que deixou a G\u00e1vea, ele \u00e9 um dos favoritos para assumir a Salernitana, da It\u00e1lia. O time est\u00e1 na 16\u00ba coloca\u00e7\u00e3o da liga local e vem de uma goleada impiedosa sofrida para a Atalanta.<\/p>\n\n\n\n<p>No \u00faltimo fim de semana, a Salernitana levou 8 a 2 da Atalanta, em B\u00e9rgamo. Assim, o t\u00e9cnico Davide Nicola acabou demitido e a diretoria se viu obrigada a buscar um novo nome no mercado. E foi ent\u00e3o que Paulo Sousa entrou no radar dos diretores do clube. Mas ele n\u00e3o \u00e9 o \u00fanico: de acordo com a imprensa italiana, Walter Mazzarri, Roberto D\u2019Aversa e Eusebio Di Francesco tamb\u00e9m concorrem ao posto.<\/p>\n\n\n\n<p>Paulo Sousa n\u00e3o deixou saudade no Flamengo, mas tem um curr\u00edculo respeit\u00e1vel na Europa. Como jogador, foi campe\u00e3o da Liga dos Campe\u00f5es e do Mundial de Clubes com a Juventus, em 1996. Ademais, tamb\u00e9m trabalhou no pa\u00eds como treinador, comandando a Fiorentina entre 2015 e 2017.<\/p>\n\n\n\n<p>Retirado de: Jogada 10 <\/p>\n","protected":false},"excerpt":{"rendered":"<p>O t\u00e9cnico portugu\u00eas Paulo Sousa, que deixou o comando do Flamengo em junho passado, pode estar perto de encontrar um novo emprego. Inativo desde que deixou a G\u00e1vea, ele \u00e9 um dos favoritos para assumir a Salernitana, da It\u00e1lia. O time est\u00e1 na 16\u00ba coloca\u00e7\u00e3o da liga local e vem de uma goleada impiedosa sofrida [&hellip;]<\/p>\n","protected":false},"author":1,"featured_media":81346,"comment_status":"open","ping_status":"","sticky":false,"template":"","format":"standard","meta":{"footnotes":""},"categories":[1],"tags":[],"class_list":["post-93218","post","type-post","status-publish","format-standard","has-post-thumbnail","hentry","category-flamengo"],"yoast_head":"<!-- This site is optimized with the Yoast SEO Premium plugin v24.2 (Yoast SEO v26.9) - https:\/\/yoast.com\/product\/yoast-seo-premium-wordpress\/ -->\n<title>Ap\u00f3s deixar o Flamengo, Paulo Sousa est\u00e1 pr\u00f3ximo de fechar com o seu novo time<\/title>\n<meta name=\"robots\" content=\"index, follow, max-snippet:-1, max-image-preview:large, max-video-preview:-1\" \/>\n<link rel=\"canonical\" href=\"https:\/\/www.gaveanews.com\/index.php\/2023\/01\/17\/apos-deixar-o-flamengo-paulo-sousa-esta-proximo-de-fechar-com-o-seu-novo-time\/\" \/>\n<meta property=\"og:locale\" content=\"pt_BR\" \/>\n<meta property=\"og:type\" content=\"article\" \/>\n<meta property=\"og:title\" content=\"Ap\u00f3s deixar o Flamengo, Paulo Sousa est\u00e1 pr\u00f3ximo de fechar com o seu novo time\" \/>\n<meta property=\"og:description\" content=\"O t\u00e9cnico portugu\u00eas Paulo Sousa, que deixou o comando do Flamengo em junho passado, pode estar perto de encontrar um novo emprego. Inativo desde que deixou a G\u00e1vea, ele \u00e9 um dos favoritos para assumir a Salernitana, da It\u00e1lia. O time est\u00e1 na 16\u00ba coloca\u00e7\u00e3o da liga local e vem de uma goleada impiedosa sofrida [&hellip;]\" \/>\n<meta property=\"og:url\" content=\"https:\/\/www.gaveanews.com\/index.php\/2023\/01\/17\/apos-deixar-o-flamengo-paulo-sousa-esta-proximo-de-fechar-com-o-seu-novo-time\/\" \/>\n<meta property=\"og:site_name\" content=\"G\u00e1vea News\" \/>\n<meta property=\"article:publisher\" content=\"https:\/\/facebook.com\/gaveaNews\/\" \/>\n<meta property=\"article:published_time\" content=\"2023-01-17T03:49:10+00:00\" \/>\n<meta property=\"og:image\" content=\"https:\/\/www.gaveanews.com\/wp-content\/uploads\/Paulo-Sousa-e-Dr.-Marcio-Tannure-em-treino-do-Flamengo.webp\" \/>\n\t<meta property=\"og:image:width\" content=\"640\" \/>\n\t<meta property=\"og:image:height\" content=\"400\" \/>\n\t<meta property=\"og:image:type\" content=\"image\/webp\" \/>\n<meta name=\"author\" content=\"Equipe G\u00e1vea News\" \/>\n<meta name=\"twitter:card\" content=\"summary_large_image\" \/>\n<meta name=\"twitter:label1\" content=\"Escrito por\" \/>\n\t<meta name=\"twitter:data1\" content=\"Equipe G\u00e1vea News\" \/>\n\t<meta name=\"twitter:label2\" content=\"Est. tempo de leitura\" \/>\n\t<meta name=\"twitter:data2\" content=\"1 minuto\" \/>\n<script type=\"application\/ld+json\" class=\"yoast-schema-graph\">{\"@context\":\"https:\/\/schema.org\",\"@graph\":[{\"@type\":\"NewsArticle\",\"@id\":\"https:\/\/www.gaveanews.com\/index.php\/2023\/01\/17\/apos-deixar-o-flamengo-paulo-sousa-esta-proximo-de-fechar-com-o-seu-novo-time\/#article\",\"isPartOf\":{\"@id\":\"https:\/\/www.gaveanews.com\/index.php\/2023\/01\/17\/apos-deixar-o-flamengo-paulo-sousa-esta-proximo-de-fechar-com-o-seu-novo-time\/\"},\"author\":{\"name\":\"Equipe G\u00e1vea News\",\"@id\":\"https:\/\/www.gaveanews.com\/#\/schema\/person\/2ec14f73fb96be2caf28f91afb14749d\"},\"headline\":\"Ap\u00f3s deixar o Flamengo, Paulo Sousa est\u00e1 pr\u00f3ximo de fechar com o seu novo time\",\"datePublished\":\"2023-01-17T03:49:10+00:00\",\"mainEntityOfPage\":{\"@id\":\"https:\/\/www.gaveanews.com\/index.php\/2023\/01\/17\/apos-deixar-o-flamengo-paulo-sousa-esta-proximo-de-fechar-com-o-seu-novo-time\/\"},\"wordCount\":206,\"commentCount\":0,\"image\":{\"@id\":\"https:\/\/www.gaveanews.com\/index.php\/2023\/01\/17\/apos-deixar-o-flamengo-paulo-sousa-esta-proximo-de-fechar-com-o-seu-novo-time\/#primaryimage\"},\"thumbnailUrl\":\"https:\/\/www.gaveanews.com\/wp-content\/uploads\/Paulo-Sousa-e-Dr.-Marcio-Tannure-em-treino-do-Flamengo.webp\",\"articleSection\":[\"Flamengo\"],\"inLanguage\":\"pt-BR\",\"potentialAction\":[{\"@type\":\"CommentAction\",\"name\":\"Comment\",\"target\":[\"https:\/\/www.gaveanews.com\/index.php\/2023\/01\/17\/apos-deixar-o-flamengo-paulo-sousa-esta-proximo-de-fechar-com-o-seu-novo-time\/#respond\"]}],\"copyrightYear\":\"2023\",\"copyrightHolder\":{\"@id\":\"https:\/\/www.gaveanews.com\/#organization\"}},{\"@type\":\"WebPage\",\"@id\":\"https:\/\/www.gaveanews.com\/index.php\/2023\/01\/17\/apos-deixar-o-flamengo-paulo-sousa-esta-proximo-de-fechar-com-o-seu-novo-time\/\",\"url\":\"https:\/\/www.gaveanews.com\/index.php\/2023\/01\/17\/apos-deixar-o-flamengo-paulo-sousa-esta-proximo-de-fechar-com-o-seu-novo-time\/\",\"name\":\"Ap\u00f3s deixar o Flamengo, Paulo Sousa est\u00e1 pr\u00f3ximo de fechar com o seu novo time\",\"isPartOf\":{\"@id\":\"https:\/\/www.gaveanews.com\/#website\"},\"primaryImageOfPage\":{\"@id\":\"https:\/\/www.gaveanews.com\/index.php\/2023\/01\/17\/apos-deixar-o-flamengo-paulo-sousa-esta-proximo-de-fechar-com-o-seu-novo-time\/#primaryimage\"},\"image\":{\"@id\":\"https:\/\/www.gaveanews.com\/index.php\/2023\/01\/17\/apos-deixar-o-flamengo-paulo-sousa-esta-proximo-de-fechar-com-o-seu-novo-time\/#primaryimage\"},\"thumbnailUrl\":\"https:\/\/www.gaveanews.com\/wp-content\/uploads\/Paulo-Sousa-e-Dr.-Marcio-Tannure-em-treino-do-Flamengo.webp\",\"datePublished\":\"2023-01-17T03:49:10+00:00\",\"author\":{\"@id\":\"https:\/\/www.gaveanews.com\/#\/schema\/person\/2ec14f73fb96be2caf28f91afb14749d\"},\"breadcrumb\":{\"@id\":\"https:\/\/www.gaveanews.com\/index.php\/2023\/01\/17\/apos-deixar-o-flamengo-paulo-sousa-esta-proximo-de-fechar-com-o-seu-novo-time\/#breadcrumb\"},\"inLanguage\":\"pt-BR\",\"potentialAction\":[{\"@type\":\"ReadAction\",\"target\":[\"https:\/\/www.gaveanews.com\/index.php\/2023\/01\/17\/apos-deixar-o-flamengo-paulo-sousa-esta-proximo-de-fechar-com-o-seu-novo-time\/\"]}]},{\"@type\":\"ImageObject\",\"inLanguage\":\"pt-BR\",\"@id\":\"https:\/\/www.gaveanews.com\/index.php\/2023\/01\/17\/apos-deixar-o-flamengo-paulo-sousa-esta-proximo-de-fechar-com-o-seu-novo-time\/#primaryimage\",\"url\":\"https:\/\/www.gaveanews.com\/wp-content\/uploads\/Paulo-Sousa-e-Dr.-Marcio-Tannure-em-treino-do-Flamengo.webp\",\"contentUrl\":\"https:\/\/www.gaveanews.com\/wp-content\/uploads\/Paulo-Sousa-e-Dr.-Marcio-Tannure-em-treino-do-Flamengo.webp\",\"width\":640,\"height\":400,\"caption\":\"Paulo Sousa e Dr. Marcio Tannure em treino do Flamengo (Foto: Marcelo Cortes\/Flamengo)\"},{\"@type\":\"BreadcrumbList\",\"@id\":\"https:\/\/www.gaveanews.com\/index.php\/2023\/01\/17\/apos-deixar-o-flamengo-paulo-sousa-esta-proximo-de-fechar-com-o-seu-novo-time\/#breadcrumb\",\"itemListElement\":[{\"@type\":\"ListItem\",\"position\":1,\"name\":\"Home\",\"item\":\"https:\/\/www.gaveanews.com\/\"},{\"@type\":\"ListItem\",\"position\":2,\"name\":\"Ap\u00f3s deixar o Flamengo, Paulo Sousa est\u00e1 pr\u00f3ximo de fechar com o seu novo time\"}]},{\"@type\":\"WebSite\",\"@id\":\"https:\/\/www.gaveanews.com\/#website\",\"url\":\"https:\/\/www.gaveanews.com\/\",\"name\":\"G\u00e1vea News\",\"description\":\"Veja todas as not\u00edcias sobre o Flamengo: Contrata\u00e7\u00f5es, categorias de base, resultados das partidas, tabela de classifica\u00e7\u00e3o, pr\u00f3ximos jogos!\",\"potentialAction\":[{\"@type\":\"SearchAction\",\"target\":{\"@type\":\"EntryPoint\",\"urlTemplate\":\"https:\/\/www.gaveanews.com\/?s={search_term_string}\"},\"query-input\":{\"@type\":\"PropertyValueSpecification\",\"valueRequired\":true,\"valueName\":\"search_term_string\"}}],\"inLanguage\":\"pt-BR\"},{\"@type\":\"Person\",\"@id\":\"https:\/\/www.gaveanews.com\/#\/schema\/person\/2ec14f73fb96be2caf28f91afb14749d\",\"name\":\"Equipe G\u00e1vea News\",\"image\":{\"@type\":\"ImageObject\",\"inLanguage\":\"pt-BR\",\"@id\":\"https:\/\/www.gaveanews.com\/#\/schema\/person\/image\/\",\"url\":\"https:\/\/secure.gravatar.com\/avatar\/1e1956f1facbffd3f8fa53a326721950116b3b9dc9bd44939c01180fd4a745a9?s=96&d=mm&r=g\",\"contentUrl\":\"https:\/\/secure.gravatar.com\/avatar\/1e1956f1facbffd3f8fa53a326721950116b3b9dc9bd44939c01180fd4a745a9?s=96&d=mm&r=g\",\"caption\":\"Equipe G\u00e1vea News\"}}]}<\/script>\n<!-- \/ Yoast SEO Premium plugin. -->","yoast_head_json":{"title":"Ap\u00f3s deixar o Flamengo, Paulo Sousa est\u00e1 pr\u00f3ximo de fechar com o seu novo time","robots":{"index":"index","follow":"follow","max-snippet":"max-snippet:-1","max-image-preview":"max-image-preview:large","max-video-preview":"max-video-preview:-1"},"canonical":"https:\/\/www.gaveanews.com\/index.php\/2023\/01\/17\/apos-deixar-o-flamengo-paulo-sousa-esta-proximo-de-fechar-com-o-seu-novo-time\/","og_locale":"pt_BR","og_type":"article","og_title":"Ap\u00f3s deixar o Flamengo, Paulo Sousa est\u00e1 pr\u00f3ximo de fechar com o seu novo time","og_description":"O t\u00e9cnico portugu\u00eas Paulo Sousa, que deixou o comando do Flamengo em junho passado, pode estar perto de encontrar um novo emprego. Inativo desde que deixou a G\u00e1vea, ele \u00e9 um dos favoritos para assumir a Salernitana, da It\u00e1lia. O time est\u00e1 na 16\u00ba coloca\u00e7\u00e3o da liga local e vem de uma goleada impiedosa sofrida [&hellip;]","og_url":"https:\/\/www.gaveanews.com\/index.php\/2023\/01\/17\/apos-deixar-o-flamengo-paulo-sousa-esta-proximo-de-fechar-com-o-seu-novo-time\/","og_site_name":"G\u00e1vea News","article_publisher":"https:\/\/facebook.com\/gaveaNews\/","article_published_time":"2023-01-17T03:49:10+00:00","og_image":[{"width":640,"height":400,"url":"https:\/\/www.gaveanews.com\/wp-content\/uploads\/Paulo-Sousa-e-Dr.-Marcio-Tannure-em-treino-do-Flamengo.webp","type":"image\/webp"}],"author":"Equipe G\u00e1vea News","twitter_card":"summary_large_image","twitter_misc":{"Escrito por":"Equipe G\u00e1vea News","Est. tempo de leitura":"1 minuto"},"schema":{"@context":"https:\/\/schema.org","@graph":[{"@type":"NewsArticle","@id":"https:\/\/www.gaveanews.com\/index.php\/2023\/01\/17\/apos-deixar-o-flamengo-paulo-sousa-esta-proximo-de-fechar-com-o-seu-novo-time\/#article","isPartOf":{"@id":"https:\/\/www.gaveanews.com\/index.php\/2023\/01\/17\/apos-deixar-o-flamengo-paulo-sousa-esta-proximo-de-fechar-com-o-seu-novo-time\/"},"author":{"name":"Equipe G\u00e1vea News","@id":"https:\/\/www.gaveanews.com\/#\/schema\/person\/2ec14f73fb96be2caf28f91afb14749d"},"headline":"Ap\u00f3s deixar o Flamengo, Paulo Sousa est\u00e1 pr\u00f3ximo de fechar com o seu novo time","datePublished":"2023-01-17T03:49:10+00:00","mainEntityOfPage":{"@id":"https:\/\/www.gaveanews.com\/index.php\/2023\/01\/17\/apos-deixar-o-flamengo-paulo-sousa-esta-proximo-de-fechar-com-o-seu-novo-time\/"},"wordCount":206,"commentCount":0,"image":{"@id":"https:\/\/www.gaveanews.com\/index.php\/2023\/01\/17\/apos-deixar-o-flamengo-paulo-sousa-esta-proximo-de-fechar-com-o-seu-novo-time\/#primaryimage"},"thumbnailUrl":"https:\/\/www.gaveanews.com\/wp-content\/uploads\/Paulo-Sousa-e-Dr.-Marcio-Tannure-em-treino-do-Flamengo.webp","articleSection":["Flamengo"],"inLanguage":"pt-BR","potentialAction":[{"@type":"CommentAction","name":"Comment","target":["https:\/\/www.gaveanews.com\/index.php\/2023\/01\/17\/apos-deixar-o-flamengo-paulo-sousa-esta-proximo-de-fechar-com-o-seu-novo-time\/#respond"]}],"copyrightYear":"2023","copyrightHolder":{"@id":"https:\/\/www.gaveanews.com\/#organization"}},{"@type":"WebPage","@id":"https:\/\/www.gaveanews.com\/index.php\/2023\/01\/17\/apos-deixar-o-flamengo-paulo-sousa-esta-proximo-de-fechar-com-o-seu-novo-time\/","url":"https:\/\/www.gaveanews.com\/index.php\/2023\/01\/17\/apos-deixar-o-flamengo-paulo-sousa-esta-proximo-de-fechar-com-o-seu-novo-time\/","name":"Ap\u00f3s deixar o Flamengo, Paulo Sousa est\u00e1 pr\u00f3ximo de fechar com o seu novo time","isPartOf":{"@id":"https:\/\/www.gaveanews.com\/#website"},"primaryImageOfPage":{"@id":"https:\/\/www.gaveanews.com\/index.php\/2023\/01\/17\/apos-deixar-o-flamengo-paulo-sousa-esta-proximo-de-fechar-com-o-seu-novo-time\/#primaryimage"},"image":{"@id":"https:\/\/www.gaveanews.com\/index.php\/2023\/01\/17\/apos-deixar-o-flamengo-paulo-sousa-esta-proximo-de-fechar-com-o-seu-novo-time\/#primaryimage"},"thumbnailUrl":"https:\/\/www.gaveanews.com\/wp-content\/uploads\/Paulo-Sousa-e-Dr.-Marcio-Tannure-em-treino-do-Flamengo.webp","datePublished":"2023-01-17T03:49:10+00:00","author":{"@id":"https:\/\/www.gaveanews.com\/#\/schema\/person\/2ec14f73fb96be2caf28f91afb14749d"},"breadcrumb":{"@id":"https:\/\/www.gaveanews.com\/index.php\/2023\/01\/17\/apos-deixar-o-flamengo-paulo-sousa-esta-proximo-de-fechar-com-o-seu-novo-time\/#breadcrumb"},"inLanguage":"pt-BR","potentialAction":[{"@type":"ReadAction","target":["https:\/\/www.gaveanews.com\/index.php\/2023\/01\/17\/apos-deixar-o-flamengo-paulo-sousa-esta-proximo-de-fechar-com-o-seu-novo-time\/"]}]},{"@type":"ImageObject","inLanguage":"pt-BR","@id":"https:\/\/www.gaveanews.com\/index.php\/2023\/01\/17\/apos-deixar-o-flamengo-paulo-sousa-esta-proximo-de-fechar-com-o-seu-novo-time\/#primaryimage","url":"https:\/\/www.gaveanews.com\/wp-content\/uploads\/Paulo-Sousa-e-Dr.-Marcio-Tannure-em-treino-do-Flamengo.webp","contentUrl":"https:\/\/www.gaveanews.com\/wp-content\/uploads\/Paulo-Sousa-e-Dr.-Marcio-Tannure-em-treino-do-Flamengo.webp","width":640,"height":400,"caption":"Paulo Sousa e Dr. Marcio Tannure em treino do Flamengo (Foto: Marcelo Cortes\/Flamengo)"},{"@type":"BreadcrumbList","@id":"https:\/\/www.gaveanews.com\/index.php\/2023\/01\/17\/apos-deixar-o-flamengo-paulo-sousa-esta-proximo-de-fechar-com-o-seu-novo-time\/#breadcrumb","itemListElement":[{"@type":"ListItem","position":1,"name":"Home","item":"https:\/\/www.gaveanews.com\/"},{"@type":"ListItem","position":2,"name":"Ap\u00f3s deixar o Flamengo, Paulo Sousa est\u00e1 pr\u00f3ximo de fechar com o seu novo time"}]},{"@type":"WebSite","@id":"https:\/\/www.gaveanews.com\/#website","url":"https:\/\/www.gaveanews.com\/","name":"G\u00e1vea News","description":"Veja todas as not\u00edcias sobre o Flamengo: Contrata\u00e7\u00f5es, categorias de base, resultados das partidas, tabela de classifica\u00e7\u00e3o, pr\u00f3ximos jogos!","potentialAction":[{"@type":"SearchAction","target":{"@type":"EntryPoint","urlTemplate":"https:\/\/www.gaveanews.com\/?s={search_term_string}"},"query-input":{"@type":"PropertyValueSpecification","valueRequired":true,"valueName":"search_term_string"}}],"inLanguage":"pt-BR"},{"@type":"Person","@id":"https:\/\/www.gaveanews.com\/#\/schema\/person\/2ec14f73fb96be2caf28f91afb14749d","name":"Equipe G\u00e1vea News","image":{"@type":"ImageObject","inLanguage":"pt-BR","@id":"https:\/\/www.gaveanews.com\/#\/schema\/person\/image\/","url":"https:\/\/secure.gravatar.com\/avatar\/1e1956f1facbffd3f8fa53a326721950116b3b9dc9bd44939c01180fd4a745a9?s=96&d=mm&r=g","contentUrl":"https:\/\/secure.gravatar.com\/avatar\/1e1956f1facbffd3f8fa53a326721950116b3b9dc9bd44939c01180fd4a745a9?s=96&d=mm&r=g","caption":"Equipe G\u00e1vea News"}}]}},"_links":{"self":[{"href":"https:\/\/www.gaveanews.com\/index.php\/wp-json\/wp\/v2\/posts\/93218","targetHints":{"allow":["GET"]}}],"collection":[{"href":"https:\/\/www.gaveanews.com\/index.php\/wp-json\/wp\/v2\/posts"}],"about":[{"href":"https:\/\/www.gaveanews.com\/index.php\/wp-json\/wp\/v2\/types\/post"}],"author":[{"embeddable":true,"href":"https:\/\/www.gaveanews.com\/index.php\/wp-json\/wp\/v2\/users\/1"}],"replies":[{"embeddable":true,"href":"https:\/\/www.gaveanews.com\/index.php\/wp-json\/wp\/v2\/comments?post=93218"}],"version-history":[{"count":0,"href":"https:\/\/www.gaveanews.com\/index.php\/wp-json\/wp\/v2\/posts\/93218\/revisions"}],"wp:featuredmedia":[{"embeddable":true,"href":"https:\/\/www.gaveanews.com\/index.php\/wp-json\/wp\/v2\/media\/81346"}],"wp:attachment":[{"href":"https:\/\/www.gaveanews.com\/index.php\/wp-json\/wp\/v2\/media?parent=93218"}],"wp:term":[{"taxonomy":"category","embeddable":true,"href":"https:\/\/www.gaveanews.com\/index.php\/wp-json\/wp\/v2\/categories?post=93218"},{"taxonomy":"post_tag","embeddable":true,"href":"https:\/\/www.gaveanews.com\/index.php\/wp-json\/wp\/v2\/tags?post=93218"}],"curies":[{"name":"wp","href":"https:\/\/api.w.org\/{rel}","templated":true}]}}