{"id":93221,"date":"2023-01-17T01:00:02","date_gmt":"2023-01-17T04:00:02","guid":{"rendered":"https:\/\/www.gaveanews.com\/?p=93221"},"modified":"2023-01-17T01:00:05","modified_gmt":"2023-01-17T04:00:05","slug":"novo-estadio-presidente-do-flamengo-abre-o-jogo-sobre-este-assunto","status":"publish","type":"post","link":"https:\/\/www.gaveanews.com\/index.php\/2023\/01\/17\/novo-estadio-presidente-do-flamengo-abre-o-jogo-sobre-este-assunto\/","title":{"rendered":"Novo est\u00e1dio? Presidente do Flamengo abre o jogo sobre este assunto"},"content":{"rendered":"\n<p>O or\u00e7amento do Flamengo j\u00e1 passou de R$ 1 bilh\u00e3o por temporada e a diretoria rubro-negra vem buscando meios de aumentar essa receita. Com isso, a possiblidade da constru\u00e7\u00e3o de um est\u00e1dio pr\u00f3prio voltou a ser mencionada. No entanto, o presidente Rodolfo Landim afirmou que o foco atual da diretoria \u00e9 na licita\u00e7\u00e3o do Maracan\u00e3.<\/p>\n\n\n\n<p>\u201c\u00c9 um desafio muito grande quando a gente faz as contas para tornar vi\u00e1vel o projeto de um novo est\u00e1dio. A prioridade n\u00famero um do Flamengo hoje, j\u00e1 que estamos com o processo de licita\u00e7\u00e3o do Maracan\u00e3, \u00e9 colocar a m\u00e3o junto com o Fluminense. Estamos com eles h\u00e1 tr\u00eas anos neste processo. Queremos vencer a licita\u00e7\u00e3o e ficar com o Maracan\u00e3\u201d, disse o dirigente \u00e0 TV Brasil.<\/p>\n\n\n\n<p>Landim destacou que o Maracan\u00e3 \u00e9 necess\u00e1rio para a dupla Fla-Flu. O mandat\u00e1rio admitiu que o Vasco tem direito a atuar no est\u00e1dio, mas, no cen\u00e1rio atual, o gramado n\u00e3o resiste ao n\u00famero de jogos.<\/p>\n\n\n\n<p>\u201cA gente entende o seguinte: Flamengo e Fluminense n\u00e3o possuem nenhum est\u00e1dio. Ou seja, precisam do Maracan\u00e3, j\u00e1 que ele comporta a torcida do Fla e do Flu. O Vasco tem o seu est\u00e1dio. A gente entende que o Vasco precise do Maracan\u00e3 em alguns jogos, entendemos que tudo isso deve ser conversado e analisado, com an\u00e1lise da tabela, para tamb\u00e9m permitir que o Vasco possa jogar no Maracan\u00e3. Mas s\u00f3 n\u00e3o podemos voltar atr\u00e1s e deixar o est\u00e1dio como era no passado, com a grama muito ruim \u201c, declarou.<\/p>\n\n\n\n<p>O governo do Rio de Janeiro estendeu a permiss\u00e3o para a dupla Fla-Flu administrar o Maracan\u00e3 por seis meses. No entanto, o Vasco vem pressionando para ter a chance de assumir o controle do est\u00e1dio.<\/p>\n\n\n\n<p>Retirado de: ESPN<\/p>\n","protected":false},"excerpt":{"rendered":"<p>O or\u00e7amento do Flamengo j\u00e1 passou de R$ 1 bilh\u00e3o por temporada e a diretoria rubro-negra vem buscando meios de aumentar essa receita. Com isso, a possiblidade da constru\u00e7\u00e3o de um est\u00e1dio pr\u00f3prio voltou a ser mencionada. No entanto, o presidente Rodolfo Landim afirmou que o foco atual da diretoria \u00e9 na licita\u00e7\u00e3o do Maracan\u00e3. [&hellip;]<\/p>\n","protected":false},"author":1,"featured_media":64406,"comment_status":"open","ping_status":"closed","sticky":false,"template":"","format":"standard","meta":{"footnotes":""},"categories":[1],"tags":[],"class_list":["post-93221","post","type-post","status-publish","format-standard","has-post-thumbnail","hentry","category-flamengo"],"yoast_head":"<!-- This site is optimized with the Yoast SEO Premium plugin v24.2 (Yoast SEO v26.9) - https:\/\/yoast.com\/product\/yoast-seo-premium-wordpress\/ -->\n<title>Novo est\u00e1dio? Presidente do Flamengo abre o jogo sobre este assunto<\/title>\n<meta name=\"robots\" content=\"index, follow, max-snippet:-1, max-image-preview:large, max-video-preview:-1\" \/>\n<link rel=\"canonical\" href=\"https:\/\/www.gaveanews.com\/index.php\/2023\/01\/17\/novo-estadio-presidente-do-flamengo-abre-o-jogo-sobre-este-assunto\/\" \/>\n<meta property=\"og:locale\" content=\"pt_BR\" \/>\n<meta property=\"og:type\" content=\"article\" \/>\n<meta property=\"og:title\" content=\"Novo est\u00e1dio? Presidente do Flamengo abre o jogo sobre este assunto\" \/>\n<meta property=\"og:description\" content=\"O or\u00e7amento do Flamengo j\u00e1 passou de R$ 1 bilh\u00e3o por temporada e a diretoria rubro-negra vem buscando meios de aumentar essa receita. Com isso, a possiblidade da constru\u00e7\u00e3o de um est\u00e1dio pr\u00f3prio voltou a ser mencionada. No entanto, o presidente Rodolfo Landim afirmou que o foco atual da diretoria \u00e9 na licita\u00e7\u00e3o do Maracan\u00e3. [&hellip;]\" \/>\n<meta property=\"og:url\" content=\"https:\/\/www.gaveanews.com\/index.php\/2023\/01\/17\/novo-estadio-presidente-do-flamengo-abre-o-jogo-sobre-este-assunto\/\" \/>\n<meta property=\"og:site_name\" content=\"G\u00e1vea News\" \/>\n<meta property=\"article:publisher\" content=\"https:\/\/facebook.com\/gaveaNews\/\" \/>\n<meta property=\"article:published_time\" content=\"2023-01-17T04:00:02+00:00\" \/>\n<meta property=\"article:modified_time\" content=\"2023-01-17T04:00:05+00:00\" \/>\n<meta property=\"og:image\" content=\"https:\/\/www.gaveanews.com\/wp-content\/uploads\/Rodolfo-Landim-em-entrevista-coletiva-no-Ninho-do-Urubu.webp\" \/>\n\t<meta property=\"og:image:width\" content=\"799\" \/>\n\t<meta property=\"og:image:height\" content=\"532\" \/>\n\t<meta property=\"og:image:type\" content=\"image\/jpeg\" \/>\n<meta name=\"author\" content=\"Equipe G\u00e1vea News\" \/>\n<meta name=\"twitter:card\" content=\"summary_large_image\" \/>\n<meta name=\"twitter:label1\" content=\"Escrito por\" \/>\n\t<meta name=\"twitter:data1\" content=\"Equipe G\u00e1vea News\" \/>\n\t<meta name=\"twitter:label2\" content=\"Est. tempo de leitura\" \/>\n\t<meta name=\"twitter:data2\" content=\"2 minutos\" \/>\n<script type=\"application\/ld+json\" class=\"yoast-schema-graph\">{\"@context\":\"https:\/\/schema.org\",\"@graph\":[{\"@type\":\"NewsArticle\",\"@id\":\"https:\/\/www.gaveanews.com\/index.php\/2023\/01\/17\/novo-estadio-presidente-do-flamengo-abre-o-jogo-sobre-este-assunto\/#article\",\"isPartOf\":{\"@id\":\"https:\/\/www.gaveanews.com\/index.php\/2023\/01\/17\/novo-estadio-presidente-do-flamengo-abre-o-jogo-sobre-este-assunto\/\"},\"author\":{\"name\":\"Equipe G\u00e1vea News\",\"@id\":\"https:\/\/www.gaveanews.com\/#\/schema\/person\/2ec14f73fb96be2caf28f91afb14749d\"},\"headline\":\"Novo est\u00e1dio? Presidente do Flamengo abre o jogo sobre este assunto\",\"datePublished\":\"2023-01-17T04:00:02+00:00\",\"dateModified\":\"2023-01-17T04:00:05+00:00\",\"mainEntityOfPage\":{\"@id\":\"https:\/\/www.gaveanews.com\/index.php\/2023\/01\/17\/novo-estadio-presidente-do-flamengo-abre-o-jogo-sobre-este-assunto\/\"},\"wordCount\":320,\"commentCount\":0,\"image\":{\"@id\":\"https:\/\/www.gaveanews.com\/index.php\/2023\/01\/17\/novo-estadio-presidente-do-flamengo-abre-o-jogo-sobre-este-assunto\/#primaryimage\"},\"thumbnailUrl\":\"https:\/\/www.gaveanews.com\/wp-content\/uploads\/Rodolfo-Landim-em-entrevista-coletiva-no-Ninho-do-Urubu.webp\",\"articleSection\":[\"Flamengo\"],\"inLanguage\":\"pt-BR\",\"potentialAction\":[{\"@type\":\"CommentAction\",\"name\":\"Comment\",\"target\":[\"https:\/\/www.gaveanews.com\/index.php\/2023\/01\/17\/novo-estadio-presidente-do-flamengo-abre-o-jogo-sobre-este-assunto\/#respond\"]}],\"copyrightYear\":\"2023\",\"copyrightHolder\":{\"@id\":\"https:\/\/www.gaveanews.com\/#organization\"}},{\"@type\":\"WebPage\",\"@id\":\"https:\/\/www.gaveanews.com\/index.php\/2023\/01\/17\/novo-estadio-presidente-do-flamengo-abre-o-jogo-sobre-este-assunto\/\",\"url\":\"https:\/\/www.gaveanews.com\/index.php\/2023\/01\/17\/novo-estadio-presidente-do-flamengo-abre-o-jogo-sobre-este-assunto\/\",\"name\":\"Novo est\u00e1dio? Presidente do Flamengo abre o jogo sobre este assunto\",\"isPartOf\":{\"@id\":\"https:\/\/www.gaveanews.com\/#website\"},\"primaryImageOfPage\":{\"@id\":\"https:\/\/www.gaveanews.com\/index.php\/2023\/01\/17\/novo-estadio-presidente-do-flamengo-abre-o-jogo-sobre-este-assunto\/#primaryimage\"},\"image\":{\"@id\":\"https:\/\/www.gaveanews.com\/index.php\/2023\/01\/17\/novo-estadio-presidente-do-flamengo-abre-o-jogo-sobre-este-assunto\/#primaryimage\"},\"thumbnailUrl\":\"https:\/\/www.gaveanews.com\/wp-content\/uploads\/Rodolfo-Landim-em-entrevista-coletiva-no-Ninho-do-Urubu.webp\",\"datePublished\":\"2023-01-17T04:00:02+00:00\",\"dateModified\":\"2023-01-17T04:00:05+00:00\",\"author\":{\"@id\":\"https:\/\/www.gaveanews.com\/#\/schema\/person\/2ec14f73fb96be2caf28f91afb14749d\"},\"breadcrumb\":{\"@id\":\"https:\/\/www.gaveanews.com\/index.php\/2023\/01\/17\/novo-estadio-presidente-do-flamengo-abre-o-jogo-sobre-este-assunto\/#breadcrumb\"},\"inLanguage\":\"pt-BR\",\"potentialAction\":[{\"@type\":\"ReadAction\",\"target\":[\"https:\/\/www.gaveanews.com\/index.php\/2023\/01\/17\/novo-estadio-presidente-do-flamengo-abre-o-jogo-sobre-este-assunto\/\"]}]},{\"@type\":\"ImageObject\",\"inLanguage\":\"pt-BR\",\"@id\":\"https:\/\/www.gaveanews.com\/index.php\/2023\/01\/17\/novo-estadio-presidente-do-flamengo-abre-o-jogo-sobre-este-assunto\/#primaryimage\",\"url\":\"https:\/\/www.gaveanews.com\/wp-content\/uploads\/Rodolfo-Landim-em-entrevista-coletiva-no-Ninho-do-Urubu.webp\",\"contentUrl\":\"https:\/\/www.gaveanews.com\/wp-content\/uploads\/Rodolfo-Landim-em-entrevista-coletiva-no-Ninho-do-Urubu.webp\",\"width\":799,\"height\":532,\"caption\":\"Rodolfo Landim em entrevista coletiva no Ninho do Urubu (Foto: Alexandre Vidal\/Flamengo)\"},{\"@type\":\"BreadcrumbList\",\"@id\":\"https:\/\/www.gaveanews.com\/index.php\/2023\/01\/17\/novo-estadio-presidente-do-flamengo-abre-o-jogo-sobre-este-assunto\/#breadcrumb\",\"itemListElement\":[{\"@type\":\"ListItem\",\"position\":1,\"name\":\"Home\",\"item\":\"https:\/\/www.gaveanews.com\/\"},{\"@type\":\"ListItem\",\"position\":2,\"name\":\"Novo est\u00e1dio? Presidente do Flamengo abre o jogo sobre este assunto\"}]},{\"@type\":\"WebSite\",\"@id\":\"https:\/\/www.gaveanews.com\/#website\",\"url\":\"https:\/\/www.gaveanews.com\/\",\"name\":\"G\u00e1vea News\",\"description\":\"Veja todas as not\u00edcias sobre o Flamengo: Contrata\u00e7\u00f5es, categorias de base, resultados das partidas, tabela de classifica\u00e7\u00e3o, pr\u00f3ximos jogos!\",\"potentialAction\":[{\"@type\":\"SearchAction\",\"target\":{\"@type\":\"EntryPoint\",\"urlTemplate\":\"https:\/\/www.gaveanews.com\/?s={search_term_string}\"},\"query-input\":{\"@type\":\"PropertyValueSpecification\",\"valueRequired\":true,\"valueName\":\"search_term_string\"}}],\"inLanguage\":\"pt-BR\"},{\"@type\":\"Person\",\"@id\":\"https:\/\/www.gaveanews.com\/#\/schema\/person\/2ec14f73fb96be2caf28f91afb14749d\",\"name\":\"Equipe G\u00e1vea News\",\"image\":{\"@type\":\"ImageObject\",\"inLanguage\":\"pt-BR\",\"@id\":\"https:\/\/www.gaveanews.com\/#\/schema\/person\/image\/\",\"url\":\"https:\/\/secure.gravatar.com\/avatar\/1e1956f1facbffd3f8fa53a326721950116b3b9dc9bd44939c01180fd4a745a9?s=96&d=mm&r=g\",\"contentUrl\":\"https:\/\/secure.gravatar.com\/avatar\/1e1956f1facbffd3f8fa53a326721950116b3b9dc9bd44939c01180fd4a745a9?s=96&d=mm&r=g\",\"caption\":\"Equipe G\u00e1vea News\"}}]}<\/script>\n<!-- \/ Yoast SEO Premium plugin. -->","yoast_head_json":{"title":"Novo est\u00e1dio? Presidente do Flamengo abre o jogo sobre este assunto","robots":{"index":"index","follow":"follow","max-snippet":"max-snippet:-1","max-image-preview":"max-image-preview:large","max-video-preview":"max-video-preview:-1"},"canonical":"https:\/\/www.gaveanews.com\/index.php\/2023\/01\/17\/novo-estadio-presidente-do-flamengo-abre-o-jogo-sobre-este-assunto\/","og_locale":"pt_BR","og_type":"article","og_title":"Novo est\u00e1dio? Presidente do Flamengo abre o jogo sobre este assunto","og_description":"O or\u00e7amento do Flamengo j\u00e1 passou de R$ 1 bilh\u00e3o por temporada e a diretoria rubro-negra vem buscando meios de aumentar essa receita. Com isso, a possiblidade da constru\u00e7\u00e3o de um est\u00e1dio pr\u00f3prio voltou a ser mencionada. No entanto, o presidente Rodolfo Landim afirmou que o foco atual da diretoria \u00e9 na licita\u00e7\u00e3o do Maracan\u00e3. [&hellip;]","og_url":"https:\/\/www.gaveanews.com\/index.php\/2023\/01\/17\/novo-estadio-presidente-do-flamengo-abre-o-jogo-sobre-este-assunto\/","og_site_name":"G\u00e1vea News","article_publisher":"https:\/\/facebook.com\/gaveaNews\/","article_published_time":"2023-01-17T04:00:02+00:00","article_modified_time":"2023-01-17T04:00:05+00:00","og_image":[{"width":799,"height":532,"url":"https:\/\/www.gaveanews.com\/wp-content\/uploads\/Rodolfo-Landim-em-entrevista-coletiva-no-Ninho-do-Urubu.webp","type":"image\/jpeg"}],"author":"Equipe G\u00e1vea News","twitter_card":"summary_large_image","twitter_misc":{"Escrito por":"Equipe G\u00e1vea News","Est. tempo de leitura":"2 minutos"},"schema":{"@context":"https:\/\/schema.org","@graph":[{"@type":"NewsArticle","@id":"https:\/\/www.gaveanews.com\/index.php\/2023\/01\/17\/novo-estadio-presidente-do-flamengo-abre-o-jogo-sobre-este-assunto\/#article","isPartOf":{"@id":"https:\/\/www.gaveanews.com\/index.php\/2023\/01\/17\/novo-estadio-presidente-do-flamengo-abre-o-jogo-sobre-este-assunto\/"},"author":{"name":"Equipe G\u00e1vea News","@id":"https:\/\/www.gaveanews.com\/#\/schema\/person\/2ec14f73fb96be2caf28f91afb14749d"},"headline":"Novo est\u00e1dio? Presidente do Flamengo abre o jogo sobre este assunto","datePublished":"2023-01-17T04:00:02+00:00","dateModified":"2023-01-17T04:00:05+00:00","mainEntityOfPage":{"@id":"https:\/\/www.gaveanews.com\/index.php\/2023\/01\/17\/novo-estadio-presidente-do-flamengo-abre-o-jogo-sobre-este-assunto\/"},"wordCount":320,"commentCount":0,"image":{"@id":"https:\/\/www.gaveanews.com\/index.php\/2023\/01\/17\/novo-estadio-presidente-do-flamengo-abre-o-jogo-sobre-este-assunto\/#primaryimage"},"thumbnailUrl":"https:\/\/www.gaveanews.com\/wp-content\/uploads\/Rodolfo-Landim-em-entrevista-coletiva-no-Ninho-do-Urubu.webp","articleSection":["Flamengo"],"inLanguage":"pt-BR","potentialAction":[{"@type":"CommentAction","name":"Comment","target":["https:\/\/www.gaveanews.com\/index.php\/2023\/01\/17\/novo-estadio-presidente-do-flamengo-abre-o-jogo-sobre-este-assunto\/#respond"]}],"copyrightYear":"2023","copyrightHolder":{"@id":"https:\/\/www.gaveanews.com\/#organization"}},{"@type":"WebPage","@id":"https:\/\/www.gaveanews.com\/index.php\/2023\/01\/17\/novo-estadio-presidente-do-flamengo-abre-o-jogo-sobre-este-assunto\/","url":"https:\/\/www.gaveanews.com\/index.php\/2023\/01\/17\/novo-estadio-presidente-do-flamengo-abre-o-jogo-sobre-este-assunto\/","name":"Novo est\u00e1dio? Presidente do Flamengo abre o jogo sobre este assunto","isPartOf":{"@id":"https:\/\/www.gaveanews.com\/#website"},"primaryImageOfPage":{"@id":"https:\/\/www.gaveanews.com\/index.php\/2023\/01\/17\/novo-estadio-presidente-do-flamengo-abre-o-jogo-sobre-este-assunto\/#primaryimage"},"image":{"@id":"https:\/\/www.gaveanews.com\/index.php\/2023\/01\/17\/novo-estadio-presidente-do-flamengo-abre-o-jogo-sobre-este-assunto\/#primaryimage"},"thumbnailUrl":"https:\/\/www.gaveanews.com\/wp-content\/uploads\/Rodolfo-Landim-em-entrevista-coletiva-no-Ninho-do-Urubu.webp","datePublished":"2023-01-17T04:00:02+00:00","dateModified":"2023-01-17T04:00:05+00:00","author":{"@id":"https:\/\/www.gaveanews.com\/#\/schema\/person\/2ec14f73fb96be2caf28f91afb14749d"},"breadcrumb":{"@id":"https:\/\/www.gaveanews.com\/index.php\/2023\/01\/17\/novo-estadio-presidente-do-flamengo-abre-o-jogo-sobre-este-assunto\/#breadcrumb"},"inLanguage":"pt-BR","potentialAction":[{"@type":"ReadAction","target":["https:\/\/www.gaveanews.com\/index.php\/2023\/01\/17\/novo-estadio-presidente-do-flamengo-abre-o-jogo-sobre-este-assunto\/"]}]},{"@type":"ImageObject","inLanguage":"pt-BR","@id":"https:\/\/www.gaveanews.com\/index.php\/2023\/01\/17\/novo-estadio-presidente-do-flamengo-abre-o-jogo-sobre-este-assunto\/#primaryimage","url":"https:\/\/www.gaveanews.com\/wp-content\/uploads\/Rodolfo-Landim-em-entrevista-coletiva-no-Ninho-do-Urubu.webp","contentUrl":"https:\/\/www.gaveanews.com\/wp-content\/uploads\/Rodolfo-Landim-em-entrevista-coletiva-no-Ninho-do-Urubu.webp","width":799,"height":532,"caption":"Rodolfo Landim em entrevista coletiva no Ninho do Urubu (Foto: Alexandre Vidal\/Flamengo)"},{"@type":"BreadcrumbList","@id":"https:\/\/www.gaveanews.com\/index.php\/2023\/01\/17\/novo-estadio-presidente-do-flamengo-abre-o-jogo-sobre-este-assunto\/#breadcrumb","itemListElement":[{"@type":"ListItem","position":1,"name":"Home","item":"https:\/\/www.gaveanews.com\/"},{"@type":"ListItem","position":2,"name":"Novo est\u00e1dio? Presidente do Flamengo abre o jogo sobre este assunto"}]},{"@type":"WebSite","@id":"https:\/\/www.gaveanews.com\/#website","url":"https:\/\/www.gaveanews.com\/","name":"G\u00e1vea News","description":"Veja todas as not\u00edcias sobre o Flamengo: Contrata\u00e7\u00f5es, categorias de base, resultados das partidas, tabela de classifica\u00e7\u00e3o, pr\u00f3ximos jogos!","potentialAction":[{"@type":"SearchAction","target":{"@type":"EntryPoint","urlTemplate":"https:\/\/www.gaveanews.com\/?s={search_term_string}"},"query-input":{"@type":"PropertyValueSpecification","valueRequired":true,"valueName":"search_term_string"}}],"inLanguage":"pt-BR"},{"@type":"Person","@id":"https:\/\/www.gaveanews.com\/#\/schema\/person\/2ec14f73fb96be2caf28f91afb14749d","name":"Equipe G\u00e1vea News","image":{"@type":"ImageObject","inLanguage":"pt-BR","@id":"https:\/\/www.gaveanews.com\/#\/schema\/person\/image\/","url":"https:\/\/secure.gravatar.com\/avatar\/1e1956f1facbffd3f8fa53a326721950116b3b9dc9bd44939c01180fd4a745a9?s=96&d=mm&r=g","contentUrl":"https:\/\/secure.gravatar.com\/avatar\/1e1956f1facbffd3f8fa53a326721950116b3b9dc9bd44939c01180fd4a745a9?s=96&d=mm&r=g","caption":"Equipe G\u00e1vea News"}}]}},"_links":{"self":[{"href":"https:\/\/www.gaveanews.com\/index.php\/wp-json\/wp\/v2\/posts\/93221","targetHints":{"allow":["GET"]}}],"collection":[{"href":"https:\/\/www.gaveanews.com\/index.php\/wp-json\/wp\/v2\/posts"}],"about":[{"href":"https:\/\/www.gaveanews.com\/index.php\/wp-json\/wp\/v2\/types\/post"}],"author":[{"embeddable":true,"href":"https:\/\/www.gaveanews.com\/index.php\/wp-json\/wp\/v2\/users\/1"}],"replies":[{"embeddable":true,"href":"https:\/\/www.gaveanews.com\/index.php\/wp-json\/wp\/v2\/comments?post=93221"}],"version-history":[{"count":0,"href":"https:\/\/www.gaveanews.com\/index.php\/wp-json\/wp\/v2\/posts\/93221\/revisions"}],"wp:featuredmedia":[{"embeddable":true,"href":"https:\/\/www.gaveanews.com\/index.php\/wp-json\/wp\/v2\/media\/64406"}],"wp:attachment":[{"href":"https:\/\/www.gaveanews.com\/index.php\/wp-json\/wp\/v2\/media?parent=93221"}],"wp:term":[{"taxonomy":"category","embeddable":true,"href":"https:\/\/www.gaveanews.com\/index.php\/wp-json\/wp\/v2\/categories?post=93221"},{"taxonomy":"post_tag","embeddable":true,"href":"https:\/\/www.gaveanews.com\/index.php\/wp-json\/wp\/v2\/tags?post=93221"}],"curies":[{"name":"wp","href":"https:\/\/api.w.org\/{rel}","templated":true}]}}