{"id":93453,"date":"2023-01-23T13:58:36","date_gmt":"2023-01-23T16:58:36","guid":{"rendered":"https:\/\/www.gaveanews.com\/?p=93453"},"modified":"2023-01-23T13:58:38","modified_gmt":"2023-01-23T16:58:38","slug":"pedro-completa-tres-anos-de-flamengo-nesta-segunda-feira","status":"publish","type":"post","link":"https:\/\/www.gaveanews.com\/index.php\/2023\/01\/23\/pedro-completa-tres-anos-de-flamengo-nesta-segunda-feira\/","title":{"rendered":"Pedro completa tr\u00eas anos de Flamengo nesta segunda-feira"},"content":{"rendered":"\n<p>Um dos principais nomes do atual elenco, Pedro completa tr\u00eas anos de Flamengo nesta segunda-feira (23). No come\u00e7o de 2020, o atacante foi contratado por empr\u00e9stimo junto \u00e0 Fiorentina para refor\u00e7ar o Mais Querido, na \u00e9poca comandado por Jorge Jesus.<\/p>\n\n\n\n<p>Ao longo destes anos, o jogador viveu altos e baixos no Rubro-Negro, esperando um longo per\u00edodo at\u00e9 que recebesse mais oportunidades. A princ\u00edpio, era n\u00edtido o potencial do atleta no elenco, mas os primeiros t\u00e9cnicos com quem trabalhou no clube da G\u00e1vea n\u00e3o viam formas de utiliz\u00e1-lo junto a Gabigol.<\/p>\n\n\n\n<p>A hist\u00f3ria mudou em junho de 2022, quando Bruno Henrique sofreu uma grave les\u00e3o no joelho e Dorival J\u00fanior precisou criar alternativas para o ataque rubro-negro. O t\u00e9cnico acionou Pedro e encontrou uma forma de o escalar com Gabigol.<\/p>\n\n\n\n<p>Desde ent\u00e3o, o atacante vem em grande fase e exibe n\u00fameros impressionantes pelo Meng\u00e3o. Com 73 gols marcados, o novo camisa 9 da G\u00e1vea \u00e9 o terceiro maior artilheiro do clube no s\u00e9culo, atr\u00e1s somente de Gabigol (136) e Bruno Henrique (79).<\/p>\n\n\n\n<p>Pedro j\u00e1 disputou 164 partidas desde sua chegada ao Fla, acumulando 92 participa\u00e7\u00f5es em gols (73 marcados e 19 assist\u00eancias). O espet\u00e1culo proporcionado pelo atleta fez, inclusive, que ele voltasse ao radar da Sele\u00e7\u00e3o Brasileira, onde teve a oportunidade de participar da Copa do Mundo do Qatar.<\/p>\n\n\n\n<p>Aos 25 anos, o jogador desfruta do grande momento vivido pelo Flamengo e est\u00e1 garantido na equipe por um bom tempo. Seu atual contrato com o clube vai at\u00e9 dezembro de 2025.<\/p>\n","protected":false},"excerpt":{"rendered":"<p>Um dos principais nomes do atual elenco, Pedro completa tr\u00eas anos de Flamengo nesta segunda-feira (23). No come\u00e7o de 2020, o atacante foi contratado por empr\u00e9stimo junto \u00e0 Fiorentina para refor\u00e7ar o Mais Querido, na \u00e9poca comandado por Jorge Jesus. Ao longo destes anos, o jogador viveu altos e baixos no Rubro-Negro, esperando um longo [&hellip;]<\/p>\n","protected":false},"author":4,"featured_media":93441,"comment_status":"open","ping_status":"closed","sticky":false,"template":"","format":"standard","meta":{"footnotes":""},"categories":[1],"tags":[],"class_list":["post-93453","post","type-post","status-publish","format-standard","has-post-thumbnail","hentry","category-flamengo"],"yoast_head":"<!-- This site is optimized with the Yoast SEO Premium plugin v24.2 (Yoast SEO v26.9) - https:\/\/yoast.com\/product\/yoast-seo-premium-wordpress\/ -->\n<title>Pedro completa tr\u00eas anos de Flamengo nesta segunda-feira<\/title>\n<meta name=\"robots\" content=\"index, follow, max-snippet:-1, max-image-preview:large, max-video-preview:-1\" \/>\n<link rel=\"canonical\" href=\"https:\/\/www.gaveanews.com\/index.php\/2023\/01\/23\/pedro-completa-tres-anos-de-flamengo-nesta-segunda-feira\/\" \/>\n<meta property=\"og:locale\" content=\"pt_BR\" \/>\n<meta property=\"og:type\" content=\"article\" \/>\n<meta property=\"og:title\" content=\"Pedro completa tr\u00eas anos de Flamengo nesta segunda-feira\" \/>\n<meta property=\"og:description\" content=\"Um dos principais nomes do atual elenco, Pedro completa tr\u00eas anos de Flamengo nesta segunda-feira (23). No come\u00e7o de 2020, o atacante foi contratado por empr\u00e9stimo junto \u00e0 Fiorentina para refor\u00e7ar o Mais Querido, na \u00e9poca comandado por Jorge Jesus. Ao longo destes anos, o jogador viveu altos e baixos no Rubro-Negro, esperando um longo [&hellip;]\" \/>\n<meta property=\"og:url\" content=\"https:\/\/www.gaveanews.com\/index.php\/2023\/01\/23\/pedro-completa-tres-anos-de-flamengo-nesta-segunda-feira\/\" \/>\n<meta property=\"og:site_name\" content=\"G\u00e1vea News\" \/>\n<meta property=\"article:publisher\" content=\"https:\/\/facebook.com\/gaveaNews\/\" \/>\n<meta property=\"article:published_time\" content=\"2023-01-23T16:58:36+00:00\" \/>\n<meta property=\"article:modified_time\" content=\"2023-01-23T16:58:38+00:00\" \/>\n<meta property=\"og:image\" content=\"https:\/\/www.gaveanews.com\/wp-content\/uploads\/pedro-flamengo-campeonato-carioca.webp\" \/>\n\t<meta property=\"og:image:width\" content=\"680\" \/>\n\t<meta property=\"og:image:height\" content=\"452\" \/>\n\t<meta property=\"og:image:type\" content=\"image\/jpeg\" \/>\n<meta name=\"author\" content=\"Let\u00edcia Gerheim\" \/>\n<meta name=\"twitter:card\" content=\"summary_large_image\" \/>\n<meta name=\"twitter:label1\" content=\"Escrito por\" \/>\n\t<meta name=\"twitter:data1\" content=\"Let\u00edcia Gerheim\" \/>\n\t<meta name=\"twitter:label2\" content=\"Est. tempo de leitura\" \/>\n\t<meta name=\"twitter:data2\" content=\"2 minutos\" \/>\n<script type=\"application\/ld+json\" class=\"yoast-schema-graph\">{\"@context\":\"https:\/\/schema.org\",\"@graph\":[{\"@type\":\"NewsArticle\",\"@id\":\"https:\/\/www.gaveanews.com\/index.php\/2023\/01\/23\/pedro-completa-tres-anos-de-flamengo-nesta-segunda-feira\/#article\",\"isPartOf\":{\"@id\":\"https:\/\/www.gaveanews.com\/index.php\/2023\/01\/23\/pedro-completa-tres-anos-de-flamengo-nesta-segunda-feira\/\"},\"author\":{\"name\":\"Let\u00edcia Gerheim\",\"@id\":\"https:\/\/www.gaveanews.com\/#\/schema\/person\/714c67050b836198af2450ba1c142a67\"},\"headline\":\"Pedro completa tr\u00eas anos de Flamengo nesta segunda-feira\",\"datePublished\":\"2023-01-23T16:58:36+00:00\",\"dateModified\":\"2023-01-23T16:58:38+00:00\",\"mainEntityOfPage\":{\"@id\":\"https:\/\/www.gaveanews.com\/index.php\/2023\/01\/23\/pedro-completa-tres-anos-de-flamengo-nesta-segunda-feira\/\"},\"wordCount\":269,\"commentCount\":0,\"image\":{\"@id\":\"https:\/\/www.gaveanews.com\/index.php\/2023\/01\/23\/pedro-completa-tres-anos-de-flamengo-nesta-segunda-feira\/#primaryimage\"},\"thumbnailUrl\":\"https:\/\/www.gaveanews.com\/wp-content\/uploads\/pedro-flamengo-campeonato-carioca.webp\",\"articleSection\":[\"Flamengo\"],\"inLanguage\":\"pt-BR\",\"potentialAction\":[{\"@type\":\"CommentAction\",\"name\":\"Comment\",\"target\":[\"https:\/\/www.gaveanews.com\/index.php\/2023\/01\/23\/pedro-completa-tres-anos-de-flamengo-nesta-segunda-feira\/#respond\"]}],\"copyrightYear\":\"2023\",\"copyrightHolder\":{\"@id\":\"https:\/\/www.gaveanews.com\/#organization\"}},{\"@type\":\"WebPage\",\"@id\":\"https:\/\/www.gaveanews.com\/index.php\/2023\/01\/23\/pedro-completa-tres-anos-de-flamengo-nesta-segunda-feira\/\",\"url\":\"https:\/\/www.gaveanews.com\/index.php\/2023\/01\/23\/pedro-completa-tres-anos-de-flamengo-nesta-segunda-feira\/\",\"name\":\"Pedro completa tr\u00eas anos de Flamengo nesta segunda-feira\",\"isPartOf\":{\"@id\":\"https:\/\/www.gaveanews.com\/#website\"},\"primaryImageOfPage\":{\"@id\":\"https:\/\/www.gaveanews.com\/index.php\/2023\/01\/23\/pedro-completa-tres-anos-de-flamengo-nesta-segunda-feira\/#primaryimage\"},\"image\":{\"@id\":\"https:\/\/www.gaveanews.com\/index.php\/2023\/01\/23\/pedro-completa-tres-anos-de-flamengo-nesta-segunda-feira\/#primaryimage\"},\"thumbnailUrl\":\"https:\/\/www.gaveanews.com\/wp-content\/uploads\/pedro-flamengo-campeonato-carioca.webp\",\"datePublished\":\"2023-01-23T16:58:36+00:00\",\"dateModified\":\"2023-01-23T16:58:38+00:00\",\"author\":{\"@id\":\"https:\/\/www.gaveanews.com\/#\/schema\/person\/714c67050b836198af2450ba1c142a67\"},\"breadcrumb\":{\"@id\":\"https:\/\/www.gaveanews.com\/index.php\/2023\/01\/23\/pedro-completa-tres-anos-de-flamengo-nesta-segunda-feira\/#breadcrumb\"},\"inLanguage\":\"pt-BR\",\"potentialAction\":[{\"@type\":\"ReadAction\",\"target\":[\"https:\/\/www.gaveanews.com\/index.php\/2023\/01\/23\/pedro-completa-tres-anos-de-flamengo-nesta-segunda-feira\/\"]}]},{\"@type\":\"ImageObject\",\"inLanguage\":\"pt-BR\",\"@id\":\"https:\/\/www.gaveanews.com\/index.php\/2023\/01\/23\/pedro-completa-tres-anos-de-flamengo-nesta-segunda-feira\/#primaryimage\",\"url\":\"https:\/\/www.gaveanews.com\/wp-content\/uploads\/pedro-flamengo-campeonato-carioca.webp\",\"contentUrl\":\"https:\/\/www.gaveanews.com\/wp-content\/uploads\/pedro-flamengo-campeonato-carioca.webp\",\"width\":680,\"height\":452,\"caption\":\"Pedro em a\u00e7\u00e3o pelo Flamengo no Maracan\u00e3 (Foto: Marcelo Cortes\/Flamengo)\"},{\"@type\":\"BreadcrumbList\",\"@id\":\"https:\/\/www.gaveanews.com\/index.php\/2023\/01\/23\/pedro-completa-tres-anos-de-flamengo-nesta-segunda-feira\/#breadcrumb\",\"itemListElement\":[{\"@type\":\"ListItem\",\"position\":1,\"name\":\"Home\",\"item\":\"https:\/\/www.gaveanews.com\/\"},{\"@type\":\"ListItem\",\"position\":2,\"name\":\"Pedro completa tr\u00eas anos de Flamengo nesta segunda-feira\"}]},{\"@type\":\"WebSite\",\"@id\":\"https:\/\/www.gaveanews.com\/#website\",\"url\":\"https:\/\/www.gaveanews.com\/\",\"name\":\"G\u00e1vea News\",\"description\":\"Veja todas as not\u00edcias sobre o Flamengo: Contrata\u00e7\u00f5es, categorias de base, resultados das partidas, tabela de classifica\u00e7\u00e3o, pr\u00f3ximos jogos!\",\"potentialAction\":[{\"@type\":\"SearchAction\",\"target\":{\"@type\":\"EntryPoint\",\"urlTemplate\":\"https:\/\/www.gaveanews.com\/?s={search_term_string}\"},\"query-input\":{\"@type\":\"PropertyValueSpecification\",\"valueRequired\":true,\"valueName\":\"search_term_string\"}}],\"inLanguage\":\"pt-BR\"},{\"@type\":\"Person\",\"@id\":\"https:\/\/www.gaveanews.com\/#\/schema\/person\/714c67050b836198af2450ba1c142a67\",\"name\":\"Let\u00edcia Gerheim\",\"image\":{\"@type\":\"ImageObject\",\"inLanguage\":\"pt-BR\",\"@id\":\"https:\/\/www.gaveanews.com\/#\/schema\/person\/image\/\",\"url\":\"https:\/\/secure.gravatar.com\/avatar\/60734739c50fcebfbac509e2a826ccd0ff405c019bc73aab9354f19ecad1dcb4?s=96&d=mm&r=g\",\"contentUrl\":\"https:\/\/secure.gravatar.com\/avatar\/60734739c50fcebfbac509e2a826ccd0ff405c019bc73aab9354f19ecad1dcb4?s=96&d=mm&r=g\",\"caption\":\"Let\u00edcia Gerheim\"}}]}<\/script>\n<!-- \/ Yoast SEO Premium plugin. -->","yoast_head_json":{"title":"Pedro completa tr\u00eas anos de Flamengo nesta segunda-feira","robots":{"index":"index","follow":"follow","max-snippet":"max-snippet:-1","max-image-preview":"max-image-preview:large","max-video-preview":"max-video-preview:-1"},"canonical":"https:\/\/www.gaveanews.com\/index.php\/2023\/01\/23\/pedro-completa-tres-anos-de-flamengo-nesta-segunda-feira\/","og_locale":"pt_BR","og_type":"article","og_title":"Pedro completa tr\u00eas anos de Flamengo nesta segunda-feira","og_description":"Um dos principais nomes do atual elenco, Pedro completa tr\u00eas anos de Flamengo nesta segunda-feira (23). No come\u00e7o de 2020, o atacante foi contratado por empr\u00e9stimo junto \u00e0 Fiorentina para refor\u00e7ar o Mais Querido, na \u00e9poca comandado por Jorge Jesus. Ao longo destes anos, o jogador viveu altos e baixos no Rubro-Negro, esperando um longo [&hellip;]","og_url":"https:\/\/www.gaveanews.com\/index.php\/2023\/01\/23\/pedro-completa-tres-anos-de-flamengo-nesta-segunda-feira\/","og_site_name":"G\u00e1vea News","article_publisher":"https:\/\/facebook.com\/gaveaNews\/","article_published_time":"2023-01-23T16:58:36+00:00","article_modified_time":"2023-01-23T16:58:38+00:00","og_image":[{"width":680,"height":452,"url":"https:\/\/www.gaveanews.com\/wp-content\/uploads\/pedro-flamengo-campeonato-carioca.webp","type":"image\/jpeg"}],"author":"Let\u00edcia Gerheim","twitter_card":"summary_large_image","twitter_misc":{"Escrito por":"Let\u00edcia Gerheim","Est. tempo de leitura":"2 minutos"},"schema":{"@context":"https:\/\/schema.org","@graph":[{"@type":"NewsArticle","@id":"https:\/\/www.gaveanews.com\/index.php\/2023\/01\/23\/pedro-completa-tres-anos-de-flamengo-nesta-segunda-feira\/#article","isPartOf":{"@id":"https:\/\/www.gaveanews.com\/index.php\/2023\/01\/23\/pedro-completa-tres-anos-de-flamengo-nesta-segunda-feira\/"},"author":{"name":"Let\u00edcia Gerheim","@id":"https:\/\/www.gaveanews.com\/#\/schema\/person\/714c67050b836198af2450ba1c142a67"},"headline":"Pedro completa tr\u00eas anos de Flamengo nesta segunda-feira","datePublished":"2023-01-23T16:58:36+00:00","dateModified":"2023-01-23T16:58:38+00:00","mainEntityOfPage":{"@id":"https:\/\/www.gaveanews.com\/index.php\/2023\/01\/23\/pedro-completa-tres-anos-de-flamengo-nesta-segunda-feira\/"},"wordCount":269,"commentCount":0,"image":{"@id":"https:\/\/www.gaveanews.com\/index.php\/2023\/01\/23\/pedro-completa-tres-anos-de-flamengo-nesta-segunda-feira\/#primaryimage"},"thumbnailUrl":"https:\/\/www.gaveanews.com\/wp-content\/uploads\/pedro-flamengo-campeonato-carioca.webp","articleSection":["Flamengo"],"inLanguage":"pt-BR","potentialAction":[{"@type":"CommentAction","name":"Comment","target":["https:\/\/www.gaveanews.com\/index.php\/2023\/01\/23\/pedro-completa-tres-anos-de-flamengo-nesta-segunda-feira\/#respond"]}],"copyrightYear":"2023","copyrightHolder":{"@id":"https:\/\/www.gaveanews.com\/#organization"}},{"@type":"WebPage","@id":"https:\/\/www.gaveanews.com\/index.php\/2023\/01\/23\/pedro-completa-tres-anos-de-flamengo-nesta-segunda-feira\/","url":"https:\/\/www.gaveanews.com\/index.php\/2023\/01\/23\/pedro-completa-tres-anos-de-flamengo-nesta-segunda-feira\/","name":"Pedro completa tr\u00eas anos de Flamengo nesta segunda-feira","isPartOf":{"@id":"https:\/\/www.gaveanews.com\/#website"},"primaryImageOfPage":{"@id":"https:\/\/www.gaveanews.com\/index.php\/2023\/01\/23\/pedro-completa-tres-anos-de-flamengo-nesta-segunda-feira\/#primaryimage"},"image":{"@id":"https:\/\/www.gaveanews.com\/index.php\/2023\/01\/23\/pedro-completa-tres-anos-de-flamengo-nesta-segunda-feira\/#primaryimage"},"thumbnailUrl":"https:\/\/www.gaveanews.com\/wp-content\/uploads\/pedro-flamengo-campeonato-carioca.webp","datePublished":"2023-01-23T16:58:36+00:00","dateModified":"2023-01-23T16:58:38+00:00","author":{"@id":"https:\/\/www.gaveanews.com\/#\/schema\/person\/714c67050b836198af2450ba1c142a67"},"breadcrumb":{"@id":"https:\/\/www.gaveanews.com\/index.php\/2023\/01\/23\/pedro-completa-tres-anos-de-flamengo-nesta-segunda-feira\/#breadcrumb"},"inLanguage":"pt-BR","potentialAction":[{"@type":"ReadAction","target":["https:\/\/www.gaveanews.com\/index.php\/2023\/01\/23\/pedro-completa-tres-anos-de-flamengo-nesta-segunda-feira\/"]}]},{"@type":"ImageObject","inLanguage":"pt-BR","@id":"https:\/\/www.gaveanews.com\/index.php\/2023\/01\/23\/pedro-completa-tres-anos-de-flamengo-nesta-segunda-feira\/#primaryimage","url":"https:\/\/www.gaveanews.com\/wp-content\/uploads\/pedro-flamengo-campeonato-carioca.webp","contentUrl":"https:\/\/www.gaveanews.com\/wp-content\/uploads\/pedro-flamengo-campeonato-carioca.webp","width":680,"height":452,"caption":"Pedro em a\u00e7\u00e3o pelo Flamengo no Maracan\u00e3 (Foto: Marcelo Cortes\/Flamengo)"},{"@type":"BreadcrumbList","@id":"https:\/\/www.gaveanews.com\/index.php\/2023\/01\/23\/pedro-completa-tres-anos-de-flamengo-nesta-segunda-feira\/#breadcrumb","itemListElement":[{"@type":"ListItem","position":1,"name":"Home","item":"https:\/\/www.gaveanews.com\/"},{"@type":"ListItem","position":2,"name":"Pedro completa tr\u00eas anos de Flamengo nesta segunda-feira"}]},{"@type":"WebSite","@id":"https:\/\/www.gaveanews.com\/#website","url":"https:\/\/www.gaveanews.com\/","name":"G\u00e1vea News","description":"Veja todas as not\u00edcias sobre o Flamengo: Contrata\u00e7\u00f5es, categorias de base, resultados das partidas, tabela de classifica\u00e7\u00e3o, pr\u00f3ximos jogos!","potentialAction":[{"@type":"SearchAction","target":{"@type":"EntryPoint","urlTemplate":"https:\/\/www.gaveanews.com\/?s={search_term_string}"},"query-input":{"@type":"PropertyValueSpecification","valueRequired":true,"valueName":"search_term_string"}}],"inLanguage":"pt-BR"},{"@type":"Person","@id":"https:\/\/www.gaveanews.com\/#\/schema\/person\/714c67050b836198af2450ba1c142a67","name":"Let\u00edcia Gerheim","image":{"@type":"ImageObject","inLanguage":"pt-BR","@id":"https:\/\/www.gaveanews.com\/#\/schema\/person\/image\/","url":"https:\/\/secure.gravatar.com\/avatar\/60734739c50fcebfbac509e2a826ccd0ff405c019bc73aab9354f19ecad1dcb4?s=96&d=mm&r=g","contentUrl":"https:\/\/secure.gravatar.com\/avatar\/60734739c50fcebfbac509e2a826ccd0ff405c019bc73aab9354f19ecad1dcb4?s=96&d=mm&r=g","caption":"Let\u00edcia Gerheim"}}]}},"_links":{"self":[{"href":"https:\/\/www.gaveanews.com\/index.php\/wp-json\/wp\/v2\/posts\/93453","targetHints":{"allow":["GET"]}}],"collection":[{"href":"https:\/\/www.gaveanews.com\/index.php\/wp-json\/wp\/v2\/posts"}],"about":[{"href":"https:\/\/www.gaveanews.com\/index.php\/wp-json\/wp\/v2\/types\/post"}],"author":[{"embeddable":true,"href":"https:\/\/www.gaveanews.com\/index.php\/wp-json\/wp\/v2\/users\/4"}],"replies":[{"embeddable":true,"href":"https:\/\/www.gaveanews.com\/index.php\/wp-json\/wp\/v2\/comments?post=93453"}],"version-history":[{"count":0,"href":"https:\/\/www.gaveanews.com\/index.php\/wp-json\/wp\/v2\/posts\/93453\/revisions"}],"wp:featuredmedia":[{"embeddable":true,"href":"https:\/\/www.gaveanews.com\/index.php\/wp-json\/wp\/v2\/media\/93441"}],"wp:attachment":[{"href":"https:\/\/www.gaveanews.com\/index.php\/wp-json\/wp\/v2\/media?parent=93453"}],"wp:term":[{"taxonomy":"category","embeddable":true,"href":"https:\/\/www.gaveanews.com\/index.php\/wp-json\/wp\/v2\/categories?post=93453"},{"taxonomy":"post_tag","embeddable":true,"href":"https:\/\/www.gaveanews.com\/index.php\/wp-json\/wp\/v2\/tags?post=93453"}],"curies":[{"name":"wp","href":"https:\/\/api.w.org\/{rel}","templated":true}]}}