{"id":93457,"date":"2023-01-23T15:06:44","date_gmt":"2023-01-23T18:06:44","guid":{"rendered":"https:\/\/www.gaveanews.com\/?p=93457"},"modified":"2023-01-23T15:06:46","modified_gmt":"2023-01-23T18:06:46","slug":"pedro-e-o-jogador-da-serie-a-com-mais-participacoes-em-gols-na-temporada-2023","status":"publish","type":"post","link":"https:\/\/www.gaveanews.com\/index.php\/2023\/01\/23\/pedro-e-o-jogador-da-serie-a-com-mais-participacoes-em-gols-na-temporada-2023\/","title":{"rendered":"Pedro \u00e9 o jogador da s\u00e9rie A com mais participa\u00e7\u00f5es em gols na temporada 2023"},"content":{"rendered":"\n<p>O camisa 9 rubro-negro Pedro, marcou duas vezes na \u00faltima partida do Flamengo, contra o Nova Igua\u00e7u, quando o time da g\u00e1vea fez 5\u00d70 no advers\u00e1rio. Com o feito diante o o atacante se tornou o jogador de equipes da S\u00e9rie A com mais participa\u00e7\u00f5es em gols na temporada.<\/p>\n\n\n\n<p>No total, o jogador atuou em 3 partidas na temporada. Contudo, foram anotados 3 tentos e duas assist\u00eancias. Veja outras estat\u00edticas do camisa 9 rubro-negro:<\/p>\n\n\n\n<figure class=\"wp-block-embed is-type-rich is-provider-twitter wp-block-embed-twitter\"><div class=\"wp-block-embed__wrapper\">\n<blockquote class=\"twitter-tweet\" data-width=\"550\" data-dnt=\"true\"><p lang=\"pt\" dir=\"ltr\">\ud83d\udd0e Pedro (25 anos) \u00e9 o jogador da S\u00e9rie A com mais participa\u00e7\u00f5es em gols na temporada 2023 (ao lado de Pablo). \ud83d\udd25\ud83d\udd25<br><br>\u2694\ufe0f 3 jogos<br>\u26bd\ufe0f 3 gols (!)<br>\ud83c\udd70\ufe0f 2 assist\u00eancias<br>\u23f0 45 mins p\/ participar de gol (!)<br>\ud83d\udc5f 9 chutes (6 no gol)<br>\u2611\ufe0f 67% pontaria no chute (!)<br>\ud83c\udfaf 3.0 chutes p\/ marcar gol (!) <a href=\"https:\/\/t.co\/EBlTyf2BlU\">pic.twitter.com\/EBlTyf2BlU<\/a><\/p>&mdash; Sofascore Brazil (@SofascoreBR) <a href=\"https:\/\/twitter.com\/SofascoreBR\/status\/1617538328517283841?ref_src=twsrc%5Etfw\">January 23, 2023<\/a><\/blockquote><script async src=\"https:\/\/platform.twitter.com\/widgets.js\" charset=\"utf-8\"><\/script>\n<\/div><\/figure>\n\n\n\n<p>Vale lembrar que nesse dia 23, faz exatos 3 anos do an\u00fancio de Pedro pelo Flamengo. Inicialmente vindo de empr\u00e9stimo junto a Fiorentina da It\u00e1lia, o clube carioca exerceu direito de compra e pagou 4 milh\u00f5es de euros (cerca de R$ 87 milh\u00f5es \u00e0 \u00e9poca) para contar com Pedro at\u00e9 2025.<\/p>\n\n\n\n<p>Retirado de: Di\u00e1rio do Fla<\/p>\n","protected":false},"excerpt":{"rendered":"<p>O camisa 9 rubro-negro Pedro, marcou duas vezes na \u00faltima partida do Flamengo, contra o Nova Igua\u00e7u, quando o time da g\u00e1vea fez 5\u00d70 no advers\u00e1rio. Com o feito diante o o atacante se tornou o jogador de equipes da S\u00e9rie A com mais participa\u00e7\u00f5es em gols na temporada. No total, o jogador atuou em [&hellip;]<\/p>\n","protected":false},"author":1,"featured_media":85139,"comment_status":"open","ping_status":"closed","sticky":false,"template":"","format":"standard","meta":{"footnotes":""},"categories":[1],"tags":[],"class_list":["post-93457","post","type-post","status-publish","format-standard","has-post-thumbnail","hentry","category-flamengo"],"yoast_head":"<!-- This site is optimized with the Yoast SEO Premium plugin v24.2 (Yoast SEO v26.9) - https:\/\/yoast.com\/product\/yoast-seo-premium-wordpress\/ -->\n<title>Pedro \u00e9 o jogador da s\u00e9rie A com mais participa\u00e7\u00f5es em gols na temporada 2023<\/title>\n<meta name=\"robots\" content=\"index, follow, max-snippet:-1, max-image-preview:large, max-video-preview:-1\" \/>\n<link rel=\"canonical\" href=\"https:\/\/www.gaveanews.com\/index.php\/2023\/01\/23\/pedro-e-o-jogador-da-serie-a-com-mais-participacoes-em-gols-na-temporada-2023\/\" \/>\n<meta property=\"og:locale\" content=\"pt_BR\" \/>\n<meta property=\"og:type\" content=\"article\" \/>\n<meta property=\"og:title\" content=\"Pedro \u00e9 o jogador da s\u00e9rie A com mais participa\u00e7\u00f5es em gols na temporada 2023\" \/>\n<meta property=\"og:description\" content=\"O camisa 9 rubro-negro Pedro, marcou duas vezes na \u00faltima partida do Flamengo, contra o Nova Igua\u00e7u, quando o time da g\u00e1vea fez 5\u00d70 no advers\u00e1rio. Com o feito diante o o atacante se tornou o jogador de equipes da S\u00e9rie A com mais participa\u00e7\u00f5es em gols na temporada. No total, o jogador atuou em [&hellip;]\" \/>\n<meta property=\"og:url\" content=\"https:\/\/www.gaveanews.com\/index.php\/2023\/01\/23\/pedro-e-o-jogador-da-serie-a-com-mais-participacoes-em-gols-na-temporada-2023\/\" \/>\n<meta property=\"og:site_name\" content=\"G\u00e1vea News\" \/>\n<meta property=\"article:publisher\" content=\"https:\/\/facebook.com\/gaveaNews\/\" \/>\n<meta property=\"article:published_time\" content=\"2023-01-23T18:06:44+00:00\" \/>\n<meta property=\"article:modified_time\" content=\"2023-01-23T18:06:46+00:00\" \/>\n<meta property=\"og:image\" content=\"https:\/\/www.gaveanews.com\/wp-content\/uploads\/Pedro-em-acao-pelo-Flamengo-durante-o-jogo-contra-o-Avai-pelo-Campeonato-Brasileiro-de-2022.webp\" \/>\n\t<meta property=\"og:image:width\" content=\"799\" \/>\n\t<meta property=\"og:image:height\" content=\"533\" \/>\n\t<meta property=\"og:image:type\" content=\"image\/jpeg\" \/>\n<meta name=\"author\" content=\"Equipe G\u00e1vea News\" \/>\n<meta name=\"twitter:card\" content=\"summary_large_image\" \/>\n<meta name=\"twitter:label1\" content=\"Escrito por\" \/>\n\t<meta name=\"twitter:data1\" content=\"Equipe G\u00e1vea News\" \/>\n\t<meta name=\"twitter:label2\" content=\"Est. tempo de leitura\" \/>\n\t<meta name=\"twitter:data2\" content=\"1 minuto\" \/>\n<script type=\"application\/ld+json\" class=\"yoast-schema-graph\">{\"@context\":\"https:\/\/schema.org\",\"@graph\":[{\"@type\":\"NewsArticle\",\"@id\":\"https:\/\/www.gaveanews.com\/index.php\/2023\/01\/23\/pedro-e-o-jogador-da-serie-a-com-mais-participacoes-em-gols-na-temporada-2023\/#article\",\"isPartOf\":{\"@id\":\"https:\/\/www.gaveanews.com\/index.php\/2023\/01\/23\/pedro-e-o-jogador-da-serie-a-com-mais-participacoes-em-gols-na-temporada-2023\/\"},\"author\":{\"name\":\"Equipe G\u00e1vea News\",\"@id\":\"https:\/\/www.gaveanews.com\/#\/schema\/person\/2ec14f73fb96be2caf28f91afb14749d\"},\"headline\":\"Pedro \u00e9 o jogador da s\u00e9rie A com mais participa\u00e7\u00f5es em gols na temporada 2023\",\"datePublished\":\"2023-01-23T18:06:44+00:00\",\"dateModified\":\"2023-01-23T18:06:46+00:00\",\"mainEntityOfPage\":{\"@id\":\"https:\/\/www.gaveanews.com\/index.php\/2023\/01\/23\/pedro-e-o-jogador-da-serie-a-com-mais-participacoes-em-gols-na-temporada-2023\/\"},\"wordCount\":152,\"commentCount\":0,\"image\":{\"@id\":\"https:\/\/www.gaveanews.com\/index.php\/2023\/01\/23\/pedro-e-o-jogador-da-serie-a-com-mais-participacoes-em-gols-na-temporada-2023\/#primaryimage\"},\"thumbnailUrl\":\"https:\/\/www.gaveanews.com\/wp-content\/uploads\/Pedro-em-acao-pelo-Flamengo-durante-o-jogo-contra-o-Avai-pelo-Campeonato-Brasileiro-de-2022.webp\",\"articleSection\":[\"Flamengo\"],\"inLanguage\":\"pt-BR\",\"potentialAction\":[{\"@type\":\"CommentAction\",\"name\":\"Comment\",\"target\":[\"https:\/\/www.gaveanews.com\/index.php\/2023\/01\/23\/pedro-e-o-jogador-da-serie-a-com-mais-participacoes-em-gols-na-temporada-2023\/#respond\"]}],\"copyrightYear\":\"2023\",\"copyrightHolder\":{\"@id\":\"https:\/\/www.gaveanews.com\/#organization\"}},{\"@type\":\"WebPage\",\"@id\":\"https:\/\/www.gaveanews.com\/index.php\/2023\/01\/23\/pedro-e-o-jogador-da-serie-a-com-mais-participacoes-em-gols-na-temporada-2023\/\",\"url\":\"https:\/\/www.gaveanews.com\/index.php\/2023\/01\/23\/pedro-e-o-jogador-da-serie-a-com-mais-participacoes-em-gols-na-temporada-2023\/\",\"name\":\"Pedro \u00e9 o jogador da s\u00e9rie A com mais participa\u00e7\u00f5es em gols na temporada 2023\",\"isPartOf\":{\"@id\":\"https:\/\/www.gaveanews.com\/#website\"},\"primaryImageOfPage\":{\"@id\":\"https:\/\/www.gaveanews.com\/index.php\/2023\/01\/23\/pedro-e-o-jogador-da-serie-a-com-mais-participacoes-em-gols-na-temporada-2023\/#primaryimage\"},\"image\":{\"@id\":\"https:\/\/www.gaveanews.com\/index.php\/2023\/01\/23\/pedro-e-o-jogador-da-serie-a-com-mais-participacoes-em-gols-na-temporada-2023\/#primaryimage\"},\"thumbnailUrl\":\"https:\/\/www.gaveanews.com\/wp-content\/uploads\/Pedro-em-acao-pelo-Flamengo-durante-o-jogo-contra-o-Avai-pelo-Campeonato-Brasileiro-de-2022.webp\",\"datePublished\":\"2023-01-23T18:06:44+00:00\",\"dateModified\":\"2023-01-23T18:06:46+00:00\",\"author\":{\"@id\":\"https:\/\/www.gaveanews.com\/#\/schema\/person\/2ec14f73fb96be2caf28f91afb14749d\"},\"breadcrumb\":{\"@id\":\"https:\/\/www.gaveanews.com\/index.php\/2023\/01\/23\/pedro-e-o-jogador-da-serie-a-com-mais-participacoes-em-gols-na-temporada-2023\/#breadcrumb\"},\"inLanguage\":\"pt-BR\",\"potentialAction\":[{\"@type\":\"ReadAction\",\"target\":[\"https:\/\/www.gaveanews.com\/index.php\/2023\/01\/23\/pedro-e-o-jogador-da-serie-a-com-mais-participacoes-em-gols-na-temporada-2023\/\"]}]},{\"@type\":\"ImageObject\",\"inLanguage\":\"pt-BR\",\"@id\":\"https:\/\/www.gaveanews.com\/index.php\/2023\/01\/23\/pedro-e-o-jogador-da-serie-a-com-mais-participacoes-em-gols-na-temporada-2023\/#primaryimage\",\"url\":\"https:\/\/www.gaveanews.com\/wp-content\/uploads\/Pedro-em-acao-pelo-Flamengo-durante-o-jogo-contra-o-Avai-pelo-Campeonato-Brasileiro-de-2022.webp\",\"contentUrl\":\"https:\/\/www.gaveanews.com\/wp-content\/uploads\/Pedro-em-acao-pelo-Flamengo-durante-o-jogo-contra-o-Avai-pelo-Campeonato-Brasileiro-de-2022.webp\",\"width\":799,\"height\":533,\"caption\":\"Pedro em a\u00e7\u00e3o pelo Flamengo durante o jogo contra o Ava\u00ed pelo Campeonato Brasileiro de 2022 (Foto: Gilvan de Souza\/Flamengo)\"},{\"@type\":\"BreadcrumbList\",\"@id\":\"https:\/\/www.gaveanews.com\/index.php\/2023\/01\/23\/pedro-e-o-jogador-da-serie-a-com-mais-participacoes-em-gols-na-temporada-2023\/#breadcrumb\",\"itemListElement\":[{\"@type\":\"ListItem\",\"position\":1,\"name\":\"Home\",\"item\":\"https:\/\/www.gaveanews.com\/\"},{\"@type\":\"ListItem\",\"position\":2,\"name\":\"Pedro \u00e9 o jogador da s\u00e9rie A com mais participa\u00e7\u00f5es em gols na temporada 2023\"}]},{\"@type\":\"WebSite\",\"@id\":\"https:\/\/www.gaveanews.com\/#website\",\"url\":\"https:\/\/www.gaveanews.com\/\",\"name\":\"G\u00e1vea News\",\"description\":\"Veja todas as not\u00edcias sobre o Flamengo: Contrata\u00e7\u00f5es, categorias de base, resultados das partidas, tabela de classifica\u00e7\u00e3o, pr\u00f3ximos jogos!\",\"potentialAction\":[{\"@type\":\"SearchAction\",\"target\":{\"@type\":\"EntryPoint\",\"urlTemplate\":\"https:\/\/www.gaveanews.com\/?s={search_term_string}\"},\"query-input\":{\"@type\":\"PropertyValueSpecification\",\"valueRequired\":true,\"valueName\":\"search_term_string\"}}],\"inLanguage\":\"pt-BR\"},{\"@type\":\"Person\",\"@id\":\"https:\/\/www.gaveanews.com\/#\/schema\/person\/2ec14f73fb96be2caf28f91afb14749d\",\"name\":\"Equipe G\u00e1vea News\",\"image\":{\"@type\":\"ImageObject\",\"inLanguage\":\"pt-BR\",\"@id\":\"https:\/\/www.gaveanews.com\/#\/schema\/person\/image\/\",\"url\":\"https:\/\/secure.gravatar.com\/avatar\/1e1956f1facbffd3f8fa53a326721950116b3b9dc9bd44939c01180fd4a745a9?s=96&d=mm&r=g\",\"contentUrl\":\"https:\/\/secure.gravatar.com\/avatar\/1e1956f1facbffd3f8fa53a326721950116b3b9dc9bd44939c01180fd4a745a9?s=96&d=mm&r=g\",\"caption\":\"Equipe G\u00e1vea News\"}}]}<\/script>\n<!-- \/ Yoast SEO Premium plugin. -->","yoast_head_json":{"title":"Pedro \u00e9 o jogador da s\u00e9rie A com mais participa\u00e7\u00f5es em gols na temporada 2023","robots":{"index":"index","follow":"follow","max-snippet":"max-snippet:-1","max-image-preview":"max-image-preview:large","max-video-preview":"max-video-preview:-1"},"canonical":"https:\/\/www.gaveanews.com\/index.php\/2023\/01\/23\/pedro-e-o-jogador-da-serie-a-com-mais-participacoes-em-gols-na-temporada-2023\/","og_locale":"pt_BR","og_type":"article","og_title":"Pedro \u00e9 o jogador da s\u00e9rie A com mais participa\u00e7\u00f5es em gols na temporada 2023","og_description":"O camisa 9 rubro-negro Pedro, marcou duas vezes na \u00faltima partida do Flamengo, contra o Nova Igua\u00e7u, quando o time da g\u00e1vea fez 5\u00d70 no advers\u00e1rio. Com o feito diante o o atacante se tornou o jogador de equipes da S\u00e9rie A com mais participa\u00e7\u00f5es em gols na temporada. No total, o jogador atuou em [&hellip;]","og_url":"https:\/\/www.gaveanews.com\/index.php\/2023\/01\/23\/pedro-e-o-jogador-da-serie-a-com-mais-participacoes-em-gols-na-temporada-2023\/","og_site_name":"G\u00e1vea News","article_publisher":"https:\/\/facebook.com\/gaveaNews\/","article_published_time":"2023-01-23T18:06:44+00:00","article_modified_time":"2023-01-23T18:06:46+00:00","og_image":[{"width":799,"height":533,"url":"https:\/\/www.gaveanews.com\/wp-content\/uploads\/Pedro-em-acao-pelo-Flamengo-durante-o-jogo-contra-o-Avai-pelo-Campeonato-Brasileiro-de-2022.webp","type":"image\/jpeg"}],"author":"Equipe G\u00e1vea News","twitter_card":"summary_large_image","twitter_misc":{"Escrito por":"Equipe G\u00e1vea News","Est. tempo de leitura":"1 minuto"},"schema":{"@context":"https:\/\/schema.org","@graph":[{"@type":"NewsArticle","@id":"https:\/\/www.gaveanews.com\/index.php\/2023\/01\/23\/pedro-e-o-jogador-da-serie-a-com-mais-participacoes-em-gols-na-temporada-2023\/#article","isPartOf":{"@id":"https:\/\/www.gaveanews.com\/index.php\/2023\/01\/23\/pedro-e-o-jogador-da-serie-a-com-mais-participacoes-em-gols-na-temporada-2023\/"},"author":{"name":"Equipe G\u00e1vea News","@id":"https:\/\/www.gaveanews.com\/#\/schema\/person\/2ec14f73fb96be2caf28f91afb14749d"},"headline":"Pedro \u00e9 o jogador da s\u00e9rie A com mais participa\u00e7\u00f5es em gols na temporada 2023","datePublished":"2023-01-23T18:06:44+00:00","dateModified":"2023-01-23T18:06:46+00:00","mainEntityOfPage":{"@id":"https:\/\/www.gaveanews.com\/index.php\/2023\/01\/23\/pedro-e-o-jogador-da-serie-a-com-mais-participacoes-em-gols-na-temporada-2023\/"},"wordCount":152,"commentCount":0,"image":{"@id":"https:\/\/www.gaveanews.com\/index.php\/2023\/01\/23\/pedro-e-o-jogador-da-serie-a-com-mais-participacoes-em-gols-na-temporada-2023\/#primaryimage"},"thumbnailUrl":"https:\/\/www.gaveanews.com\/wp-content\/uploads\/Pedro-em-acao-pelo-Flamengo-durante-o-jogo-contra-o-Avai-pelo-Campeonato-Brasileiro-de-2022.webp","articleSection":["Flamengo"],"inLanguage":"pt-BR","potentialAction":[{"@type":"CommentAction","name":"Comment","target":["https:\/\/www.gaveanews.com\/index.php\/2023\/01\/23\/pedro-e-o-jogador-da-serie-a-com-mais-participacoes-em-gols-na-temporada-2023\/#respond"]}],"copyrightYear":"2023","copyrightHolder":{"@id":"https:\/\/www.gaveanews.com\/#organization"}},{"@type":"WebPage","@id":"https:\/\/www.gaveanews.com\/index.php\/2023\/01\/23\/pedro-e-o-jogador-da-serie-a-com-mais-participacoes-em-gols-na-temporada-2023\/","url":"https:\/\/www.gaveanews.com\/index.php\/2023\/01\/23\/pedro-e-o-jogador-da-serie-a-com-mais-participacoes-em-gols-na-temporada-2023\/","name":"Pedro \u00e9 o jogador da s\u00e9rie A com mais participa\u00e7\u00f5es em gols na temporada 2023","isPartOf":{"@id":"https:\/\/www.gaveanews.com\/#website"},"primaryImageOfPage":{"@id":"https:\/\/www.gaveanews.com\/index.php\/2023\/01\/23\/pedro-e-o-jogador-da-serie-a-com-mais-participacoes-em-gols-na-temporada-2023\/#primaryimage"},"image":{"@id":"https:\/\/www.gaveanews.com\/index.php\/2023\/01\/23\/pedro-e-o-jogador-da-serie-a-com-mais-participacoes-em-gols-na-temporada-2023\/#primaryimage"},"thumbnailUrl":"https:\/\/www.gaveanews.com\/wp-content\/uploads\/Pedro-em-acao-pelo-Flamengo-durante-o-jogo-contra-o-Avai-pelo-Campeonato-Brasileiro-de-2022.webp","datePublished":"2023-01-23T18:06:44+00:00","dateModified":"2023-01-23T18:06:46+00:00","author":{"@id":"https:\/\/www.gaveanews.com\/#\/schema\/person\/2ec14f73fb96be2caf28f91afb14749d"},"breadcrumb":{"@id":"https:\/\/www.gaveanews.com\/index.php\/2023\/01\/23\/pedro-e-o-jogador-da-serie-a-com-mais-participacoes-em-gols-na-temporada-2023\/#breadcrumb"},"inLanguage":"pt-BR","potentialAction":[{"@type":"ReadAction","target":["https:\/\/www.gaveanews.com\/index.php\/2023\/01\/23\/pedro-e-o-jogador-da-serie-a-com-mais-participacoes-em-gols-na-temporada-2023\/"]}]},{"@type":"ImageObject","inLanguage":"pt-BR","@id":"https:\/\/www.gaveanews.com\/index.php\/2023\/01\/23\/pedro-e-o-jogador-da-serie-a-com-mais-participacoes-em-gols-na-temporada-2023\/#primaryimage","url":"https:\/\/www.gaveanews.com\/wp-content\/uploads\/Pedro-em-acao-pelo-Flamengo-durante-o-jogo-contra-o-Avai-pelo-Campeonato-Brasileiro-de-2022.webp","contentUrl":"https:\/\/www.gaveanews.com\/wp-content\/uploads\/Pedro-em-acao-pelo-Flamengo-durante-o-jogo-contra-o-Avai-pelo-Campeonato-Brasileiro-de-2022.webp","width":799,"height":533,"caption":"Pedro em a\u00e7\u00e3o pelo Flamengo durante o jogo contra o Ava\u00ed pelo Campeonato Brasileiro de 2022 (Foto: Gilvan de Souza\/Flamengo)"},{"@type":"BreadcrumbList","@id":"https:\/\/www.gaveanews.com\/index.php\/2023\/01\/23\/pedro-e-o-jogador-da-serie-a-com-mais-participacoes-em-gols-na-temporada-2023\/#breadcrumb","itemListElement":[{"@type":"ListItem","position":1,"name":"Home","item":"https:\/\/www.gaveanews.com\/"},{"@type":"ListItem","position":2,"name":"Pedro \u00e9 o jogador da s\u00e9rie A com mais participa\u00e7\u00f5es em gols na temporada 2023"}]},{"@type":"WebSite","@id":"https:\/\/www.gaveanews.com\/#website","url":"https:\/\/www.gaveanews.com\/","name":"G\u00e1vea News","description":"Veja todas as not\u00edcias sobre o Flamengo: Contrata\u00e7\u00f5es, categorias de base, resultados das partidas, tabela de classifica\u00e7\u00e3o, pr\u00f3ximos jogos!","potentialAction":[{"@type":"SearchAction","target":{"@type":"EntryPoint","urlTemplate":"https:\/\/www.gaveanews.com\/?s={search_term_string}"},"query-input":{"@type":"PropertyValueSpecification","valueRequired":true,"valueName":"search_term_string"}}],"inLanguage":"pt-BR"},{"@type":"Person","@id":"https:\/\/www.gaveanews.com\/#\/schema\/person\/2ec14f73fb96be2caf28f91afb14749d","name":"Equipe G\u00e1vea News","image":{"@type":"ImageObject","inLanguage":"pt-BR","@id":"https:\/\/www.gaveanews.com\/#\/schema\/person\/image\/","url":"https:\/\/secure.gravatar.com\/avatar\/1e1956f1facbffd3f8fa53a326721950116b3b9dc9bd44939c01180fd4a745a9?s=96&d=mm&r=g","contentUrl":"https:\/\/secure.gravatar.com\/avatar\/1e1956f1facbffd3f8fa53a326721950116b3b9dc9bd44939c01180fd4a745a9?s=96&d=mm&r=g","caption":"Equipe G\u00e1vea News"}}]}},"_links":{"self":[{"href":"https:\/\/www.gaveanews.com\/index.php\/wp-json\/wp\/v2\/posts\/93457","targetHints":{"allow":["GET"]}}],"collection":[{"href":"https:\/\/www.gaveanews.com\/index.php\/wp-json\/wp\/v2\/posts"}],"about":[{"href":"https:\/\/www.gaveanews.com\/index.php\/wp-json\/wp\/v2\/types\/post"}],"author":[{"embeddable":true,"href":"https:\/\/www.gaveanews.com\/index.php\/wp-json\/wp\/v2\/users\/1"}],"replies":[{"embeddable":true,"href":"https:\/\/www.gaveanews.com\/index.php\/wp-json\/wp\/v2\/comments?post=93457"}],"version-history":[{"count":0,"href":"https:\/\/www.gaveanews.com\/index.php\/wp-json\/wp\/v2\/posts\/93457\/revisions"}],"wp:featuredmedia":[{"embeddable":true,"href":"https:\/\/www.gaveanews.com\/index.php\/wp-json\/wp\/v2\/media\/85139"}],"wp:attachment":[{"href":"https:\/\/www.gaveanews.com\/index.php\/wp-json\/wp\/v2\/media?parent=93457"}],"wp:term":[{"taxonomy":"category","embeddable":true,"href":"https:\/\/www.gaveanews.com\/index.php\/wp-json\/wp\/v2\/categories?post=93457"},{"taxonomy":"post_tag","embeddable":true,"href":"https:\/\/www.gaveanews.com\/index.php\/wp-json\/wp\/v2\/tags?post=93457"}],"curies":[{"name":"wp","href":"https:\/\/api.w.org\/{rel}","templated":true}]}}