{"id":93659,"date":"2023-01-28T19:12:46","date_gmt":"2023-01-28T22:12:46","guid":{"rendered":"https:\/\/www.gaveanews.com\/?p=93659"},"modified":"2023-01-28T19:12:49","modified_gmt":"2023-01-28T22:12:49","slug":"marcos-braz-faz-promessa-para-a-torcida-do-flamengo","status":"publish","type":"post","link":"https:\/\/www.gaveanews.com\/index.php\/2023\/01\/28\/marcos-braz-faz-promessa-para-a-torcida-do-flamengo\/","title":{"rendered":"Marcos Braz faz promessa para a torcida do Flamengo"},"content":{"rendered":"\n<p>O Flamengo n\u00e3o deve demorar para buscar o substituto de Jo\u00e3o Gomes, vendido recentemente ao Wolverhampton, da Inglaterra. Pelo menos foi o que Marcos Braz, VP de Futebol do clube, afirmou em entrevista \u00e0 Central do ge neste s\u00e1bado antes da Supercopa contra o Palmeiras, em Bras\u00edlia.<\/p>\n\n\n\n<p><em>\u2014 Com essa venda nos proporciona a possibilidade de fazer uma nova contrata\u00e7\u00e3o. Flamengo est\u00e1 sempre atento ao mercado. As pessoas t\u00eam que entender que se hoje o Flamengo erra uma contrata\u00e7\u00e3o e o jogador tem quatro, cinco anos de contrato \u00e9 perigo ficar em cima do contrato, isso acontece nos clubes l\u00e1 de fora, Bayern, Real Madrid\u2026 Com certeza vamos nos refor\u00e7ar. N\u00e3o foi no tempo que acreditamos que seria (as negocia\u00e7\u00f5es), antes do Mundial, mas ainda temos toda uma temporada pela frente, vamos criar toda uma musculatura <\/em>&#8211; explicou o dirigente.<\/p>\n\n\n\n<p>V\u00edtor Pereira, novo treinador do Flamengo, j\u00e1 comentou sobre a necessidade de encorpar o elenco. O dirigente sabe, mas destacou que \u00e9 preciso ter intelig\u00eancia.<\/p>\n\n\n\n<p><em>\u2014 Desde o primeiro momento tinha uma demanda do t\u00e9cnico, mas \u00e0s vezes n\u00e3o se consegue fazer essa contrata\u00e7\u00e3o da maneira e rapidez que quer\u00edamos. O importante \u00e9 deixar claro que o V\u00edtor, mesmo falando de contrata\u00e7\u00f5es, acredita muito no elenco. A n\u00e3o ser que tenha uma fatalidade, que a\u00ed pode acelerar o processo. Mas isso n\u00e3o vai acontecer, chegaremos como campe\u00f5es. Estou falando de jogadores lesionados, n\u00e3o resultados. A\u00ed voc\u00ea passa a ter que precisar uma rapidez que n\u00e3o estava l\u00e1. O Flamengo \u00e9 muito grande para fazer planejamento em cima de resultado<\/em> &#8211; completou.<\/p>\n\n\n\n<p>Retirado de: Globo Esporte<\/p>\n","protected":false},"excerpt":{"rendered":"<p>O Flamengo n\u00e3o deve demorar para buscar o substituto de Jo\u00e3o Gomes, vendido recentemente ao Wolverhampton, da Inglaterra. Pelo menos foi o que Marcos Braz, VP de Futebol do clube, afirmou em entrevista \u00e0 Central do ge neste s\u00e1bado antes da Supercopa contra o Palmeiras, em Bras\u00edlia. \u2014 Com essa venda nos proporciona a possibilidade [&hellip;]<\/p>\n","protected":false},"author":1,"featured_media":46957,"comment_status":"open","ping_status":"closed","sticky":false,"template":"","format":"standard","meta":{"footnotes":""},"categories":[1],"tags":[],"class_list":["post-93659","post","type-post","status-publish","format-standard","has-post-thumbnail","hentry","category-flamengo"],"yoast_head":"<!-- This site is optimized with the Yoast SEO Premium plugin v24.2 (Yoast SEO v26.9) - https:\/\/yoast.com\/product\/yoast-seo-premium-wordpress\/ -->\n<title>Marcos Braz faz promessa para a torcida do Flamengo<\/title>\n<meta name=\"robots\" content=\"index, follow, max-snippet:-1, max-image-preview:large, max-video-preview:-1\" \/>\n<link rel=\"canonical\" href=\"https:\/\/www.gaveanews.com\/index.php\/2023\/01\/28\/marcos-braz-faz-promessa-para-a-torcida-do-flamengo\/\" \/>\n<meta property=\"og:locale\" content=\"pt_BR\" \/>\n<meta property=\"og:type\" content=\"article\" \/>\n<meta property=\"og:title\" content=\"Marcos Braz faz promessa para a torcida do Flamengo\" \/>\n<meta property=\"og:description\" content=\"O Flamengo n\u00e3o deve demorar para buscar o substituto de Jo\u00e3o Gomes, vendido recentemente ao Wolverhampton, da Inglaterra. Pelo menos foi o que Marcos Braz, VP de Futebol do clube, afirmou em entrevista \u00e0 Central do ge neste s\u00e1bado antes da Supercopa contra o Palmeiras, em Bras\u00edlia. \u2014 Com essa venda nos proporciona a possibilidade [&hellip;]\" \/>\n<meta property=\"og:url\" content=\"https:\/\/www.gaveanews.com\/index.php\/2023\/01\/28\/marcos-braz-faz-promessa-para-a-torcida-do-flamengo\/\" \/>\n<meta property=\"og:site_name\" content=\"G\u00e1vea News\" \/>\n<meta property=\"article:publisher\" content=\"https:\/\/facebook.com\/gaveaNews\/\" \/>\n<meta property=\"article:published_time\" content=\"2023-01-28T22:12:46+00:00\" \/>\n<meta property=\"article:modified_time\" content=\"2023-01-28T22:12:49+00:00\" \/>\n<meta property=\"og:image\" content=\"https:\/\/www.gaveanews.com\/wp-content\/uploads\/Marcos-Braz-no-gramado-do-Maracana.webp\" \/>\n\t<meta property=\"og:image:width\" content=\"799\" \/>\n\t<meta property=\"og:image:height\" content=\"532\" \/>\n\t<meta property=\"og:image:type\" content=\"image\/jpeg\" \/>\n<meta name=\"author\" content=\"Equipe G\u00e1vea News\" \/>\n<meta name=\"twitter:card\" content=\"summary_large_image\" \/>\n<meta name=\"twitter:label1\" content=\"Escrito por\" \/>\n\t<meta name=\"twitter:data1\" content=\"Equipe G\u00e1vea News\" \/>\n\t<meta name=\"twitter:label2\" content=\"Est. tempo de leitura\" \/>\n\t<meta name=\"twitter:data2\" content=\"2 minutos\" \/>\n<script type=\"application\/ld+json\" class=\"yoast-schema-graph\">{\"@context\":\"https:\/\/schema.org\",\"@graph\":[{\"@type\":\"NewsArticle\",\"@id\":\"https:\/\/www.gaveanews.com\/index.php\/2023\/01\/28\/marcos-braz-faz-promessa-para-a-torcida-do-flamengo\/#article\",\"isPartOf\":{\"@id\":\"https:\/\/www.gaveanews.com\/index.php\/2023\/01\/28\/marcos-braz-faz-promessa-para-a-torcida-do-flamengo\/\"},\"author\":{\"name\":\"Equipe G\u00e1vea News\",\"@id\":\"https:\/\/www.gaveanews.com\/#\/schema\/person\/2ec14f73fb96be2caf28f91afb14749d\"},\"headline\":\"Marcos Braz faz promessa para a torcida do Flamengo\",\"datePublished\":\"2023-01-28T22:12:46+00:00\",\"dateModified\":\"2023-01-28T22:12:49+00:00\",\"mainEntityOfPage\":{\"@id\":\"https:\/\/www.gaveanews.com\/index.php\/2023\/01\/28\/marcos-braz-faz-promessa-para-a-torcida-do-flamengo\/\"},\"wordCount\":290,\"commentCount\":0,\"image\":{\"@id\":\"https:\/\/www.gaveanews.com\/index.php\/2023\/01\/28\/marcos-braz-faz-promessa-para-a-torcida-do-flamengo\/#primaryimage\"},\"thumbnailUrl\":\"https:\/\/www.gaveanews.com\/wp-content\/uploads\/Marcos-Braz-no-gramado-do-Maracana.webp\",\"articleSection\":[\"Flamengo\"],\"inLanguage\":\"pt-BR\",\"potentialAction\":[{\"@type\":\"CommentAction\",\"name\":\"Comment\",\"target\":[\"https:\/\/www.gaveanews.com\/index.php\/2023\/01\/28\/marcos-braz-faz-promessa-para-a-torcida-do-flamengo\/#respond\"]}],\"copyrightYear\":\"2023\",\"copyrightHolder\":{\"@id\":\"https:\/\/www.gaveanews.com\/#organization\"}},{\"@type\":\"WebPage\",\"@id\":\"https:\/\/www.gaveanews.com\/index.php\/2023\/01\/28\/marcos-braz-faz-promessa-para-a-torcida-do-flamengo\/\",\"url\":\"https:\/\/www.gaveanews.com\/index.php\/2023\/01\/28\/marcos-braz-faz-promessa-para-a-torcida-do-flamengo\/\",\"name\":\"Marcos Braz faz promessa para a torcida do Flamengo\",\"isPartOf\":{\"@id\":\"https:\/\/www.gaveanews.com\/#website\"},\"primaryImageOfPage\":{\"@id\":\"https:\/\/www.gaveanews.com\/index.php\/2023\/01\/28\/marcos-braz-faz-promessa-para-a-torcida-do-flamengo\/#primaryimage\"},\"image\":{\"@id\":\"https:\/\/www.gaveanews.com\/index.php\/2023\/01\/28\/marcos-braz-faz-promessa-para-a-torcida-do-flamengo\/#primaryimage\"},\"thumbnailUrl\":\"https:\/\/www.gaveanews.com\/wp-content\/uploads\/Marcos-Braz-no-gramado-do-Maracana.webp\",\"datePublished\":\"2023-01-28T22:12:46+00:00\",\"dateModified\":\"2023-01-28T22:12:49+00:00\",\"author\":{\"@id\":\"https:\/\/www.gaveanews.com\/#\/schema\/person\/2ec14f73fb96be2caf28f91afb14749d\"},\"breadcrumb\":{\"@id\":\"https:\/\/www.gaveanews.com\/index.php\/2023\/01\/28\/marcos-braz-faz-promessa-para-a-torcida-do-flamengo\/#breadcrumb\"},\"inLanguage\":\"pt-BR\",\"potentialAction\":[{\"@type\":\"ReadAction\",\"target\":[\"https:\/\/www.gaveanews.com\/index.php\/2023\/01\/28\/marcos-braz-faz-promessa-para-a-torcida-do-flamengo\/\"]}]},{\"@type\":\"ImageObject\",\"inLanguage\":\"pt-BR\",\"@id\":\"https:\/\/www.gaveanews.com\/index.php\/2023\/01\/28\/marcos-braz-faz-promessa-para-a-torcida-do-flamengo\/#primaryimage\",\"url\":\"https:\/\/www.gaveanews.com\/wp-content\/uploads\/Marcos-Braz-no-gramado-do-Maracana.webp\",\"contentUrl\":\"https:\/\/www.gaveanews.com\/wp-content\/uploads\/Marcos-Braz-no-gramado-do-Maracana.webp\",\"width\":799,\"height\":532,\"caption\":\"Marcos Braz no gramado do Maracan\u00e3 (Foto: Alexandre Vidal\/Flamengo)\"},{\"@type\":\"BreadcrumbList\",\"@id\":\"https:\/\/www.gaveanews.com\/index.php\/2023\/01\/28\/marcos-braz-faz-promessa-para-a-torcida-do-flamengo\/#breadcrumb\",\"itemListElement\":[{\"@type\":\"ListItem\",\"position\":1,\"name\":\"Home\",\"item\":\"https:\/\/www.gaveanews.com\/\"},{\"@type\":\"ListItem\",\"position\":2,\"name\":\"Marcos Braz faz promessa para a torcida do Flamengo\"}]},{\"@type\":\"WebSite\",\"@id\":\"https:\/\/www.gaveanews.com\/#website\",\"url\":\"https:\/\/www.gaveanews.com\/\",\"name\":\"G\u00e1vea News\",\"description\":\"Veja todas as not\u00edcias sobre o Flamengo: Contrata\u00e7\u00f5es, categorias de base, resultados das partidas, tabela de classifica\u00e7\u00e3o, pr\u00f3ximos jogos!\",\"potentialAction\":[{\"@type\":\"SearchAction\",\"target\":{\"@type\":\"EntryPoint\",\"urlTemplate\":\"https:\/\/www.gaveanews.com\/?s={search_term_string}\"},\"query-input\":{\"@type\":\"PropertyValueSpecification\",\"valueRequired\":true,\"valueName\":\"search_term_string\"}}],\"inLanguage\":\"pt-BR\"},{\"@type\":\"Person\",\"@id\":\"https:\/\/www.gaveanews.com\/#\/schema\/person\/2ec14f73fb96be2caf28f91afb14749d\",\"name\":\"Equipe G\u00e1vea News\",\"image\":{\"@type\":\"ImageObject\",\"inLanguage\":\"pt-BR\",\"@id\":\"https:\/\/www.gaveanews.com\/#\/schema\/person\/image\/\",\"url\":\"https:\/\/secure.gravatar.com\/avatar\/1e1956f1facbffd3f8fa53a326721950116b3b9dc9bd44939c01180fd4a745a9?s=96&d=mm&r=g\",\"contentUrl\":\"https:\/\/secure.gravatar.com\/avatar\/1e1956f1facbffd3f8fa53a326721950116b3b9dc9bd44939c01180fd4a745a9?s=96&d=mm&r=g\",\"caption\":\"Equipe G\u00e1vea News\"}}]}<\/script>\n<!-- \/ Yoast SEO Premium plugin. -->","yoast_head_json":{"title":"Marcos Braz faz promessa para a torcida do Flamengo","robots":{"index":"index","follow":"follow","max-snippet":"max-snippet:-1","max-image-preview":"max-image-preview:large","max-video-preview":"max-video-preview:-1"},"canonical":"https:\/\/www.gaveanews.com\/index.php\/2023\/01\/28\/marcos-braz-faz-promessa-para-a-torcida-do-flamengo\/","og_locale":"pt_BR","og_type":"article","og_title":"Marcos Braz faz promessa para a torcida do Flamengo","og_description":"O Flamengo n\u00e3o deve demorar para buscar o substituto de Jo\u00e3o Gomes, vendido recentemente ao Wolverhampton, da Inglaterra. Pelo menos foi o que Marcos Braz, VP de Futebol do clube, afirmou em entrevista \u00e0 Central do ge neste s\u00e1bado antes da Supercopa contra o Palmeiras, em Bras\u00edlia. \u2014 Com essa venda nos proporciona a possibilidade [&hellip;]","og_url":"https:\/\/www.gaveanews.com\/index.php\/2023\/01\/28\/marcos-braz-faz-promessa-para-a-torcida-do-flamengo\/","og_site_name":"G\u00e1vea News","article_publisher":"https:\/\/facebook.com\/gaveaNews\/","article_published_time":"2023-01-28T22:12:46+00:00","article_modified_time":"2023-01-28T22:12:49+00:00","og_image":[{"width":799,"height":532,"url":"https:\/\/www.gaveanews.com\/wp-content\/uploads\/Marcos-Braz-no-gramado-do-Maracana.webp","type":"image\/jpeg"}],"author":"Equipe G\u00e1vea News","twitter_card":"summary_large_image","twitter_misc":{"Escrito por":"Equipe G\u00e1vea News","Est. tempo de leitura":"2 minutos"},"schema":{"@context":"https:\/\/schema.org","@graph":[{"@type":"NewsArticle","@id":"https:\/\/www.gaveanews.com\/index.php\/2023\/01\/28\/marcos-braz-faz-promessa-para-a-torcida-do-flamengo\/#article","isPartOf":{"@id":"https:\/\/www.gaveanews.com\/index.php\/2023\/01\/28\/marcos-braz-faz-promessa-para-a-torcida-do-flamengo\/"},"author":{"name":"Equipe G\u00e1vea News","@id":"https:\/\/www.gaveanews.com\/#\/schema\/person\/2ec14f73fb96be2caf28f91afb14749d"},"headline":"Marcos Braz faz promessa para a torcida do Flamengo","datePublished":"2023-01-28T22:12:46+00:00","dateModified":"2023-01-28T22:12:49+00:00","mainEntityOfPage":{"@id":"https:\/\/www.gaveanews.com\/index.php\/2023\/01\/28\/marcos-braz-faz-promessa-para-a-torcida-do-flamengo\/"},"wordCount":290,"commentCount":0,"image":{"@id":"https:\/\/www.gaveanews.com\/index.php\/2023\/01\/28\/marcos-braz-faz-promessa-para-a-torcida-do-flamengo\/#primaryimage"},"thumbnailUrl":"https:\/\/www.gaveanews.com\/wp-content\/uploads\/Marcos-Braz-no-gramado-do-Maracana.webp","articleSection":["Flamengo"],"inLanguage":"pt-BR","potentialAction":[{"@type":"CommentAction","name":"Comment","target":["https:\/\/www.gaveanews.com\/index.php\/2023\/01\/28\/marcos-braz-faz-promessa-para-a-torcida-do-flamengo\/#respond"]}],"copyrightYear":"2023","copyrightHolder":{"@id":"https:\/\/www.gaveanews.com\/#organization"}},{"@type":"WebPage","@id":"https:\/\/www.gaveanews.com\/index.php\/2023\/01\/28\/marcos-braz-faz-promessa-para-a-torcida-do-flamengo\/","url":"https:\/\/www.gaveanews.com\/index.php\/2023\/01\/28\/marcos-braz-faz-promessa-para-a-torcida-do-flamengo\/","name":"Marcos Braz faz promessa para a torcida do Flamengo","isPartOf":{"@id":"https:\/\/www.gaveanews.com\/#website"},"primaryImageOfPage":{"@id":"https:\/\/www.gaveanews.com\/index.php\/2023\/01\/28\/marcos-braz-faz-promessa-para-a-torcida-do-flamengo\/#primaryimage"},"image":{"@id":"https:\/\/www.gaveanews.com\/index.php\/2023\/01\/28\/marcos-braz-faz-promessa-para-a-torcida-do-flamengo\/#primaryimage"},"thumbnailUrl":"https:\/\/www.gaveanews.com\/wp-content\/uploads\/Marcos-Braz-no-gramado-do-Maracana.webp","datePublished":"2023-01-28T22:12:46+00:00","dateModified":"2023-01-28T22:12:49+00:00","author":{"@id":"https:\/\/www.gaveanews.com\/#\/schema\/person\/2ec14f73fb96be2caf28f91afb14749d"},"breadcrumb":{"@id":"https:\/\/www.gaveanews.com\/index.php\/2023\/01\/28\/marcos-braz-faz-promessa-para-a-torcida-do-flamengo\/#breadcrumb"},"inLanguage":"pt-BR","potentialAction":[{"@type":"ReadAction","target":["https:\/\/www.gaveanews.com\/index.php\/2023\/01\/28\/marcos-braz-faz-promessa-para-a-torcida-do-flamengo\/"]}]},{"@type":"ImageObject","inLanguage":"pt-BR","@id":"https:\/\/www.gaveanews.com\/index.php\/2023\/01\/28\/marcos-braz-faz-promessa-para-a-torcida-do-flamengo\/#primaryimage","url":"https:\/\/www.gaveanews.com\/wp-content\/uploads\/Marcos-Braz-no-gramado-do-Maracana.webp","contentUrl":"https:\/\/www.gaveanews.com\/wp-content\/uploads\/Marcos-Braz-no-gramado-do-Maracana.webp","width":799,"height":532,"caption":"Marcos Braz no gramado do Maracan\u00e3 (Foto: Alexandre Vidal\/Flamengo)"},{"@type":"BreadcrumbList","@id":"https:\/\/www.gaveanews.com\/index.php\/2023\/01\/28\/marcos-braz-faz-promessa-para-a-torcida-do-flamengo\/#breadcrumb","itemListElement":[{"@type":"ListItem","position":1,"name":"Home","item":"https:\/\/www.gaveanews.com\/"},{"@type":"ListItem","position":2,"name":"Marcos Braz faz promessa para a torcida do Flamengo"}]},{"@type":"WebSite","@id":"https:\/\/www.gaveanews.com\/#website","url":"https:\/\/www.gaveanews.com\/","name":"G\u00e1vea News","description":"Veja todas as not\u00edcias sobre o Flamengo: Contrata\u00e7\u00f5es, categorias de base, resultados das partidas, tabela de classifica\u00e7\u00e3o, pr\u00f3ximos jogos!","potentialAction":[{"@type":"SearchAction","target":{"@type":"EntryPoint","urlTemplate":"https:\/\/www.gaveanews.com\/?s={search_term_string}"},"query-input":{"@type":"PropertyValueSpecification","valueRequired":true,"valueName":"search_term_string"}}],"inLanguage":"pt-BR"},{"@type":"Person","@id":"https:\/\/www.gaveanews.com\/#\/schema\/person\/2ec14f73fb96be2caf28f91afb14749d","name":"Equipe G\u00e1vea News","image":{"@type":"ImageObject","inLanguage":"pt-BR","@id":"https:\/\/www.gaveanews.com\/#\/schema\/person\/image\/","url":"https:\/\/secure.gravatar.com\/avatar\/1e1956f1facbffd3f8fa53a326721950116b3b9dc9bd44939c01180fd4a745a9?s=96&d=mm&r=g","contentUrl":"https:\/\/secure.gravatar.com\/avatar\/1e1956f1facbffd3f8fa53a326721950116b3b9dc9bd44939c01180fd4a745a9?s=96&d=mm&r=g","caption":"Equipe G\u00e1vea News"}}]}},"_links":{"self":[{"href":"https:\/\/www.gaveanews.com\/index.php\/wp-json\/wp\/v2\/posts\/93659","targetHints":{"allow":["GET"]}}],"collection":[{"href":"https:\/\/www.gaveanews.com\/index.php\/wp-json\/wp\/v2\/posts"}],"about":[{"href":"https:\/\/www.gaveanews.com\/index.php\/wp-json\/wp\/v2\/types\/post"}],"author":[{"embeddable":true,"href":"https:\/\/www.gaveanews.com\/index.php\/wp-json\/wp\/v2\/users\/1"}],"replies":[{"embeddable":true,"href":"https:\/\/www.gaveanews.com\/index.php\/wp-json\/wp\/v2\/comments?post=93659"}],"version-history":[{"count":0,"href":"https:\/\/www.gaveanews.com\/index.php\/wp-json\/wp\/v2\/posts\/93659\/revisions"}],"wp:featuredmedia":[{"embeddable":true,"href":"https:\/\/www.gaveanews.com\/index.php\/wp-json\/wp\/v2\/media\/46957"}],"wp:attachment":[{"href":"https:\/\/www.gaveanews.com\/index.php\/wp-json\/wp\/v2\/media?parent=93659"}],"wp:term":[{"taxonomy":"category","embeddable":true,"href":"https:\/\/www.gaveanews.com\/index.php\/wp-json\/wp\/v2\/categories?post=93659"},{"taxonomy":"post_tag","embeddable":true,"href":"https:\/\/www.gaveanews.com\/index.php\/wp-json\/wp\/v2\/tags?post=93659"}],"curies":[{"name":"wp","href":"https:\/\/api.w.org\/{rel}","templated":true}]}}