{"id":93663,"date":"2023-01-28T22:40:19","date_gmt":"2023-01-29T01:40:19","guid":{"rendered":"https:\/\/www.gaveanews.com\/?p=93663"},"modified":"2023-01-28T22:40:22","modified_gmt":"2023-01-29T01:40:22","slug":"rede-globo-provoca-cazetv-por-conta-do-flamengo","status":"publish","type":"post","link":"https:\/\/www.gaveanews.com\/index.php\/2023\/01\/28\/rede-globo-provoca-cazetv-por-conta-do-flamengo\/","title":{"rendered":"Rede Globo provoca Caz\u00e9TV por conta do Flamengo"},"content":{"rendered":"\n<p>Dona dos direitos de transmiss\u00e3o do Mundial de Clubes da Fifa na TV, a Globo divulgou a competi\u00e7\u00e3o de uma maneira inusitada: provocando Casimiro Miguel, streamer e apresentador que ser\u00e1 concorrente pela audi\u00eancia da competi\u00e7\u00e3o na Caz\u00e9TV, canal do YouTube e Twitch que fez sucesso e bateu recordes na Copa do Mundo.<\/p>\n\n\n\n<p>A voz de Gustavo Villani simula uma poss\u00edvel final entre Flamengo e Real Madrid, enquanto dois &#8216;torcedores&#8217; discutem assistindo ao jogo. Com um ator de fisionomia muito semelhante, camisa do &#8216;Real Madrid&#8217;, com a tradicional faixa vasca\u00edna &#8211; time de Caz\u00e9 &#8211; e at\u00e9 os bord\u00f5es do streamer, a chamada \u00e9 quase toda em refer\u00eancia \u00e0 Personalidade do Ano de 2022, eleito pelo Pr\u00eamio eSports Brasil por dois anos seguidos.<\/p>\n\n\n\n<p>Veja a propaganda, com refer\u00eancia a Casimiro no pr\u00f3prio tweet:<\/p>\n\n\n\n<figure class=\"wp-block-embed is-type-rich is-provider-twitter wp-block-embed-twitter\"><div class=\"wp-block-embed__wrapper\">\nhttps:\/\/twitter.com\/globoplay\/status\/1619434879468331008?ref_src=twsrc%5Etfw\n<\/div><\/figure>\n\n\n\n<p>Nos coment\u00e1rios, quase toda a repercuss\u00e3o aponta para uma clara cutucada da Globo a Casimiro e ao projeto da Caz\u00e9TV. &#8220;O Casimiro conseguiu algo que a Record, SBT e Band est\u00e3o tentando h\u00e1 d\u00e9cadas: assustar a Globo&#8221;, escreveu um dos retweets.<\/p>\n\n\n\n<p>Casimiro Miguel \u00e9 dono de tr\u00eas transmiss\u00f5es que ocupam o top 5 das mais visualizadas da hist\u00f3ria do YouTube brasileiro: 5.3 milh\u00f5es de pessoas assistiram ao confronto entre Brasil e Coreia do Sul no canal da Caz\u00e9TV. O jogo contra a Su\u00ed\u00e7a e a estreia da sele\u00e7\u00e3o brasileira na Copa s\u00e3o o segundo e terceiro lugar, respectivamente.<\/p>\n\n\n\n<p>Na Twitch, o recorde simult\u00e2neo tamb\u00e9m \u00e9 de Casimiro. A rea\u00e7\u00e3o de Caz\u00e9 ao primeiro epis\u00f3dio da s\u00e9rie &#8220;Neymar &#8211; O Caos Perfeito&#8221;, da Netflix, reuniu cerca de 540 mil pessoas simultaneamente, o colocando como o l\u00edder hist\u00f3rico da plataforma.<\/p>\n\n\n\n<p>Retirado de: UOL<\/p>\n","protected":false},"excerpt":{"rendered":"<p>Dona dos direitos de transmiss\u00e3o do Mundial de Clubes da Fifa na TV, a Globo divulgou a competi\u00e7\u00e3o de uma maneira inusitada: provocando Casimiro Miguel, streamer e apresentador que ser\u00e1 concorrente pela audi\u00eancia da competi\u00e7\u00e3o na Caz\u00e9TV, canal do YouTube e Twitch que fez sucesso e bateu recordes na Copa do Mundo. A voz de [&hellip;]<\/p>\n","protected":false},"author":1,"featured_media":17043,"comment_status":"open","ping_status":"closed","sticky":false,"template":"","format":"standard","meta":{"footnotes":""},"categories":[1],"tags":[],"class_list":["post-93663","post","type-post","status-publish","format-standard","has-post-thumbnail","hentry","category-flamengo"],"yoast_head":"<!-- This site is optimized with the Yoast SEO Premium plugin v24.2 (Yoast SEO v26.9) - https:\/\/yoast.com\/product\/yoast-seo-premium-wordpress\/ -->\n<title>Rede Globo provoca Caz\u00e9TV por conta do Flamengo<\/title>\n<meta name=\"robots\" content=\"index, follow, max-snippet:-1, max-image-preview:large, max-video-preview:-1\" \/>\n<link rel=\"canonical\" href=\"https:\/\/www.gaveanews.com\/index.php\/2023\/01\/28\/rede-globo-provoca-cazetv-por-conta-do-flamengo\/\" \/>\n<meta property=\"og:locale\" content=\"pt_BR\" \/>\n<meta property=\"og:type\" content=\"article\" \/>\n<meta property=\"og:title\" content=\"Rede Globo provoca Caz\u00e9TV por conta do Flamengo\" \/>\n<meta property=\"og:description\" content=\"Dona dos direitos de transmiss\u00e3o do Mundial de Clubes da Fifa na TV, a Globo divulgou a competi\u00e7\u00e3o de uma maneira inusitada: provocando Casimiro Miguel, streamer e apresentador que ser\u00e1 concorrente pela audi\u00eancia da competi\u00e7\u00e3o na Caz\u00e9TV, canal do YouTube e Twitch que fez sucesso e bateu recordes na Copa do Mundo. A voz de [&hellip;]\" \/>\n<meta property=\"og:url\" content=\"https:\/\/www.gaveanews.com\/index.php\/2023\/01\/28\/rede-globo-provoca-cazetv-por-conta-do-flamengo\/\" \/>\n<meta property=\"og:site_name\" content=\"G\u00e1vea News\" \/>\n<meta property=\"article:publisher\" content=\"https:\/\/facebook.com\/gaveaNews\/\" \/>\n<meta property=\"article:published_time\" content=\"2023-01-29T01:40:19+00:00\" \/>\n<meta property=\"article:modified_time\" content=\"2023-01-29T01:40:22+00:00\" \/>\n<meta property=\"og:image\" content=\"https:\/\/www.gaveanews.com\/wp-content\/uploads\/2019\/04\/Logomarca-da-Rede-Globo.webp\" \/>\n\t<meta property=\"og:image:width\" content=\"1920\" \/>\n\t<meta property=\"og:image:height\" content=\"1076\" \/>\n\t<meta property=\"og:image:type\" content=\"image\/png\" \/>\n<meta name=\"author\" content=\"Equipe G\u00e1vea News\" \/>\n<meta name=\"twitter:card\" content=\"summary_large_image\" \/>\n<meta name=\"twitter:label1\" content=\"Escrito por\" \/>\n\t<meta name=\"twitter:data1\" content=\"Equipe G\u00e1vea News\" \/>\n\t<meta name=\"twitter:label2\" content=\"Est. tempo de leitura\" \/>\n\t<meta name=\"twitter:data2\" content=\"2 minutos\" \/>\n<script type=\"application\/ld+json\" class=\"yoast-schema-graph\">{\"@context\":\"https:\/\/schema.org\",\"@graph\":[{\"@type\":\"NewsArticle\",\"@id\":\"https:\/\/www.gaveanews.com\/index.php\/2023\/01\/28\/rede-globo-provoca-cazetv-por-conta-do-flamengo\/#article\",\"isPartOf\":{\"@id\":\"https:\/\/www.gaveanews.com\/index.php\/2023\/01\/28\/rede-globo-provoca-cazetv-por-conta-do-flamengo\/\"},\"author\":{\"name\":\"Equipe G\u00e1vea News\",\"@id\":\"https:\/\/www.gaveanews.com\/#\/schema\/person\/2ec14f73fb96be2caf28f91afb14749d\"},\"headline\":\"Rede Globo provoca Caz\u00e9TV por conta do Flamengo\",\"datePublished\":\"2023-01-29T01:40:19+00:00\",\"dateModified\":\"2023-01-29T01:40:22+00:00\",\"mainEntityOfPage\":{\"@id\":\"https:\/\/www.gaveanews.com\/index.php\/2023\/01\/28\/rede-globo-provoca-cazetv-por-conta-do-flamengo\/\"},\"wordCount\":315,\"commentCount\":0,\"image\":{\"@id\":\"https:\/\/www.gaveanews.com\/index.php\/2023\/01\/28\/rede-globo-provoca-cazetv-por-conta-do-flamengo\/#primaryimage\"},\"thumbnailUrl\":\"https:\/\/www.gaveanews.com\/wp-content\/uploads\/2019\/04\/Logomarca-da-Rede-Globo.webp\",\"articleSection\":[\"Flamengo\"],\"inLanguage\":\"pt-BR\",\"potentialAction\":[{\"@type\":\"CommentAction\",\"name\":\"Comment\",\"target\":[\"https:\/\/www.gaveanews.com\/index.php\/2023\/01\/28\/rede-globo-provoca-cazetv-por-conta-do-flamengo\/#respond\"]}],\"copyrightYear\":\"2023\",\"copyrightHolder\":{\"@id\":\"https:\/\/www.gaveanews.com\/#organization\"}},{\"@type\":\"WebPage\",\"@id\":\"https:\/\/www.gaveanews.com\/index.php\/2023\/01\/28\/rede-globo-provoca-cazetv-por-conta-do-flamengo\/\",\"url\":\"https:\/\/www.gaveanews.com\/index.php\/2023\/01\/28\/rede-globo-provoca-cazetv-por-conta-do-flamengo\/\",\"name\":\"Rede Globo provoca Caz\u00e9TV por conta do Flamengo\",\"isPartOf\":{\"@id\":\"https:\/\/www.gaveanews.com\/#website\"},\"primaryImageOfPage\":{\"@id\":\"https:\/\/www.gaveanews.com\/index.php\/2023\/01\/28\/rede-globo-provoca-cazetv-por-conta-do-flamengo\/#primaryimage\"},\"image\":{\"@id\":\"https:\/\/www.gaveanews.com\/index.php\/2023\/01\/28\/rede-globo-provoca-cazetv-por-conta-do-flamengo\/#primaryimage\"},\"thumbnailUrl\":\"https:\/\/www.gaveanews.com\/wp-content\/uploads\/2019\/04\/Logomarca-da-Rede-Globo.webp\",\"datePublished\":\"2023-01-29T01:40:19+00:00\",\"dateModified\":\"2023-01-29T01:40:22+00:00\",\"author\":{\"@id\":\"https:\/\/www.gaveanews.com\/#\/schema\/person\/2ec14f73fb96be2caf28f91afb14749d\"},\"breadcrumb\":{\"@id\":\"https:\/\/www.gaveanews.com\/index.php\/2023\/01\/28\/rede-globo-provoca-cazetv-por-conta-do-flamengo\/#breadcrumb\"},\"inLanguage\":\"pt-BR\",\"potentialAction\":[{\"@type\":\"ReadAction\",\"target\":[\"https:\/\/www.gaveanews.com\/index.php\/2023\/01\/28\/rede-globo-provoca-cazetv-por-conta-do-flamengo\/\"]}]},{\"@type\":\"ImageObject\",\"inLanguage\":\"pt-BR\",\"@id\":\"https:\/\/www.gaveanews.com\/index.php\/2023\/01\/28\/rede-globo-provoca-cazetv-por-conta-do-flamengo\/#primaryimage\",\"url\":\"https:\/\/www.gaveanews.com\/wp-content\/uploads\/2019\/04\/Logomarca-da-Rede-Globo.webp\",\"contentUrl\":\"https:\/\/www.gaveanews.com\/wp-content\/uploads\/2019\/04\/Logomarca-da-Rede-Globo.webp\",\"width\":1920,\"height\":1076,\"caption\":\"Logomarca da Rede Globo (Foto: Reprodu\u00e7\u00e3o)\"},{\"@type\":\"BreadcrumbList\",\"@id\":\"https:\/\/www.gaveanews.com\/index.php\/2023\/01\/28\/rede-globo-provoca-cazetv-por-conta-do-flamengo\/#breadcrumb\",\"itemListElement\":[{\"@type\":\"ListItem\",\"position\":1,\"name\":\"Home\",\"item\":\"https:\/\/www.gaveanews.com\/\"},{\"@type\":\"ListItem\",\"position\":2,\"name\":\"Rede Globo provoca Caz\u00e9TV por conta do Flamengo\"}]},{\"@type\":\"WebSite\",\"@id\":\"https:\/\/www.gaveanews.com\/#website\",\"url\":\"https:\/\/www.gaveanews.com\/\",\"name\":\"G\u00e1vea News\",\"description\":\"Veja todas as not\u00edcias sobre o Flamengo: Contrata\u00e7\u00f5es, categorias de base, resultados das partidas, tabela de classifica\u00e7\u00e3o, pr\u00f3ximos jogos!\",\"potentialAction\":[{\"@type\":\"SearchAction\",\"target\":{\"@type\":\"EntryPoint\",\"urlTemplate\":\"https:\/\/www.gaveanews.com\/?s={search_term_string}\"},\"query-input\":{\"@type\":\"PropertyValueSpecification\",\"valueRequired\":true,\"valueName\":\"search_term_string\"}}],\"inLanguage\":\"pt-BR\"},{\"@type\":\"Person\",\"@id\":\"https:\/\/www.gaveanews.com\/#\/schema\/person\/2ec14f73fb96be2caf28f91afb14749d\",\"name\":\"Equipe G\u00e1vea News\",\"image\":{\"@type\":\"ImageObject\",\"inLanguage\":\"pt-BR\",\"@id\":\"https:\/\/www.gaveanews.com\/#\/schema\/person\/image\/\",\"url\":\"https:\/\/secure.gravatar.com\/avatar\/1e1956f1facbffd3f8fa53a326721950116b3b9dc9bd44939c01180fd4a745a9?s=96&d=mm&r=g\",\"contentUrl\":\"https:\/\/secure.gravatar.com\/avatar\/1e1956f1facbffd3f8fa53a326721950116b3b9dc9bd44939c01180fd4a745a9?s=96&d=mm&r=g\",\"caption\":\"Equipe G\u00e1vea News\"}}]}<\/script>\n<!-- \/ Yoast SEO Premium plugin. -->","yoast_head_json":{"title":"Rede Globo provoca Caz\u00e9TV por conta do Flamengo","robots":{"index":"index","follow":"follow","max-snippet":"max-snippet:-1","max-image-preview":"max-image-preview:large","max-video-preview":"max-video-preview:-1"},"canonical":"https:\/\/www.gaveanews.com\/index.php\/2023\/01\/28\/rede-globo-provoca-cazetv-por-conta-do-flamengo\/","og_locale":"pt_BR","og_type":"article","og_title":"Rede Globo provoca Caz\u00e9TV por conta do Flamengo","og_description":"Dona dos direitos de transmiss\u00e3o do Mundial de Clubes da Fifa na TV, a Globo divulgou a competi\u00e7\u00e3o de uma maneira inusitada: provocando Casimiro Miguel, streamer e apresentador que ser\u00e1 concorrente pela audi\u00eancia da competi\u00e7\u00e3o na Caz\u00e9TV, canal do YouTube e Twitch que fez sucesso e bateu recordes na Copa do Mundo. A voz de [&hellip;]","og_url":"https:\/\/www.gaveanews.com\/index.php\/2023\/01\/28\/rede-globo-provoca-cazetv-por-conta-do-flamengo\/","og_site_name":"G\u00e1vea News","article_publisher":"https:\/\/facebook.com\/gaveaNews\/","article_published_time":"2023-01-29T01:40:19+00:00","article_modified_time":"2023-01-29T01:40:22+00:00","og_image":[{"width":1920,"height":1076,"url":"https:\/\/www.gaveanews.com\/wp-content\/uploads\/2019\/04\/Logomarca-da-Rede-Globo.webp","type":"image\/png"}],"author":"Equipe G\u00e1vea News","twitter_card":"summary_large_image","twitter_misc":{"Escrito por":"Equipe G\u00e1vea News","Est. tempo de leitura":"2 minutos"},"schema":{"@context":"https:\/\/schema.org","@graph":[{"@type":"NewsArticle","@id":"https:\/\/www.gaveanews.com\/index.php\/2023\/01\/28\/rede-globo-provoca-cazetv-por-conta-do-flamengo\/#article","isPartOf":{"@id":"https:\/\/www.gaveanews.com\/index.php\/2023\/01\/28\/rede-globo-provoca-cazetv-por-conta-do-flamengo\/"},"author":{"name":"Equipe G\u00e1vea News","@id":"https:\/\/www.gaveanews.com\/#\/schema\/person\/2ec14f73fb96be2caf28f91afb14749d"},"headline":"Rede Globo provoca Caz\u00e9TV por conta do Flamengo","datePublished":"2023-01-29T01:40:19+00:00","dateModified":"2023-01-29T01:40:22+00:00","mainEntityOfPage":{"@id":"https:\/\/www.gaveanews.com\/index.php\/2023\/01\/28\/rede-globo-provoca-cazetv-por-conta-do-flamengo\/"},"wordCount":315,"commentCount":0,"image":{"@id":"https:\/\/www.gaveanews.com\/index.php\/2023\/01\/28\/rede-globo-provoca-cazetv-por-conta-do-flamengo\/#primaryimage"},"thumbnailUrl":"https:\/\/www.gaveanews.com\/wp-content\/uploads\/2019\/04\/Logomarca-da-Rede-Globo.webp","articleSection":["Flamengo"],"inLanguage":"pt-BR","potentialAction":[{"@type":"CommentAction","name":"Comment","target":["https:\/\/www.gaveanews.com\/index.php\/2023\/01\/28\/rede-globo-provoca-cazetv-por-conta-do-flamengo\/#respond"]}],"copyrightYear":"2023","copyrightHolder":{"@id":"https:\/\/www.gaveanews.com\/#organization"}},{"@type":"WebPage","@id":"https:\/\/www.gaveanews.com\/index.php\/2023\/01\/28\/rede-globo-provoca-cazetv-por-conta-do-flamengo\/","url":"https:\/\/www.gaveanews.com\/index.php\/2023\/01\/28\/rede-globo-provoca-cazetv-por-conta-do-flamengo\/","name":"Rede Globo provoca Caz\u00e9TV por conta do Flamengo","isPartOf":{"@id":"https:\/\/www.gaveanews.com\/#website"},"primaryImageOfPage":{"@id":"https:\/\/www.gaveanews.com\/index.php\/2023\/01\/28\/rede-globo-provoca-cazetv-por-conta-do-flamengo\/#primaryimage"},"image":{"@id":"https:\/\/www.gaveanews.com\/index.php\/2023\/01\/28\/rede-globo-provoca-cazetv-por-conta-do-flamengo\/#primaryimage"},"thumbnailUrl":"https:\/\/www.gaveanews.com\/wp-content\/uploads\/2019\/04\/Logomarca-da-Rede-Globo.webp","datePublished":"2023-01-29T01:40:19+00:00","dateModified":"2023-01-29T01:40:22+00:00","author":{"@id":"https:\/\/www.gaveanews.com\/#\/schema\/person\/2ec14f73fb96be2caf28f91afb14749d"},"breadcrumb":{"@id":"https:\/\/www.gaveanews.com\/index.php\/2023\/01\/28\/rede-globo-provoca-cazetv-por-conta-do-flamengo\/#breadcrumb"},"inLanguage":"pt-BR","potentialAction":[{"@type":"ReadAction","target":["https:\/\/www.gaveanews.com\/index.php\/2023\/01\/28\/rede-globo-provoca-cazetv-por-conta-do-flamengo\/"]}]},{"@type":"ImageObject","inLanguage":"pt-BR","@id":"https:\/\/www.gaveanews.com\/index.php\/2023\/01\/28\/rede-globo-provoca-cazetv-por-conta-do-flamengo\/#primaryimage","url":"https:\/\/www.gaveanews.com\/wp-content\/uploads\/2019\/04\/Logomarca-da-Rede-Globo.webp","contentUrl":"https:\/\/www.gaveanews.com\/wp-content\/uploads\/2019\/04\/Logomarca-da-Rede-Globo.webp","width":1920,"height":1076,"caption":"Logomarca da Rede Globo (Foto: Reprodu\u00e7\u00e3o)"},{"@type":"BreadcrumbList","@id":"https:\/\/www.gaveanews.com\/index.php\/2023\/01\/28\/rede-globo-provoca-cazetv-por-conta-do-flamengo\/#breadcrumb","itemListElement":[{"@type":"ListItem","position":1,"name":"Home","item":"https:\/\/www.gaveanews.com\/"},{"@type":"ListItem","position":2,"name":"Rede Globo provoca Caz\u00e9TV por conta do Flamengo"}]},{"@type":"WebSite","@id":"https:\/\/www.gaveanews.com\/#website","url":"https:\/\/www.gaveanews.com\/","name":"G\u00e1vea News","description":"Veja todas as not\u00edcias sobre o Flamengo: Contrata\u00e7\u00f5es, categorias de base, resultados das partidas, tabela de classifica\u00e7\u00e3o, pr\u00f3ximos jogos!","potentialAction":[{"@type":"SearchAction","target":{"@type":"EntryPoint","urlTemplate":"https:\/\/www.gaveanews.com\/?s={search_term_string}"},"query-input":{"@type":"PropertyValueSpecification","valueRequired":true,"valueName":"search_term_string"}}],"inLanguage":"pt-BR"},{"@type":"Person","@id":"https:\/\/www.gaveanews.com\/#\/schema\/person\/2ec14f73fb96be2caf28f91afb14749d","name":"Equipe G\u00e1vea News","image":{"@type":"ImageObject","inLanguage":"pt-BR","@id":"https:\/\/www.gaveanews.com\/#\/schema\/person\/image\/","url":"https:\/\/secure.gravatar.com\/avatar\/1e1956f1facbffd3f8fa53a326721950116b3b9dc9bd44939c01180fd4a745a9?s=96&d=mm&r=g","contentUrl":"https:\/\/secure.gravatar.com\/avatar\/1e1956f1facbffd3f8fa53a326721950116b3b9dc9bd44939c01180fd4a745a9?s=96&d=mm&r=g","caption":"Equipe G\u00e1vea News"}}]}},"_links":{"self":[{"href":"https:\/\/www.gaveanews.com\/index.php\/wp-json\/wp\/v2\/posts\/93663","targetHints":{"allow":["GET"]}}],"collection":[{"href":"https:\/\/www.gaveanews.com\/index.php\/wp-json\/wp\/v2\/posts"}],"about":[{"href":"https:\/\/www.gaveanews.com\/index.php\/wp-json\/wp\/v2\/types\/post"}],"author":[{"embeddable":true,"href":"https:\/\/www.gaveanews.com\/index.php\/wp-json\/wp\/v2\/users\/1"}],"replies":[{"embeddable":true,"href":"https:\/\/www.gaveanews.com\/index.php\/wp-json\/wp\/v2\/comments?post=93663"}],"version-history":[{"count":0,"href":"https:\/\/www.gaveanews.com\/index.php\/wp-json\/wp\/v2\/posts\/93663\/revisions"}],"wp:featuredmedia":[{"embeddable":true,"href":"https:\/\/www.gaveanews.com\/index.php\/wp-json\/wp\/v2\/media\/17043"}],"wp:attachment":[{"href":"https:\/\/www.gaveanews.com\/index.php\/wp-json\/wp\/v2\/media?parent=93663"}],"wp:term":[{"taxonomy":"category","embeddable":true,"href":"https:\/\/www.gaveanews.com\/index.php\/wp-json\/wp\/v2\/categories?post=93663"},{"taxonomy":"post_tag","embeddable":true,"href":"https:\/\/www.gaveanews.com\/index.php\/wp-json\/wp\/v2\/tags?post=93663"}],"curies":[{"name":"wp","href":"https:\/\/api.w.org\/{rel}","templated":true}]}}