{"id":93667,"date":"2023-01-29T00:12:41","date_gmt":"2023-01-29T03:12:41","guid":{"rendered":"https:\/\/www.gaveanews.com\/?p=93667"},"modified":"2023-01-29T00:12:44","modified_gmt":"2023-01-29T03:12:44","slug":"torcedores-do-flamengo-detonam-atitude-de-vitor-pereira-apos-vice-da-supercopa","status":"publish","type":"post","link":"https:\/\/www.gaveanews.com\/index.php\/2023\/01\/29\/torcedores-do-flamengo-detonam-atitude-de-vitor-pereira-apos-vice-da-supercopa\/","title":{"rendered":"Torcedores do Flamengo detonam atitude de V\u00edtor Pereira ap\u00f3s vice da Supercopa"},"content":{"rendered":"\n<p>O Flamengo n\u00e3o inicia a temporada 2023 como esperava. Na Supercopa do Brasil, o Rubro-Negro viu o Palmeiras vencer por 4 a 3, neste s\u00e1bado, no Man\u00e9 Garrincha, em Bras\u00edlia. Gabigol (2) e Pedro marcaram os gols da equipe carioca. V\u00edtor Pereira recebeu muitas cr\u00edticas dos torcedores.<\/p>\n\n\n\n<p>Aos 30\u2032 minutos do segundo tempo, V\u00edtor Pereira optou pela sa\u00edda de Arrascaeta para a entrada de Everton Cebolinha. Apesar da partida apagada do meia uruguaio, muitos n\u00e3o concordaram com a decis\u00e3o do treinador.<\/p>\n\n\n\n<p>Em campo, as mudan\u00e7as de V\u00edtor Pereira n\u00e3o causaram grande efeito. At\u00e9 o apito final, o Flamengo abusava das bolas levantadas na \u00e1rea e o individual praticamente n\u00e3o mais funcionava. Everton Cebolinha, Vidal e Matheuzinho pouco contribu\u00edram.<\/p>\n\n\n\n<p>No primeiro embate entre V\u00edtor Pereira e Abel Ferreira, melhor para o portugu\u00eas do Palmeiras. Mesmo sem Gustavo Scarpa e Danilo, duas pe\u00e7as fundamentais da equipe, o Verd\u00e3o mostrou muita disposi\u00e7\u00e3o e qualidade pra jogar. Raphael Veiga e Gabriel Menino foram os principais nomes do alviverde.<\/p>\n\n\n\n<p>Veja abaixo a rea\u00e7\u00e3o da torcida do Flamengo:<\/p>\n\n\n\n<figure class=\"wp-block-embed is-type-rich is-provider-twitter wp-block-embed-twitter\"><div class=\"wp-block-embed__wrapper\">\n<blockquote class=\"twitter-tweet\" data-width=\"550\" data-dnt=\"true\"><p lang=\"pt\" dir=\"ltr\">agr q eu lembrei, Vitor Pereira tirou o arrascaeta perdendo o jogo KKKKKKKKKKnepossivel<\/p>&mdash; lipe (@lipecrf9) <a href=\"https:\/\/twitter.com\/lipecrf9\/status\/1619453105447538690?ref_src=twsrc%5Etfw\">January 28, 2023<\/a><\/blockquote><script async src=\"https:\/\/platform.twitter.com\/widgets.js\" charset=\"utf-8\"><\/script>\n<\/div><\/figure>\n\n\n\n<figure class=\"wp-block-embed is-type-rich is-provider-twitter wp-block-embed-twitter\"><div class=\"wp-block-embed__wrapper\">\n<blockquote class=\"twitter-tweet\" data-width=\"550\" data-dnt=\"true\"><p lang=\"pt\" dir=\"ltr\">Pior jogo em muito tempo do Everton Ribeiro. Vitor Pereira tirou Arrascaeta.<br><br>Ta na conta do Marcos Braz essa Supercopa.<\/p>&mdash; Trick Fla da Depress\u00e3o (@trickfladadepre) <a href=\"https:\/\/twitter.com\/trickfladadepre\/status\/1619448158223994883?ref_src=twsrc%5Etfw\">January 28, 2023<\/a><\/blockquote><script async src=\"https:\/\/platform.twitter.com\/widgets.js\" charset=\"utf-8\"><\/script>\n<\/div><\/figure>\n\n\n\n<figure class=\"wp-block-embed is-type-rich is-provider-twitter wp-block-embed-twitter\"><div class=\"wp-block-embed__wrapper\">\n<blockquote class=\"twitter-tweet\" data-width=\"550\" data-dnt=\"true\"><p lang=\"pt\" dir=\"ltr\">TIROU O ARRASCAETA <a href=\"https:\/\/t.co\/isgiRJ7rcd\">pic.twitter.com\/isgiRJ7rcd<\/a><\/p>&mdash; Tia Kay\u1d9c\u02b3\u1da0 (@Kayllanep12) <a href=\"https:\/\/twitter.com\/Kayllanep12\/status\/1619445315748380673?ref_src=twsrc%5Etfw\">January 28, 2023<\/a><\/blockquote><script async src=\"https:\/\/platform.twitter.com\/widgets.js\" charset=\"utf-8\"><\/script>\n<\/div><\/figure>\n\n\n\n<figure class=\"wp-block-embed is-type-rich is-provider-twitter wp-block-embed-twitter\"><div class=\"wp-block-embed__wrapper\">\n<blockquote class=\"twitter-tweet\" data-width=\"550\" data-dnt=\"true\"><p lang=\"pt\" dir=\"ltr\">o cara tirou o arrascaeta&#8230; ele quer ganhar o jogo e tirou o arrascaeta.. <a href=\"https:\/\/t.co\/HTqDj7EyPH\">pic.twitter.com\/HTqDj7EyPH<\/a><\/p>&mdash; hadokenex\u1d9c\u02b3\u1da0 (@HadokenExx) <a href=\"https:\/\/twitter.com\/HadokenExx\/status\/1619449052395114496?ref_src=twsrc%5Etfw\">January 28, 2023<\/a><\/blockquote><script async src=\"https:\/\/platform.twitter.com\/widgets.js\" charset=\"utf-8\"><\/script>\n<\/div><\/figure>\n\n\n\n<figure class=\"wp-block-embed is-type-rich is-provider-twitter wp-block-embed-twitter\"><div class=\"wp-block-embed__wrapper\">\n<blockquote class=\"twitter-tweet\" data-width=\"550\" data-dnt=\"true\"><p lang=\"pt\" dir=\"ltr\">ele tirou&#8230; ele tirou o arrascaeta <a href=\"https:\/\/t.co\/jcNh5P7bpO\">pic.twitter.com\/jcNh5P7bpO<\/a><\/p>&mdash; Isac Alexandre. \ud83d\udd4a (@isacalexcrf) <a href=\"https:\/\/twitter.com\/isacalexcrf\/status\/1619444502963564544?ref_src=twsrc%5Etfw\">January 28, 2023<\/a><\/blockquote><script async src=\"https:\/\/platform.twitter.com\/widgets.js\" charset=\"utf-8\"><\/script>\n<\/div><\/figure>\n\n\n\n<figure class=\"wp-block-embed is-type-rich is-provider-twitter wp-block-embed-twitter\"><div class=\"wp-block-embed__wrapper\">\n<blockquote class=\"twitter-tweet\" data-width=\"550\" data-dnt=\"true\"><p lang=\"pt\" dir=\"ltr\">ELE HAHAHAHAHAH ELE TIROU HAHAHAHAHAHAHA ELE TIROU O ARRAS HAHAHAHAHAHAHHA ELE TIROU O ARRASCAETA HAHAHAHHAHAHAHAHAHAHSHSHAHAHAHHAJAHAHAHAHHAHAHA CORINGUEI FAM\u00cdLIA DESCULPA PAREI <a href=\"https:\/\/t.co\/NgFvxyIAtG\">pic.twitter.com\/NgFvxyIAtG<\/a><\/p>&mdash; SAMENGO (@samengo_ofc) <a href=\"https:\/\/twitter.com\/samengo_ofc\/status\/1619444640599666690?ref_src=twsrc%5Etfw\">January 28, 2023<\/a><\/blockquote><script async src=\"https:\/\/platform.twitter.com\/widgets.js\" charset=\"utf-8\"><\/script>\n<\/div><\/figure>\n\n\n\n<figure class=\"wp-block-embed is-type-rich is-provider-twitter wp-block-embed-twitter\"><div class=\"wp-block-embed__wrapper\">\n<blockquote class=\"twitter-tweet\" data-width=\"550\" data-dnt=\"true\"><p lang=\"pt\" dir=\"ltr\">Tirou o Arrascaeta pra deixar o jabuti reum\u00e1tico do Firuleiro. Burro.<\/p>&mdash; \ud83d\udd34\u26ab D I E G O \ud83d\udd34\u26ab (@AfflictionHex) <a href=\"https:\/\/twitter.com\/AfflictionHex\/status\/1619448773163503618?ref_src=twsrc%5Etfw\">January 28, 2023<\/a><\/blockquote><script async src=\"https:\/\/platform.twitter.com\/widgets.js\" charset=\"utf-8\"><\/script>\n<\/div><\/figure>\n\n\n\n<figure class=\"wp-block-embed is-type-rich is-provider-twitter wp-block-embed-twitter\"><div class=\"wp-block-embed__wrapper\">\n<blockquote class=\"twitter-tweet\" data-width=\"550\" data-dnt=\"true\"><p lang=\"pt\" dir=\"ltr\">Bicho burro tirou o Arrascaeta e deixa o Everton Ribeiro morto e entregando em campo.<\/p>&mdash; Mulambo Rubro-Negro \u2764\ufe0f\ud83d\udda4 (@Leandro46586284) <a href=\"https:\/\/twitter.com\/Leandro46586284\/status\/1619444110368342017?ref_src=twsrc%5Etfw\">January 28, 2023<\/a><\/blockquote><script async src=\"https:\/\/platform.twitter.com\/widgets.js\" charset=\"utf-8\"><\/script>\n<\/div><\/figure>\n\n\n\n<figure class=\"wp-block-embed is-type-rich is-provider-twitter wp-block-embed-twitter\"><div class=\"wp-block-embed__wrapper\">\n<blockquote class=\"twitter-tweet\" data-width=\"550\" data-dnt=\"true\"><p lang=\"pt\" dir=\"ltr\">o cara tirou arrascaeta KKKKK BURRO<\/p>&mdash; \ud835\udc7a\ud835\udc82\ud835\udc8e\ud835\udc96\ud835\udc86\ud835\udc8d \ud83e\udd81\ud83d\udd2a (@SamuelzinXx) <a href=\"https:\/\/twitter.com\/SamuelzinXx\/status\/1619444222742138880?ref_src=twsrc%5Etfw\">January 28, 2023<\/a><\/blockquote><script async src=\"https:\/\/platform.twitter.com\/widgets.js\" charset=\"utf-8\"><\/script>\n<\/div><\/figure>\n\n\n\n<p>Retirado de: Torcedores<\/p>\n","protected":false},"excerpt":{"rendered":"<p>O Flamengo n\u00e3o inicia a temporada 2023 como esperava. Na Supercopa do Brasil, o Rubro-Negro viu o Palmeiras vencer por 4 a 3, neste s\u00e1bado, no Man\u00e9 Garrincha, em Bras\u00edlia. Gabigol (2) e Pedro marcaram os gols da equipe carioca. V\u00edtor Pereira recebeu muitas cr\u00edticas dos torcedores. Aos 30\u2032 minutos do segundo tempo, V\u00edtor Pereira [&hellip;]<\/p>\n","protected":false},"author":1,"featured_media":93176,"comment_status":"open","ping_status":"closed","sticky":false,"template":"","format":"standard","meta":{"footnotes":""},"categories":[1],"tags":[],"class_list":["post-93667","post","type-post","status-publish","format-standard","has-post-thumbnail","hentry","category-flamengo"],"yoast_head":"<!-- This site is optimized with the Yoast SEO Premium plugin v24.2 (Yoast SEO v26.9) - https:\/\/yoast.com\/product\/yoast-seo-premium-wordpress\/ -->\n<title>Torcedores do Flamengo detonam atitude de V\u00edtor Pereira ap\u00f3s vice da Supercopa<\/title>\n<meta name=\"robots\" content=\"index, follow, max-snippet:-1, max-image-preview:large, max-video-preview:-1\" \/>\n<link rel=\"canonical\" href=\"https:\/\/www.gaveanews.com\/index.php\/2023\/01\/29\/torcedores-do-flamengo-detonam-atitude-de-vitor-pereira-apos-vice-da-supercopa\/\" \/>\n<meta property=\"og:locale\" content=\"pt_BR\" \/>\n<meta property=\"og:type\" content=\"article\" \/>\n<meta property=\"og:title\" content=\"Torcedores do Flamengo detonam atitude de V\u00edtor Pereira ap\u00f3s vice da Supercopa\" \/>\n<meta property=\"og:description\" content=\"O Flamengo n\u00e3o inicia a temporada 2023 como esperava. Na Supercopa do Brasil, o Rubro-Negro viu o Palmeiras vencer por 4 a 3, neste s\u00e1bado, no Man\u00e9 Garrincha, em Bras\u00edlia. Gabigol (2) e Pedro marcaram os gols da equipe carioca. V\u00edtor Pereira recebeu muitas cr\u00edticas dos torcedores. Aos 30\u2032 minutos do segundo tempo, V\u00edtor Pereira [&hellip;]\" \/>\n<meta property=\"og:url\" content=\"https:\/\/www.gaveanews.com\/index.php\/2023\/01\/29\/torcedores-do-flamengo-detonam-atitude-de-vitor-pereira-apos-vice-da-supercopa\/\" \/>\n<meta property=\"og:site_name\" content=\"G\u00e1vea News\" \/>\n<meta property=\"article:publisher\" content=\"https:\/\/facebook.com\/gaveaNews\/\" \/>\n<meta property=\"article:published_time\" content=\"2023-01-29T03:12:41+00:00\" \/>\n<meta property=\"article:modified_time\" content=\"2023-01-29T03:12:44+00:00\" \/>\n<meta property=\"og:image\" content=\"https:\/\/www.gaveanews.com\/wp-content\/uploads\/vitor-pereira-flamengo-portuguesa-carioca-2023.webp\" \/>\n\t<meta property=\"og:image:width\" content=\"984\" \/>\n\t<meta property=\"og:image:height\" content=\"700\" \/>\n\t<meta property=\"og:image:type\" content=\"image\/webp\" \/>\n<meta name=\"author\" content=\"Equipe G\u00e1vea News\" \/>\n<meta name=\"twitter:card\" content=\"summary_large_image\" \/>\n<meta name=\"twitter:label1\" content=\"Escrito por\" \/>\n\t<meta name=\"twitter:data1\" content=\"Equipe G\u00e1vea News\" \/>\n\t<meta name=\"twitter:label2\" content=\"Est. tempo de leitura\" \/>\n\t<meta name=\"twitter:data2\" content=\"2 minutos\" \/>\n<script type=\"application\/ld+json\" class=\"yoast-schema-graph\">{\"@context\":\"https:\/\/schema.org\",\"@graph\":[{\"@type\":\"NewsArticle\",\"@id\":\"https:\/\/www.gaveanews.com\/index.php\/2023\/01\/29\/torcedores-do-flamengo-detonam-atitude-de-vitor-pereira-apos-vice-da-supercopa\/#article\",\"isPartOf\":{\"@id\":\"https:\/\/www.gaveanews.com\/index.php\/2023\/01\/29\/torcedores-do-flamengo-detonam-atitude-de-vitor-pereira-apos-vice-da-supercopa\/\"},\"author\":{\"name\":\"Equipe G\u00e1vea News\",\"@id\":\"https:\/\/www.gaveanews.com\/#\/schema\/person\/2ec14f73fb96be2caf28f91afb14749d\"},\"headline\":\"Torcedores do Flamengo detonam atitude de V\u00edtor Pereira ap\u00f3s vice da Supercopa\",\"datePublished\":\"2023-01-29T03:12:41+00:00\",\"dateModified\":\"2023-01-29T03:12:44+00:00\",\"mainEntityOfPage\":{\"@id\":\"https:\/\/www.gaveanews.com\/index.php\/2023\/01\/29\/torcedores-do-flamengo-detonam-atitude-de-vitor-pereira-apos-vice-da-supercopa\/\"},\"wordCount\":250,\"commentCount\":0,\"image\":{\"@id\":\"https:\/\/www.gaveanews.com\/index.php\/2023\/01\/29\/torcedores-do-flamengo-detonam-atitude-de-vitor-pereira-apos-vice-da-supercopa\/#primaryimage\"},\"thumbnailUrl\":\"https:\/\/www.gaveanews.com\/wp-content\/uploads\/vitor-pereira-flamengo-portuguesa-carioca-2023.webp\",\"articleSection\":[\"Flamengo\"],\"inLanguage\":\"pt-BR\",\"potentialAction\":[{\"@type\":\"CommentAction\",\"name\":\"Comment\",\"target\":[\"https:\/\/www.gaveanews.com\/index.php\/2023\/01\/29\/torcedores-do-flamengo-detonam-atitude-de-vitor-pereira-apos-vice-da-supercopa\/#respond\"]}],\"copyrightYear\":\"2023\",\"copyrightHolder\":{\"@id\":\"https:\/\/www.gaveanews.com\/#organization\"}},{\"@type\":\"WebPage\",\"@id\":\"https:\/\/www.gaveanews.com\/index.php\/2023\/01\/29\/torcedores-do-flamengo-detonam-atitude-de-vitor-pereira-apos-vice-da-supercopa\/\",\"url\":\"https:\/\/www.gaveanews.com\/index.php\/2023\/01\/29\/torcedores-do-flamengo-detonam-atitude-de-vitor-pereira-apos-vice-da-supercopa\/\",\"name\":\"Torcedores do Flamengo detonam atitude de V\u00edtor Pereira ap\u00f3s vice da Supercopa\",\"isPartOf\":{\"@id\":\"https:\/\/www.gaveanews.com\/#website\"},\"primaryImageOfPage\":{\"@id\":\"https:\/\/www.gaveanews.com\/index.php\/2023\/01\/29\/torcedores-do-flamengo-detonam-atitude-de-vitor-pereira-apos-vice-da-supercopa\/#primaryimage\"},\"image\":{\"@id\":\"https:\/\/www.gaveanews.com\/index.php\/2023\/01\/29\/torcedores-do-flamengo-detonam-atitude-de-vitor-pereira-apos-vice-da-supercopa\/#primaryimage\"},\"thumbnailUrl\":\"https:\/\/www.gaveanews.com\/wp-content\/uploads\/vitor-pereira-flamengo-portuguesa-carioca-2023.webp\",\"datePublished\":\"2023-01-29T03:12:41+00:00\",\"dateModified\":\"2023-01-29T03:12:44+00:00\",\"author\":{\"@id\":\"https:\/\/www.gaveanews.com\/#\/schema\/person\/2ec14f73fb96be2caf28f91afb14749d\"},\"breadcrumb\":{\"@id\":\"https:\/\/www.gaveanews.com\/index.php\/2023\/01\/29\/torcedores-do-flamengo-detonam-atitude-de-vitor-pereira-apos-vice-da-supercopa\/#breadcrumb\"},\"inLanguage\":\"pt-BR\",\"potentialAction\":[{\"@type\":\"ReadAction\",\"target\":[\"https:\/\/www.gaveanews.com\/index.php\/2023\/01\/29\/torcedores-do-flamengo-detonam-atitude-de-vitor-pereira-apos-vice-da-supercopa\/\"]}]},{\"@type\":\"ImageObject\",\"inLanguage\":\"pt-BR\",\"@id\":\"https:\/\/www.gaveanews.com\/index.php\/2023\/01\/29\/torcedores-do-flamengo-detonam-atitude-de-vitor-pereira-apos-vice-da-supercopa\/#primaryimage\",\"url\":\"https:\/\/www.gaveanews.com\/wp-content\/uploads\/vitor-pereira-flamengo-portuguesa-carioca-2023.webp\",\"contentUrl\":\"https:\/\/www.gaveanews.com\/wp-content\/uploads\/vitor-pereira-flamengo-portuguesa-carioca-2023.webp\",\"width\":984,\"height\":700,\"caption\":\"V\u00edtor Pereira estreia no Flamengo contra a Portuguesa pelo Campeonato Carioca 2023 (Foto: Andr\u00e9 Dur\u00e3o)\"},{\"@type\":\"BreadcrumbList\",\"@id\":\"https:\/\/www.gaveanews.com\/index.php\/2023\/01\/29\/torcedores-do-flamengo-detonam-atitude-de-vitor-pereira-apos-vice-da-supercopa\/#breadcrumb\",\"itemListElement\":[{\"@type\":\"ListItem\",\"position\":1,\"name\":\"Home\",\"item\":\"https:\/\/www.gaveanews.com\/\"},{\"@type\":\"ListItem\",\"position\":2,\"name\":\"Torcedores do Flamengo detonam atitude de V\u00edtor Pereira ap\u00f3s vice da Supercopa\"}]},{\"@type\":\"WebSite\",\"@id\":\"https:\/\/www.gaveanews.com\/#website\",\"url\":\"https:\/\/www.gaveanews.com\/\",\"name\":\"G\u00e1vea News\",\"description\":\"Veja todas as not\u00edcias sobre o Flamengo: Contrata\u00e7\u00f5es, categorias de base, resultados das partidas, tabela de classifica\u00e7\u00e3o, pr\u00f3ximos jogos!\",\"potentialAction\":[{\"@type\":\"SearchAction\",\"target\":{\"@type\":\"EntryPoint\",\"urlTemplate\":\"https:\/\/www.gaveanews.com\/?s={search_term_string}\"},\"query-input\":{\"@type\":\"PropertyValueSpecification\",\"valueRequired\":true,\"valueName\":\"search_term_string\"}}],\"inLanguage\":\"pt-BR\"},{\"@type\":\"Person\",\"@id\":\"https:\/\/www.gaveanews.com\/#\/schema\/person\/2ec14f73fb96be2caf28f91afb14749d\",\"name\":\"Equipe G\u00e1vea News\",\"image\":{\"@type\":\"ImageObject\",\"inLanguage\":\"pt-BR\",\"@id\":\"https:\/\/www.gaveanews.com\/#\/schema\/person\/image\/\",\"url\":\"https:\/\/secure.gravatar.com\/avatar\/1e1956f1facbffd3f8fa53a326721950116b3b9dc9bd44939c01180fd4a745a9?s=96&d=mm&r=g\",\"contentUrl\":\"https:\/\/secure.gravatar.com\/avatar\/1e1956f1facbffd3f8fa53a326721950116b3b9dc9bd44939c01180fd4a745a9?s=96&d=mm&r=g\",\"caption\":\"Equipe G\u00e1vea News\"}}]}<\/script>\n<!-- \/ Yoast SEO Premium plugin. -->","yoast_head_json":{"title":"Torcedores do Flamengo detonam atitude de V\u00edtor Pereira ap\u00f3s vice da Supercopa","robots":{"index":"index","follow":"follow","max-snippet":"max-snippet:-1","max-image-preview":"max-image-preview:large","max-video-preview":"max-video-preview:-1"},"canonical":"https:\/\/www.gaveanews.com\/index.php\/2023\/01\/29\/torcedores-do-flamengo-detonam-atitude-de-vitor-pereira-apos-vice-da-supercopa\/","og_locale":"pt_BR","og_type":"article","og_title":"Torcedores do Flamengo detonam atitude de V\u00edtor Pereira ap\u00f3s vice da Supercopa","og_description":"O Flamengo n\u00e3o inicia a temporada 2023 como esperava. Na Supercopa do Brasil, o Rubro-Negro viu o Palmeiras vencer por 4 a 3, neste s\u00e1bado, no Man\u00e9 Garrincha, em Bras\u00edlia. Gabigol (2) e Pedro marcaram os gols da equipe carioca. V\u00edtor Pereira recebeu muitas cr\u00edticas dos torcedores. Aos 30\u2032 minutos do segundo tempo, V\u00edtor Pereira [&hellip;]","og_url":"https:\/\/www.gaveanews.com\/index.php\/2023\/01\/29\/torcedores-do-flamengo-detonam-atitude-de-vitor-pereira-apos-vice-da-supercopa\/","og_site_name":"G\u00e1vea News","article_publisher":"https:\/\/facebook.com\/gaveaNews\/","article_published_time":"2023-01-29T03:12:41+00:00","article_modified_time":"2023-01-29T03:12:44+00:00","og_image":[{"width":984,"height":700,"url":"https:\/\/www.gaveanews.com\/wp-content\/uploads\/vitor-pereira-flamengo-portuguesa-carioca-2023.webp","type":"image\/webp"}],"author":"Equipe G\u00e1vea News","twitter_card":"summary_large_image","twitter_misc":{"Escrito por":"Equipe G\u00e1vea News","Est. tempo de leitura":"2 minutos"},"schema":{"@context":"https:\/\/schema.org","@graph":[{"@type":"NewsArticle","@id":"https:\/\/www.gaveanews.com\/index.php\/2023\/01\/29\/torcedores-do-flamengo-detonam-atitude-de-vitor-pereira-apos-vice-da-supercopa\/#article","isPartOf":{"@id":"https:\/\/www.gaveanews.com\/index.php\/2023\/01\/29\/torcedores-do-flamengo-detonam-atitude-de-vitor-pereira-apos-vice-da-supercopa\/"},"author":{"name":"Equipe G\u00e1vea News","@id":"https:\/\/www.gaveanews.com\/#\/schema\/person\/2ec14f73fb96be2caf28f91afb14749d"},"headline":"Torcedores do Flamengo detonam atitude de V\u00edtor Pereira ap\u00f3s vice da Supercopa","datePublished":"2023-01-29T03:12:41+00:00","dateModified":"2023-01-29T03:12:44+00:00","mainEntityOfPage":{"@id":"https:\/\/www.gaveanews.com\/index.php\/2023\/01\/29\/torcedores-do-flamengo-detonam-atitude-de-vitor-pereira-apos-vice-da-supercopa\/"},"wordCount":250,"commentCount":0,"image":{"@id":"https:\/\/www.gaveanews.com\/index.php\/2023\/01\/29\/torcedores-do-flamengo-detonam-atitude-de-vitor-pereira-apos-vice-da-supercopa\/#primaryimage"},"thumbnailUrl":"https:\/\/www.gaveanews.com\/wp-content\/uploads\/vitor-pereira-flamengo-portuguesa-carioca-2023.webp","articleSection":["Flamengo"],"inLanguage":"pt-BR","potentialAction":[{"@type":"CommentAction","name":"Comment","target":["https:\/\/www.gaveanews.com\/index.php\/2023\/01\/29\/torcedores-do-flamengo-detonam-atitude-de-vitor-pereira-apos-vice-da-supercopa\/#respond"]}],"copyrightYear":"2023","copyrightHolder":{"@id":"https:\/\/www.gaveanews.com\/#organization"}},{"@type":"WebPage","@id":"https:\/\/www.gaveanews.com\/index.php\/2023\/01\/29\/torcedores-do-flamengo-detonam-atitude-de-vitor-pereira-apos-vice-da-supercopa\/","url":"https:\/\/www.gaveanews.com\/index.php\/2023\/01\/29\/torcedores-do-flamengo-detonam-atitude-de-vitor-pereira-apos-vice-da-supercopa\/","name":"Torcedores do Flamengo detonam atitude de V\u00edtor Pereira ap\u00f3s vice da Supercopa","isPartOf":{"@id":"https:\/\/www.gaveanews.com\/#website"},"primaryImageOfPage":{"@id":"https:\/\/www.gaveanews.com\/index.php\/2023\/01\/29\/torcedores-do-flamengo-detonam-atitude-de-vitor-pereira-apos-vice-da-supercopa\/#primaryimage"},"image":{"@id":"https:\/\/www.gaveanews.com\/index.php\/2023\/01\/29\/torcedores-do-flamengo-detonam-atitude-de-vitor-pereira-apos-vice-da-supercopa\/#primaryimage"},"thumbnailUrl":"https:\/\/www.gaveanews.com\/wp-content\/uploads\/vitor-pereira-flamengo-portuguesa-carioca-2023.webp","datePublished":"2023-01-29T03:12:41+00:00","dateModified":"2023-01-29T03:12:44+00:00","author":{"@id":"https:\/\/www.gaveanews.com\/#\/schema\/person\/2ec14f73fb96be2caf28f91afb14749d"},"breadcrumb":{"@id":"https:\/\/www.gaveanews.com\/index.php\/2023\/01\/29\/torcedores-do-flamengo-detonam-atitude-de-vitor-pereira-apos-vice-da-supercopa\/#breadcrumb"},"inLanguage":"pt-BR","potentialAction":[{"@type":"ReadAction","target":["https:\/\/www.gaveanews.com\/index.php\/2023\/01\/29\/torcedores-do-flamengo-detonam-atitude-de-vitor-pereira-apos-vice-da-supercopa\/"]}]},{"@type":"ImageObject","inLanguage":"pt-BR","@id":"https:\/\/www.gaveanews.com\/index.php\/2023\/01\/29\/torcedores-do-flamengo-detonam-atitude-de-vitor-pereira-apos-vice-da-supercopa\/#primaryimage","url":"https:\/\/www.gaveanews.com\/wp-content\/uploads\/vitor-pereira-flamengo-portuguesa-carioca-2023.webp","contentUrl":"https:\/\/www.gaveanews.com\/wp-content\/uploads\/vitor-pereira-flamengo-portuguesa-carioca-2023.webp","width":984,"height":700,"caption":"V\u00edtor Pereira estreia no Flamengo contra a Portuguesa pelo Campeonato Carioca 2023 (Foto: Andr\u00e9 Dur\u00e3o)"},{"@type":"BreadcrumbList","@id":"https:\/\/www.gaveanews.com\/index.php\/2023\/01\/29\/torcedores-do-flamengo-detonam-atitude-de-vitor-pereira-apos-vice-da-supercopa\/#breadcrumb","itemListElement":[{"@type":"ListItem","position":1,"name":"Home","item":"https:\/\/www.gaveanews.com\/"},{"@type":"ListItem","position":2,"name":"Torcedores do Flamengo detonam atitude de V\u00edtor Pereira ap\u00f3s vice da Supercopa"}]},{"@type":"WebSite","@id":"https:\/\/www.gaveanews.com\/#website","url":"https:\/\/www.gaveanews.com\/","name":"G\u00e1vea News","description":"Veja todas as not\u00edcias sobre o Flamengo: Contrata\u00e7\u00f5es, categorias de base, resultados das partidas, tabela de classifica\u00e7\u00e3o, pr\u00f3ximos jogos!","potentialAction":[{"@type":"SearchAction","target":{"@type":"EntryPoint","urlTemplate":"https:\/\/www.gaveanews.com\/?s={search_term_string}"},"query-input":{"@type":"PropertyValueSpecification","valueRequired":true,"valueName":"search_term_string"}}],"inLanguage":"pt-BR"},{"@type":"Person","@id":"https:\/\/www.gaveanews.com\/#\/schema\/person\/2ec14f73fb96be2caf28f91afb14749d","name":"Equipe G\u00e1vea News","image":{"@type":"ImageObject","inLanguage":"pt-BR","@id":"https:\/\/www.gaveanews.com\/#\/schema\/person\/image\/","url":"https:\/\/secure.gravatar.com\/avatar\/1e1956f1facbffd3f8fa53a326721950116b3b9dc9bd44939c01180fd4a745a9?s=96&d=mm&r=g","contentUrl":"https:\/\/secure.gravatar.com\/avatar\/1e1956f1facbffd3f8fa53a326721950116b3b9dc9bd44939c01180fd4a745a9?s=96&d=mm&r=g","caption":"Equipe G\u00e1vea News"}}]}},"_links":{"self":[{"href":"https:\/\/www.gaveanews.com\/index.php\/wp-json\/wp\/v2\/posts\/93667","targetHints":{"allow":["GET"]}}],"collection":[{"href":"https:\/\/www.gaveanews.com\/index.php\/wp-json\/wp\/v2\/posts"}],"about":[{"href":"https:\/\/www.gaveanews.com\/index.php\/wp-json\/wp\/v2\/types\/post"}],"author":[{"embeddable":true,"href":"https:\/\/www.gaveanews.com\/index.php\/wp-json\/wp\/v2\/users\/1"}],"replies":[{"embeddable":true,"href":"https:\/\/www.gaveanews.com\/index.php\/wp-json\/wp\/v2\/comments?post=93667"}],"version-history":[{"count":0,"href":"https:\/\/www.gaveanews.com\/index.php\/wp-json\/wp\/v2\/posts\/93667\/revisions"}],"wp:featuredmedia":[{"embeddable":true,"href":"https:\/\/www.gaveanews.com\/index.php\/wp-json\/wp\/v2\/media\/93176"}],"wp:attachment":[{"href":"https:\/\/www.gaveanews.com\/index.php\/wp-json\/wp\/v2\/media?parent=93667"}],"wp:term":[{"taxonomy":"category","embeddable":true,"href":"https:\/\/www.gaveanews.com\/index.php\/wp-json\/wp\/v2\/categories?post=93667"},{"taxonomy":"post_tag","embeddable":true,"href":"https:\/\/www.gaveanews.com\/index.php\/wp-json\/wp\/v2\/tags?post=93667"}],"curies":[{"name":"wp","href":"https:\/\/api.w.org\/{rel}","templated":true}]}}